{"id":142110,"date":"2026-01-14T14:50:58","date_gmt":"2026-01-14T17:50:58","guid":{"rendered":"https:\/\/portaltela.pt\/noticias\/2026\/01\/14\/gnr-de-albufeira-prende-homem-que-colidiu-com-trotinete-e-abandonou-vitima\/"},"modified":"2026-01-14T14:50:58","modified_gmt":"2026-01-14T17:50:58","slug":"gnr-de-albufeira-prende-homem-que-colidiu-com-trotinete-e-abandonou-vitima","status":"publish","type":"post","link":"https:\/\/portaltela.pt\/noticias\/2026\/01\/14\/gnr-de-albufeira-prende-homem-que-colidiu-com-trotinete-e-abandonou-vitima\/","title":{"rendered":"GNR de Albufeira prende homem que colidiu com trotinete e abandonou v\u00edtima"},"content":{"rendered":"<p>A GNR de Albufeira identificou o condutor que colidiu com uma trotinete, abandonando a v\u00edtima de 19 anos com ferimentos graves. O acidente ocorreu no passado dia 30 de novembro de 2025, em Albufeira.<\/p>\n<p>A v\u00edtima ficou com ferimentos graves resultantes da colis\u00e3o. O condutor fugiu do local e n\u00e3o prestou aux\u00edlio imediato.<\/p>\n<p>Ap\u00f3s v\u00e1rias dilig\u00eancias, a GNR conseguiu identificar e localizar o ve\u00edculo interveniente no acidente. O autor foi constitu\u00eddo arguido pelos crimes de ofensas \u00e0 integridade f\u00edsica e omiss\u00e3o de aux\u00edlio.<\/p>\n<p>Segundo a GNR, foram apuradas responsabilidades criminais por crime rodovi\u00e1rio grave, permitindo a responsabiliza\u00e7\u00e3o do autor, que j\u00e1 foi localizado, identificado e constitu\u00eddo arguido.<\/p>\n","protected":false},"excerpt":{"rendered":"<ul>\n<li>A GNR de Albufeira identificou e localizou o ve\u00edculo envolvido num acidente com uma trotinete, ocorrido no dia 30 de novembro de 2025, em Albufeira.<\/li>\n<li>Na ocorr\u00eancia seguia um jovem de 19 anos, que ficou com ferimentos graves.<\/li>\n<li>O condutor que colidiu e fugiu foi constitu\u00eddo arguido pelos crimes de ofensas \u00e0 integridade f\u00edsica e omiss\u00e3o de aux\u00edlio.<\/li>\n<li>A investiga\u00e7\u00e3o contou com dilig\u00eancias da GNR para apurar responsabilidades criminais por crime rodovi\u00e1rio grave.<\/li>\n<li>A v\u00edtima est\u00e1 sob acompanhamento m\u00e9dico, enquanto o suspeito foi localizado, identificado e constitu\u00eddo arguido pela autoridade.<\/li>\n<\/ul>\n","protected":false},"author":2,"featured_media":142120,"comment_status":"closed","ping_status":"closed","sticky":false,"template":"","format":"standard","meta":{"footnotes":""},"categories":[1],"tags":[2088,2335,1202,2444,1616],"class_list":["post-142110","post","type-post","status-publish","format-standard","has-post-thumbnail","hentry","category-noticias","tag-acidente-de-viacao","tag-acidentes-rodoviarios","tag-albufeira","tag-crime-rodoviario-grave","tag-omissao-de-auxilio"],"yoast_head":"<!-- This site is optimized with the Yoast SEO plugin v27.2 - https:\/\/yoast.com\/product\/yoast-seo-wordpress\/ -->\n<title>GNR de Albufeira prende homem que colidiu com trotinete e abandonou v\u00edtima - Portal Tela Portugal<\/title>\n<meta name=\"robots\" content=\"index, follow, max-snippet:-1, max-image-preview:large, max-video-preview:-1\" \/>\n<meta property=\"og:locale\" content=\"pt_PT\" \/>\n<meta property=\"og:type\" content=\"article\" \/>\n<meta property=\"og:title\" content=\"GNR de Albufeira prende homem que colidiu com trotinete e abandonou v\u00edtima - Portal Tela Portugal\" \/>\n<meta property=\"og:description\" content=\"A GNR de Albufeira identificou e localizou o ve\u00edculo envolvido num acidente com uma trotinete, ocorrido no dia 30 de novembro de 2025, em Albufeira. Na ocorr\u00eancia seguia um jovem de 19 anos, que ficou com ferimentos graves. O condutor que colidiu e fugiu foi constitu\u00eddo arguido pelos crimes de ofensas \u00e0 integridade f\u00edsica e omiss\u00e3o de aux\u00edlio. A investiga\u00e7\u00e3o contou com dilig\u00eancias da GNR para apurar responsabilidades criminais por crime rodovi\u00e1rio grave. A v\u00edtima est\u00e1 sob acompanhamento m\u00e9dico, enquanto o suspeito foi localizado, identificado e constitu\u00eddo arguido pela autoridade.\" \/>\n<meta property=\"og:url\" content=\"https:\/\/portaltela.pt\/noticias\/2026\/01\/14\/gnr-de-albufeira-prende-homem-que-colidiu-com-trotinete-e-abandonou-vitima\/\" \/>\n<meta property=\"og:site_name\" content=\"Portal Tela Portugal\" \/>\n<meta property=\"article:published_time\" content=\"2026-01-14T17:50:58+00:00\" \/>\n<meta name=\"author\" content=\"Telinha\" \/>\n<meta name=\"twitter:card\" content=\"summary_large_image\" \/>\n<meta name=\"twitter:label1\" content=\"Escrito por\" \/>\n\t<meta name=\"twitter:data1\" content=\"Telinha\" \/>\n\t<meta name=\"twitter:label2\" content=\"Tempo estimado de leitura\" \/>\n\t<meta name=\"twitter:data2\" content=\"1 minuto\" \/>\n<script type=\"application\/ld+json\" class=\"yoast-schema-graph\">{\"@context\":\"https:\/\/schema.org\",\"@graph\":[{\"@type\":\"Article\",\"@id\":\"https:\/\/portaltela.pt\/noticias\/2026\/01\/14\/gnr-de-albufeira-prende-homem-que-colidiu-com-trotinete-e-abandonou-vitima\/#article\",\"isPartOf\":{\"@id\":\"https:\/\/portaltela.pt\/noticias\/2026\/01\/14\/gnr-de-albufeira-prende-homem-que-colidiu-com-trotinete-e-abandonou-vitima\/\"},\"author\":{\"name\":\"Telinha\",\"@id\":\"https:\/\/portaltela.pt\/#\/schema\/person\/c4278d4a6028830caff9ee44b42d32ed\"},\"headline\":\"GNR de Albufeira prende homem que colidiu com trotinete e abandonou v\u00edtima\",\"datePublished\":\"2026-01-14T17:50:58+00:00\",\"mainEntityOfPage\":{\"@id\":\"https:\/\/portaltela.pt\/noticias\/2026\/01\/14\/gnr-de-albufeira-prende-homem-que-colidiu-com-trotinete-e-abandonou-vitima\/\"},\"wordCount\":132,\"image\":{\"@id\":\"https:\/\/portaltela.pt\/noticias\/2026\/01\/14\/gnr-de-albufeira-prende-homem-que-colidiu-com-trotinete-e-abandonou-vitima\/#primaryimage\"},\"thumbnailUrl\":\"https:\/\/portaltela.pt\/s.01k8rhncp4jt1\/2026\/01\/img_1500x1000uu2023-07-25-19-51-11-1403430.jpg\",\"keywords\":[\"acidente de via\u00e7\u00e3o\",\"acidentes rodovi\u00e1rios\",\"Albufeira\",\"crime rodovi\u00e1rio grave\",\"omiss\u00e3o de aux\u00edlio\"],\"articleSection\":[\"Not\u00edcias\"],\"inLanguage\":\"pt-PT\"},{\"@type\":\"WebPage\",\"@id\":\"https:\/\/portaltela.pt\/noticias\/2026\/01\/14\/gnr-de-albufeira-prende-homem-que-colidiu-com-trotinete-e-abandonou-vitima\/\",\"url\":\"https:\/\/portaltela.pt\/noticias\/2026\/01\/14\/gnr-de-albufeira-prende-homem-que-colidiu-com-trotinete-e-abandonou-vitima\/\",\"name\":\"GNR de Albufeira prende homem que colidiu com trotinete e abandonou v\u00edtima - Portal Tela Portugal\",\"isPartOf\":{\"@id\":\"https:\/\/portaltela.pt\/#website\"},\"primaryImageOfPage\":{\"@id\":\"https:\/\/portaltela.pt\/noticias\/2026\/01\/14\/gnr-de-albufeira-prende-homem-que-colidiu-com-trotinete-e-abandonou-vitima\/#primaryimage\"},\"image\":{\"@id\":\"https:\/\/portaltela.pt\/noticias\/2026\/01\/14\/gnr-de-albufeira-prende-homem-que-colidiu-com-trotinete-e-abandonou-vitima\/#primaryimage\"},\"thumbnailUrl\":\"https:\/\/portaltela.pt\/s.01k8rhncp4jt1\/2026\/01\/img_1500x1000uu2023-07-25-19-51-11-1403430.jpg\",\"datePublished\":\"2026-01-14T17:50:58+00:00\",\"author\":{\"@id\":\"https:\/\/portaltela.pt\/#\/schema\/person\/c4278d4a6028830caff9ee44b42d32ed\"},\"breadcrumb\":{\"@id\":\"https:\/\/portaltela.pt\/noticias\/2026\/01\/14\/gnr-de-albufeira-prende-homem-que-colidiu-com-trotinete-e-abandonou-vitima\/#breadcrumb\"},\"inLanguage\":\"pt-PT\",\"potentialAction\":[{\"@type\":\"ReadAction\",\"target\":[\"https:\/\/portaltela.pt\/noticias\/2026\/01\/14\/gnr-de-albufeira-prende-homem-que-colidiu-com-trotinete-e-abandonou-vitima\/\"]}]},{\"@type\":\"ImageObject\",\"inLanguage\":\"pt-PT\",\"@id\":\"https:\/\/portaltela.pt\/noticias\/2026\/01\/14\/gnr-de-albufeira-prende-homem-que-colidiu-com-trotinete-e-abandonou-vitima\/#primaryimage\",\"url\":\"https:\/\/portaltela.pt\/s.01k8rhncp4jt1\/2026\/01\/img_1500x1000uu2023-07-25-19-51-11-1403430.jpg\",\"contentUrl\":\"https:\/\/portaltela.pt\/s.01k8rhncp4jt1\/2026\/01\/img_1500x1000uu2023-07-25-19-51-11-1403430.jpg\",\"width\":796,\"height\":448,\"caption\":\"V\u00edtima seguia de trotinete e sofreu ferimentos graves\"},{\"@type\":\"BreadcrumbList\",\"@id\":\"https:\/\/portaltela.pt\/noticias\/2026\/01\/14\/gnr-de-albufeira-prende-homem-que-colidiu-com-trotinete-e-abandonou-vitima\/#breadcrumb\",\"itemListElement\":[{\"@type\":\"ListItem\",\"position\":1,\"name\":\"In\u00edcio\",\"item\":\"https:\/\/portaltela.pt\/\"},{\"@type\":\"ListItem\",\"position\":2,\"name\":\"GNR de Albufeira prende homem que colidiu com trotinete e abandonou v\u00edtima\"}]},{\"@type\":\"WebSite\",\"@id\":\"https:\/\/portaltela.pt\/#website\",\"url\":\"https:\/\/portaltela.pt\/\",\"name\":\"Portal Tela Portugal\",\"description\":\"\",\"potentialAction\":[{\"@type\":\"SearchAction\",\"target\":{\"@type\":\"EntryPoint\",\"urlTemplate\":\"https:\/\/portaltela.pt\/?s={search_term_string}\"},\"query-input\":{\"@type\":\"PropertyValueSpecification\",\"valueRequired\":true,\"valueName\":\"search_term_string\"}}],\"inLanguage\":\"pt-PT\"},{\"@type\":\"Person\",\"@id\":\"https:\/\/portaltela.pt\/#\/schema\/person\/c4278d4a6028830caff9ee44b42d32ed\",\"name\":\"Telinha\",\"image\":{\"@type\":\"ImageObject\",\"inLanguage\":\"pt-PT\",\"@id\":\"https:\/\/portaltela.pt\/s.01k8rhncp4jt1\/2025\/11\/talking-bot-125x125.png\",\"url\":\"https:\/\/portaltela.pt\/s.01k8rhncp4jt1\/2025\/11\/talking-bot-125x125.png\",\"contentUrl\":\"https:\/\/portaltela.pt\/s.01k8rhncp4jt1\/2025\/11\/talking-bot-125x125.png\",\"caption\":\"Telinha\"},\"sameAs\":[\"https:\/\/portaltela.pt\/\"],\"url\":\"https:\/\/portaltela.pt\/por\/367410592786\/\"}]}<\/script>\n<!-- \/ Yoast SEO plugin. -->","yoast_head_json":{"title":"GNR de Albufeira prende homem que colidiu com trotinete e abandonou v\u00edtima - Portal Tela Portugal","robots":{"index":"index","follow":"follow","max-snippet":"max-snippet:-1","max-image-preview":"max-image-preview:large","max-video-preview":"max-video-preview:-1"},"og_locale":"pt_PT","og_type":"article","og_title":"GNR de Albufeira prende homem que colidiu com trotinete e abandonou v\u00edtima - Portal Tela Portugal","og_description":"A GNR de Albufeira identificou e localizou o ve\u00edculo envolvido num acidente com uma trotinete, ocorrido no dia 30 de novembro de 2025, em Albufeira. Na ocorr\u00eancia seguia um jovem de 19 anos, que ficou com ferimentos graves. O condutor que colidiu e fugiu foi constitu\u00eddo arguido pelos crimes de ofensas \u00e0 integridade f\u00edsica e omiss\u00e3o de aux\u00edlio. A investiga\u00e7\u00e3o contou com dilig\u00eancias da GNR para apurar responsabilidades criminais por crime rodovi\u00e1rio grave. A v\u00edtima est\u00e1 sob acompanhamento m\u00e9dico, enquanto o suspeito foi localizado, identificado e constitu\u00eddo arguido pela autoridade.","og_url":"https:\/\/portaltela.pt\/noticias\/2026\/01\/14\/gnr-de-albufeira-prende-homem-que-colidiu-com-trotinete-e-abandonou-vitima\/","og_site_name":"Portal Tela Portugal","article_published_time":"2026-01-14T17:50:58+00:00","author":"Telinha","twitter_card":"summary_large_image","twitter_misc":{"Escrito por":"Telinha","Tempo estimado de leitura":"1 minuto"},"schema":{"@context":"https:\/\/schema.org","@graph":[{"@type":"Article","@id":"https:\/\/portaltela.pt\/noticias\/2026\/01\/14\/gnr-de-albufeira-prende-homem-que-colidiu-com-trotinete-e-abandonou-vitima\/#article","isPartOf":{"@id":"https:\/\/portaltela.pt\/noticias\/2026\/01\/14\/gnr-de-albufeira-prende-homem-que-colidiu-com-trotinete-e-abandonou-vitima\/"},"author":{"name":"Telinha","@id":"https:\/\/portaltela.pt\/#\/schema\/person\/c4278d4a6028830caff9ee44b42d32ed"},"headline":"GNR de Albufeira prende homem que colidiu com trotinete e abandonou v\u00edtima","datePublished":"2026-01-14T17:50:58+00:00","mainEntityOfPage":{"@id":"https:\/\/portaltela.pt\/noticias\/2026\/01\/14\/gnr-de-albufeira-prende-homem-que-colidiu-com-trotinete-e-abandonou-vitima\/"},"wordCount":132,"image":{"@id":"https:\/\/portaltela.pt\/noticias\/2026\/01\/14\/gnr-de-albufeira-prende-homem-que-colidiu-com-trotinete-e-abandonou-vitima\/#primaryimage"},"thumbnailUrl":"https:\/\/portaltela.pt\/s.01k8rhncp4jt1\/2026\/01\/img_1500x1000uu2023-07-25-19-51-11-1403430.jpg","keywords":["acidente de via\u00e7\u00e3o","acidentes rodovi\u00e1rios","Albufeira","crime rodovi\u00e1rio grave","omiss\u00e3o de aux\u00edlio"],"articleSection":["Not\u00edcias"],"inLanguage":"pt-PT"},{"@type":"WebPage","@id":"https:\/\/portaltela.pt\/noticias\/2026\/01\/14\/gnr-de-albufeira-prende-homem-que-colidiu-com-trotinete-e-abandonou-vitima\/","url":"https:\/\/portaltela.pt\/noticias\/2026\/01\/14\/gnr-de-albufeira-prende-homem-que-colidiu-com-trotinete-e-abandonou-vitima\/","name":"GNR de Albufeira prende homem que colidiu com trotinete e abandonou v\u00edtima - Portal Tela Portugal","isPartOf":{"@id":"https:\/\/portaltela.pt\/#website"},"primaryImageOfPage":{"@id":"https:\/\/portaltela.pt\/noticias\/2026\/01\/14\/gnr-de-albufeira-prende-homem-que-colidiu-com-trotinete-e-abandonou-vitima\/#primaryimage"},"image":{"@id":"https:\/\/portaltela.pt\/noticias\/2026\/01\/14\/gnr-de-albufeira-prende-homem-que-colidiu-com-trotinete-e-abandonou-vitima\/#primaryimage"},"thumbnailUrl":"https:\/\/portaltela.pt\/s.01k8rhncp4jt1\/2026\/01\/img_1500x1000uu2023-07-25-19-51-11-1403430.jpg","datePublished":"2026-01-14T17:50:58+00:00","author":{"@id":"https:\/\/portaltela.pt\/#\/schema\/person\/c4278d4a6028830caff9ee44b42d32ed"},"breadcrumb":{"@id":"https:\/\/portaltela.pt\/noticias\/2026\/01\/14\/gnr-de-albufeira-prende-homem-que-colidiu-com-trotinete-e-abandonou-vitima\/#breadcrumb"},"inLanguage":"pt-PT","potentialAction":[{"@type":"ReadAction","target":["https:\/\/portaltela.pt\/noticias\/2026\/01\/14\/gnr-de-albufeira-prende-homem-que-colidiu-com-trotinete-e-abandonou-vitima\/"]}]},{"@type":"ImageObject","inLanguage":"pt-PT","@id":"https:\/\/portaltela.pt\/noticias\/2026\/01\/14\/gnr-de-albufeira-prende-homem-que-colidiu-com-trotinete-e-abandonou-vitima\/#primaryimage","url":"https:\/\/portaltela.pt\/s.01k8rhncp4jt1\/2026\/01\/img_1500x1000uu2023-07-25-19-51-11-1403430.jpg","contentUrl":"https:\/\/portaltela.pt\/s.01k8rhncp4jt1\/2026\/01\/img_1500x1000uu2023-07-25-19-51-11-1403430.jpg","width":796,"height":448,"caption":"V\u00edtima seguia de trotinete e sofreu ferimentos graves"},{"@type":"BreadcrumbList","@id":"https:\/\/portaltela.pt\/noticias\/2026\/01\/14\/gnr-de-albufeira-prende-homem-que-colidiu-com-trotinete-e-abandonou-vitima\/#breadcrumb","itemListElement":[{"@type":"ListItem","position":1,"name":"In\u00edcio","item":"https:\/\/portaltela.pt\/"},{"@type":"ListItem","position":2,"name":"GNR de Albufeira prende homem que colidiu com trotinete e abandonou v\u00edtima"}]},{"@type":"WebSite","@id":"https:\/\/portaltela.pt\/#website","url":"https:\/\/portaltela.pt\/","name":"Portal Tela Portugal","description":"","potentialAction":[{"@type":"SearchAction","target":{"@type":"EntryPoint","urlTemplate":"https:\/\/portaltela.pt\/?s={search_term_string}"},"query-input":{"@type":"PropertyValueSpecification","valueRequired":true,"valueName":"search_term_string"}}],"inLanguage":"pt-PT"},{"@type":"Person","@id":"https:\/\/portaltela.pt\/#\/schema\/person\/c4278d4a6028830caff9ee44b42d32ed","name":"Telinha","image":{"@type":"ImageObject","inLanguage":"pt-PT","@id":"https:\/\/portaltela.pt\/s.01k8rhncp4jt1\/2025\/11\/talking-bot-125x125.png","url":"https:\/\/portaltela.pt\/s.01k8rhncp4jt1\/2025\/11\/talking-bot-125x125.png","contentUrl":"https:\/\/portaltela.pt\/s.01k8rhncp4jt1\/2025\/11\/talking-bot-125x125.png","caption":"Telinha"},"sameAs":["https:\/\/portaltela.pt\/"],"url":"https:\/\/portaltela.pt\/por\/367410592786\/"}]}},"_links":{"self":[{"href":"https:\/\/portaltela.pt\/api\/wp\/v2\/posts\/142110","targetHints":{"allow":["GET"]}}],"collection":[{"href":"https:\/\/portaltela.pt\/api\/wp\/v2\/posts"}],"about":[{"href":"https:\/\/portaltela.pt\/api\/wp\/v2\/types\/post"}],"author":[{"embeddable":true,"href":"https:\/\/portaltela.pt\/api\/wp\/v2\/users\/2"}],"replies":[{"embeddable":true,"href":"https:\/\/portaltela.pt\/api\/wp\/v2\/comments?post=142110"}],"version-history":[{"count":0,"href":"https:\/\/portaltela.pt\/api\/wp\/v2\/posts\/142110\/revisions"}],"wp:featuredmedia":[{"embeddable":true,"href":"https:\/\/portaltela.pt\/api\/wp\/v2\/media\/142120"}],"wp:attachment":[{"href":"https:\/\/portaltela.pt\/api\/wp\/v2\/media?parent=142110"}],"wp:term":[{"taxonomy":"category","embeddable":true,"href":"https:\/\/portaltela.pt\/api\/wp\/v2\/categories?post=142110"},{"taxonomy":"post_tag","embeddable":true,"href":"https:\/\/portaltela.pt\/api\/wp\/v2\/tags?post=142110"}],"curies":[{"name":"wp","href":"https:\/\/api.w.org\/{rel}","templated":true}]}}