{"id":141989,"date":"2026-01-14T13:58:00","date_gmt":"2026-01-14T16:58:00","guid":{"rendered":"https:\/\/portaltela.pt\/noticias\/2026\/01\/14\/quatro-arguidos-por-contrafacao-em-alvalade-santiago-do-cacem\/"},"modified":"2026-01-14T13:58:00","modified_gmt":"2026-01-14T16:58:00","slug":"quatro-arguidos-por-contrafacao-em-alvalade-santiago-do-cacem","status":"publish","type":"post","link":"https:\/\/portaltela.pt\/noticias\/2026\/01\/14\/quatro-arguidos-por-contrafacao-em-alvalade-santiago-do-cacem\/","title":{"rendered":"Quatro arguidos por contrafa\u00e7\u00e3o em Alvalade, Santiago do Cac\u00e9m"},"content":{"rendered":"<p>A GNR constituiu arguidos quatro homens, entre os 21 e os 48 anos, por contrafa\u00e7\u00e3o, ap\u00f3s uma a\u00e7\u00e3o de fiscaliza\u00e7\u00e3o no mercado mensal de Alvalade do Sado, no concelho de Santiago do Cac\u00e9m. A opera\u00e7\u00e3o visou combater a venda de produtos falsificados.<\/p>\n<p>Durante a verifica\u00e7\u00e3o, os militares identificaram quatro bancas que comercializavam pe\u00e7as de vestu\u00e1rio e cal\u00e7ado com marcas conhecidas, mas com fortes ind\u00edcios de falsifica\u00e7\u00e3o. Os artigos expostos levantaram suspeitas entre os agentes.<\/p>\n<p>No total, foram apreendidas 353 pe\u00e7as contrafeitas, entre roupas e cal\u00e7ado. Os arguidos foram constitu\u00eddos, e o processo ficou ordenado para instru\u00e7\u00e3o no Tribunal Judicial de Santiago do Cac\u00e9m.<\/p>\n<p>O caso permanece em fase de investiga\u00e7\u00e3o, com a GNR a manter dilig\u00eancias para identificar poss\u00edveis quebras adicionais associadas ao mercado. O objetivo \u00e9 esclarecer a cadeia de distribui\u00e7\u00e3o das pe\u00e7as apreendidas.<\/p>\n","protected":false},"excerpt":{"rendered":"<ul>\n<li>A Guarda Nacional Republicana (GNR) constituiu arguidos quatro homens, com idades entre 21 e 48 anos, por contrafa\u00e7\u00e3o, ap\u00f3s fiscaliza\u00e7\u00e3o no mercado mensal de Alvalade do Sado, no concelho de Santiago do Cac\u00e9m.<\/li>\n<li>Durante a opera\u00e7\u00e3o, foram identificadas quatro bancas que vendiam pe\u00e7as de vestu\u00e1rio e cal\u00e7ado com marcas reconhecidas, mas com fortes ind\u00edcios de falsifica\u00e7\u00e3o.<\/li>\n<li>No total, foram apreendidas 353 pe\u00e7as contrafeitas, entre roupa e cal\u00e7ado.<\/li>\n<li>Os suspeitos foram constitu\u00eddos arguidos e o processo seguiu para o Tribunal Judicial de Santiago do Cac\u00e9m.<\/li>\n<li>O caso envolve o crime de contrafa\u00e7\u00e3o e ocorreu no contexto de uma a\u00e7\u00e3o de fiscaliza\u00e7\u00e3o do mercado local.<\/li>\n<\/ul>\n","protected":false},"author":2,"featured_media":142010,"comment_status":"closed","ping_status":"closed","sticky":false,"template":"","format":"standard","meta":{"footnotes":""},"categories":[1],"tags":[1588,2494,521,695,1380,2898],"class_list":["post-141989","post","type-post","status-publish","format-standard","has-post-thumbnail","hentry","category-noticias","tag-alvalade","tag-bens-de-consumo","tag-contrafacao","tag-fiscalizacao","tag-gnr","tag-santiago-do-cacem"],"yoast_head":"<!-- This site is optimized with the Yoast SEO plugin v27.2 - https:\/\/yoast.com\/product\/yoast-seo-wordpress\/ -->\n<title>Quatro arguidos por contrafa\u00e7\u00e3o em Alvalade, Santiago do Cac\u00e9m - Portal Tela Portugal<\/title>\n<meta name=\"robots\" content=\"index, follow, max-snippet:-1, max-image-preview:large, max-video-preview:-1\" \/>\n<meta property=\"og:locale\" content=\"pt_PT\" \/>\n<meta property=\"og:type\" content=\"article\" \/>\n<meta property=\"og:title\" content=\"Quatro arguidos por contrafa\u00e7\u00e3o em Alvalade, Santiago do Cac\u00e9m - Portal Tela Portugal\" \/>\n<meta property=\"og:description\" content=\"A Guarda Nacional Republicana (GNR) constituiu arguidos quatro homens, com idades entre 21 e 48 anos, por contrafa\u00e7\u00e3o, ap\u00f3s fiscaliza\u00e7\u00e3o no mercado mensal de Alvalade do Sado, no concelho de Santiago do Cac\u00e9m. Durante a opera\u00e7\u00e3o, foram identificadas quatro bancas que vendiam pe\u00e7as de vestu\u00e1rio e cal\u00e7ado com marcas reconhecidas, mas com fortes ind\u00edcios de falsifica\u00e7\u00e3o. No total, foram apreendidas 353 pe\u00e7as contrafeitas, entre roupa e cal\u00e7ado. Os suspeitos foram constitu\u00eddos arguidos e o processo seguiu para o Tribunal Judicial de Santiago do Cac\u00e9m. O caso envolve o crime de contrafa\u00e7\u00e3o e ocorreu no contexto de uma a\u00e7\u00e3o de fiscaliza\u00e7\u00e3o do mercado local.\" \/>\n<meta property=\"og:url\" content=\"https:\/\/portaltela.pt\/noticias\/2026\/01\/14\/quatro-arguidos-por-contrafacao-em-alvalade-santiago-do-cacem\/\" \/>\n<meta property=\"og:site_name\" content=\"Portal Tela Portugal\" \/>\n<meta property=\"article:published_time\" content=\"2026-01-14T16:58:00+00:00\" \/>\n<meta name=\"author\" content=\"Telinha\" \/>\n<meta name=\"twitter:card\" content=\"summary_large_image\" \/>\n<meta name=\"twitter:label1\" content=\"Escrito por\" \/>\n\t<meta name=\"twitter:data1\" content=\"Telinha\" \/>\n\t<meta name=\"twitter:label2\" content=\"Tempo estimado de leitura\" \/>\n\t<meta name=\"twitter:data2\" content=\"1 minuto\" \/>\n<script type=\"application\/ld+json\" class=\"yoast-schema-graph\">{\"@context\":\"https:\/\/schema.org\",\"@graph\":[{\"@type\":\"Article\",\"@id\":\"https:\/\/portaltela.pt\/noticias\/2026\/01\/14\/quatro-arguidos-por-contrafacao-em-alvalade-santiago-do-cacem\/#article\",\"isPartOf\":{\"@id\":\"https:\/\/portaltela.pt\/noticias\/2026\/01\/14\/quatro-arguidos-por-contrafacao-em-alvalade-santiago-do-cacem\/\"},\"author\":{\"name\":\"Telinha\",\"@id\":\"https:\/\/portaltela.pt\/#\/schema\/person\/c4278d4a6028830caff9ee44b42d32ed\"},\"headline\":\"Quatro arguidos por contrafa\u00e7\u00e3o em Alvalade, Santiago do Cac\u00e9m\",\"datePublished\":\"2026-01-14T16:58:00+00:00\",\"mainEntityOfPage\":{\"@id\":\"https:\/\/portaltela.pt\/noticias\/2026\/01\/14\/quatro-arguidos-por-contrafacao-em-alvalade-santiago-do-cacem\/\"},\"wordCount\":164,\"image\":{\"@id\":\"https:\/\/portaltela.pt\/noticias\/2026\/01\/14\/quatro-arguidos-por-contrafacao-em-alvalade-santiago-do-cacem\/#primaryimage\"},\"thumbnailUrl\":\"https:\/\/portaltela.pt\/s.01k8rhncp4jt1\/2026\/01\/unnamed-file-3007.jpg\",\"keywords\":[\"Alvalade\",\"bens de consumo\",\"contrafa\u00e7\u00e3o\",\"fiscaliza\u00e7\u00e3o\",\"GNR\",\"Santiago do Cac\u00e9m\"],\"articleSection\":[\"Not\u00edcias\"],\"inLanguage\":\"pt-PT\"},{\"@type\":\"WebPage\",\"@id\":\"https:\/\/portaltela.pt\/noticias\/2026\/01\/14\/quatro-arguidos-por-contrafacao-em-alvalade-santiago-do-cacem\/\",\"url\":\"https:\/\/portaltela.pt\/noticias\/2026\/01\/14\/quatro-arguidos-por-contrafacao-em-alvalade-santiago-do-cacem\/\",\"name\":\"Quatro arguidos por contrafa\u00e7\u00e3o em Alvalade, Santiago do Cac\u00e9m - Portal Tela Portugal\",\"isPartOf\":{\"@id\":\"https:\/\/portaltela.pt\/#website\"},\"primaryImageOfPage\":{\"@id\":\"https:\/\/portaltela.pt\/noticias\/2026\/01\/14\/quatro-arguidos-por-contrafacao-em-alvalade-santiago-do-cacem\/#primaryimage\"},\"image\":{\"@id\":\"https:\/\/portaltela.pt\/noticias\/2026\/01\/14\/quatro-arguidos-por-contrafacao-em-alvalade-santiago-do-cacem\/#primaryimage\"},\"thumbnailUrl\":\"https:\/\/portaltela.pt\/s.01k8rhncp4jt1\/2026\/01\/unnamed-file-3007.jpg\",\"datePublished\":\"2026-01-14T16:58:00+00:00\",\"author\":{\"@id\":\"https:\/\/portaltela.pt\/#\/schema\/person\/c4278d4a6028830caff9ee44b42d32ed\"},\"breadcrumb\":{\"@id\":\"https:\/\/portaltela.pt\/noticias\/2026\/01\/14\/quatro-arguidos-por-contrafacao-em-alvalade-santiago-do-cacem\/#breadcrumb\"},\"inLanguage\":\"pt-PT\",\"potentialAction\":[{\"@type\":\"ReadAction\",\"target\":[\"https:\/\/portaltela.pt\/noticias\/2026\/01\/14\/quatro-arguidos-por-contrafacao-em-alvalade-santiago-do-cacem\/\"]}]},{\"@type\":\"ImageObject\",\"inLanguage\":\"pt-PT\",\"@id\":\"https:\/\/portaltela.pt\/noticias\/2026\/01\/14\/quatro-arguidos-por-contrafacao-em-alvalade-santiago-do-cacem\/#primaryimage\",\"url\":\"https:\/\/portaltela.pt\/s.01k8rhncp4jt1\/2026\/01\/unnamed-file-3007.jpg\",\"contentUrl\":\"https:\/\/portaltela.pt\/s.01k8rhncp4jt1\/2026\/01\/unnamed-file-3007.jpg\",\"width\":796,\"height\":448,\"caption\":\"Quatro homens constitu\u00eddos arguidos por contrafa\u00e7\u00e3o em Alvalade no concelho de Santiago do Cac\u00e9m\"},{\"@type\":\"BreadcrumbList\",\"@id\":\"https:\/\/portaltela.pt\/noticias\/2026\/01\/14\/quatro-arguidos-por-contrafacao-em-alvalade-santiago-do-cacem\/#breadcrumb\",\"itemListElement\":[{\"@type\":\"ListItem\",\"position\":1,\"name\":\"In\u00edcio\",\"item\":\"https:\/\/portaltela.pt\/\"},{\"@type\":\"ListItem\",\"position\":2,\"name\":\"Quatro arguidos por contrafa\u00e7\u00e3o em Alvalade, Santiago do Cac\u00e9m\"}]},{\"@type\":\"WebSite\",\"@id\":\"https:\/\/portaltela.pt\/#website\",\"url\":\"https:\/\/portaltela.pt\/\",\"name\":\"Portal Tela Portugal\",\"description\":\"\",\"potentialAction\":[{\"@type\":\"SearchAction\",\"target\":{\"@type\":\"EntryPoint\",\"urlTemplate\":\"https:\/\/portaltela.pt\/?s={search_term_string}\"},\"query-input\":{\"@type\":\"PropertyValueSpecification\",\"valueRequired\":true,\"valueName\":\"search_term_string\"}}],\"inLanguage\":\"pt-PT\"},{\"@type\":\"Person\",\"@id\":\"https:\/\/portaltela.pt\/#\/schema\/person\/c4278d4a6028830caff9ee44b42d32ed\",\"name\":\"Telinha\",\"image\":{\"@type\":\"ImageObject\",\"inLanguage\":\"pt-PT\",\"@id\":\"https:\/\/portaltela.pt\/s.01k8rhncp4jt1\/2025\/11\/talking-bot-125x125.png\",\"url\":\"https:\/\/portaltela.pt\/s.01k8rhncp4jt1\/2025\/11\/talking-bot-125x125.png\",\"contentUrl\":\"https:\/\/portaltela.pt\/s.01k8rhncp4jt1\/2025\/11\/talking-bot-125x125.png\",\"caption\":\"Telinha\"},\"sameAs\":[\"https:\/\/portaltela.pt\/\"],\"url\":\"https:\/\/portaltela.pt\/por\/367410592786\/\"}]}<\/script>\n<!-- \/ Yoast SEO plugin. -->","yoast_head_json":{"title":"Quatro arguidos por contrafa\u00e7\u00e3o em Alvalade, Santiago do Cac\u00e9m - Portal Tela Portugal","robots":{"index":"index","follow":"follow","max-snippet":"max-snippet:-1","max-image-preview":"max-image-preview:large","max-video-preview":"max-video-preview:-1"},"og_locale":"pt_PT","og_type":"article","og_title":"Quatro arguidos por contrafa\u00e7\u00e3o em Alvalade, Santiago do Cac\u00e9m - Portal Tela Portugal","og_description":"A Guarda Nacional Republicana (GNR) constituiu arguidos quatro homens, com idades entre 21 e 48 anos, por contrafa\u00e7\u00e3o, ap\u00f3s fiscaliza\u00e7\u00e3o no mercado mensal de Alvalade do Sado, no concelho de Santiago do Cac\u00e9m. Durante a opera\u00e7\u00e3o, foram identificadas quatro bancas que vendiam pe\u00e7as de vestu\u00e1rio e cal\u00e7ado com marcas reconhecidas, mas com fortes ind\u00edcios de falsifica\u00e7\u00e3o. No total, foram apreendidas 353 pe\u00e7as contrafeitas, entre roupa e cal\u00e7ado. Os suspeitos foram constitu\u00eddos arguidos e o processo seguiu para o Tribunal Judicial de Santiago do Cac\u00e9m. O caso envolve o crime de contrafa\u00e7\u00e3o e ocorreu no contexto de uma a\u00e7\u00e3o de fiscaliza\u00e7\u00e3o do mercado local.","og_url":"https:\/\/portaltela.pt\/noticias\/2026\/01\/14\/quatro-arguidos-por-contrafacao-em-alvalade-santiago-do-cacem\/","og_site_name":"Portal Tela Portugal","article_published_time":"2026-01-14T16:58:00+00:00","author":"Telinha","twitter_card":"summary_large_image","twitter_misc":{"Escrito por":"Telinha","Tempo estimado de leitura":"1 minuto"},"schema":{"@context":"https:\/\/schema.org","@graph":[{"@type":"Article","@id":"https:\/\/portaltela.pt\/noticias\/2026\/01\/14\/quatro-arguidos-por-contrafacao-em-alvalade-santiago-do-cacem\/#article","isPartOf":{"@id":"https:\/\/portaltela.pt\/noticias\/2026\/01\/14\/quatro-arguidos-por-contrafacao-em-alvalade-santiago-do-cacem\/"},"author":{"name":"Telinha","@id":"https:\/\/portaltela.pt\/#\/schema\/person\/c4278d4a6028830caff9ee44b42d32ed"},"headline":"Quatro arguidos por contrafa\u00e7\u00e3o em Alvalade, Santiago do Cac\u00e9m","datePublished":"2026-01-14T16:58:00+00:00","mainEntityOfPage":{"@id":"https:\/\/portaltela.pt\/noticias\/2026\/01\/14\/quatro-arguidos-por-contrafacao-em-alvalade-santiago-do-cacem\/"},"wordCount":164,"image":{"@id":"https:\/\/portaltela.pt\/noticias\/2026\/01\/14\/quatro-arguidos-por-contrafacao-em-alvalade-santiago-do-cacem\/#primaryimage"},"thumbnailUrl":"https:\/\/portaltela.pt\/s.01k8rhncp4jt1\/2026\/01\/unnamed-file-3007.jpg","keywords":["Alvalade","bens de consumo","contrafa\u00e7\u00e3o","fiscaliza\u00e7\u00e3o","GNR","Santiago do Cac\u00e9m"],"articleSection":["Not\u00edcias"],"inLanguage":"pt-PT"},{"@type":"WebPage","@id":"https:\/\/portaltela.pt\/noticias\/2026\/01\/14\/quatro-arguidos-por-contrafacao-em-alvalade-santiago-do-cacem\/","url":"https:\/\/portaltela.pt\/noticias\/2026\/01\/14\/quatro-arguidos-por-contrafacao-em-alvalade-santiago-do-cacem\/","name":"Quatro arguidos por contrafa\u00e7\u00e3o em Alvalade, Santiago do Cac\u00e9m - Portal Tela Portugal","isPartOf":{"@id":"https:\/\/portaltela.pt\/#website"},"primaryImageOfPage":{"@id":"https:\/\/portaltela.pt\/noticias\/2026\/01\/14\/quatro-arguidos-por-contrafacao-em-alvalade-santiago-do-cacem\/#primaryimage"},"image":{"@id":"https:\/\/portaltela.pt\/noticias\/2026\/01\/14\/quatro-arguidos-por-contrafacao-em-alvalade-santiago-do-cacem\/#primaryimage"},"thumbnailUrl":"https:\/\/portaltela.pt\/s.01k8rhncp4jt1\/2026\/01\/unnamed-file-3007.jpg","datePublished":"2026-01-14T16:58:00+00:00","author":{"@id":"https:\/\/portaltela.pt\/#\/schema\/person\/c4278d4a6028830caff9ee44b42d32ed"},"breadcrumb":{"@id":"https:\/\/portaltela.pt\/noticias\/2026\/01\/14\/quatro-arguidos-por-contrafacao-em-alvalade-santiago-do-cacem\/#breadcrumb"},"inLanguage":"pt-PT","potentialAction":[{"@type":"ReadAction","target":["https:\/\/portaltela.pt\/noticias\/2026\/01\/14\/quatro-arguidos-por-contrafacao-em-alvalade-santiago-do-cacem\/"]}]},{"@type":"ImageObject","inLanguage":"pt-PT","@id":"https:\/\/portaltela.pt\/noticias\/2026\/01\/14\/quatro-arguidos-por-contrafacao-em-alvalade-santiago-do-cacem\/#primaryimage","url":"https:\/\/portaltela.pt\/s.01k8rhncp4jt1\/2026\/01\/unnamed-file-3007.jpg","contentUrl":"https:\/\/portaltela.pt\/s.01k8rhncp4jt1\/2026\/01\/unnamed-file-3007.jpg","width":796,"height":448,"caption":"Quatro homens constitu\u00eddos arguidos por contrafa\u00e7\u00e3o em Alvalade no concelho de Santiago do Cac\u00e9m"},{"@type":"BreadcrumbList","@id":"https:\/\/portaltela.pt\/noticias\/2026\/01\/14\/quatro-arguidos-por-contrafacao-em-alvalade-santiago-do-cacem\/#breadcrumb","itemListElement":[{"@type":"ListItem","position":1,"name":"In\u00edcio","item":"https:\/\/portaltela.pt\/"},{"@type":"ListItem","position":2,"name":"Quatro arguidos por contrafa\u00e7\u00e3o em Alvalade, Santiago do Cac\u00e9m"}]},{"@type":"WebSite","@id":"https:\/\/portaltela.pt\/#website","url":"https:\/\/portaltela.pt\/","name":"Portal Tela Portugal","description":"","potentialAction":[{"@type":"SearchAction","target":{"@type":"EntryPoint","urlTemplate":"https:\/\/portaltela.pt\/?s={search_term_string}"},"query-input":{"@type":"PropertyValueSpecification","valueRequired":true,"valueName":"search_term_string"}}],"inLanguage":"pt-PT"},{"@type":"Person","@id":"https:\/\/portaltela.pt\/#\/schema\/person\/c4278d4a6028830caff9ee44b42d32ed","name":"Telinha","image":{"@type":"ImageObject","inLanguage":"pt-PT","@id":"https:\/\/portaltela.pt\/s.01k8rhncp4jt1\/2025\/11\/talking-bot-125x125.png","url":"https:\/\/portaltela.pt\/s.01k8rhncp4jt1\/2025\/11\/talking-bot-125x125.png","contentUrl":"https:\/\/portaltela.pt\/s.01k8rhncp4jt1\/2025\/11\/talking-bot-125x125.png","caption":"Telinha"},"sameAs":["https:\/\/portaltela.pt\/"],"url":"https:\/\/portaltela.pt\/por\/367410592786\/"}]}},"_links":{"self":[{"href":"https:\/\/portaltela.pt\/api\/wp\/v2\/posts\/141989","targetHints":{"allow":["GET"]}}],"collection":[{"href":"https:\/\/portaltela.pt\/api\/wp\/v2\/posts"}],"about":[{"href":"https:\/\/portaltela.pt\/api\/wp\/v2\/types\/post"}],"author":[{"embeddable":true,"href":"https:\/\/portaltela.pt\/api\/wp\/v2\/users\/2"}],"replies":[{"embeddable":true,"href":"https:\/\/portaltela.pt\/api\/wp\/v2\/comments?post=141989"}],"version-history":[{"count":0,"href":"https:\/\/portaltela.pt\/api\/wp\/v2\/posts\/141989\/revisions"}],"wp:featuredmedia":[{"embeddable":true,"href":"https:\/\/portaltela.pt\/api\/wp\/v2\/media\/142010"}],"wp:attachment":[{"href":"https:\/\/portaltela.pt\/api\/wp\/v2\/media?parent=141989"}],"wp:term":[{"taxonomy":"category","embeddable":true,"href":"https:\/\/portaltela.pt\/api\/wp\/v2\/categories?post=141989"},{"taxonomy":"post_tag","embeddable":true,"href":"https:\/\/portaltela.pt\/api\/wp\/v2\/tags?post=141989"}],"curies":[{"name":"wp","href":"https:\/\/api.w.org\/{rel}","templated":true}]}}