{"id":141980,"date":"2026-01-14T14:02:00","date_gmt":"2026-01-14T17:02:00","guid":{"rendered":"https:\/\/portaltela.pt\/noticias\/2026\/01\/14\/absolvicao-de-bastonarios-dos-enfermeiros-e-definitiva-sem-recurso-do-mp\/"},"modified":"2026-01-14T14:02:00","modified_gmt":"2026-01-14T17:02:00","slug":"absolvicao-de-bastonarios-dos-enfermeiros-e-definitiva-sem-recurso-do-mp","status":"publish","type":"post","link":"https:\/\/portaltela.pt\/noticias\/2026\/01\/14\/absolvicao-de-bastonarios-dos-enfermeiros-e-definitiva-sem-recurso-do-mp\/","title":{"rendered":"Absolvi\u00e7\u00e3o de baston\u00e1rios dos enfermeiros \u00e9 definitiva sem recurso do MP"},"content":{"rendered":"<p>O Minist\u00e9rio P\u00fablico n\u00e3o recorreu da decis\u00e3o de absolvi\u00e7\u00e3o proferida no caso das alegadas viagens fict\u00edcias em servi\u00e7o. A absolvi\u00e7\u00e3o da ex-baston\u00e1ria Ana Rita Cavaco, do baston\u00e1rio Lu\u00eds Filipe Barreira e de mais onze arguidos tornou-se definitiva, anunciou hoje a Ordem dos Enfermeiros.<\/p>\n<p>A decis\u00e3o foi confirmada por um tribunal de primeira inst\u00e2ncia em novembro e, na pr\u00e1tica, encerra o processo para esses arguidos. A Ordem dos Enfermeiros sublinha que a decis\u00e3o demonstra a inexist\u00eancia de responsabilidade criminal por parte dos envolvidos.<\/p>\n<h3>Decis\u00e3o definitiva<\/h3>\n<p>No ac\u00f3rd\u00e3o do Tribunal Central Criminal de Lisboa, de 24 de novembro, o conjunto de arguidos ficou absolvido face \u00e0 d\u00favida s\u00e9ria e razo\u00e1vel sobre a pr\u00e1tica dos crimes de peculato e falsifica\u00e7\u00e3o de documentos. O tribunal aplicou o princ\u00edpio in dubio pro reo.<\/p>\n<p>Na acusa\u00e7\u00e3o, a procuradoria tinha pedido condena\u00e7\u00e3o com penas suspensas de pris\u00e3o. O caso envolve o alegado desvio de 63 mil euros da ordem profissional, relacionado com ajudas de custo por viagens, alegadamente fict\u00edcias, ocorridas em 2016.<\/p>\n<h3>Contexto do caso<\/h3>\n<p>Na altura, Lu\u00eds Filipe Barreira era vice-presidente de Cavaco e tornou-se baston\u00e1rio em dezembro de 2023. A decis\u00e3o de absolvi\u00e7\u00e3o abrangeu o conjunto de pessoas ligadas ao primeiro mandato da dirigente. A decis\u00e3o n\u00e3o \u00e9 pass\u00edvel de recurso pela magistratura nem pela Ordem.<\/p>\n","protected":false},"excerpt":{"rendered":"<ul>\n<li>A Ordem dos Enfermeiros anunciou que o Minist\u00e9rio P\u00fablico n\u00e3o recorreu da absolvi\u00e7\u00e3o de Ana Rita Cavaco, Lu\u00eds Filipe Barreira e outros onze arguidos no caso das alegadas viagens fict\u00edcias em servi\u00e7o, tornando a decis\u00e3o definitiva.<\/li>\n<li>O Tribunal Central Criminal de Lisboa absolveu, a 24 de novembro, os arguidos ligados ao primeiro mandato da baston\u00e1ria de 2016 a 2023, no alegado desvio de 63 mil euros da ordem.<\/li>\n<li>A absolvi\u00e7\u00e3o baseou-se na exist\u00eancia de d\u00favida s\u00e9ria e razo\u00e1vel sobre a pr\u00e1tica dos crimes de peculato e falsifica\u00e7\u00e3o de documentos, invocando o princ\u00edpio de presun\u00e7\u00e3o de inoc\u00eancia in dubio pro reo.<\/li>\n<li>O atual baston\u00e1rio, Lu\u00eds Filipe Barreira, assumiu o cargo em dezembro de 2023 e era vice-presidente da antiga baston\u00e1ria; Ana Rita Cavaco foi a baston\u00e1ria anterior.<\/li>\n<li>Nas alega\u00e7\u00f5es finais de janeiro de 2025, o Minist\u00e9rio P\u00fablico pediu a condena\u00e7\u00e3o com pena suspensa de pris\u00e3o, mas a decis\u00e3o final foi de absolvi\u00e7\u00e3o, sem oposi\u00e7\u00e3o do MP.<\/li>\n<\/ul>\n","protected":false},"author":2,"featured_media":141988,"comment_status":"closed","ping_status":"closed","sticky":false,"template":"","format":"standard","meta":{"footnotes":""},"categories":[1],"tags":[147,2662,260,217,2933,259],"class_list":["post-141980","post","type-post","status-publish","format-standard","has-post-thumbnail","hentry","category-noticias","tag-crime","tag-enfermagem","tag-falsificacao-de-documentos","tag-investigacao-criminal","tag-ordem-dos-enfermeiros","tag-peculato"],"yoast_head":"<!-- This site is optimized with the Yoast SEO plugin v27.2 - https:\/\/yoast.com\/product\/yoast-seo-wordpress\/ -->\n<title>Absolvi\u00e7\u00e3o de baston\u00e1rios dos enfermeiros \u00e9 definitiva sem recurso do MP - Portal Tela Portugal<\/title>\n<meta name=\"robots\" content=\"index, follow, max-snippet:-1, max-image-preview:large, max-video-preview:-1\" \/>\n<meta property=\"og:locale\" content=\"pt_PT\" \/>\n<meta property=\"og:type\" content=\"article\" \/>\n<meta property=\"og:title\" content=\"Absolvi\u00e7\u00e3o de baston\u00e1rios dos enfermeiros \u00e9 definitiva sem recurso do MP - Portal Tela Portugal\" \/>\n<meta property=\"og:description\" content=\"A Ordem dos Enfermeiros anunciou que o Minist\u00e9rio P\u00fablico n\u00e3o recorreu da absolvi\u00e7\u00e3o de Ana Rita Cavaco, Lu\u00eds Filipe Barreira e outros onze arguidos no caso das alegadas viagens fict\u00edcias em servi\u00e7o, tornando a decis\u00e3o definitiva. O Tribunal Central Criminal de Lisboa absolveu, a 24 de novembro, os arguidos ligados ao primeiro mandato da baston\u00e1ria de 2016 a 2023, no alegado desvio de 63 mil euros da ordem. A absolvi\u00e7\u00e3o baseou-se na exist\u00eancia de d\u00favida s\u00e9ria e razo\u00e1vel sobre a pr\u00e1tica dos crimes de peculato e falsifica\u00e7\u00e3o de documentos, invocando o princ\u00edpio de presun\u00e7\u00e3o de inoc\u00eancia in dubio pro reo. O atual baston\u00e1rio, Lu\u00eds Filipe Barreira, assumiu o cargo em dezembro de 2023 e era vice-presidente da antiga baston\u00e1ria; Ana Rita Cavaco foi a baston\u00e1ria anterior. Nas alega\u00e7\u00f5es finais de janeiro de 2025, o Minist\u00e9rio P\u00fablico pediu a condena\u00e7\u00e3o com pena suspensa de pris\u00e3o, mas a decis\u00e3o final foi de absolvi\u00e7\u00e3o, sem oposi\u00e7\u00e3o do MP.\" \/>\n<meta property=\"og:url\" content=\"https:\/\/portaltela.pt\/noticias\/2026\/01\/14\/absolvicao-de-bastonarios-dos-enfermeiros-e-definitiva-sem-recurso-do-mp\/\" \/>\n<meta property=\"og:site_name\" content=\"Portal Tela Portugal\" \/>\n<meta property=\"article:published_time\" content=\"2026-01-14T17:02:00+00:00\" \/>\n<meta name=\"author\" content=\"Telinha\" \/>\n<meta name=\"twitter:card\" content=\"summary_large_image\" \/>\n<meta name=\"twitter:label1\" content=\"Escrito por\" \/>\n\t<meta name=\"twitter:data1\" content=\"Telinha\" \/>\n\t<meta name=\"twitter:label2\" content=\"Tempo estimado de leitura\" \/>\n\t<meta name=\"twitter:data2\" content=\"1 minuto\" \/>\n<script type=\"application\/ld+json\" class=\"yoast-schema-graph\">{\"@context\":\"https:\/\/schema.org\",\"@graph\":[{\"@type\":\"Article\",\"@id\":\"https:\/\/portaltela.pt\/noticias\/2026\/01\/14\/absolvicao-de-bastonarios-dos-enfermeiros-e-definitiva-sem-recurso-do-mp\/#article\",\"isPartOf\":{\"@id\":\"https:\/\/portaltela.pt\/noticias\/2026\/01\/14\/absolvicao-de-bastonarios-dos-enfermeiros-e-definitiva-sem-recurso-do-mp\/\"},\"author\":{\"name\":\"Telinha\",\"@id\":\"https:\/\/portaltela.pt\/#\/schema\/person\/c4278d4a6028830caff9ee44b42d32ed\"},\"headline\":\"Absolvi\u00e7\u00e3o de baston\u00e1rios dos enfermeiros \u00e9 definitiva sem recurso do MP\",\"datePublished\":\"2026-01-14T17:02:00+00:00\",\"mainEntityOfPage\":{\"@id\":\"https:\/\/portaltela.pt\/noticias\/2026\/01\/14\/absolvicao-de-bastonarios-dos-enfermeiros-e-definitiva-sem-recurso-do-mp\/\"},\"wordCount\":253,\"image\":{\"@id\":\"https:\/\/portaltela.pt\/noticias\/2026\/01\/14\/absolvicao-de-bastonarios-dos-enfermeiros-e-definitiva-sem-recurso-do-mp\/#primaryimage\"},\"thumbnailUrl\":\"https:\/\/portaltela.pt\/s.01k8rhncp4jt1\/2026\/01\/2059270.jpg\",\"keywords\":[\"crime\",\"Enfermagem\",\"falsifica\u00e7\u00e3o de documentos\",\"investiga\u00e7\u00e3o criminal\",\"Ordem dos Enfermeiros\",\"peculato\"],\"articleSection\":[\"Not\u00edcias\"],\"inLanguage\":\"pt-PT\"},{\"@type\":\"WebPage\",\"@id\":\"https:\/\/portaltela.pt\/noticias\/2026\/01\/14\/absolvicao-de-bastonarios-dos-enfermeiros-e-definitiva-sem-recurso-do-mp\/\",\"url\":\"https:\/\/portaltela.pt\/noticias\/2026\/01\/14\/absolvicao-de-bastonarios-dos-enfermeiros-e-definitiva-sem-recurso-do-mp\/\",\"name\":\"Absolvi\u00e7\u00e3o de baston\u00e1rios dos enfermeiros \u00e9 definitiva sem recurso do MP - Portal Tela Portugal\",\"isPartOf\":{\"@id\":\"https:\/\/portaltela.pt\/#website\"},\"primaryImageOfPage\":{\"@id\":\"https:\/\/portaltela.pt\/noticias\/2026\/01\/14\/absolvicao-de-bastonarios-dos-enfermeiros-e-definitiva-sem-recurso-do-mp\/#primaryimage\"},\"image\":{\"@id\":\"https:\/\/portaltela.pt\/noticias\/2026\/01\/14\/absolvicao-de-bastonarios-dos-enfermeiros-e-definitiva-sem-recurso-do-mp\/#primaryimage\"},\"thumbnailUrl\":\"https:\/\/portaltela.pt\/s.01k8rhncp4jt1\/2026\/01\/2059270.jpg\",\"datePublished\":\"2026-01-14T17:02:00+00:00\",\"author\":{\"@id\":\"https:\/\/portaltela.pt\/#\/schema\/person\/c4278d4a6028830caff9ee44b42d32ed\"},\"breadcrumb\":{\"@id\":\"https:\/\/portaltela.pt\/noticias\/2026\/01\/14\/absolvicao-de-bastonarios-dos-enfermeiros-e-definitiva-sem-recurso-do-mp\/#breadcrumb\"},\"inLanguage\":\"pt-PT\",\"potentialAction\":[{\"@type\":\"ReadAction\",\"target\":[\"https:\/\/portaltela.pt\/noticias\/2026\/01\/14\/absolvicao-de-bastonarios-dos-enfermeiros-e-definitiva-sem-recurso-do-mp\/\"]}]},{\"@type\":\"ImageObject\",\"inLanguage\":\"pt-PT\",\"@id\":\"https:\/\/portaltela.pt\/noticias\/2026\/01\/14\/absolvicao-de-bastonarios-dos-enfermeiros-e-definitiva-sem-recurso-do-mp\/#primaryimage\",\"url\":\"https:\/\/portaltela.pt\/s.01k8rhncp4jt1\/2026\/01\/2059270.jpg\",\"contentUrl\":\"https:\/\/portaltela.pt\/s.01k8rhncp4jt1\/2026\/01\/2059270.jpg\",\"width\":796,\"height\":448,\"caption\":\"Baston\u00e1rio dos Enfermeiros, Lu\u00eds Filipe Barreira\"},{\"@type\":\"BreadcrumbList\",\"@id\":\"https:\/\/portaltela.pt\/noticias\/2026\/01\/14\/absolvicao-de-bastonarios-dos-enfermeiros-e-definitiva-sem-recurso-do-mp\/#breadcrumb\",\"itemListElement\":[{\"@type\":\"ListItem\",\"position\":1,\"name\":\"In\u00edcio\",\"item\":\"https:\/\/portaltela.pt\/\"},{\"@type\":\"ListItem\",\"position\":2,\"name\":\"Absolvi\u00e7\u00e3o de baston\u00e1rios dos enfermeiros \u00e9 definitiva sem recurso do MP\"}]},{\"@type\":\"WebSite\",\"@id\":\"https:\/\/portaltela.pt\/#website\",\"url\":\"https:\/\/portaltela.pt\/\",\"name\":\"Portal Tela Portugal\",\"description\":\"\",\"potentialAction\":[{\"@type\":\"SearchAction\",\"target\":{\"@type\":\"EntryPoint\",\"urlTemplate\":\"https:\/\/portaltela.pt\/?s={search_term_string}\"},\"query-input\":{\"@type\":\"PropertyValueSpecification\",\"valueRequired\":true,\"valueName\":\"search_term_string\"}}],\"inLanguage\":\"pt-PT\"},{\"@type\":\"Person\",\"@id\":\"https:\/\/portaltela.pt\/#\/schema\/person\/c4278d4a6028830caff9ee44b42d32ed\",\"name\":\"Telinha\",\"image\":{\"@type\":\"ImageObject\",\"inLanguage\":\"pt-PT\",\"@id\":\"https:\/\/portaltela.pt\/s.01k8rhncp4jt1\/2025\/11\/talking-bot-125x125.png\",\"url\":\"https:\/\/portaltela.pt\/s.01k8rhncp4jt1\/2025\/11\/talking-bot-125x125.png\",\"contentUrl\":\"https:\/\/portaltela.pt\/s.01k8rhncp4jt1\/2025\/11\/talking-bot-125x125.png\",\"caption\":\"Telinha\"},\"sameAs\":[\"https:\/\/portaltela.pt\/\"],\"url\":\"https:\/\/portaltela.pt\/por\/367410592786\/\"}]}<\/script>\n<!-- \/ Yoast SEO plugin. -->","yoast_head_json":{"title":"Absolvi\u00e7\u00e3o de baston\u00e1rios dos enfermeiros \u00e9 definitiva sem recurso do MP - Portal Tela Portugal","robots":{"index":"index","follow":"follow","max-snippet":"max-snippet:-1","max-image-preview":"max-image-preview:large","max-video-preview":"max-video-preview:-1"},"og_locale":"pt_PT","og_type":"article","og_title":"Absolvi\u00e7\u00e3o de baston\u00e1rios dos enfermeiros \u00e9 definitiva sem recurso do MP - Portal Tela Portugal","og_description":"A Ordem dos Enfermeiros anunciou que o Minist\u00e9rio P\u00fablico n\u00e3o recorreu da absolvi\u00e7\u00e3o de Ana Rita Cavaco, Lu\u00eds Filipe Barreira e outros onze arguidos no caso das alegadas viagens fict\u00edcias em servi\u00e7o, tornando a decis\u00e3o definitiva. O Tribunal Central Criminal de Lisboa absolveu, a 24 de novembro, os arguidos ligados ao primeiro mandato da baston\u00e1ria de 2016 a 2023, no alegado desvio de 63 mil euros da ordem. A absolvi\u00e7\u00e3o baseou-se na exist\u00eancia de d\u00favida s\u00e9ria e razo\u00e1vel sobre a pr\u00e1tica dos crimes de peculato e falsifica\u00e7\u00e3o de documentos, invocando o princ\u00edpio de presun\u00e7\u00e3o de inoc\u00eancia in dubio pro reo. O atual baston\u00e1rio, Lu\u00eds Filipe Barreira, assumiu o cargo em dezembro de 2023 e era vice-presidente da antiga baston\u00e1ria; Ana Rita Cavaco foi a baston\u00e1ria anterior. Nas alega\u00e7\u00f5es finais de janeiro de 2025, o Minist\u00e9rio P\u00fablico pediu a condena\u00e7\u00e3o com pena suspensa de pris\u00e3o, mas a decis\u00e3o final foi de absolvi\u00e7\u00e3o, sem oposi\u00e7\u00e3o do MP.","og_url":"https:\/\/portaltela.pt\/noticias\/2026\/01\/14\/absolvicao-de-bastonarios-dos-enfermeiros-e-definitiva-sem-recurso-do-mp\/","og_site_name":"Portal Tela Portugal","article_published_time":"2026-01-14T17:02:00+00:00","author":"Telinha","twitter_card":"summary_large_image","twitter_misc":{"Escrito por":"Telinha","Tempo estimado de leitura":"1 minuto"},"schema":{"@context":"https:\/\/schema.org","@graph":[{"@type":"Article","@id":"https:\/\/portaltela.pt\/noticias\/2026\/01\/14\/absolvicao-de-bastonarios-dos-enfermeiros-e-definitiva-sem-recurso-do-mp\/#article","isPartOf":{"@id":"https:\/\/portaltela.pt\/noticias\/2026\/01\/14\/absolvicao-de-bastonarios-dos-enfermeiros-e-definitiva-sem-recurso-do-mp\/"},"author":{"name":"Telinha","@id":"https:\/\/portaltela.pt\/#\/schema\/person\/c4278d4a6028830caff9ee44b42d32ed"},"headline":"Absolvi\u00e7\u00e3o de baston\u00e1rios dos enfermeiros \u00e9 definitiva sem recurso do MP","datePublished":"2026-01-14T17:02:00+00:00","mainEntityOfPage":{"@id":"https:\/\/portaltela.pt\/noticias\/2026\/01\/14\/absolvicao-de-bastonarios-dos-enfermeiros-e-definitiva-sem-recurso-do-mp\/"},"wordCount":253,"image":{"@id":"https:\/\/portaltela.pt\/noticias\/2026\/01\/14\/absolvicao-de-bastonarios-dos-enfermeiros-e-definitiva-sem-recurso-do-mp\/#primaryimage"},"thumbnailUrl":"https:\/\/portaltela.pt\/s.01k8rhncp4jt1\/2026\/01\/2059270.jpg","keywords":["crime","Enfermagem","falsifica\u00e7\u00e3o de documentos","investiga\u00e7\u00e3o criminal","Ordem dos Enfermeiros","peculato"],"articleSection":["Not\u00edcias"],"inLanguage":"pt-PT"},{"@type":"WebPage","@id":"https:\/\/portaltela.pt\/noticias\/2026\/01\/14\/absolvicao-de-bastonarios-dos-enfermeiros-e-definitiva-sem-recurso-do-mp\/","url":"https:\/\/portaltela.pt\/noticias\/2026\/01\/14\/absolvicao-de-bastonarios-dos-enfermeiros-e-definitiva-sem-recurso-do-mp\/","name":"Absolvi\u00e7\u00e3o de baston\u00e1rios dos enfermeiros \u00e9 definitiva sem recurso do MP - Portal Tela Portugal","isPartOf":{"@id":"https:\/\/portaltela.pt\/#website"},"primaryImageOfPage":{"@id":"https:\/\/portaltela.pt\/noticias\/2026\/01\/14\/absolvicao-de-bastonarios-dos-enfermeiros-e-definitiva-sem-recurso-do-mp\/#primaryimage"},"image":{"@id":"https:\/\/portaltela.pt\/noticias\/2026\/01\/14\/absolvicao-de-bastonarios-dos-enfermeiros-e-definitiva-sem-recurso-do-mp\/#primaryimage"},"thumbnailUrl":"https:\/\/portaltela.pt\/s.01k8rhncp4jt1\/2026\/01\/2059270.jpg","datePublished":"2026-01-14T17:02:00+00:00","author":{"@id":"https:\/\/portaltela.pt\/#\/schema\/person\/c4278d4a6028830caff9ee44b42d32ed"},"breadcrumb":{"@id":"https:\/\/portaltela.pt\/noticias\/2026\/01\/14\/absolvicao-de-bastonarios-dos-enfermeiros-e-definitiva-sem-recurso-do-mp\/#breadcrumb"},"inLanguage":"pt-PT","potentialAction":[{"@type":"ReadAction","target":["https:\/\/portaltela.pt\/noticias\/2026\/01\/14\/absolvicao-de-bastonarios-dos-enfermeiros-e-definitiva-sem-recurso-do-mp\/"]}]},{"@type":"ImageObject","inLanguage":"pt-PT","@id":"https:\/\/portaltela.pt\/noticias\/2026\/01\/14\/absolvicao-de-bastonarios-dos-enfermeiros-e-definitiva-sem-recurso-do-mp\/#primaryimage","url":"https:\/\/portaltela.pt\/s.01k8rhncp4jt1\/2026\/01\/2059270.jpg","contentUrl":"https:\/\/portaltela.pt\/s.01k8rhncp4jt1\/2026\/01\/2059270.jpg","width":796,"height":448,"caption":"Baston\u00e1rio dos Enfermeiros, Lu\u00eds Filipe Barreira"},{"@type":"BreadcrumbList","@id":"https:\/\/portaltela.pt\/noticias\/2026\/01\/14\/absolvicao-de-bastonarios-dos-enfermeiros-e-definitiva-sem-recurso-do-mp\/#breadcrumb","itemListElement":[{"@type":"ListItem","position":1,"name":"In\u00edcio","item":"https:\/\/portaltela.pt\/"},{"@type":"ListItem","position":2,"name":"Absolvi\u00e7\u00e3o de baston\u00e1rios dos enfermeiros \u00e9 definitiva sem recurso do MP"}]},{"@type":"WebSite","@id":"https:\/\/portaltela.pt\/#website","url":"https:\/\/portaltela.pt\/","name":"Portal Tela Portugal","description":"","potentialAction":[{"@type":"SearchAction","target":{"@type":"EntryPoint","urlTemplate":"https:\/\/portaltela.pt\/?s={search_term_string}"},"query-input":{"@type":"PropertyValueSpecification","valueRequired":true,"valueName":"search_term_string"}}],"inLanguage":"pt-PT"},{"@type":"Person","@id":"https:\/\/portaltela.pt\/#\/schema\/person\/c4278d4a6028830caff9ee44b42d32ed","name":"Telinha","image":{"@type":"ImageObject","inLanguage":"pt-PT","@id":"https:\/\/portaltela.pt\/s.01k8rhncp4jt1\/2025\/11\/talking-bot-125x125.png","url":"https:\/\/portaltela.pt\/s.01k8rhncp4jt1\/2025\/11\/talking-bot-125x125.png","contentUrl":"https:\/\/portaltela.pt\/s.01k8rhncp4jt1\/2025\/11\/talking-bot-125x125.png","caption":"Telinha"},"sameAs":["https:\/\/portaltela.pt\/"],"url":"https:\/\/portaltela.pt\/por\/367410592786\/"}]}},"_links":{"self":[{"href":"https:\/\/portaltela.pt\/api\/wp\/v2\/posts\/141980","targetHints":{"allow":["GET"]}}],"collection":[{"href":"https:\/\/portaltela.pt\/api\/wp\/v2\/posts"}],"about":[{"href":"https:\/\/portaltela.pt\/api\/wp\/v2\/types\/post"}],"author":[{"embeddable":true,"href":"https:\/\/portaltela.pt\/api\/wp\/v2\/users\/2"}],"replies":[{"embeddable":true,"href":"https:\/\/portaltela.pt\/api\/wp\/v2\/comments?post=141980"}],"version-history":[{"count":0,"href":"https:\/\/portaltela.pt\/api\/wp\/v2\/posts\/141980\/revisions"}],"wp:featuredmedia":[{"embeddable":true,"href":"https:\/\/portaltela.pt\/api\/wp\/v2\/media\/141988"}],"wp:attachment":[{"href":"https:\/\/portaltela.pt\/api\/wp\/v2\/media?parent=141980"}],"wp:term":[{"taxonomy":"category","embeddable":true,"href":"https:\/\/portaltela.pt\/api\/wp\/v2\/categories?post=141980"},{"taxonomy":"post_tag","embeddable":true,"href":"https:\/\/portaltela.pt\/api\/wp\/v2\/tags?post=141980"}],"curies":[{"name":"wp","href":"https:\/\/api.w.org\/{rel}","templated":true}]}}