{"id":141973,"date":"2026-01-14T13:50:00","date_gmt":"2026-01-14T16:50:00","guid":{"rendered":"https:\/\/portaltela.pt\/noticias\/2026\/01\/14\/supremo-rejeita-habeas-corpus-de-gnr-que-se-barricou-no-posto-de-felgueiras\/"},"modified":"2026-01-14T13:50:00","modified_gmt":"2026-01-14T16:50:00","slug":"supremo-rejeita-habeas-corpus-de-gnr-que-se-barricou-no-posto-de-felgueiras","status":"publish","type":"post","link":"https:\/\/portaltela.pt\/noticias\/2026\/01\/14\/supremo-rejeita-habeas-corpus-de-gnr-que-se-barricou-no-posto-de-felgueiras\/","title":{"rendered":"Supremo rejeita habeas corpus de GNR que se barricou no posto de Felgueiras"},"content":{"rendered":"<p>O <strong>Supremo Tribunal de Justi\u00e7a<\/strong> (STJ) rejeitou hoje o habeas corpus apresentado pela defesa de um militar da <strong>GNR<\/strong> condenado a 13 anos de pris\u00e3o. O arguido manteve-se barricadado no posto de Felgueiras, no Porto, durante a manh\u00e3. O pedido alegava ilegalidade da deten\u00e7\u00e3o.<\/p>\n<p>A defesa argumentou que a decis\u00e3o condenat\u00f3ria ainda n\u00e3o transitou em julgado. O habeas corpus foi apresentado a 5 de janeiro, pelo advogado Paulo Gomes, que sustenta a ilegitimidade da deten\u00e7\u00e3o para cumprir a pena de 13 anos.<\/p>\n<p>O militar iniciou o epis\u00f3dio no posto de Felgueiras \u00e0s 15:00 de 30 de dezembro, quando se deu a tentativa de o conduzir \u00e0 cadeia de Tomar. Entregou-se pelas 07:40 de 31 de dezembro, ap\u00f3s cerca de 16 horas de constrangimento.<\/p>\n<h3>Antecedentes do caso<\/h3>\n<p>O arguido, colocado no posto da GNR de Fafe aquando das burlas, foi depois transferido para Tomar para cumprir a pena por instigar burlas que ultrapassaram 400 mil euros. A acusa\u00e7\u00e3o envolve a ex-companheira, auditora de justi\u00e7a e futura ju\u00edza.<\/p>\n<p>Em novembro de 2022, o Tribunal de Guimar\u00e3es condenou o militar por m\u00faltiplos crimes de burla qualificada e branqueamento de capitais, com uma pena \u00fanica de 13 anos e a proibi\u00e7\u00e3o de fun\u00e7\u00f5es na GNR por cinco anos. As decis\u00f5es seguintes confirmaram a pena em 2024 e 2025.<\/p>\n<h3>Decis\u00e3o e recursos<\/h3>\n<p>O STJ manteve a condena\u00e7\u00e3o, rejeitando o habeas corpus apresentado pela defesa, que insistia na pend\u00eancia de recursos no Tribunal Constitucional. Os recursos no Constitucional discutiam mat\u00e9ria comum \u00e0 decis\u00e3o condenat\u00f3ria e n\u00e3o fundamentos pessoais.<\/p>\n<p>Segundo o Minist\u00e9rio P\u00fablico, o esquema envolveu o pai do militar, com apoio da fam\u00edlia, para obter mais de 400 mil euros de vitimas, simulando situa\u00e7\u00f5es de urg\u00eancia. O dinheiro foi utilizado para manter uma vida de luxo ao arguido e \u00e0 ex-companheira.<\/p>\n","protected":false},"excerpt":{"rendered":"<ul>\n<li>O Supremo Tribunal de Justi\u00e7a (STJ) rejeitou o habeas corpus apresentado pela defesa do militar da GNR condenado a 13 anos de pris\u00e3o, que se barricou no posto de Felgueiras a 30 de dezembro.<\/li>\n<li>A defesa alegou ilegalidade da deten\u00e7\u00e3o e sustentou que o ac\u00f3rd\u00e3o ainda n\u00e3o transitou em julgado, citando recursos pendentes no Tribunal Constitucional apresentados pelo pai e pela ent\u00e3o companheira do arguido.<\/li>\n<li>O militar entregou-se \u00e0s autoridades \u00e0s 07:40 de 31 de dezembro, cerca de 16 horas ap\u00f3s a barricada, e foi transferido para cumprir a pena na cadeia de Tomar.<\/li>\n<li>A condena\u00e7\u00e3o envolve dezenas de crimes de instiga\u00e7\u00e3o de burla qualificada e branqueamento de capitais, com a pena \u00fanica de 13 anos e a proibi\u00e7\u00e3o do exerc\u00edcio de fun\u00e7\u00f5es da GNR por cinco anos.<\/li>\n<li>O Minist\u00e9rio P\u00fablico afirma que o esquema envolveu mais de 400 mil euros, mediante a participa\u00e7\u00e3o do pai do GNR e da ex-companheira, proporcionando uma vida de luxo ao arguido e \u00e0 ent\u00e3o auditora de justi\u00e7a.<\/li>\n<\/ul>\n","protected":false},"author":2,"featured_media":141978,"comment_status":"closed","ping_status":"closed","sticky":false,"template":"","format":"standard","meta":{"footnotes":""},"categories":[1],"tags":[191,3061,2210,1380,1145,52],"class_list":["post-141973","post","type-post","status-publish","format-standard","has-post-thumbnail","hentry","category-noticias","tag-branqueamento-de-capitais","tag-burlas-qualificada","tag-felgueiras","tag-gnr","tag-guimaraes","tag-tribunal"],"yoast_head":"<!-- This site is optimized with the Yoast SEO plugin v27.2 - https:\/\/yoast.com\/product\/yoast-seo-wordpress\/ -->\n<title>Supremo rejeita habeas corpus de GNR que se barricou no posto de Felgueiras - Portal Tela Portugal<\/title>\n<meta name=\"robots\" content=\"index, follow, max-snippet:-1, max-image-preview:large, max-video-preview:-1\" \/>\n<meta property=\"og:locale\" content=\"pt_PT\" \/>\n<meta property=\"og:type\" content=\"article\" \/>\n<meta property=\"og:title\" content=\"Supremo rejeita habeas corpus de GNR que se barricou no posto de Felgueiras - Portal Tela Portugal\" \/>\n<meta property=\"og:description\" content=\"O Supremo Tribunal de Justi\u00e7a (STJ) rejeitou o habeas corpus apresentado pela defesa do militar da GNR condenado a 13 anos de pris\u00e3o, que se barricou no posto de Felgueiras a 30 de dezembro. A defesa alegou ilegalidade da deten\u00e7\u00e3o e sustentou que o ac\u00f3rd\u00e3o ainda n\u00e3o transitou em julgado, citando recursos pendentes no Tribunal Constitucional apresentados pelo pai e pela ent\u00e3o companheira do arguido. O militar entregou-se \u00e0s autoridades \u00e0s 07:40 de 31 de dezembro, cerca de 16 horas ap\u00f3s a barricada, e foi transferido para cumprir a pena na cadeia de Tomar. A condena\u00e7\u00e3o envolve dezenas de crimes de instiga\u00e7\u00e3o de burla qualificada e branqueamento de capitais, com a pena \u00fanica de 13 anos e a proibi\u00e7\u00e3o do exerc\u00edcio de fun\u00e7\u00f5es da GNR por cinco anos. O Minist\u00e9rio P\u00fablico afirma que o esquema envolveu mais de 400 mil euros, mediante a participa\u00e7\u00e3o do pai do GNR e da ex-companheira, proporcionando uma vida de luxo ao arguido e \u00e0 ent\u00e3o auditora de justi\u00e7a.\" \/>\n<meta property=\"og:url\" content=\"https:\/\/portaltela.pt\/noticias\/2026\/01\/14\/supremo-rejeita-habeas-corpus-de-gnr-que-se-barricou-no-posto-de-felgueiras\/\" \/>\n<meta property=\"og:site_name\" content=\"Portal Tela Portugal\" \/>\n<meta property=\"article:published_time\" content=\"2026-01-14T16:50:00+00:00\" \/>\n<meta name=\"author\" content=\"Telinha\" \/>\n<meta name=\"twitter:card\" content=\"summary_large_image\" \/>\n<meta name=\"twitter:label1\" content=\"Escrito por\" \/>\n\t<meta name=\"twitter:data1\" content=\"Telinha\" \/>\n\t<meta name=\"twitter:label2\" content=\"Tempo estimado de leitura\" \/>\n\t<meta name=\"twitter:data2\" content=\"2 minutos\" \/>\n<script type=\"application\/ld+json\" class=\"yoast-schema-graph\">{\"@context\":\"https:\/\/schema.org\",\"@graph\":[{\"@type\":\"Article\",\"@id\":\"https:\/\/portaltela.pt\/noticias\/2026\/01\/14\/supremo-rejeita-habeas-corpus-de-gnr-que-se-barricou-no-posto-de-felgueiras\/#article\",\"isPartOf\":{\"@id\":\"https:\/\/portaltela.pt\/noticias\/2026\/01\/14\/supremo-rejeita-habeas-corpus-de-gnr-que-se-barricou-no-posto-de-felgueiras\/\"},\"author\":{\"name\":\"Telinha\",\"@id\":\"https:\/\/portaltela.pt\/#\/schema\/person\/c4278d4a6028830caff9ee44b42d32ed\"},\"headline\":\"Supremo rejeita habeas corpus de GNR que se barricou no posto de Felgueiras\",\"datePublished\":\"2026-01-14T16:50:00+00:00\",\"mainEntityOfPage\":{\"@id\":\"https:\/\/portaltela.pt\/noticias\/2026\/01\/14\/supremo-rejeita-habeas-corpus-de-gnr-que-se-barricou-no-posto-de-felgueiras\/\"},\"wordCount\":320,\"image\":{\"@id\":\"https:\/\/portaltela.pt\/noticias\/2026\/01\/14\/supremo-rejeita-habeas-corpus-de-gnr-que-se-barricou-no-posto-de-felgueiras\/#primaryimage\"},\"thumbnailUrl\":\"https:\/\/portaltela.pt\/s.01k8rhncp4jt1\/2026\/01\/unnamed-file-3006.jpg\",\"keywords\":[\"branqueamento de capitais\",\"burlas qualificada\",\"Felgueiras\",\"GNR\",\"Guimar\u00e3es\",\"tribunal\"],\"articleSection\":[\"Not\u00edcias\"],\"inLanguage\":\"pt-PT\"},{\"@type\":\"WebPage\",\"@id\":\"https:\/\/portaltela.pt\/noticias\/2026\/01\/14\/supremo-rejeita-habeas-corpus-de-gnr-que-se-barricou-no-posto-de-felgueiras\/\",\"url\":\"https:\/\/portaltela.pt\/noticias\/2026\/01\/14\/supremo-rejeita-habeas-corpus-de-gnr-que-se-barricou-no-posto-de-felgueiras\/\",\"name\":\"Supremo rejeita habeas corpus de GNR que se barricou no posto de Felgueiras - Portal Tela Portugal\",\"isPartOf\":{\"@id\":\"https:\/\/portaltela.pt\/#website\"},\"primaryImageOfPage\":{\"@id\":\"https:\/\/portaltela.pt\/noticias\/2026\/01\/14\/supremo-rejeita-habeas-corpus-de-gnr-que-se-barricou-no-posto-de-felgueiras\/#primaryimage\"},\"image\":{\"@id\":\"https:\/\/portaltela.pt\/noticias\/2026\/01\/14\/supremo-rejeita-habeas-corpus-de-gnr-que-se-barricou-no-posto-de-felgueiras\/#primaryimage\"},\"thumbnailUrl\":\"https:\/\/portaltela.pt\/s.01k8rhncp4jt1\/2026\/01\/unnamed-file-3006.jpg\",\"datePublished\":\"2026-01-14T16:50:00+00:00\",\"author\":{\"@id\":\"https:\/\/portaltela.pt\/#\/schema\/person\/c4278d4a6028830caff9ee44b42d32ed\"},\"breadcrumb\":{\"@id\":\"https:\/\/portaltela.pt\/noticias\/2026\/01\/14\/supremo-rejeita-habeas-corpus-de-gnr-que-se-barricou-no-posto-de-felgueiras\/#breadcrumb\"},\"inLanguage\":\"pt-PT\",\"potentialAction\":[{\"@type\":\"ReadAction\",\"target\":[\"https:\/\/portaltela.pt\/noticias\/2026\/01\/14\/supremo-rejeita-habeas-corpus-de-gnr-que-se-barricou-no-posto-de-felgueiras\/\"]}]},{\"@type\":\"ImageObject\",\"inLanguage\":\"pt-PT\",\"@id\":\"https:\/\/portaltela.pt\/noticias\/2026\/01\/14\/supremo-rejeita-habeas-corpus-de-gnr-que-se-barricou-no-posto-de-felgueiras\/#primaryimage\",\"url\":\"https:\/\/portaltela.pt\/s.01k8rhncp4jt1\/2026\/01\/unnamed-file-3006.jpg\",\"contentUrl\":\"https:\/\/portaltela.pt\/s.01k8rhncp4jt1\/2026\/01\/unnamed-file-3006.jpg\",\"width\":796,\"height\":448,\"caption\":\"Supremo rejeita 'habeas corpus' de GNR que se barricou no posto de Felgueiras\"},{\"@type\":\"BreadcrumbList\",\"@id\":\"https:\/\/portaltela.pt\/noticias\/2026\/01\/14\/supremo-rejeita-habeas-corpus-de-gnr-que-se-barricou-no-posto-de-felgueiras\/#breadcrumb\",\"itemListElement\":[{\"@type\":\"ListItem\",\"position\":1,\"name\":\"In\u00edcio\",\"item\":\"https:\/\/portaltela.pt\/\"},{\"@type\":\"ListItem\",\"position\":2,\"name\":\"Supremo rejeita habeas corpus de GNR que se barricou no posto de Felgueiras\"}]},{\"@type\":\"WebSite\",\"@id\":\"https:\/\/portaltela.pt\/#website\",\"url\":\"https:\/\/portaltela.pt\/\",\"name\":\"Portal Tela Portugal\",\"description\":\"\",\"potentialAction\":[{\"@type\":\"SearchAction\",\"target\":{\"@type\":\"EntryPoint\",\"urlTemplate\":\"https:\/\/portaltela.pt\/?s={search_term_string}\"},\"query-input\":{\"@type\":\"PropertyValueSpecification\",\"valueRequired\":true,\"valueName\":\"search_term_string\"}}],\"inLanguage\":\"pt-PT\"},{\"@type\":\"Person\",\"@id\":\"https:\/\/portaltela.pt\/#\/schema\/person\/c4278d4a6028830caff9ee44b42d32ed\",\"name\":\"Telinha\",\"image\":{\"@type\":\"ImageObject\",\"inLanguage\":\"pt-PT\",\"@id\":\"https:\/\/portaltela.pt\/s.01k8rhncp4jt1\/2025\/11\/talking-bot-125x125.png\",\"url\":\"https:\/\/portaltela.pt\/s.01k8rhncp4jt1\/2025\/11\/talking-bot-125x125.png\",\"contentUrl\":\"https:\/\/portaltela.pt\/s.01k8rhncp4jt1\/2025\/11\/talking-bot-125x125.png\",\"caption\":\"Telinha\"},\"sameAs\":[\"https:\/\/portaltela.pt\/\"],\"url\":\"https:\/\/portaltela.pt\/por\/367410592786\/\"}]}<\/script>\n<!-- \/ Yoast SEO plugin. -->","yoast_head_json":{"title":"Supremo rejeita habeas corpus de GNR que se barricou no posto de Felgueiras - Portal Tela Portugal","robots":{"index":"index","follow":"follow","max-snippet":"max-snippet:-1","max-image-preview":"max-image-preview:large","max-video-preview":"max-video-preview:-1"},"og_locale":"pt_PT","og_type":"article","og_title":"Supremo rejeita habeas corpus de GNR que se barricou no posto de Felgueiras - Portal Tela Portugal","og_description":"O Supremo Tribunal de Justi\u00e7a (STJ) rejeitou o habeas corpus apresentado pela defesa do militar da GNR condenado a 13 anos de pris\u00e3o, que se barricou no posto de Felgueiras a 30 de dezembro. A defesa alegou ilegalidade da deten\u00e7\u00e3o e sustentou que o ac\u00f3rd\u00e3o ainda n\u00e3o transitou em julgado, citando recursos pendentes no Tribunal Constitucional apresentados pelo pai e pela ent\u00e3o companheira do arguido. O militar entregou-se \u00e0s autoridades \u00e0s 07:40 de 31 de dezembro, cerca de 16 horas ap\u00f3s a barricada, e foi transferido para cumprir a pena na cadeia de Tomar. A condena\u00e7\u00e3o envolve dezenas de crimes de instiga\u00e7\u00e3o de burla qualificada e branqueamento de capitais, com a pena \u00fanica de 13 anos e a proibi\u00e7\u00e3o do exerc\u00edcio de fun\u00e7\u00f5es da GNR por cinco anos. O Minist\u00e9rio P\u00fablico afirma que o esquema envolveu mais de 400 mil euros, mediante a participa\u00e7\u00e3o do pai do GNR e da ex-companheira, proporcionando uma vida de luxo ao arguido e \u00e0 ent\u00e3o auditora de justi\u00e7a.","og_url":"https:\/\/portaltela.pt\/noticias\/2026\/01\/14\/supremo-rejeita-habeas-corpus-de-gnr-que-se-barricou-no-posto-de-felgueiras\/","og_site_name":"Portal Tela Portugal","article_published_time":"2026-01-14T16:50:00+00:00","author":"Telinha","twitter_card":"summary_large_image","twitter_misc":{"Escrito por":"Telinha","Tempo estimado de leitura":"2 minutos"},"schema":{"@context":"https:\/\/schema.org","@graph":[{"@type":"Article","@id":"https:\/\/portaltela.pt\/noticias\/2026\/01\/14\/supremo-rejeita-habeas-corpus-de-gnr-que-se-barricou-no-posto-de-felgueiras\/#article","isPartOf":{"@id":"https:\/\/portaltela.pt\/noticias\/2026\/01\/14\/supremo-rejeita-habeas-corpus-de-gnr-que-se-barricou-no-posto-de-felgueiras\/"},"author":{"name":"Telinha","@id":"https:\/\/portaltela.pt\/#\/schema\/person\/c4278d4a6028830caff9ee44b42d32ed"},"headline":"Supremo rejeita habeas corpus de GNR que se barricou no posto de Felgueiras","datePublished":"2026-01-14T16:50:00+00:00","mainEntityOfPage":{"@id":"https:\/\/portaltela.pt\/noticias\/2026\/01\/14\/supremo-rejeita-habeas-corpus-de-gnr-que-se-barricou-no-posto-de-felgueiras\/"},"wordCount":320,"image":{"@id":"https:\/\/portaltela.pt\/noticias\/2026\/01\/14\/supremo-rejeita-habeas-corpus-de-gnr-que-se-barricou-no-posto-de-felgueiras\/#primaryimage"},"thumbnailUrl":"https:\/\/portaltela.pt\/s.01k8rhncp4jt1\/2026\/01\/unnamed-file-3006.jpg","keywords":["branqueamento de capitais","burlas qualificada","Felgueiras","GNR","Guimar\u00e3es","tribunal"],"articleSection":["Not\u00edcias"],"inLanguage":"pt-PT"},{"@type":"WebPage","@id":"https:\/\/portaltela.pt\/noticias\/2026\/01\/14\/supremo-rejeita-habeas-corpus-de-gnr-que-se-barricou-no-posto-de-felgueiras\/","url":"https:\/\/portaltela.pt\/noticias\/2026\/01\/14\/supremo-rejeita-habeas-corpus-de-gnr-que-se-barricou-no-posto-de-felgueiras\/","name":"Supremo rejeita habeas corpus de GNR que se barricou no posto de Felgueiras - Portal Tela Portugal","isPartOf":{"@id":"https:\/\/portaltela.pt\/#website"},"primaryImageOfPage":{"@id":"https:\/\/portaltela.pt\/noticias\/2026\/01\/14\/supremo-rejeita-habeas-corpus-de-gnr-que-se-barricou-no-posto-de-felgueiras\/#primaryimage"},"image":{"@id":"https:\/\/portaltela.pt\/noticias\/2026\/01\/14\/supremo-rejeita-habeas-corpus-de-gnr-que-se-barricou-no-posto-de-felgueiras\/#primaryimage"},"thumbnailUrl":"https:\/\/portaltela.pt\/s.01k8rhncp4jt1\/2026\/01\/unnamed-file-3006.jpg","datePublished":"2026-01-14T16:50:00+00:00","author":{"@id":"https:\/\/portaltela.pt\/#\/schema\/person\/c4278d4a6028830caff9ee44b42d32ed"},"breadcrumb":{"@id":"https:\/\/portaltela.pt\/noticias\/2026\/01\/14\/supremo-rejeita-habeas-corpus-de-gnr-que-se-barricou-no-posto-de-felgueiras\/#breadcrumb"},"inLanguage":"pt-PT","potentialAction":[{"@type":"ReadAction","target":["https:\/\/portaltela.pt\/noticias\/2026\/01\/14\/supremo-rejeita-habeas-corpus-de-gnr-que-se-barricou-no-posto-de-felgueiras\/"]}]},{"@type":"ImageObject","inLanguage":"pt-PT","@id":"https:\/\/portaltela.pt\/noticias\/2026\/01\/14\/supremo-rejeita-habeas-corpus-de-gnr-que-se-barricou-no-posto-de-felgueiras\/#primaryimage","url":"https:\/\/portaltela.pt\/s.01k8rhncp4jt1\/2026\/01\/unnamed-file-3006.jpg","contentUrl":"https:\/\/portaltela.pt\/s.01k8rhncp4jt1\/2026\/01\/unnamed-file-3006.jpg","width":796,"height":448,"caption":"Supremo rejeita 'habeas corpus' de GNR que se barricou no posto de Felgueiras"},{"@type":"BreadcrumbList","@id":"https:\/\/portaltela.pt\/noticias\/2026\/01\/14\/supremo-rejeita-habeas-corpus-de-gnr-que-se-barricou-no-posto-de-felgueiras\/#breadcrumb","itemListElement":[{"@type":"ListItem","position":1,"name":"In\u00edcio","item":"https:\/\/portaltela.pt\/"},{"@type":"ListItem","position":2,"name":"Supremo rejeita habeas corpus de GNR que se barricou no posto de Felgueiras"}]},{"@type":"WebSite","@id":"https:\/\/portaltela.pt\/#website","url":"https:\/\/portaltela.pt\/","name":"Portal Tela Portugal","description":"","potentialAction":[{"@type":"SearchAction","target":{"@type":"EntryPoint","urlTemplate":"https:\/\/portaltela.pt\/?s={search_term_string}"},"query-input":{"@type":"PropertyValueSpecification","valueRequired":true,"valueName":"search_term_string"}}],"inLanguage":"pt-PT"},{"@type":"Person","@id":"https:\/\/portaltela.pt\/#\/schema\/person\/c4278d4a6028830caff9ee44b42d32ed","name":"Telinha","image":{"@type":"ImageObject","inLanguage":"pt-PT","@id":"https:\/\/portaltela.pt\/s.01k8rhncp4jt1\/2025\/11\/talking-bot-125x125.png","url":"https:\/\/portaltela.pt\/s.01k8rhncp4jt1\/2025\/11\/talking-bot-125x125.png","contentUrl":"https:\/\/portaltela.pt\/s.01k8rhncp4jt1\/2025\/11\/talking-bot-125x125.png","caption":"Telinha"},"sameAs":["https:\/\/portaltela.pt\/"],"url":"https:\/\/portaltela.pt\/por\/367410592786\/"}]}},"_links":{"self":[{"href":"https:\/\/portaltela.pt\/api\/wp\/v2\/posts\/141973","targetHints":{"allow":["GET"]}}],"collection":[{"href":"https:\/\/portaltela.pt\/api\/wp\/v2\/posts"}],"about":[{"href":"https:\/\/portaltela.pt\/api\/wp\/v2\/types\/post"}],"author":[{"embeddable":true,"href":"https:\/\/portaltela.pt\/api\/wp\/v2\/users\/2"}],"replies":[{"embeddable":true,"href":"https:\/\/portaltela.pt\/api\/wp\/v2\/comments?post=141973"}],"version-history":[{"count":0,"href":"https:\/\/portaltela.pt\/api\/wp\/v2\/posts\/141973\/revisions"}],"wp:featuredmedia":[{"embeddable":true,"href":"https:\/\/portaltela.pt\/api\/wp\/v2\/media\/141978"}],"wp:attachment":[{"href":"https:\/\/portaltela.pt\/api\/wp\/v2\/media?parent=141973"}],"wp:term":[{"taxonomy":"category","embeddable":true,"href":"https:\/\/portaltela.pt\/api\/wp\/v2\/categories?post=141973"},{"taxonomy":"post_tag","embeddable":true,"href":"https:\/\/portaltela.pt\/api\/wp\/v2\/tags?post=141973"}],"curies":[{"name":"wp","href":"https:\/\/api.w.org\/{rel}","templated":true}]}}