{"id":141867,"date":"2026-01-14T13:15:42","date_gmt":"2026-01-14T16:15:42","guid":{"rendered":"https:\/\/portaltela.pt\/noticias\/2026\/01\/14\/miguel-carvalho-denuncia-silenciamento-da-apresentacao-do-livro-em-penacova\/"},"modified":"2026-01-14T13:15:42","modified_gmt":"2026-01-14T16:15:42","slug":"miguel-carvalho-denuncia-silenciamento-da-apresentacao-do-livro-em-penacova","status":"publish","type":"post","link":"https:\/\/portaltela.pt\/noticias\/2026\/01\/14\/miguel-carvalho-denuncia-silenciamento-da-apresentacao-do-livro-em-penacova\/","title":{"rendered":"Miguel Carvalho denuncia silenciamento da apresenta\u00e7\u00e3o do livro em Penacova"},"content":{"rendered":"<p>Miguel Carvalho, jornalista e escritor, denunciou publicamente o cancelamento da apresenta\u00e7\u00e3o do seu livro Por Dentro do Chega, que estava marcado num festival liter\u00e1rio promovido pela C\u00e2mara Municipal de Penacova, na regi\u00e3o Centro. A decis\u00e3o, afirmou o autor, ter\u00e1 partido de instru\u00e7\u00f5es diretas do presidente da c\u00e2mara, eleito pelo PSD, sem qualquer justifica\u00e7\u00e3o formal apresentada.<\/p>\n<p>Segundo Carvalho, o convite para o evento partiu da autarquia em outubro do ano passado, tendo sido confirmado em novembro. Ficou acordado que a sess\u00e3o seria apresentada por um professor da Faculdade de Ci\u00eancias e Tecnologia da Universidade de Coimbra, que j\u00e1 havia lido a obra e considerado o seu conte\u00fado relevante para o debate p\u00fablico.<\/p>\n<p>A menos de dois meses da realiza\u00e7\u00e3o, o jornalista recebeu um email a informar o cancelamento da participa\u00e7\u00e3o. A comunica\u00e7\u00e3o surpreendeu tanto o autor como o convidado escolhido, gerando d\u00favidas sobre poss\u00edveis interfer\u00eancias pol\u00edticas na programa\u00e7\u00e3o cultural do festival. Carvalho enviou uma resposta ao presidente da C\u00e2mara de Penacova a expressar espanto e indigna\u00e7\u00e3o.<\/p>\n<p>Contexto e desdobramentos<\/p>\n<p>O autor destacou o preju\u00edzo pessoal de ter recusado outros convites para o mesmo per\u00edodo em virtude do compromisso com Penacova e criticou a aus\u00eancia de explica\u00e7\u00f5es. Alega que o epis\u00f3dio aponta para um retrocesso democr\u00e1tico e para limita\u00e7\u00f5es na liberdade de express\u00e3o, suscitando preocupa\u00e7\u00f5es sobre pluralismo e debate p\u00fablico no pa\u00eds. Carvalho afirmou n\u00e3o aceitar silenciar-se e afirmou que pode tornar o caso de interesse p\u00fablico, visto como parte de um cen\u00e1rio cultural mais amplo.<\/p>\n","protected":false},"excerpt":{"rendered":"<ul>\n<li>Miguel Carvalho denunciou o cancelamento da apresenta\u00e7\u00e3o do livro \u201cPor Dentro do Chega\u201d num festival liter\u00e1rio promovido pelo Munic\u00edpio de Penacova, alegando instru\u00e7\u00f5es diretas do presidente da c\u00e2mara, eleito pelo PSD.<\/li>\n<li>O convite tinha sido feito pela autarquia em outubro e confirmado em novembro, com a sess\u00e3o inicialmente prevista para ter como apresentador um professor da Universidade de Coimbra.<\/li>\n<li>A menos de dois meses do evento, Carvalho recebeu um email a informar o cancelamento, o que surpreendeu o escritor e o apresentador escolhido, suscitando d\u00favidas sobre interfer\u00eancias pol\u00edticas na programa\u00e7\u00e3o cultural.<\/li>\n<li>Em resposta ao presidente da C\u00e2mara, Carvalho expressou espanto e indigna\u00e7\u00e3o pelo timing e pela falta de explica\u00e7\u00f5es oficiais, destacando o preju\u00edzo pessoal de ter recusado outros convites.<\/li>\n<li>O jornalista aponta um retrocesso nos valores democr\u00e1ticos e na liberdade de express\u00e3o, referindo que outras autarquias teriam recuado em convites semelhantes, e afirma que n\u00e3o vai ficar silenciado.<\/li>\n<\/ul>\n","protected":false},"author":2,"featured_media":141880,"comment_status":"closed","ping_status":"closed","sticky":false,"template":"","format":"standard","meta":{"footnotes":""},"categories":[1],"tags":[1309,145,2795,2920,2077,2832],"class_list":["post-141867","post","type-post","status-publish","format-standard","has-post-thumbnail","hentry","category-noticias","tag-centro","tag-cultura","tag-democracia","tag-liberdade-de-expressao","tag-penacova","tag-politica"],"yoast_head":"<!-- This site is optimized with the Yoast SEO plugin v27.2 - https:\/\/yoast.com\/product\/yoast-seo-wordpress\/ -->\n<title>Miguel Carvalho denuncia silenciamento da apresenta\u00e7\u00e3o do livro em Penacova - Portal Tela Portugal<\/title>\n<meta name=\"robots\" content=\"index, follow, max-snippet:-1, max-image-preview:large, max-video-preview:-1\" \/>\n<meta property=\"og:locale\" content=\"pt_PT\" \/>\n<meta property=\"og:type\" content=\"article\" \/>\n<meta property=\"og:title\" content=\"Miguel Carvalho denuncia silenciamento da apresenta\u00e7\u00e3o do livro em Penacova - Portal Tela Portugal\" \/>\n<meta property=\"og:description\" content=\"Miguel Carvalho denunciou o cancelamento da apresenta\u00e7\u00e3o do livro \u201cPor Dentro do Chega\u201d num festival liter\u00e1rio promovido pelo Munic\u00edpio de Penacova, alegando instru\u00e7\u00f5es diretas do presidente da c\u00e2mara, eleito pelo PSD. O convite tinha sido feito pela autarquia em outubro e confirmado em novembro, com a sess\u00e3o inicialmente prevista para ter como apresentador um professor da Universidade de Coimbra. A menos de dois meses do evento, Carvalho recebeu um email a informar o cancelamento, o que surpreendeu o escritor e o apresentador escolhido, suscitando d\u00favidas sobre interfer\u00eancias pol\u00edticas na programa\u00e7\u00e3o cultural. Em resposta ao presidente da C\u00e2mara, Carvalho expressou espanto e indigna\u00e7\u00e3o pelo timing e pela falta de explica\u00e7\u00f5es oficiais, destacando o preju\u00edzo pessoal de ter recusado outros convites. O jornalista aponta um retrocesso nos valores democr\u00e1ticos e na liberdade de express\u00e3o, referindo que outras autarquias teriam recuado em convites semelhantes, e afirma que n\u00e3o vai ficar silenciado.\" \/>\n<meta property=\"og:url\" content=\"https:\/\/portaltela.pt\/noticias\/2026\/01\/14\/miguel-carvalho-denuncia-silenciamento-da-apresentacao-do-livro-em-penacova\/\" \/>\n<meta property=\"og:site_name\" content=\"Portal Tela Portugal\" \/>\n<meta property=\"article:published_time\" content=\"2026-01-14T16:15:42+00:00\" \/>\n<meta name=\"author\" content=\"Telinha\" \/>\n<meta name=\"twitter:card\" content=\"summary_large_image\" \/>\n<meta name=\"twitter:label1\" content=\"Escrito por\" \/>\n\t<meta name=\"twitter:data1\" content=\"Telinha\" \/>\n\t<meta name=\"twitter:label2\" content=\"Tempo estimado de leitura\" \/>\n\t<meta name=\"twitter:data2\" content=\"1 minuto\" \/>\n<script type=\"application\/ld+json\" class=\"yoast-schema-graph\">{\"@context\":\"https:\/\/schema.org\",\"@graph\":[{\"@type\":\"Article\",\"@id\":\"https:\/\/portaltela.pt\/noticias\/2026\/01\/14\/miguel-carvalho-denuncia-silenciamento-da-apresentacao-do-livro-em-penacova\/#article\",\"isPartOf\":{\"@id\":\"https:\/\/portaltela.pt\/noticias\/2026\/01\/14\/miguel-carvalho-denuncia-silenciamento-da-apresentacao-do-livro-em-penacova\/\"},\"author\":{\"name\":\"Telinha\",\"@id\":\"https:\/\/portaltela.pt\/#\/schema\/person\/c4278d4a6028830caff9ee44b42d32ed\"},\"headline\":\"Miguel Carvalho denuncia silenciamento da apresenta\u00e7\u00e3o do livro em Penacova\",\"datePublished\":\"2026-01-14T16:15:42+00:00\",\"mainEntityOfPage\":{\"@id\":\"https:\/\/portaltela.pt\/noticias\/2026\/01\/14\/miguel-carvalho-denuncia-silenciamento-da-apresentacao-do-livro-em-penacova\/\"},\"wordCount\":291,\"image\":{\"@id\":\"https:\/\/portaltela.pt\/noticias\/2026\/01\/14\/miguel-carvalho-denuncia-silenciamento-da-apresentacao-do-livro-em-penacova\/#primaryimage\"},\"thumbnailUrl\":\"https:\/\/portaltela.pt\/s.01k8rhncp4jt1\/2026\/01\/unnamed-file-2996.jpg\",\"keywords\":[\"Centro\",\"cultura\",\"democracia\",\"liberdade de express\u00e3o\",\"Penacova\",\"pol\u00edtica\"],\"articleSection\":[\"Not\u00edcias\"],\"inLanguage\":\"pt-PT\"},{\"@type\":\"WebPage\",\"@id\":\"https:\/\/portaltela.pt\/noticias\/2026\/01\/14\/miguel-carvalho-denuncia-silenciamento-da-apresentacao-do-livro-em-penacova\/\",\"url\":\"https:\/\/portaltela.pt\/noticias\/2026\/01\/14\/miguel-carvalho-denuncia-silenciamento-da-apresentacao-do-livro-em-penacova\/\",\"name\":\"Miguel Carvalho denuncia silenciamento da apresenta\u00e7\u00e3o do livro em Penacova - Portal Tela Portugal\",\"isPartOf\":{\"@id\":\"https:\/\/portaltela.pt\/#website\"},\"primaryImageOfPage\":{\"@id\":\"https:\/\/portaltela.pt\/noticias\/2026\/01\/14\/miguel-carvalho-denuncia-silenciamento-da-apresentacao-do-livro-em-penacova\/#primaryimage\"},\"image\":{\"@id\":\"https:\/\/portaltela.pt\/noticias\/2026\/01\/14\/miguel-carvalho-denuncia-silenciamento-da-apresentacao-do-livro-em-penacova\/#primaryimage\"},\"thumbnailUrl\":\"https:\/\/portaltela.pt\/s.01k8rhncp4jt1\/2026\/01\/unnamed-file-2996.jpg\",\"datePublished\":\"2026-01-14T16:15:42+00:00\",\"author\":{\"@id\":\"https:\/\/portaltela.pt\/#\/schema\/person\/c4278d4a6028830caff9ee44b42d32ed\"},\"breadcrumb\":{\"@id\":\"https:\/\/portaltela.pt\/noticias\/2026\/01\/14\/miguel-carvalho-denuncia-silenciamento-da-apresentacao-do-livro-em-penacova\/#breadcrumb\"},\"inLanguage\":\"pt-PT\",\"potentialAction\":[{\"@type\":\"ReadAction\",\"target\":[\"https:\/\/portaltela.pt\/noticias\/2026\/01\/14\/miguel-carvalho-denuncia-silenciamento-da-apresentacao-do-livro-em-penacova\/\"]}]},{\"@type\":\"ImageObject\",\"inLanguage\":\"pt-PT\",\"@id\":\"https:\/\/portaltela.pt\/noticias\/2026\/01\/14\/miguel-carvalho-denuncia-silenciamento-da-apresentacao-do-livro-em-penacova\/#primaryimage\",\"url\":\"https:\/\/portaltela.pt\/s.01k8rhncp4jt1\/2026\/01\/unnamed-file-2996.jpg\",\"contentUrl\":\"https:\/\/portaltela.pt\/s.01k8rhncp4jt1\/2026\/01\/unnamed-file-2996.jpg\",\"width\":796,\"height\":448,\"caption\":\"Miguel Carvalho denuncia silenciamento a apresenta\u00e7\u00e3o do livro \u201cPor Dentro do Chega\u201d em Penacova\"},{\"@type\":\"BreadcrumbList\",\"@id\":\"https:\/\/portaltela.pt\/noticias\/2026\/01\/14\/miguel-carvalho-denuncia-silenciamento-da-apresentacao-do-livro-em-penacova\/#breadcrumb\",\"itemListElement\":[{\"@type\":\"ListItem\",\"position\":1,\"name\":\"In\u00edcio\",\"item\":\"https:\/\/portaltela.pt\/\"},{\"@type\":\"ListItem\",\"position\":2,\"name\":\"Miguel Carvalho denuncia silenciamento da apresenta\u00e7\u00e3o do livro em Penacova\"}]},{\"@type\":\"WebSite\",\"@id\":\"https:\/\/portaltela.pt\/#website\",\"url\":\"https:\/\/portaltela.pt\/\",\"name\":\"Portal Tela Portugal\",\"description\":\"\",\"potentialAction\":[{\"@type\":\"SearchAction\",\"target\":{\"@type\":\"EntryPoint\",\"urlTemplate\":\"https:\/\/portaltela.pt\/?s={search_term_string}\"},\"query-input\":{\"@type\":\"PropertyValueSpecification\",\"valueRequired\":true,\"valueName\":\"search_term_string\"}}],\"inLanguage\":\"pt-PT\"},{\"@type\":\"Person\",\"@id\":\"https:\/\/portaltela.pt\/#\/schema\/person\/c4278d4a6028830caff9ee44b42d32ed\",\"name\":\"Telinha\",\"image\":{\"@type\":\"ImageObject\",\"inLanguage\":\"pt-PT\",\"@id\":\"https:\/\/portaltela.pt\/s.01k8rhncp4jt1\/2025\/11\/talking-bot-125x125.png\",\"url\":\"https:\/\/portaltela.pt\/s.01k8rhncp4jt1\/2025\/11\/talking-bot-125x125.png\",\"contentUrl\":\"https:\/\/portaltela.pt\/s.01k8rhncp4jt1\/2025\/11\/talking-bot-125x125.png\",\"caption\":\"Telinha\"},\"sameAs\":[\"https:\/\/portaltela.pt\/\"],\"url\":\"https:\/\/portaltela.pt\/por\/367410592786\/\"}]}<\/script>\n<!-- \/ Yoast SEO plugin. -->","yoast_head_json":{"title":"Miguel Carvalho denuncia silenciamento da apresenta\u00e7\u00e3o do livro em Penacova - Portal Tela Portugal","robots":{"index":"index","follow":"follow","max-snippet":"max-snippet:-1","max-image-preview":"max-image-preview:large","max-video-preview":"max-video-preview:-1"},"og_locale":"pt_PT","og_type":"article","og_title":"Miguel Carvalho denuncia silenciamento da apresenta\u00e7\u00e3o do livro em Penacova - Portal Tela Portugal","og_description":"Miguel Carvalho denunciou o cancelamento da apresenta\u00e7\u00e3o do livro \u201cPor Dentro do Chega\u201d num festival liter\u00e1rio promovido pelo Munic\u00edpio de Penacova, alegando instru\u00e7\u00f5es diretas do presidente da c\u00e2mara, eleito pelo PSD. O convite tinha sido feito pela autarquia em outubro e confirmado em novembro, com a sess\u00e3o inicialmente prevista para ter como apresentador um professor da Universidade de Coimbra. A menos de dois meses do evento, Carvalho recebeu um email a informar o cancelamento, o que surpreendeu o escritor e o apresentador escolhido, suscitando d\u00favidas sobre interfer\u00eancias pol\u00edticas na programa\u00e7\u00e3o cultural. Em resposta ao presidente da C\u00e2mara, Carvalho expressou espanto e indigna\u00e7\u00e3o pelo timing e pela falta de explica\u00e7\u00f5es oficiais, destacando o preju\u00edzo pessoal de ter recusado outros convites. O jornalista aponta um retrocesso nos valores democr\u00e1ticos e na liberdade de express\u00e3o, referindo que outras autarquias teriam recuado em convites semelhantes, e afirma que n\u00e3o vai ficar silenciado.","og_url":"https:\/\/portaltela.pt\/noticias\/2026\/01\/14\/miguel-carvalho-denuncia-silenciamento-da-apresentacao-do-livro-em-penacova\/","og_site_name":"Portal Tela Portugal","article_published_time":"2026-01-14T16:15:42+00:00","author":"Telinha","twitter_card":"summary_large_image","twitter_misc":{"Escrito por":"Telinha","Tempo estimado de leitura":"1 minuto"},"schema":{"@context":"https:\/\/schema.org","@graph":[{"@type":"Article","@id":"https:\/\/portaltela.pt\/noticias\/2026\/01\/14\/miguel-carvalho-denuncia-silenciamento-da-apresentacao-do-livro-em-penacova\/#article","isPartOf":{"@id":"https:\/\/portaltela.pt\/noticias\/2026\/01\/14\/miguel-carvalho-denuncia-silenciamento-da-apresentacao-do-livro-em-penacova\/"},"author":{"name":"Telinha","@id":"https:\/\/portaltela.pt\/#\/schema\/person\/c4278d4a6028830caff9ee44b42d32ed"},"headline":"Miguel Carvalho denuncia silenciamento da apresenta\u00e7\u00e3o do livro em Penacova","datePublished":"2026-01-14T16:15:42+00:00","mainEntityOfPage":{"@id":"https:\/\/portaltela.pt\/noticias\/2026\/01\/14\/miguel-carvalho-denuncia-silenciamento-da-apresentacao-do-livro-em-penacova\/"},"wordCount":291,"image":{"@id":"https:\/\/portaltela.pt\/noticias\/2026\/01\/14\/miguel-carvalho-denuncia-silenciamento-da-apresentacao-do-livro-em-penacova\/#primaryimage"},"thumbnailUrl":"https:\/\/portaltela.pt\/s.01k8rhncp4jt1\/2026\/01\/unnamed-file-2996.jpg","keywords":["Centro","cultura","democracia","liberdade de express\u00e3o","Penacova","pol\u00edtica"],"articleSection":["Not\u00edcias"],"inLanguage":"pt-PT"},{"@type":"WebPage","@id":"https:\/\/portaltela.pt\/noticias\/2026\/01\/14\/miguel-carvalho-denuncia-silenciamento-da-apresentacao-do-livro-em-penacova\/","url":"https:\/\/portaltela.pt\/noticias\/2026\/01\/14\/miguel-carvalho-denuncia-silenciamento-da-apresentacao-do-livro-em-penacova\/","name":"Miguel Carvalho denuncia silenciamento da apresenta\u00e7\u00e3o do livro em Penacova - Portal Tela Portugal","isPartOf":{"@id":"https:\/\/portaltela.pt\/#website"},"primaryImageOfPage":{"@id":"https:\/\/portaltela.pt\/noticias\/2026\/01\/14\/miguel-carvalho-denuncia-silenciamento-da-apresentacao-do-livro-em-penacova\/#primaryimage"},"image":{"@id":"https:\/\/portaltela.pt\/noticias\/2026\/01\/14\/miguel-carvalho-denuncia-silenciamento-da-apresentacao-do-livro-em-penacova\/#primaryimage"},"thumbnailUrl":"https:\/\/portaltela.pt\/s.01k8rhncp4jt1\/2026\/01\/unnamed-file-2996.jpg","datePublished":"2026-01-14T16:15:42+00:00","author":{"@id":"https:\/\/portaltela.pt\/#\/schema\/person\/c4278d4a6028830caff9ee44b42d32ed"},"breadcrumb":{"@id":"https:\/\/portaltela.pt\/noticias\/2026\/01\/14\/miguel-carvalho-denuncia-silenciamento-da-apresentacao-do-livro-em-penacova\/#breadcrumb"},"inLanguage":"pt-PT","potentialAction":[{"@type":"ReadAction","target":["https:\/\/portaltela.pt\/noticias\/2026\/01\/14\/miguel-carvalho-denuncia-silenciamento-da-apresentacao-do-livro-em-penacova\/"]}]},{"@type":"ImageObject","inLanguage":"pt-PT","@id":"https:\/\/portaltela.pt\/noticias\/2026\/01\/14\/miguel-carvalho-denuncia-silenciamento-da-apresentacao-do-livro-em-penacova\/#primaryimage","url":"https:\/\/portaltela.pt\/s.01k8rhncp4jt1\/2026\/01\/unnamed-file-2996.jpg","contentUrl":"https:\/\/portaltela.pt\/s.01k8rhncp4jt1\/2026\/01\/unnamed-file-2996.jpg","width":796,"height":448,"caption":"Miguel Carvalho denuncia silenciamento a apresenta\u00e7\u00e3o do livro \u201cPor Dentro do Chega\u201d em Penacova"},{"@type":"BreadcrumbList","@id":"https:\/\/portaltela.pt\/noticias\/2026\/01\/14\/miguel-carvalho-denuncia-silenciamento-da-apresentacao-do-livro-em-penacova\/#breadcrumb","itemListElement":[{"@type":"ListItem","position":1,"name":"In\u00edcio","item":"https:\/\/portaltela.pt\/"},{"@type":"ListItem","position":2,"name":"Miguel Carvalho denuncia silenciamento da apresenta\u00e7\u00e3o do livro em Penacova"}]},{"@type":"WebSite","@id":"https:\/\/portaltela.pt\/#website","url":"https:\/\/portaltela.pt\/","name":"Portal Tela Portugal","description":"","potentialAction":[{"@type":"SearchAction","target":{"@type":"EntryPoint","urlTemplate":"https:\/\/portaltela.pt\/?s={search_term_string}"},"query-input":{"@type":"PropertyValueSpecification","valueRequired":true,"valueName":"search_term_string"}}],"inLanguage":"pt-PT"},{"@type":"Person","@id":"https:\/\/portaltela.pt\/#\/schema\/person\/c4278d4a6028830caff9ee44b42d32ed","name":"Telinha","image":{"@type":"ImageObject","inLanguage":"pt-PT","@id":"https:\/\/portaltela.pt\/s.01k8rhncp4jt1\/2025\/11\/talking-bot-125x125.png","url":"https:\/\/portaltela.pt\/s.01k8rhncp4jt1\/2025\/11\/talking-bot-125x125.png","contentUrl":"https:\/\/portaltela.pt\/s.01k8rhncp4jt1\/2025\/11\/talking-bot-125x125.png","caption":"Telinha"},"sameAs":["https:\/\/portaltela.pt\/"],"url":"https:\/\/portaltela.pt\/por\/367410592786\/"}]}},"_links":{"self":[{"href":"https:\/\/portaltela.pt\/api\/wp\/v2\/posts\/141867","targetHints":{"allow":["GET"]}}],"collection":[{"href":"https:\/\/portaltela.pt\/api\/wp\/v2\/posts"}],"about":[{"href":"https:\/\/portaltela.pt\/api\/wp\/v2\/types\/post"}],"author":[{"embeddable":true,"href":"https:\/\/portaltela.pt\/api\/wp\/v2\/users\/2"}],"replies":[{"embeddable":true,"href":"https:\/\/portaltela.pt\/api\/wp\/v2\/comments?post=141867"}],"version-history":[{"count":0,"href":"https:\/\/portaltela.pt\/api\/wp\/v2\/posts\/141867\/revisions"}],"wp:featuredmedia":[{"embeddable":true,"href":"https:\/\/portaltela.pt\/api\/wp\/v2\/media\/141880"}],"wp:attachment":[{"href":"https:\/\/portaltela.pt\/api\/wp\/v2\/media?parent=141867"}],"wp:term":[{"taxonomy":"category","embeddable":true,"href":"https:\/\/portaltela.pt\/api\/wp\/v2\/categories?post=141867"},{"taxonomy":"post_tag","embeddable":true,"href":"https:\/\/portaltela.pt\/api\/wp\/v2\/tags?post=141867"}],"curies":[{"name":"wp","href":"https:\/\/api.w.org\/{rel}","templated":true}]}}