{"id":141846,"date":"2026-01-14T13:23:00","date_gmt":"2026-01-14T16:23:00","guid":{"rendered":"https:\/\/portaltela.pt\/noticias\/2026\/01\/14\/regresso-de-mariana-leitao-e-conversas-de-cotrim-com-advogada\/"},"modified":"2026-01-14T13:23:00","modified_gmt":"2026-01-14T16:23:00","slug":"regresso-de-mariana-leitao-e-conversas-de-cotrim-com-advogada","status":"publish","type":"post","link":"https:\/\/portaltela.pt\/noticias\/politica\/2026\/01\/14\/regresso-de-mariana-leitao-e-conversas-de-cotrim-com-advogada\/","title":{"rendered":"Regresso de Mariana Leit\u00e3o e conversas de Cotrim com advogada"},"content":{"rendered":"<p>A l\u00edder da Iniciativa Liberal, Mariana Leit\u00e3o, n\u00e3o assinou a carta aberta de 30 mulheres a mostrar solidariedade com o candidato, e n\u00e3o assumiu posi\u00e7\u00e3o p\u00fablica. Jo\u00e3o Cotrim de Figueiredo revelou uma chamada dele \u00e0 l\u00edder, que descreveu como calorosa, mas adiou a assinatura por quest\u00f5es de hierarquia dentro do partido.<\/p>\n<p>Leit\u00e3o dever\u00e1 marcar presen\u00e7a numa a\u00e7\u00e3o de campanha no Porto, numa quinta-feira. N\u00e3o reagiu publicamente \u00e0 acusa\u00e7\u00e3o de ass\u00e9dio de que \u00e9 alvo o pr\u00f3prio Cotrim Figueiredo.<\/p>\n<p>O regresso de Leit\u00e3o ocorre num momento em que Cotrim de Figueiredo tem procurado manter a confidencialidade sobre a queixa apresentada pela ex-assessora da IL, e cruza com declara\u00e7\u00f5es p\u00fablicas envolvendo a l\u00edder na fase inicial da campanha.<\/p>\n<h3>Rea\u00e7\u00f5es oficiais<\/h3>\n<p>A assessoria de imprensa da IL respondeu institucionalmente, recusando alimentar uma campanha considerada suja, ligada \u00e0s elei\u00e7\u00f5es presidenciais. A l\u00edder j\u00e1 tinha ocupado o cargo de chefa de gabinete do grupo parlamentar entre 2022 e 2024.<\/p>\n<p>Cotrim manteve contato com a advogada, s\u00f3cia de um dos apoiantes, para discutir o tipo de queixa e os prazos poss\u00edveis. A conversa abordou ainda a divulga\u00e7\u00e3o da queixa numa story do Instagram partilhada apenas com amigos pr\u00f3ximos.<\/p>\n<p>Questiona-se, tamb\u00e9m, a viabilidade de eventuais danos patrimoniais na campanha, com Cotrim a confirmar a tentativa de apresentar a queixa ainda antes do fim da corrida. N\u00e3o houve confirma\u00e7\u00e3o de data, apesar de novas conversas com a advogada.<\/p>\n<h3>Contexto da acusa\u00e7\u00e3o e investiga\u00e7\u00e3o<\/h3>\n<p>A psic\u00f3loga Maria Jo\u00e3o Faustino revelou nas redes sociais que uma jovem procurou-a, ap\u00f3s o lan\u00e7amento de um livro sobre ass\u00e9dio sexual, referindo-se a situa\u00e7\u00f5es envolvendo uma figura influente da IL. A identifica\u00e7\u00e3o da pessoa n\u00e3o foi feita.<\/p>\n<p>Os relatos indicam que a jovem \u00e9 antiga assessora da IL, mas a publica\u00e7\u00e3o n\u00e3o nomeou a figura alegada. A divulga\u00e7\u00e3o da hist\u00f3ria ocorreu enquanto Cotrim usava o \u00e1ngulo de combate a informa\u00e7\u00f5es falsas.<\/p>\n<h3>Campanha e agenda<\/h3>\n<p>O discurso de Cotrim na noite de ter\u00e7a-feira foi pautado pela sondagem que o coloca em 3.\u00ba lugar, com 19%, acima de Marques Mendes com 14%. A an\u00e1lise n\u00e3o reflete ainda impactos de acusa\u00e7\u00f5es em curso.<\/p>\n<p>O jantar de apoio, com cerca de 200 convidados, ocorreu com Marcus de 10 euros por inscri\u00e7\u00e3o, indicando o esfor\u00e7o de mobiliza\u00e7\u00e3o da candidatura. O l\u00edder despediu-se rapidamente para entrevistas com Santana Lopes, que condicionaram a agenda.<\/p>\n<p>Um encontro com Santana Lopes, anteriormente marcado para a Figueira da Foz, foi cancelado devido a compromissos com entrevistas a candidatos presidenciais. A agenda de manh\u00e3 incluiu visitas a um Centro de Dia, em substitui\u00e7\u00e3o a visitas \u00e0 feira de Gondomar, devido \u00e0 chuva.<\/p>\n<h3>Perspectivas e pr\u00f3ximos passos<\/h3>\n<p>A justi\u00e7a n\u00e3o dever\u00e1 decidir antes de os eleitores formarem o seu ju\u00edzo sobre as alega\u00e7\u00f5es de ass\u00e9dio e o seu potencial impacto no voto. A equipa de Cotrim continua a acompanhar o desenrolar da situa\u00e7\u00e3o junto da advogada para fechar poss\u00edveis queixas.<\/p>\n","protected":false},"excerpt":{"rendered":"<ul>\n<li>Mariana Leit\u00e3o n\u00e3o assinou a carta aberta de solidariedade ao candidato e n\u00e3o assumiu posi\u00e7\u00e3o p\u00fablica; Cotrim de Figueiredo disse ter recebido uma chamada \u201cbastante calorosa\u201d da l\u00edder, mas n\u00e3o a viu assinar com colegas de posi\u00e7\u00e3o hier\u00e1rquica.<\/li>\n<li>Leit\u00e3o vai aparecer numa a\u00e7\u00e3o de campanha no Porto, mas ainda n\u00e3o reagiu publicamente \u00e0s acusa\u00e7\u00f5es de ass\u00e9dio que recaem sobre Jo\u00e3o Cotrim Figueiredo.<\/li>\n<li>O Observador pediu uma rea\u00e7\u00e3o oficial da IL; a resposta institucional reiterou que a Iniciativa Liberal n\u00e3o vai alimentar uma campanha suja.<\/li>\n<li>Cotrim falou ao telefone com a advogada, discutindo queixa potencial, a dissemina\u00e7\u00e3o da story no Instagram e eventuais danos patrimoniais na campanha.<\/li>\n<li>Sondagens apontam Cotrim em terceiro lugar com 19%, diante de Marques Mendes com 14%; a agenda de campanha sofreu altera\u00e7\u00f5es, incluindo o cancelamento de um encontro com Santana Lopes devido a entrevistas e \u00e0 chuva.<\/li>\n<\/ul>\n","protected":false},"author":2,"featured_media":141851,"comment_status":"closed","ping_status":"closed","sticky":false,"template":"","format":"standard","meta":{"footnotes":""},"categories":[1,5],"tags":[823,68,1243,1482,982,2759],"class_list":["post-141846","post","type-post","status-publish","format-standard","has-post-thumbnail","hentry","category-noticias","category-politica","tag-campanha","tag-eleicoes","tag-gondomar","tag-iniciativa-liberal","tag-porto","tag-santana-lopes"],"yoast_head":"<!-- This site is optimized with the Yoast SEO plugin v27.2 - https:\/\/yoast.com\/product\/yoast-seo-wordpress\/ -->\n<title>Regresso de Mariana Leit\u00e3o e conversas de Cotrim com advogada - Portal Tela Portugal<\/title>\n<meta name=\"robots\" content=\"index, follow, max-snippet:-1, max-image-preview:large, max-video-preview:-1\" \/>\n<meta property=\"og:locale\" content=\"pt_PT\" \/>\n<meta property=\"og:type\" content=\"article\" \/>\n<meta property=\"og:title\" content=\"Regresso de Mariana Leit\u00e3o e conversas de Cotrim com advogada - Portal Tela Portugal\" \/>\n<meta property=\"og:description\" content=\"Mariana Leit\u00e3o n\u00e3o assinou a carta aberta de solidariedade ao candidato e n\u00e3o assumiu posi\u00e7\u00e3o p\u00fablica; Cotrim de Figueiredo disse ter recebido uma chamada \u201cbastante calorosa\u201d da l\u00edder, mas n\u00e3o a viu assinar com colegas de posi\u00e7\u00e3o hier\u00e1rquica. Leit\u00e3o vai aparecer numa a\u00e7\u00e3o de campanha no Porto, mas ainda n\u00e3o reagiu publicamente \u00e0s acusa\u00e7\u00f5es de ass\u00e9dio que recaem sobre Jo\u00e3o Cotrim Figueiredo. O Observador pediu uma rea\u00e7\u00e3o oficial da IL; a resposta institucional reiterou que a Iniciativa Liberal n\u00e3o vai alimentar uma campanha suja. Cotrim falou ao telefone com a advogada, discutindo queixa potencial, a dissemina\u00e7\u00e3o da story no Instagram e eventuais danos patrimoniais na campanha. Sondagens apontam Cotrim em terceiro lugar com 19%, diante de Marques Mendes com 14%; a agenda de campanha sofreu altera\u00e7\u00f5es, incluindo o cancelamento de um encontro com Santana Lopes devido a entrevistas e \u00e0 chuva.\" \/>\n<meta property=\"og:url\" content=\"https:\/\/portaltela.pt\/noticias\/2026\/01\/14\/regresso-de-mariana-leitao-e-conversas-de-cotrim-com-advogada\/\" \/>\n<meta property=\"og:site_name\" content=\"Portal Tela Portugal\" \/>\n<meta property=\"article:published_time\" content=\"2026-01-14T16:23:00+00:00\" \/>\n<meta name=\"author\" content=\"Telinha\" \/>\n<meta name=\"twitter:card\" content=\"summary_large_image\" \/>\n<meta name=\"twitter:label1\" content=\"Escrito por\" \/>\n\t<meta name=\"twitter:data1\" content=\"Telinha\" \/>\n\t<meta name=\"twitter:label2\" content=\"Tempo estimado de leitura\" \/>\n\t<meta name=\"twitter:data2\" content=\"3 minutos\" \/>\n<script type=\"application\/ld+json\" class=\"yoast-schema-graph\">{\"@context\":\"https:\/\/schema.org\",\"@graph\":[{\"@type\":\"Article\",\"@id\":\"https:\/\/portaltela.pt\/noticias\/2026\/01\/14\/regresso-de-mariana-leitao-e-conversas-de-cotrim-com-advogada\/#article\",\"isPartOf\":{\"@id\":\"https:\/\/portaltela.pt\/noticias\/2026\/01\/14\/regresso-de-mariana-leitao-e-conversas-de-cotrim-com-advogada\/\"},\"author\":{\"name\":\"Telinha\",\"@id\":\"https:\/\/portaltela.pt\/#\/schema\/person\/c4278d4a6028830caff9ee44b42d32ed\"},\"headline\":\"Regresso de Mariana Leit\u00e3o e conversas de Cotrim com advogada\",\"datePublished\":\"2026-01-14T16:23:00+00:00\",\"mainEntityOfPage\":{\"@id\":\"https:\/\/portaltela.pt\/noticias\/2026\/01\/14\/regresso-de-mariana-leitao-e-conversas-de-cotrim-com-advogada\/\"},\"wordCount\":533,\"image\":{\"@id\":\"https:\/\/portaltela.pt\/noticias\/2026\/01\/14\/regresso-de-mariana-leitao-e-conversas-de-cotrim-com-advogada\/#primaryimage\"},\"thumbnailUrl\":\"https:\/\/portaltela.pt\/s.01k8rhncp4jt1\/2026\/01\/4634611762153c310414-scaled-1.jpg\",\"keywords\":[\"campanha\",\"elei\u00e7\u00f5es\",\"Gondomar\",\"Iniciativa Liberal\",\"Porto\",\"Santana Lopes\"],\"articleSection\":[\"Not\u00edcias\",\"Pol\u00edtica\"],\"inLanguage\":\"pt-PT\"},{\"@type\":\"WebPage\",\"@id\":\"https:\/\/portaltela.pt\/noticias\/2026\/01\/14\/regresso-de-mariana-leitao-e-conversas-de-cotrim-com-advogada\/\",\"url\":\"https:\/\/portaltela.pt\/noticias\/2026\/01\/14\/regresso-de-mariana-leitao-e-conversas-de-cotrim-com-advogada\/\",\"name\":\"Regresso de Mariana Leit\u00e3o e conversas de Cotrim com advogada - Portal Tela Portugal\",\"isPartOf\":{\"@id\":\"https:\/\/portaltela.pt\/#website\"},\"primaryImageOfPage\":{\"@id\":\"https:\/\/portaltela.pt\/noticias\/2026\/01\/14\/regresso-de-mariana-leitao-e-conversas-de-cotrim-com-advogada\/#primaryimage\"},\"image\":{\"@id\":\"https:\/\/portaltela.pt\/noticias\/2026\/01\/14\/regresso-de-mariana-leitao-e-conversas-de-cotrim-com-advogada\/#primaryimage\"},\"thumbnailUrl\":\"https:\/\/portaltela.pt\/s.01k8rhncp4jt1\/2026\/01\/4634611762153c310414-scaled-1.jpg\",\"datePublished\":\"2026-01-14T16:23:00+00:00\",\"author\":{\"@id\":\"https:\/\/portaltela.pt\/#\/schema\/person\/c4278d4a6028830caff9ee44b42d32ed\"},\"breadcrumb\":{\"@id\":\"https:\/\/portaltela.pt\/noticias\/2026\/01\/14\/regresso-de-mariana-leitao-e-conversas-de-cotrim-com-advogada\/#breadcrumb\"},\"inLanguage\":\"pt-PT\",\"potentialAction\":[{\"@type\":\"ReadAction\",\"target\":[\"https:\/\/portaltela.pt\/noticias\/2026\/01\/14\/regresso-de-mariana-leitao-e-conversas-de-cotrim-com-advogada\/\"]}]},{\"@type\":\"ImageObject\",\"inLanguage\":\"pt-PT\",\"@id\":\"https:\/\/portaltela.pt\/noticias\/2026\/01\/14\/regresso-de-mariana-leitao-e-conversas-de-cotrim-com-advogada\/#primaryimage\",\"url\":\"https:\/\/portaltela.pt\/s.01k8rhncp4jt1\/2026\/01\/4634611762153c310414-scaled-1.jpg\",\"contentUrl\":\"https:\/\/portaltela.pt\/s.01k8rhncp4jt1\/2026\/01\/4634611762153c310414-scaled-1.jpg\",\"width\":796,\"height\":448,\"caption\":\"Cotrim de Figueiredo em Coimbra. Presidenciais 2026 Foto: Paulo Novais\/Lusa\"},{\"@type\":\"BreadcrumbList\",\"@id\":\"https:\/\/portaltela.pt\/noticias\/2026\/01\/14\/regresso-de-mariana-leitao-e-conversas-de-cotrim-com-advogada\/#breadcrumb\",\"itemListElement\":[{\"@type\":\"ListItem\",\"position\":1,\"name\":\"In\u00edcio\",\"item\":\"https:\/\/portaltela.pt\/\"},{\"@type\":\"ListItem\",\"position\":2,\"name\":\"Regresso de Mariana Leit\u00e3o e conversas de Cotrim com advogada\"}]},{\"@type\":\"WebSite\",\"@id\":\"https:\/\/portaltela.pt\/#website\",\"url\":\"https:\/\/portaltela.pt\/\",\"name\":\"Portal Tela Portugal\",\"description\":\"\",\"potentialAction\":[{\"@type\":\"SearchAction\",\"target\":{\"@type\":\"EntryPoint\",\"urlTemplate\":\"https:\/\/portaltela.pt\/?s={search_term_string}\"},\"query-input\":{\"@type\":\"PropertyValueSpecification\",\"valueRequired\":true,\"valueName\":\"search_term_string\"}}],\"inLanguage\":\"pt-PT\"},{\"@type\":\"Person\",\"@id\":\"https:\/\/portaltela.pt\/#\/schema\/person\/c4278d4a6028830caff9ee44b42d32ed\",\"name\":\"Telinha\",\"image\":{\"@type\":\"ImageObject\",\"inLanguage\":\"pt-PT\",\"@id\":\"https:\/\/portaltela.pt\/s.01k8rhncp4jt1\/2025\/11\/talking-bot-125x125.png\",\"url\":\"https:\/\/portaltela.pt\/s.01k8rhncp4jt1\/2025\/11\/talking-bot-125x125.png\",\"contentUrl\":\"https:\/\/portaltela.pt\/s.01k8rhncp4jt1\/2025\/11\/talking-bot-125x125.png\",\"caption\":\"Telinha\"},\"sameAs\":[\"https:\/\/portaltela.pt\/\"],\"url\":\"https:\/\/portaltela.pt\/por\/367410592786\/\"}]}<\/script>\n<!-- \/ Yoast SEO plugin. -->","yoast_head_json":{"title":"Regresso de Mariana Leit\u00e3o e conversas de Cotrim com advogada - Portal Tela Portugal","robots":{"index":"index","follow":"follow","max-snippet":"max-snippet:-1","max-image-preview":"max-image-preview:large","max-video-preview":"max-video-preview:-1"},"og_locale":"pt_PT","og_type":"article","og_title":"Regresso de Mariana Leit\u00e3o e conversas de Cotrim com advogada - Portal Tela Portugal","og_description":"Mariana Leit\u00e3o n\u00e3o assinou a carta aberta de solidariedade ao candidato e n\u00e3o assumiu posi\u00e7\u00e3o p\u00fablica; Cotrim de Figueiredo disse ter recebido uma chamada \u201cbastante calorosa\u201d da l\u00edder, mas n\u00e3o a viu assinar com colegas de posi\u00e7\u00e3o hier\u00e1rquica. Leit\u00e3o vai aparecer numa a\u00e7\u00e3o de campanha no Porto, mas ainda n\u00e3o reagiu publicamente \u00e0s acusa\u00e7\u00f5es de ass\u00e9dio que recaem sobre Jo\u00e3o Cotrim Figueiredo. O Observador pediu uma rea\u00e7\u00e3o oficial da IL; a resposta institucional reiterou que a Iniciativa Liberal n\u00e3o vai alimentar uma campanha suja. Cotrim falou ao telefone com a advogada, discutindo queixa potencial, a dissemina\u00e7\u00e3o da story no Instagram e eventuais danos patrimoniais na campanha. Sondagens apontam Cotrim em terceiro lugar com 19%, diante de Marques Mendes com 14%; a agenda de campanha sofreu altera\u00e7\u00f5es, incluindo o cancelamento de um encontro com Santana Lopes devido a entrevistas e \u00e0 chuva.","og_url":"https:\/\/portaltela.pt\/noticias\/2026\/01\/14\/regresso-de-mariana-leitao-e-conversas-de-cotrim-com-advogada\/","og_site_name":"Portal Tela Portugal","article_published_time":"2026-01-14T16:23:00+00:00","author":"Telinha","twitter_card":"summary_large_image","twitter_misc":{"Escrito por":"Telinha","Tempo estimado de leitura":"3 minutos"},"schema":{"@context":"https:\/\/schema.org","@graph":[{"@type":"Article","@id":"https:\/\/portaltela.pt\/noticias\/2026\/01\/14\/regresso-de-mariana-leitao-e-conversas-de-cotrim-com-advogada\/#article","isPartOf":{"@id":"https:\/\/portaltela.pt\/noticias\/2026\/01\/14\/regresso-de-mariana-leitao-e-conversas-de-cotrim-com-advogada\/"},"author":{"name":"Telinha","@id":"https:\/\/portaltela.pt\/#\/schema\/person\/c4278d4a6028830caff9ee44b42d32ed"},"headline":"Regresso de Mariana Leit\u00e3o e conversas de Cotrim com advogada","datePublished":"2026-01-14T16:23:00+00:00","mainEntityOfPage":{"@id":"https:\/\/portaltela.pt\/noticias\/2026\/01\/14\/regresso-de-mariana-leitao-e-conversas-de-cotrim-com-advogada\/"},"wordCount":533,"image":{"@id":"https:\/\/portaltela.pt\/noticias\/2026\/01\/14\/regresso-de-mariana-leitao-e-conversas-de-cotrim-com-advogada\/#primaryimage"},"thumbnailUrl":"https:\/\/portaltela.pt\/s.01k8rhncp4jt1\/2026\/01\/4634611762153c310414-scaled-1.jpg","keywords":["campanha","elei\u00e7\u00f5es","Gondomar","Iniciativa Liberal","Porto","Santana Lopes"],"articleSection":["Not\u00edcias","Pol\u00edtica"],"inLanguage":"pt-PT"},{"@type":"WebPage","@id":"https:\/\/portaltela.pt\/noticias\/2026\/01\/14\/regresso-de-mariana-leitao-e-conversas-de-cotrim-com-advogada\/","url":"https:\/\/portaltela.pt\/noticias\/2026\/01\/14\/regresso-de-mariana-leitao-e-conversas-de-cotrim-com-advogada\/","name":"Regresso de Mariana Leit\u00e3o e conversas de Cotrim com advogada - Portal Tela Portugal","isPartOf":{"@id":"https:\/\/portaltela.pt\/#website"},"primaryImageOfPage":{"@id":"https:\/\/portaltela.pt\/noticias\/2026\/01\/14\/regresso-de-mariana-leitao-e-conversas-de-cotrim-com-advogada\/#primaryimage"},"image":{"@id":"https:\/\/portaltela.pt\/noticias\/2026\/01\/14\/regresso-de-mariana-leitao-e-conversas-de-cotrim-com-advogada\/#primaryimage"},"thumbnailUrl":"https:\/\/portaltela.pt\/s.01k8rhncp4jt1\/2026\/01\/4634611762153c310414-scaled-1.jpg","datePublished":"2026-01-14T16:23:00+00:00","author":{"@id":"https:\/\/portaltela.pt\/#\/schema\/person\/c4278d4a6028830caff9ee44b42d32ed"},"breadcrumb":{"@id":"https:\/\/portaltela.pt\/noticias\/2026\/01\/14\/regresso-de-mariana-leitao-e-conversas-de-cotrim-com-advogada\/#breadcrumb"},"inLanguage":"pt-PT","potentialAction":[{"@type":"ReadAction","target":["https:\/\/portaltela.pt\/noticias\/2026\/01\/14\/regresso-de-mariana-leitao-e-conversas-de-cotrim-com-advogada\/"]}]},{"@type":"ImageObject","inLanguage":"pt-PT","@id":"https:\/\/portaltela.pt\/noticias\/2026\/01\/14\/regresso-de-mariana-leitao-e-conversas-de-cotrim-com-advogada\/#primaryimage","url":"https:\/\/portaltela.pt\/s.01k8rhncp4jt1\/2026\/01\/4634611762153c310414-scaled-1.jpg","contentUrl":"https:\/\/portaltela.pt\/s.01k8rhncp4jt1\/2026\/01\/4634611762153c310414-scaled-1.jpg","width":796,"height":448,"caption":"Cotrim de Figueiredo em Coimbra. Presidenciais 2026 Foto: Paulo Novais\/Lusa"},{"@type":"BreadcrumbList","@id":"https:\/\/portaltela.pt\/noticias\/2026\/01\/14\/regresso-de-mariana-leitao-e-conversas-de-cotrim-com-advogada\/#breadcrumb","itemListElement":[{"@type":"ListItem","position":1,"name":"In\u00edcio","item":"https:\/\/portaltela.pt\/"},{"@type":"ListItem","position":2,"name":"Regresso de Mariana Leit\u00e3o e conversas de Cotrim com advogada"}]},{"@type":"WebSite","@id":"https:\/\/portaltela.pt\/#website","url":"https:\/\/portaltela.pt\/","name":"Portal Tela Portugal","description":"","potentialAction":[{"@type":"SearchAction","target":{"@type":"EntryPoint","urlTemplate":"https:\/\/portaltela.pt\/?s={search_term_string}"},"query-input":{"@type":"PropertyValueSpecification","valueRequired":true,"valueName":"search_term_string"}}],"inLanguage":"pt-PT"},{"@type":"Person","@id":"https:\/\/portaltela.pt\/#\/schema\/person\/c4278d4a6028830caff9ee44b42d32ed","name":"Telinha","image":{"@type":"ImageObject","inLanguage":"pt-PT","@id":"https:\/\/portaltela.pt\/s.01k8rhncp4jt1\/2025\/11\/talking-bot-125x125.png","url":"https:\/\/portaltela.pt\/s.01k8rhncp4jt1\/2025\/11\/talking-bot-125x125.png","contentUrl":"https:\/\/portaltela.pt\/s.01k8rhncp4jt1\/2025\/11\/talking-bot-125x125.png","caption":"Telinha"},"sameAs":["https:\/\/portaltela.pt\/"],"url":"https:\/\/portaltela.pt\/por\/367410592786\/"}]}},"_links":{"self":[{"href":"https:\/\/portaltela.pt\/api\/wp\/v2\/posts\/141846","targetHints":{"allow":["GET"]}}],"collection":[{"href":"https:\/\/portaltela.pt\/api\/wp\/v2\/posts"}],"about":[{"href":"https:\/\/portaltela.pt\/api\/wp\/v2\/types\/post"}],"author":[{"embeddable":true,"href":"https:\/\/portaltela.pt\/api\/wp\/v2\/users\/2"}],"replies":[{"embeddable":true,"href":"https:\/\/portaltela.pt\/api\/wp\/v2\/comments?post=141846"}],"version-history":[{"count":0,"href":"https:\/\/portaltela.pt\/api\/wp\/v2\/posts\/141846\/revisions"}],"wp:featuredmedia":[{"embeddable":true,"href":"https:\/\/portaltela.pt\/api\/wp\/v2\/media\/141851"}],"wp:attachment":[{"href":"https:\/\/portaltela.pt\/api\/wp\/v2\/media?parent=141846"}],"wp:term":[{"taxonomy":"category","embeddable":true,"href":"https:\/\/portaltela.pt\/api\/wp\/v2\/categories?post=141846"},{"taxonomy":"post_tag","embeddable":true,"href":"https:\/\/portaltela.pt\/api\/wp\/v2\/tags?post=141846"}],"curies":[{"name":"wp","href":"https:\/\/api.w.org\/{rel}","templated":true}]}}