{"id":141799,"date":"2026-01-14T13:08:00","date_gmt":"2026-01-14T16:08:00","guid":{"rendered":"https:\/\/portaltela.pt\/noticias\/2026\/01\/14\/cortes-de-transito-na-rua-ferreira-borges-campo-de-ourique-ate-ao-fim-de-2027\/"},"modified":"2026-01-14T13:08:00","modified_gmt":"2026-01-14T16:08:00","slug":"cortes-de-transito-na-rua-ferreira-borges-campo-de-ourique-ate-ao-fim-de-2027","status":"publish","type":"post","link":"https:\/\/portaltela.pt\/noticias\/2026\/01\/14\/cortes-de-transito-na-rua-ferreira-borges-campo-de-ourique-ate-ao-fim-de-2027\/","title":{"rendered":"Cortes de tr\u00e2nsito na Rua Ferreira Borges, Campo de Ourique, at\u00e9 ao fim de 2027"},"content":{"rendered":"<p>A Rua Ferreira Borges, em Campo de Ourique, est\u00e1 a sofrer uma requalifica\u00e7\u00e3o que implica cortes de tr\u00e2nsito ao longo de 19 meses. A interven\u00e7\u00e3o, da responsabilidade da SRU, decorre em tr\u00eas fases e est\u00e1 prevista terminar no final de 2027. A primeira fase funciona at\u00e9 31 de agosto, no tro\u00e7o entre a Rua Saraiva de Carvalho e a Rua Infantaria 16.<\/p>\n<p>A obras visam melhorar mobilidade, acessibilidade e seguran\u00e7a, valorizando o espa\u00e7o p\u00fablico para moradores, comerciantes e visitantes. O projeto, assinado pela Silva Dias-Arquitectos, preserva o arvoredo de l\u00f3d\u00e3o ( Celtis australis ) e o tra\u00e7ado hist\u00f3rico do eixo urbano.<\/p>\n<p>Durante a primeira fase, a circula\u00e7\u00e3o autom\u00f3vel fica totalmente cortada em tr\u00eas quarteir\u00f5es. O movimento Sul\/Norte (rumo \u00e0s Amoreiras) desvia-se por Rua Coelho da Rocha, Rua Lu\u00eds Derouet e Rua Infantaria 16. O sentido contr\u00e1rio usa Rua Infantaria 16, Rua Tom\u00e1s da Anuncia\u00e7\u00e3o e Rua Saraiva de Carvalho.<\/p>\n<p>A circula\u00e7\u00e3o pedonal \u00e9 mantida sempre que poss\u00edvel, com altera\u00e7\u00f5es ponctuais nos cruzamentos. Est\u00e3o garantidas cargas e descargas para estabelecimentos na zona. A carreira de bairro Carris 65B tamb\u00e9m sofrer\u00e1 altera\u00e7\u00f5es de percurso.<\/p>\n<p>Para mitigar a redu\u00e7\u00e3o de estacionamento, a Junta de Freguesia de Campo de Ourique criou uma bolsa de 80 lugares gratuitos no parque subterr\u00e2neo Telpark, em frente ao Mercado. As inscri\u00e7\u00f5es dever\u00e3o abrir brevemente.<\/p>\n<p>A segunda fase, entre o cruzamento com a Rua Infantaria 16 e o cruzamento com a Rua Correia Teles, ter\u00e1 sete meses de dura\u00e7\u00e3o, com cortes de tr\u00e2nsito a definir. Em seguida, a terceira fase reformular\u00e1 o tro\u00e7o entre Correia Teles e Campo de Ourique, durante oito meses.<\/p>\n","protected":false},"excerpt":{"rendered":"<ul>\n<li>Obra na Rua Ferreira Borges, em Campo de Ourique, decorre em tr\u00eas fases, tem dura\u00e7\u00e3o total de 19 meses e est\u00e1 or\u00e7ada em 3,8 milh\u00f5es de euros, com conclus\u00e3o prevista para final de 2027.<\/li>\n<li>Na primeira fase, at\u00e9 31 de agosto, o tro\u00e7o entre a Rua Saraiva de Carvalho e a Rua Infantaria 16 ficar\u00e1 com cortes totais de circula\u00e7\u00e3o em tr\u00eas quarteir\u00f5es.<\/li>\n<li>O desvio de tr\u00e1fego prev\u00ea circuitos alternativos: Sul\/Norte, em dire\u00e7\u00e3o \u00e0s Amoreiras, pela Rua Coelho da Rocha, Rua Lu\u00eds Derouet e Rua Infantaria 16; inverso, pela Rua Infantaria 16, Rua Tom\u00e1s da Anuncia\u00e7\u00e3o e Rua Saraiva de Carvalho; circula\u00e7\u00e3o pedonal mantida sempre que poss\u00edvel.<\/li>\n<li>Durante a fase inicial, lojas poder\u00e3o continuar a fazer cargas e descargas nos cruzamentos com Rua Coelho da Rocha e Rua Almeida e Sousa; a carreira de bairro Carris 65B tamb\u00e9m sofrer\u00e1 altera\u00e7\u00e3o de percurso.<\/li>\n<li>A Junta de Freguesia de Campo de Ourique criou uma bolsa de 80 lugares gratuitos para residentes no parque subterr\u00e2neo Telpark, em frente ao Mercado de Campo de Ourique; inscri\u00e7\u00f5es em breve.<\/li>\n<\/ul>\n","protected":false},"author":2,"featured_media":141803,"comment_status":"closed","ping_status":"closed","sticky":false,"template":"","format":"standard","meta":{"footnotes":""},"categories":[1],"tags":[3127,798,981,2110,1629,189],"class_list":["post-141799","post","type-post","status-publish","format-standard","has-post-thumbnail","hentry","category-noticias","tag-carris","tag-carris-metropolitana","tag-lisboa","tag-mobilidade","tag-transito","tag-urbanismo"],"yoast_head":"<!-- This site is optimized with the Yoast SEO plugin v27.2 - https:\/\/yoast.com\/product\/yoast-seo-wordpress\/ -->\n<title>Cortes de tr\u00e2nsito na Rua Ferreira Borges, Campo de Ourique, at\u00e9 ao fim de 2027 - Portal Tela Portugal<\/title>\n<meta name=\"robots\" content=\"index, follow, max-snippet:-1, max-image-preview:large, max-video-preview:-1\" \/>\n<meta property=\"og:locale\" content=\"pt_PT\" \/>\n<meta property=\"og:type\" content=\"article\" \/>\n<meta property=\"og:title\" content=\"Cortes de tr\u00e2nsito na Rua Ferreira Borges, Campo de Ourique, at\u00e9 ao fim de 2027 - Portal Tela Portugal\" \/>\n<meta property=\"og:description\" content=\"Obra na Rua Ferreira Borges, em Campo de Ourique, decorre em tr\u00eas fases, tem dura\u00e7\u00e3o total de 19 meses e est\u00e1 or\u00e7ada em 3,8 milh\u00f5es de euros, com conclus\u00e3o prevista para final de 2027. Na primeira fase, at\u00e9 31 de agosto, o tro\u00e7o entre a Rua Saraiva de Carvalho e a Rua Infantaria 16 ficar\u00e1 com cortes totais de circula\u00e7\u00e3o em tr\u00eas quarteir\u00f5es. O desvio de tr\u00e1fego prev\u00ea circuitos alternativos: Sul\/Norte, em dire\u00e7\u00e3o \u00e0s Amoreiras, pela Rua Coelho da Rocha, Rua Lu\u00eds Derouet e Rua Infantaria 16; inverso, pela Rua Infantaria 16, Rua Tom\u00e1s da Anuncia\u00e7\u00e3o e Rua Saraiva de Carvalho; circula\u00e7\u00e3o pedonal mantida sempre que poss\u00edvel. Durante a fase inicial, lojas poder\u00e3o continuar a fazer cargas e descargas nos cruzamentos com Rua Coelho da Rocha e Rua Almeida e Sousa; a carreira de bairro Carris 65B tamb\u00e9m sofrer\u00e1 altera\u00e7\u00e3o de percurso. A Junta de Freguesia de Campo de Ourique criou uma bolsa de 80 lugares gratuitos para residentes no parque subterr\u00e2neo Telpark, em frente ao Mercado de Campo de Ourique; inscri\u00e7\u00f5es em breve.\" \/>\n<meta property=\"og:url\" content=\"https:\/\/portaltela.pt\/noticias\/2026\/01\/14\/cortes-de-transito-na-rua-ferreira-borges-campo-de-ourique-ate-ao-fim-de-2027\/\" \/>\n<meta property=\"og:site_name\" content=\"Portal Tela Portugal\" \/>\n<meta property=\"article:published_time\" content=\"2026-01-14T16:08:00+00:00\" \/>\n<meta name=\"author\" content=\"Telinha\" \/>\n<meta name=\"twitter:card\" content=\"summary_large_image\" \/>\n<meta name=\"twitter:label1\" content=\"Escrito por\" \/>\n\t<meta name=\"twitter:data1\" content=\"Telinha\" \/>\n\t<meta name=\"twitter:label2\" content=\"Tempo estimado de leitura\" \/>\n\t<meta name=\"twitter:data2\" content=\"1 minuto\" \/>\n<script type=\"application\/ld+json\" class=\"yoast-schema-graph\">{\"@context\":\"https:\/\/schema.org\",\"@graph\":[{\"@type\":\"Article\",\"@id\":\"https:\/\/portaltela.pt\/noticias\/2026\/01\/14\/cortes-de-transito-na-rua-ferreira-borges-campo-de-ourique-ate-ao-fim-de-2027\/#article\",\"isPartOf\":{\"@id\":\"https:\/\/portaltela.pt\/noticias\/2026\/01\/14\/cortes-de-transito-na-rua-ferreira-borges-campo-de-ourique-ate-ao-fim-de-2027\/\"},\"author\":{\"name\":\"Telinha\",\"@id\":\"https:\/\/portaltela.pt\/#\/schema\/person\/c4278d4a6028830caff9ee44b42d32ed\"},\"headline\":\"Cortes de tr\u00e2nsito na Rua Ferreira Borges, Campo de Ourique, at\u00e9 ao fim de 2027\",\"datePublished\":\"2026-01-14T16:08:00+00:00\",\"mainEntityOfPage\":{\"@id\":\"https:\/\/portaltela.pt\/noticias\/2026\/01\/14\/cortes-de-transito-na-rua-ferreira-borges-campo-de-ourique-ate-ao-fim-de-2027\/\"},\"wordCount\":302,\"image\":{\"@id\":\"https:\/\/portaltela.pt\/noticias\/2026\/01\/14\/cortes-de-transito-na-rua-ferreira-borges-campo-de-ourique-ate-ao-fim-de-2027\/#primaryimage\"},\"thumbnailUrl\":\"https:\/\/portaltela.pt\/s.01k8rhncp4jt1\/2026\/01\/2059251.jpg\",\"keywords\":[\"Carris\",\"Carris Metropolitana\",\"Lisboa\",\"mobilidade\",\"tr\u00e2nsito\",\"urbanismo\"],\"articleSection\":[\"Not\u00edcias\"],\"inLanguage\":\"pt-PT\"},{\"@type\":\"WebPage\",\"@id\":\"https:\/\/portaltela.pt\/noticias\/2026\/01\/14\/cortes-de-transito-na-rua-ferreira-borges-campo-de-ourique-ate-ao-fim-de-2027\/\",\"url\":\"https:\/\/portaltela.pt\/noticias\/2026\/01\/14\/cortes-de-transito-na-rua-ferreira-borges-campo-de-ourique-ate-ao-fim-de-2027\/\",\"name\":\"Cortes de tr\u00e2nsito na Rua Ferreira Borges, Campo de Ourique, at\u00e9 ao fim de 2027 - Portal Tela Portugal\",\"isPartOf\":{\"@id\":\"https:\/\/portaltela.pt\/#website\"},\"primaryImageOfPage\":{\"@id\":\"https:\/\/portaltela.pt\/noticias\/2026\/01\/14\/cortes-de-transito-na-rua-ferreira-borges-campo-de-ourique-ate-ao-fim-de-2027\/#primaryimage\"},\"image\":{\"@id\":\"https:\/\/portaltela.pt\/noticias\/2026\/01\/14\/cortes-de-transito-na-rua-ferreira-borges-campo-de-ourique-ate-ao-fim-de-2027\/#primaryimage\"},\"thumbnailUrl\":\"https:\/\/portaltela.pt\/s.01k8rhncp4jt1\/2026\/01\/2059251.jpg\",\"datePublished\":\"2026-01-14T16:08:00+00:00\",\"author\":{\"@id\":\"https:\/\/portaltela.pt\/#\/schema\/person\/c4278d4a6028830caff9ee44b42d32ed\"},\"breadcrumb\":{\"@id\":\"https:\/\/portaltela.pt\/noticias\/2026\/01\/14\/cortes-de-transito-na-rua-ferreira-borges-campo-de-ourique-ate-ao-fim-de-2027\/#breadcrumb\"},\"inLanguage\":\"pt-PT\",\"potentialAction\":[{\"@type\":\"ReadAction\",\"target\":[\"https:\/\/portaltela.pt\/noticias\/2026\/01\/14\/cortes-de-transito-na-rua-ferreira-borges-campo-de-ourique-ate-ao-fim-de-2027\/\"]}]},{\"@type\":\"ImageObject\",\"inLanguage\":\"pt-PT\",\"@id\":\"https:\/\/portaltela.pt\/noticias\/2026\/01\/14\/cortes-de-transito-na-rua-ferreira-borges-campo-de-ourique-ate-ao-fim-de-2027\/#primaryimage\",\"url\":\"https:\/\/portaltela.pt\/s.01k8rhncp4jt1\/2026\/01\/2059251.jpg\",\"contentUrl\":\"https:\/\/portaltela.pt\/s.01k8rhncp4jt1\/2026\/01\/2059251.jpg\",\"width\":796,\"height\":448,\"caption\":\"A interven\u00e7\u00e3o decorrer\u00e1 em tr\u00eas fases e visa melhorar o espa\u00e7o p\u00fablico da Rua Ferreira Borges\"},{\"@type\":\"BreadcrumbList\",\"@id\":\"https:\/\/portaltela.pt\/noticias\/2026\/01\/14\/cortes-de-transito-na-rua-ferreira-borges-campo-de-ourique-ate-ao-fim-de-2027\/#breadcrumb\",\"itemListElement\":[{\"@type\":\"ListItem\",\"position\":1,\"name\":\"In\u00edcio\",\"item\":\"https:\/\/portaltela.pt\/\"},{\"@type\":\"ListItem\",\"position\":2,\"name\":\"Cortes de tr\u00e2nsito na Rua Ferreira Borges, Campo de Ourique, at\u00e9 ao fim de 2027\"}]},{\"@type\":\"WebSite\",\"@id\":\"https:\/\/portaltela.pt\/#website\",\"url\":\"https:\/\/portaltela.pt\/\",\"name\":\"Portal Tela Portugal\",\"description\":\"\",\"potentialAction\":[{\"@type\":\"SearchAction\",\"target\":{\"@type\":\"EntryPoint\",\"urlTemplate\":\"https:\/\/portaltela.pt\/?s={search_term_string}\"},\"query-input\":{\"@type\":\"PropertyValueSpecification\",\"valueRequired\":true,\"valueName\":\"search_term_string\"}}],\"inLanguage\":\"pt-PT\"},{\"@type\":\"Person\",\"@id\":\"https:\/\/portaltela.pt\/#\/schema\/person\/c4278d4a6028830caff9ee44b42d32ed\",\"name\":\"Telinha\",\"image\":{\"@type\":\"ImageObject\",\"inLanguage\":\"pt-PT\",\"@id\":\"https:\/\/portaltela.pt\/s.01k8rhncp4jt1\/2025\/11\/talking-bot-125x125.png\",\"url\":\"https:\/\/portaltela.pt\/s.01k8rhncp4jt1\/2025\/11\/talking-bot-125x125.png\",\"contentUrl\":\"https:\/\/portaltela.pt\/s.01k8rhncp4jt1\/2025\/11\/talking-bot-125x125.png\",\"caption\":\"Telinha\"},\"sameAs\":[\"https:\/\/portaltela.pt\/\"],\"url\":\"https:\/\/portaltela.pt\/por\/367410592786\/\"}]}<\/script>\n<!-- \/ Yoast SEO plugin. -->","yoast_head_json":{"title":"Cortes de tr\u00e2nsito na Rua Ferreira Borges, Campo de Ourique, at\u00e9 ao fim de 2027 - Portal Tela Portugal","robots":{"index":"index","follow":"follow","max-snippet":"max-snippet:-1","max-image-preview":"max-image-preview:large","max-video-preview":"max-video-preview:-1"},"og_locale":"pt_PT","og_type":"article","og_title":"Cortes de tr\u00e2nsito na Rua Ferreira Borges, Campo de Ourique, at\u00e9 ao fim de 2027 - Portal Tela Portugal","og_description":"Obra na Rua Ferreira Borges, em Campo de Ourique, decorre em tr\u00eas fases, tem dura\u00e7\u00e3o total de 19 meses e est\u00e1 or\u00e7ada em 3,8 milh\u00f5es de euros, com conclus\u00e3o prevista para final de 2027. Na primeira fase, at\u00e9 31 de agosto, o tro\u00e7o entre a Rua Saraiva de Carvalho e a Rua Infantaria 16 ficar\u00e1 com cortes totais de circula\u00e7\u00e3o em tr\u00eas quarteir\u00f5es. O desvio de tr\u00e1fego prev\u00ea circuitos alternativos: Sul\/Norte, em dire\u00e7\u00e3o \u00e0s Amoreiras, pela Rua Coelho da Rocha, Rua Lu\u00eds Derouet e Rua Infantaria 16; inverso, pela Rua Infantaria 16, Rua Tom\u00e1s da Anuncia\u00e7\u00e3o e Rua Saraiva de Carvalho; circula\u00e7\u00e3o pedonal mantida sempre que poss\u00edvel. Durante a fase inicial, lojas poder\u00e3o continuar a fazer cargas e descargas nos cruzamentos com Rua Coelho da Rocha e Rua Almeida e Sousa; a carreira de bairro Carris 65B tamb\u00e9m sofrer\u00e1 altera\u00e7\u00e3o de percurso. A Junta de Freguesia de Campo de Ourique criou uma bolsa de 80 lugares gratuitos para residentes no parque subterr\u00e2neo Telpark, em frente ao Mercado de Campo de Ourique; inscri\u00e7\u00f5es em breve.","og_url":"https:\/\/portaltela.pt\/noticias\/2026\/01\/14\/cortes-de-transito-na-rua-ferreira-borges-campo-de-ourique-ate-ao-fim-de-2027\/","og_site_name":"Portal Tela Portugal","article_published_time":"2026-01-14T16:08:00+00:00","author":"Telinha","twitter_card":"summary_large_image","twitter_misc":{"Escrito por":"Telinha","Tempo estimado de leitura":"1 minuto"},"schema":{"@context":"https:\/\/schema.org","@graph":[{"@type":"Article","@id":"https:\/\/portaltela.pt\/noticias\/2026\/01\/14\/cortes-de-transito-na-rua-ferreira-borges-campo-de-ourique-ate-ao-fim-de-2027\/#article","isPartOf":{"@id":"https:\/\/portaltela.pt\/noticias\/2026\/01\/14\/cortes-de-transito-na-rua-ferreira-borges-campo-de-ourique-ate-ao-fim-de-2027\/"},"author":{"name":"Telinha","@id":"https:\/\/portaltela.pt\/#\/schema\/person\/c4278d4a6028830caff9ee44b42d32ed"},"headline":"Cortes de tr\u00e2nsito na Rua Ferreira Borges, Campo de Ourique, at\u00e9 ao fim de 2027","datePublished":"2026-01-14T16:08:00+00:00","mainEntityOfPage":{"@id":"https:\/\/portaltela.pt\/noticias\/2026\/01\/14\/cortes-de-transito-na-rua-ferreira-borges-campo-de-ourique-ate-ao-fim-de-2027\/"},"wordCount":302,"image":{"@id":"https:\/\/portaltela.pt\/noticias\/2026\/01\/14\/cortes-de-transito-na-rua-ferreira-borges-campo-de-ourique-ate-ao-fim-de-2027\/#primaryimage"},"thumbnailUrl":"https:\/\/portaltela.pt\/s.01k8rhncp4jt1\/2026\/01\/2059251.jpg","keywords":["Carris","Carris Metropolitana","Lisboa","mobilidade","tr\u00e2nsito","urbanismo"],"articleSection":["Not\u00edcias"],"inLanguage":"pt-PT"},{"@type":"WebPage","@id":"https:\/\/portaltela.pt\/noticias\/2026\/01\/14\/cortes-de-transito-na-rua-ferreira-borges-campo-de-ourique-ate-ao-fim-de-2027\/","url":"https:\/\/portaltela.pt\/noticias\/2026\/01\/14\/cortes-de-transito-na-rua-ferreira-borges-campo-de-ourique-ate-ao-fim-de-2027\/","name":"Cortes de tr\u00e2nsito na Rua Ferreira Borges, Campo de Ourique, at\u00e9 ao fim de 2027 - Portal Tela Portugal","isPartOf":{"@id":"https:\/\/portaltela.pt\/#website"},"primaryImageOfPage":{"@id":"https:\/\/portaltela.pt\/noticias\/2026\/01\/14\/cortes-de-transito-na-rua-ferreira-borges-campo-de-ourique-ate-ao-fim-de-2027\/#primaryimage"},"image":{"@id":"https:\/\/portaltela.pt\/noticias\/2026\/01\/14\/cortes-de-transito-na-rua-ferreira-borges-campo-de-ourique-ate-ao-fim-de-2027\/#primaryimage"},"thumbnailUrl":"https:\/\/portaltela.pt\/s.01k8rhncp4jt1\/2026\/01\/2059251.jpg","datePublished":"2026-01-14T16:08:00+00:00","author":{"@id":"https:\/\/portaltela.pt\/#\/schema\/person\/c4278d4a6028830caff9ee44b42d32ed"},"breadcrumb":{"@id":"https:\/\/portaltela.pt\/noticias\/2026\/01\/14\/cortes-de-transito-na-rua-ferreira-borges-campo-de-ourique-ate-ao-fim-de-2027\/#breadcrumb"},"inLanguage":"pt-PT","potentialAction":[{"@type":"ReadAction","target":["https:\/\/portaltela.pt\/noticias\/2026\/01\/14\/cortes-de-transito-na-rua-ferreira-borges-campo-de-ourique-ate-ao-fim-de-2027\/"]}]},{"@type":"ImageObject","inLanguage":"pt-PT","@id":"https:\/\/portaltela.pt\/noticias\/2026\/01\/14\/cortes-de-transito-na-rua-ferreira-borges-campo-de-ourique-ate-ao-fim-de-2027\/#primaryimage","url":"https:\/\/portaltela.pt\/s.01k8rhncp4jt1\/2026\/01\/2059251.jpg","contentUrl":"https:\/\/portaltela.pt\/s.01k8rhncp4jt1\/2026\/01\/2059251.jpg","width":796,"height":448,"caption":"A interven\u00e7\u00e3o decorrer\u00e1 em tr\u00eas fases e visa melhorar o espa\u00e7o p\u00fablico da Rua Ferreira Borges"},{"@type":"BreadcrumbList","@id":"https:\/\/portaltela.pt\/noticias\/2026\/01\/14\/cortes-de-transito-na-rua-ferreira-borges-campo-de-ourique-ate-ao-fim-de-2027\/#breadcrumb","itemListElement":[{"@type":"ListItem","position":1,"name":"In\u00edcio","item":"https:\/\/portaltela.pt\/"},{"@type":"ListItem","position":2,"name":"Cortes de tr\u00e2nsito na Rua Ferreira Borges, Campo de Ourique, at\u00e9 ao fim de 2027"}]},{"@type":"WebSite","@id":"https:\/\/portaltela.pt\/#website","url":"https:\/\/portaltela.pt\/","name":"Portal Tela Portugal","description":"","potentialAction":[{"@type":"SearchAction","target":{"@type":"EntryPoint","urlTemplate":"https:\/\/portaltela.pt\/?s={search_term_string}"},"query-input":{"@type":"PropertyValueSpecification","valueRequired":true,"valueName":"search_term_string"}}],"inLanguage":"pt-PT"},{"@type":"Person","@id":"https:\/\/portaltela.pt\/#\/schema\/person\/c4278d4a6028830caff9ee44b42d32ed","name":"Telinha","image":{"@type":"ImageObject","inLanguage":"pt-PT","@id":"https:\/\/portaltela.pt\/s.01k8rhncp4jt1\/2025\/11\/talking-bot-125x125.png","url":"https:\/\/portaltela.pt\/s.01k8rhncp4jt1\/2025\/11\/talking-bot-125x125.png","contentUrl":"https:\/\/portaltela.pt\/s.01k8rhncp4jt1\/2025\/11\/talking-bot-125x125.png","caption":"Telinha"},"sameAs":["https:\/\/portaltela.pt\/"],"url":"https:\/\/portaltela.pt\/por\/367410592786\/"}]}},"_links":{"self":[{"href":"https:\/\/portaltela.pt\/api\/wp\/v2\/posts\/141799","targetHints":{"allow":["GET"]}}],"collection":[{"href":"https:\/\/portaltela.pt\/api\/wp\/v2\/posts"}],"about":[{"href":"https:\/\/portaltela.pt\/api\/wp\/v2\/types\/post"}],"author":[{"embeddable":true,"href":"https:\/\/portaltela.pt\/api\/wp\/v2\/users\/2"}],"replies":[{"embeddable":true,"href":"https:\/\/portaltela.pt\/api\/wp\/v2\/comments?post=141799"}],"version-history":[{"count":0,"href":"https:\/\/portaltela.pt\/api\/wp\/v2\/posts\/141799\/revisions"}],"wp:featuredmedia":[{"embeddable":true,"href":"https:\/\/portaltela.pt\/api\/wp\/v2\/media\/141803"}],"wp:attachment":[{"href":"https:\/\/portaltela.pt\/api\/wp\/v2\/media?parent=141799"}],"wp:term":[{"taxonomy":"category","embeddable":true,"href":"https:\/\/portaltela.pt\/api\/wp\/v2\/categories?post=141799"},{"taxonomy":"post_tag","embeddable":true,"href":"https:\/\/portaltela.pt\/api\/wp\/v2\/tags?post=141799"}],"curies":[{"name":"wp","href":"https:\/\/api.w.org\/{rel}","templated":true}]}}