{"id":141705,"date":"2026-01-14T12:18:00","date_gmt":"2026-01-14T15:18:00","guid":{"rendered":"https:\/\/portaltela.pt\/noticias\/2026\/01\/14\/concerto-de-ano-novo-projeta-direcoes-para-o-futuro\/"},"modified":"2026-01-14T12:18:00","modified_gmt":"2026-01-14T15:18:00","slug":"concerto-de-ano-novo-projeta-direcoes-para-o-futuro","status":"publish","type":"post","link":"https:\/\/portaltela.pt\/noticias\/2026\/01\/14\/concerto-de-ano-novo-projeta-direcoes-para-o-futuro\/","title":{"rendered":"Concerto de Ano Novo projeta dire\u00e7\u00f5es para o futuro"},"content":{"rendered":"<p>O Concerto de Ano Novo da Banda de Pinheiro da Bemposta decorreu na Igreja Matriz, reunindo 58 m\u00fasicos. O evento, j\u00e1 fixo no calend\u00e1rio local, voltou a atrair um p\u00fablico numeroso para uma apresenta\u00e7\u00e3o que refletiu o trabalho desenvolvido ao longo do ano.<\/p>\n<p>O programa misturou pe\u00e7as populares com estreias no repert\u00f3rio da banda. Destaque para a interpreta\u00e7\u00e3o de Polar Express, acompanhada pelo coro da escola de m\u00fasica e a participa\u00e7\u00e3o de crian\u00e7as e adultos. Houve ainda um momento solista de violino com uma obra de Cinema Paradiso e a estreia de The Waltz Goes On, da autoria de Anthony Hopkins, executada pela primeira vez pela coletividade.<\/p>\n<h3>Perspetivas para o futuro<\/h3>\n<p>Em declara\u00e7\u00f5es \u00e0 Azem\u00e9is TV, o presidente Adalberto Ca\u00e7oilo apontou a participa\u00e7\u00e3o da banda num projeto de grava\u00e7\u00e3o de um CD previsto para mar\u00e7o. O disco contar\u00e1 com m\u00fasicos de v\u00e1rias bandas e ser\u00e1 liderado por Jo\u00e3o Moreira, trompetista da Metropolitana de Lisboa, reconhecendo o trajeto art\u00edstico da coletividade.<\/p>\n<p>O ano que passou ficou marcado por intensa atividade, com atua\u00e7\u00f5es em festas, romarias e encontros de bandas, al\u00e9m da conclus\u00e3o de um trabalho discogr\u00e1fico. O projeto \u00e9 sustentado pelo empenho dos m\u00fasicos, da escola de m\u00fasica, da dire\u00e7\u00e3o e do apoio da comunidade.<\/p>\n<p>Ca\u00e7oilo destacou que o objetivo \u00e9 crescer de forma sustent\u00e1vel, mantendo a m\u00fasica e a forma\u00e7\u00e3o como pilares centrais do associativismo. O impacto do concerto foi visto tamb\u00e9m como forma de agradecer \u00e0 freguesia, aos amigos e aos benem\u00e9ritos que apoiam a banda.<\/p>\n","protected":false},"excerpt":{"rendered":"<ul>\n<li>O Concerto de Ano Novo da banda de Pinheiro da Bemposta reuniu 58 m\u00fasicos na Igreja Matriz, apresentando um programa que combina pe\u00e7as conhecidas com estreias.<\/li>\n<li>Destacam-se a interpreta\u00e7\u00e3o de Polar Express, com o coro da escola de m\u00fasica, um momento solista de violino com tema de Cinema Para\u00edso e a execu\u00e7\u00e3o de The Waltz Goes On, pela primeira vez no repert\u00f3rio da banda.<\/li>\n<li>O concerto serviu para olhar ao futuro, com a banda a anunciar a participa\u00e7\u00e3o num projeto de grava\u00e7\u00e3o de um CD para mar\u00e7o, liderado por Jo\u00e3o Moreira e com m\u00fasicos de outras bandas.<\/li>\n<li>O presidente Adalberto Ca\u00e7oilo descreveu um ano de muita atividade, com atua\u00e7\u00f5es em festas, romarias e encontros de bandas, al\u00e9m de um trabalho discogr\u00e1fico conclu\u00eddo, apoiado pela comunidade.<\/li>\n<li>O grupo refor\u00e7ou que a forma\u00e7\u00e3o musical \u00e9 prioridade, visando crescer de forma sustent\u00e1vel e agradecer aos benem\u00e9ritos e \u00e0 freguesia pelo apoio.<\/li>\n<\/ul>\n","protected":false},"author":2,"featured_media":141724,"comment_status":"closed","ping_status":"closed","sticky":false,"template":"","format":"standard","meta":{"footnotes":""},"categories":[1],"tags":[3017,1259,1595,3035,593,122],"class_list":["post-141705","post","type-post","status-publish","format-standard","has-post-thumbnail","hentry","category-noticias","tag-apoio-a-atividade-de-formacao-artistica-e-musical","tag-banda-sinfonica-portuguesa","tag-coletividades","tag-comunidade","tag-concertos","tag-musica"],"yoast_head":"<!-- This site is optimized with the Yoast SEO plugin v27.2 - https:\/\/yoast.com\/product\/yoast-seo-wordpress\/ -->\n<title>Concerto de Ano Novo projeta dire\u00e7\u00f5es para o futuro - Portal Tela Portugal<\/title>\n<meta name=\"robots\" content=\"index, follow, max-snippet:-1, max-image-preview:large, max-video-preview:-1\" \/>\n<meta property=\"og:locale\" content=\"pt_PT\" \/>\n<meta property=\"og:type\" content=\"article\" \/>\n<meta property=\"og:title\" content=\"Concerto de Ano Novo projeta dire\u00e7\u00f5es para o futuro - Portal Tela Portugal\" \/>\n<meta property=\"og:description\" content=\"O Concerto de Ano Novo da banda de Pinheiro da Bemposta reuniu 58 m\u00fasicos na Igreja Matriz, apresentando um programa que combina pe\u00e7as conhecidas com estreias. Destacam-se a interpreta\u00e7\u00e3o de Polar Express, com o coro da escola de m\u00fasica, um momento solista de violino com tema de Cinema Para\u00edso e a execu\u00e7\u00e3o de The Waltz Goes On, pela primeira vez no repert\u00f3rio da banda. O concerto serviu para olhar ao futuro, com a banda a anunciar a participa\u00e7\u00e3o num projeto de grava\u00e7\u00e3o de um CD para mar\u00e7o, liderado por Jo\u00e3o Moreira e com m\u00fasicos de outras bandas. O presidente Adalberto Ca\u00e7oilo descreveu um ano de muita atividade, com atua\u00e7\u00f5es em festas, romarias e encontros de bandas, al\u00e9m de um trabalho discogr\u00e1fico conclu\u00eddo, apoiado pela comunidade. O grupo refor\u00e7ou que a forma\u00e7\u00e3o musical \u00e9 prioridade, visando crescer de forma sustent\u00e1vel e agradecer aos benem\u00e9ritos e \u00e0 freguesia pelo apoio.\" \/>\n<meta property=\"og:url\" content=\"https:\/\/portaltela.pt\/noticias\/2026\/01\/14\/concerto-de-ano-novo-projeta-direcoes-para-o-futuro\/\" \/>\n<meta property=\"og:site_name\" content=\"Portal Tela Portugal\" \/>\n<meta property=\"article:published_time\" content=\"2026-01-14T15:18:00+00:00\" \/>\n<meta name=\"author\" content=\"Telinha\" \/>\n<meta name=\"twitter:card\" content=\"summary_large_image\" \/>\n<meta name=\"twitter:label1\" content=\"Escrito por\" \/>\n\t<meta name=\"twitter:data1\" content=\"Telinha\" \/>\n\t<meta name=\"twitter:label2\" content=\"Tempo estimado de leitura\" \/>\n\t<meta name=\"twitter:data2\" content=\"1 minuto\" \/>\n<script type=\"application\/ld+json\" class=\"yoast-schema-graph\">{\"@context\":\"https:\/\/schema.org\",\"@graph\":[{\"@type\":\"Article\",\"@id\":\"https:\/\/portaltela.pt\/noticias\/2026\/01\/14\/concerto-de-ano-novo-projeta-direcoes-para-o-futuro\/#article\",\"isPartOf\":{\"@id\":\"https:\/\/portaltela.pt\/noticias\/2026\/01\/14\/concerto-de-ano-novo-projeta-direcoes-para-o-futuro\/\"},\"author\":{\"name\":\"Telinha\",\"@id\":\"https:\/\/portaltela.pt\/#\/schema\/person\/c4278d4a6028830caff9ee44b42d32ed\"},\"headline\":\"Concerto de Ano Novo projeta dire\u00e7\u00f5es para o futuro\",\"datePublished\":\"2026-01-14T15:18:00+00:00\",\"mainEntityOfPage\":{\"@id\":\"https:\/\/portaltela.pt\/noticias\/2026\/01\/14\/concerto-de-ano-novo-projeta-direcoes-para-o-futuro\/\"},\"wordCount\":285,\"image\":{\"@id\":\"https:\/\/portaltela.pt\/noticias\/2026\/01\/14\/concerto-de-ano-novo-projeta-direcoes-para-o-futuro\/#primaryimage\"},\"thumbnailUrl\":\"https:\/\/portaltela.pt\/s.01k8rhncp4jt1\/2026\/01\/unnamed-file-2986.jpg\",\"keywords\":[\"Apoio \u00e0 Atividade de Forma\u00e7\u00e3o Art\u00edstica e Musical\",\"Banda Sinf\u00f3nica Portuguesa\",\"coletividades\",\"comunidade\",\"concertos\",\"m\u00fasica\"],\"articleSection\":[\"Not\u00edcias\"],\"inLanguage\":\"pt-PT\"},{\"@type\":\"WebPage\",\"@id\":\"https:\/\/portaltela.pt\/noticias\/2026\/01\/14\/concerto-de-ano-novo-projeta-direcoes-para-o-futuro\/\",\"url\":\"https:\/\/portaltela.pt\/noticias\/2026\/01\/14\/concerto-de-ano-novo-projeta-direcoes-para-o-futuro\/\",\"name\":\"Concerto de Ano Novo projeta dire\u00e7\u00f5es para o futuro - Portal Tela Portugal\",\"isPartOf\":{\"@id\":\"https:\/\/portaltela.pt\/#website\"},\"primaryImageOfPage\":{\"@id\":\"https:\/\/portaltela.pt\/noticias\/2026\/01\/14\/concerto-de-ano-novo-projeta-direcoes-para-o-futuro\/#primaryimage\"},\"image\":{\"@id\":\"https:\/\/portaltela.pt\/noticias\/2026\/01\/14\/concerto-de-ano-novo-projeta-direcoes-para-o-futuro\/#primaryimage\"},\"thumbnailUrl\":\"https:\/\/portaltela.pt\/s.01k8rhncp4jt1\/2026\/01\/unnamed-file-2986.jpg\",\"datePublished\":\"2026-01-14T15:18:00+00:00\",\"author\":{\"@id\":\"https:\/\/portaltela.pt\/#\/schema\/person\/c4278d4a6028830caff9ee44b42d32ed\"},\"breadcrumb\":{\"@id\":\"https:\/\/portaltela.pt\/noticias\/2026\/01\/14\/concerto-de-ano-novo-projeta-direcoes-para-o-futuro\/#breadcrumb\"},\"inLanguage\":\"pt-PT\",\"potentialAction\":[{\"@type\":\"ReadAction\",\"target\":[\"https:\/\/portaltela.pt\/noticias\/2026\/01\/14\/concerto-de-ano-novo-projeta-direcoes-para-o-futuro\/\"]}]},{\"@type\":\"ImageObject\",\"inLanguage\":\"pt-PT\",\"@id\":\"https:\/\/portaltela.pt\/noticias\/2026\/01\/14\/concerto-de-ano-novo-projeta-direcoes-para-o-futuro\/#primaryimage\",\"url\":\"https:\/\/portaltela.pt\/s.01k8rhncp4jt1\/2026\/01\/unnamed-file-2986.jpg\",\"contentUrl\":\"https:\/\/portaltela.pt\/s.01k8rhncp4jt1\/2026\/01\/unnamed-file-2986.jpg\",\"width\":796,\"height\":448,\"caption\":\"Concerto de Ano Novo projeta futuro\"},{\"@type\":\"BreadcrumbList\",\"@id\":\"https:\/\/portaltela.pt\/noticias\/2026\/01\/14\/concerto-de-ano-novo-projeta-direcoes-para-o-futuro\/#breadcrumb\",\"itemListElement\":[{\"@type\":\"ListItem\",\"position\":1,\"name\":\"In\u00edcio\",\"item\":\"https:\/\/portaltela.pt\/\"},{\"@type\":\"ListItem\",\"position\":2,\"name\":\"Concerto de Ano Novo projeta dire\u00e7\u00f5es para o futuro\"}]},{\"@type\":\"WebSite\",\"@id\":\"https:\/\/portaltela.pt\/#website\",\"url\":\"https:\/\/portaltela.pt\/\",\"name\":\"Portal Tela Portugal\",\"description\":\"\",\"potentialAction\":[{\"@type\":\"SearchAction\",\"target\":{\"@type\":\"EntryPoint\",\"urlTemplate\":\"https:\/\/portaltela.pt\/?s={search_term_string}\"},\"query-input\":{\"@type\":\"PropertyValueSpecification\",\"valueRequired\":true,\"valueName\":\"search_term_string\"}}],\"inLanguage\":\"pt-PT\"},{\"@type\":\"Person\",\"@id\":\"https:\/\/portaltela.pt\/#\/schema\/person\/c4278d4a6028830caff9ee44b42d32ed\",\"name\":\"Telinha\",\"image\":{\"@type\":\"ImageObject\",\"inLanguage\":\"pt-PT\",\"@id\":\"https:\/\/portaltela.pt\/s.01k8rhncp4jt1\/2025\/11\/talking-bot-125x125.png\",\"url\":\"https:\/\/portaltela.pt\/s.01k8rhncp4jt1\/2025\/11\/talking-bot-125x125.png\",\"contentUrl\":\"https:\/\/portaltela.pt\/s.01k8rhncp4jt1\/2025\/11\/talking-bot-125x125.png\",\"caption\":\"Telinha\"},\"sameAs\":[\"https:\/\/portaltela.pt\/\"],\"url\":\"https:\/\/portaltela.pt\/por\/367410592786\/\"}]}<\/script>\n<!-- \/ Yoast SEO plugin. -->","yoast_head_json":{"title":"Concerto de Ano Novo projeta dire\u00e7\u00f5es para o futuro - Portal Tela Portugal","robots":{"index":"index","follow":"follow","max-snippet":"max-snippet:-1","max-image-preview":"max-image-preview:large","max-video-preview":"max-video-preview:-1"},"og_locale":"pt_PT","og_type":"article","og_title":"Concerto de Ano Novo projeta dire\u00e7\u00f5es para o futuro - Portal Tela Portugal","og_description":"O Concerto de Ano Novo da banda de Pinheiro da Bemposta reuniu 58 m\u00fasicos na Igreja Matriz, apresentando um programa que combina pe\u00e7as conhecidas com estreias. Destacam-se a interpreta\u00e7\u00e3o de Polar Express, com o coro da escola de m\u00fasica, um momento solista de violino com tema de Cinema Para\u00edso e a execu\u00e7\u00e3o de The Waltz Goes On, pela primeira vez no repert\u00f3rio da banda. O concerto serviu para olhar ao futuro, com a banda a anunciar a participa\u00e7\u00e3o num projeto de grava\u00e7\u00e3o de um CD para mar\u00e7o, liderado por Jo\u00e3o Moreira e com m\u00fasicos de outras bandas. O presidente Adalberto Ca\u00e7oilo descreveu um ano de muita atividade, com atua\u00e7\u00f5es em festas, romarias e encontros de bandas, al\u00e9m de um trabalho discogr\u00e1fico conclu\u00eddo, apoiado pela comunidade. O grupo refor\u00e7ou que a forma\u00e7\u00e3o musical \u00e9 prioridade, visando crescer de forma sustent\u00e1vel e agradecer aos benem\u00e9ritos e \u00e0 freguesia pelo apoio.","og_url":"https:\/\/portaltela.pt\/noticias\/2026\/01\/14\/concerto-de-ano-novo-projeta-direcoes-para-o-futuro\/","og_site_name":"Portal Tela Portugal","article_published_time":"2026-01-14T15:18:00+00:00","author":"Telinha","twitter_card":"summary_large_image","twitter_misc":{"Escrito por":"Telinha","Tempo estimado de leitura":"1 minuto"},"schema":{"@context":"https:\/\/schema.org","@graph":[{"@type":"Article","@id":"https:\/\/portaltela.pt\/noticias\/2026\/01\/14\/concerto-de-ano-novo-projeta-direcoes-para-o-futuro\/#article","isPartOf":{"@id":"https:\/\/portaltela.pt\/noticias\/2026\/01\/14\/concerto-de-ano-novo-projeta-direcoes-para-o-futuro\/"},"author":{"name":"Telinha","@id":"https:\/\/portaltela.pt\/#\/schema\/person\/c4278d4a6028830caff9ee44b42d32ed"},"headline":"Concerto de Ano Novo projeta dire\u00e7\u00f5es para o futuro","datePublished":"2026-01-14T15:18:00+00:00","mainEntityOfPage":{"@id":"https:\/\/portaltela.pt\/noticias\/2026\/01\/14\/concerto-de-ano-novo-projeta-direcoes-para-o-futuro\/"},"wordCount":285,"image":{"@id":"https:\/\/portaltela.pt\/noticias\/2026\/01\/14\/concerto-de-ano-novo-projeta-direcoes-para-o-futuro\/#primaryimage"},"thumbnailUrl":"https:\/\/portaltela.pt\/s.01k8rhncp4jt1\/2026\/01\/unnamed-file-2986.jpg","keywords":["Apoio \u00e0 Atividade de Forma\u00e7\u00e3o Art\u00edstica e Musical","Banda Sinf\u00f3nica Portuguesa","coletividades","comunidade","concertos","m\u00fasica"],"articleSection":["Not\u00edcias"],"inLanguage":"pt-PT"},{"@type":"WebPage","@id":"https:\/\/portaltela.pt\/noticias\/2026\/01\/14\/concerto-de-ano-novo-projeta-direcoes-para-o-futuro\/","url":"https:\/\/portaltela.pt\/noticias\/2026\/01\/14\/concerto-de-ano-novo-projeta-direcoes-para-o-futuro\/","name":"Concerto de Ano Novo projeta dire\u00e7\u00f5es para o futuro - Portal Tela Portugal","isPartOf":{"@id":"https:\/\/portaltela.pt\/#website"},"primaryImageOfPage":{"@id":"https:\/\/portaltela.pt\/noticias\/2026\/01\/14\/concerto-de-ano-novo-projeta-direcoes-para-o-futuro\/#primaryimage"},"image":{"@id":"https:\/\/portaltela.pt\/noticias\/2026\/01\/14\/concerto-de-ano-novo-projeta-direcoes-para-o-futuro\/#primaryimage"},"thumbnailUrl":"https:\/\/portaltela.pt\/s.01k8rhncp4jt1\/2026\/01\/unnamed-file-2986.jpg","datePublished":"2026-01-14T15:18:00+00:00","author":{"@id":"https:\/\/portaltela.pt\/#\/schema\/person\/c4278d4a6028830caff9ee44b42d32ed"},"breadcrumb":{"@id":"https:\/\/portaltela.pt\/noticias\/2026\/01\/14\/concerto-de-ano-novo-projeta-direcoes-para-o-futuro\/#breadcrumb"},"inLanguage":"pt-PT","potentialAction":[{"@type":"ReadAction","target":["https:\/\/portaltela.pt\/noticias\/2026\/01\/14\/concerto-de-ano-novo-projeta-direcoes-para-o-futuro\/"]}]},{"@type":"ImageObject","inLanguage":"pt-PT","@id":"https:\/\/portaltela.pt\/noticias\/2026\/01\/14\/concerto-de-ano-novo-projeta-direcoes-para-o-futuro\/#primaryimage","url":"https:\/\/portaltela.pt\/s.01k8rhncp4jt1\/2026\/01\/unnamed-file-2986.jpg","contentUrl":"https:\/\/portaltela.pt\/s.01k8rhncp4jt1\/2026\/01\/unnamed-file-2986.jpg","width":796,"height":448,"caption":"Concerto de Ano Novo projeta futuro"},{"@type":"BreadcrumbList","@id":"https:\/\/portaltela.pt\/noticias\/2026\/01\/14\/concerto-de-ano-novo-projeta-direcoes-para-o-futuro\/#breadcrumb","itemListElement":[{"@type":"ListItem","position":1,"name":"In\u00edcio","item":"https:\/\/portaltela.pt\/"},{"@type":"ListItem","position":2,"name":"Concerto de Ano Novo projeta dire\u00e7\u00f5es para o futuro"}]},{"@type":"WebSite","@id":"https:\/\/portaltela.pt\/#website","url":"https:\/\/portaltela.pt\/","name":"Portal Tela Portugal","description":"","potentialAction":[{"@type":"SearchAction","target":{"@type":"EntryPoint","urlTemplate":"https:\/\/portaltela.pt\/?s={search_term_string}"},"query-input":{"@type":"PropertyValueSpecification","valueRequired":true,"valueName":"search_term_string"}}],"inLanguage":"pt-PT"},{"@type":"Person","@id":"https:\/\/portaltela.pt\/#\/schema\/person\/c4278d4a6028830caff9ee44b42d32ed","name":"Telinha","image":{"@type":"ImageObject","inLanguage":"pt-PT","@id":"https:\/\/portaltela.pt\/s.01k8rhncp4jt1\/2025\/11\/talking-bot-125x125.png","url":"https:\/\/portaltela.pt\/s.01k8rhncp4jt1\/2025\/11\/talking-bot-125x125.png","contentUrl":"https:\/\/portaltela.pt\/s.01k8rhncp4jt1\/2025\/11\/talking-bot-125x125.png","caption":"Telinha"},"sameAs":["https:\/\/portaltela.pt\/"],"url":"https:\/\/portaltela.pt\/por\/367410592786\/"}]}},"_links":{"self":[{"href":"https:\/\/portaltela.pt\/api\/wp\/v2\/posts\/141705","targetHints":{"allow":["GET"]}}],"collection":[{"href":"https:\/\/portaltela.pt\/api\/wp\/v2\/posts"}],"about":[{"href":"https:\/\/portaltela.pt\/api\/wp\/v2\/types\/post"}],"author":[{"embeddable":true,"href":"https:\/\/portaltela.pt\/api\/wp\/v2\/users\/2"}],"replies":[{"embeddable":true,"href":"https:\/\/portaltela.pt\/api\/wp\/v2\/comments?post=141705"}],"version-history":[{"count":0,"href":"https:\/\/portaltela.pt\/api\/wp\/v2\/posts\/141705\/revisions"}],"wp:featuredmedia":[{"embeddable":true,"href":"https:\/\/portaltela.pt\/api\/wp\/v2\/media\/141724"}],"wp:attachment":[{"href":"https:\/\/portaltela.pt\/api\/wp\/v2\/media?parent=141705"}],"wp:term":[{"taxonomy":"category","embeddable":true,"href":"https:\/\/portaltela.pt\/api\/wp\/v2\/categories?post=141705"},{"taxonomy":"post_tag","embeddable":true,"href":"https:\/\/portaltela.pt\/api\/wp\/v2\/tags?post=141705"}],"curies":[{"name":"wp","href":"https:\/\/api.w.org\/{rel}","templated":true}]}}