{"id":141676,"date":"2026-01-14T12:34:49","date_gmt":"2026-01-14T15:34:49","guid":{"rendered":"https:\/\/portaltela.pt\/noticias\/2026\/01\/14\/cotrim-de-figueiredo-diz-desconhecer-denuncias-de-assedio-que-circulavam-na-il\/"},"modified":"2026-01-14T12:34:49","modified_gmt":"2026-01-14T15:34:49","slug":"cotrim-de-figueiredo-diz-desconhecer-denuncias-de-assedio-que-circulavam-na-il","status":"publish","type":"post","link":"https:\/\/portaltela.pt\/noticias\/politica\/2026\/01\/14\/cotrim-de-figueiredo-diz-desconhecer-denuncias-de-assedio-que-circulavam-na-il\/","title":{"rendered":"Cotrim de Figueiredo diz desconhecer den\u00fancias de ass\u00e9dio que circulavam na IL"},"content":{"rendered":"<p>Em Montemor-o-Velho, Jo\u00e3o Cotrim de Figueiredo afirmou n\u00e3o ter conhecimento de acusa\u00e7\u00f5es de ass\u00e9dio que, alegadamente, circulavam na Iniciativa Liberal h\u00e1 cerca de dois anos. A declara\u00e7\u00e3o foi feita durante uma atividade de campanha.<\/p>\n<p>Segundo o Observador, as alega\u00e7\u00f5es j\u00e1 eram conhecidas em meios internos do partido, contrariamente ao que o eurodeputado sustentou, que afirmou ter tomado conhecimento apenas no passado domingo.<\/p>\n<p>A den\u00fancia p\u00fablica ocorreu na noite de domingo, quando uma antiga assessora partilhou, numa story do Instagram vis\u00edvel a um grupo restrito, alega\u00e7\u00f5es de ass\u00e9dio que envolveriam o pol\u00edtico. A imagem acabou por ganhar divulga\u00e7\u00e3o ampla na segunda-feira.<\/p>\n<h3>Acusa\u00e7\u00f5es e resposta<\/h3>\n<p>Cotrim de Figueiredo foi confrontado com o tema durante uma a\u00e7\u00e3o de campanha na Covilh\u00e3, onde se isolou com o assessor de imprensa por alguns minutos. Depois, negou as acusa\u00e7\u00f5es, classificando-as como falsas e associando o caso a uma pol\u00edtica suja.<\/p>\n<p>O eurodeputado afirmou que o assunto passa a ser tratado exclusivamente em tribunal e que, a partir de agora, s\u00f3 falar\u00e1 sobre o tema nessa inst\u00e2ncia. O desfecho judicial fica por decidir, mantendo o foco no processo em curso.<\/p>\n","protected":false},"excerpt":{"rendered":"<ul>\n<li>Jo\u00e3o Cotrim de Figueiredo afirmou, nesta quarta-feira em Montemor-o-Velho, n\u00e3o ter conhecimento das acusa\u00e7\u00f5es de ass\u00e9dio feitas por uma antiga assessora da Iniciativa Liberal.<\/li>\n<li>O eurodeputado sustenta que as alega\u00e7\u00f5es s\u00e3o falsas e diz que o assunto passar\u00e1 a ser tratado exclusivamente em tribunal.<\/li>\n<li>As acusa\u00e7\u00f5es ganharam conhecimento p\u00fablico no domingo, quando a antiga assessora publicou uma story no Instagram com cita\u00e7\u00f5es atribu\u00eddas ao pol\u00edtico.<\/li>\n<li>O Observador informou que as alega\u00e7\u00f5es j\u00e1 circulavam de forma interna na Iniciativa Liberal h\u00e1 cerca de dois anos, contrariamente \u00e0 vers\u00e3o apresentada pelo candidato.<\/li>\n<li>Cotrim de Figueiredo foi confrontado com o tema durante uma a\u00e7\u00e3o de campanha na Covilh\u00e3 e, ap\u00f3s falar com o assessor de imprensa, negou qualquer comportamento inadequado, classificando o caso como \u201cpol\u00edtica suja\u201d.<\/li>\n<\/ul>\n","protected":false},"author":2,"featured_media":141684,"comment_status":"closed","ping_status":"closed","sticky":false,"template":"","format":"standard","meta":{"footnotes":""},"categories":[1,5],"tags":[1039,1306,2861,1482,217,2832],"class_list":["post-141676","post","type-post","status-publish","format-standard","has-post-thumbnail","hentry","category-noticias","category-politica","tag-assedio-sexista","tag-covilha","tag-denuncia-crime","tag-iniciativa-liberal","tag-investigacao-criminal","tag-politica"],"yoast_head":"<!-- This site is optimized with the Yoast SEO plugin v27.2 - https:\/\/yoast.com\/product\/yoast-seo-wordpress\/ -->\n<title>Cotrim de Figueiredo diz desconhecer den\u00fancias de ass\u00e9dio que circulavam na IL - Portal Tela Portugal<\/title>\n<meta name=\"robots\" content=\"index, follow, max-snippet:-1, max-image-preview:large, max-video-preview:-1\" \/>\n<meta property=\"og:locale\" content=\"pt_PT\" \/>\n<meta property=\"og:type\" content=\"article\" \/>\n<meta property=\"og:title\" content=\"Cotrim de Figueiredo diz desconhecer den\u00fancias de ass\u00e9dio que circulavam na IL - Portal Tela Portugal\" \/>\n<meta property=\"og:description\" content=\"Jo\u00e3o Cotrim de Figueiredo afirmou, nesta quarta-feira em Montemor-o-Velho, n\u00e3o ter conhecimento das acusa\u00e7\u00f5es de ass\u00e9dio feitas por uma antiga assessora da Iniciativa Liberal. O eurodeputado sustenta que as alega\u00e7\u00f5es s\u00e3o falsas e diz que o assunto passar\u00e1 a ser tratado exclusivamente em tribunal. As acusa\u00e7\u00f5es ganharam conhecimento p\u00fablico no domingo, quando a antiga assessora publicou uma story no Instagram com cita\u00e7\u00f5es atribu\u00eddas ao pol\u00edtico. O Observador informou que as alega\u00e7\u00f5es j\u00e1 circulavam de forma interna na Iniciativa Liberal h\u00e1 cerca de dois anos, contrariamente \u00e0 vers\u00e3o apresentada pelo candidato. Cotrim de Figueiredo foi confrontado com o tema durante uma a\u00e7\u00e3o de campanha na Covilh\u00e3 e, ap\u00f3s falar com o assessor de imprensa, negou qualquer comportamento inadequado, classificando o caso como \u201cpol\u00edtica suja\u201d.\" \/>\n<meta property=\"og:url\" content=\"https:\/\/portaltela.pt\/noticias\/2026\/01\/14\/cotrim-de-figueiredo-diz-desconhecer-denuncias-de-assedio-que-circulavam-na-il\/\" \/>\n<meta property=\"og:site_name\" content=\"Portal Tela Portugal\" \/>\n<meta property=\"article:published_time\" content=\"2026-01-14T15:34:49+00:00\" \/>\n<meta name=\"author\" content=\"Telinha\" \/>\n<meta name=\"twitter:card\" content=\"summary_large_image\" \/>\n<meta name=\"twitter:label1\" content=\"Escrito por\" \/>\n\t<meta name=\"twitter:data1\" content=\"Telinha\" \/>\n\t<meta name=\"twitter:label2\" content=\"Tempo estimado de leitura\" \/>\n\t<meta name=\"twitter:data2\" content=\"1 minuto\" \/>\n<script type=\"application\/ld+json\" class=\"yoast-schema-graph\">{\"@context\":\"https:\/\/schema.org\",\"@graph\":[{\"@type\":\"Article\",\"@id\":\"https:\/\/portaltela.pt\/noticias\/2026\/01\/14\/cotrim-de-figueiredo-diz-desconhecer-denuncias-de-assedio-que-circulavam-na-il\/#article\",\"isPartOf\":{\"@id\":\"https:\/\/portaltela.pt\/noticias\/2026\/01\/14\/cotrim-de-figueiredo-diz-desconhecer-denuncias-de-assedio-que-circulavam-na-il\/\"},\"author\":{\"name\":\"Telinha\",\"@id\":\"https:\/\/portaltela.pt\/#\/schema\/person\/c4278d4a6028830caff9ee44b42d32ed\"},\"headline\":\"Cotrim de Figueiredo diz desconhecer den\u00fancias de ass\u00e9dio que circulavam na IL\",\"datePublished\":\"2026-01-14T15:34:49+00:00\",\"mainEntityOfPage\":{\"@id\":\"https:\/\/portaltela.pt\/noticias\/2026\/01\/14\/cotrim-de-figueiredo-diz-desconhecer-denuncias-de-assedio-que-circulavam-na-il\/\"},\"wordCount\":215,\"image\":{\"@id\":\"https:\/\/portaltela.pt\/noticias\/2026\/01\/14\/cotrim-de-figueiredo-diz-desconhecer-denuncias-de-assedio-que-circulavam-na-il\/#primaryimage\"},\"thumbnailUrl\":\"https:\/\/portaltela.pt\/s.01k8rhncp4jt1\/2026\/01\/unnamed-file-2981.jpg\",\"keywords\":[\"ass\u00e9dio sexista\",\"Covilh\u00e3\",\"den\u00fancia-crime\",\"Iniciativa Liberal\",\"investiga\u00e7\u00e3o criminal\",\"pol\u00edtica\"],\"articleSection\":[\"Not\u00edcias\",\"Pol\u00edtica\"],\"inLanguage\":\"pt-PT\"},{\"@type\":\"WebPage\",\"@id\":\"https:\/\/portaltela.pt\/noticias\/2026\/01\/14\/cotrim-de-figueiredo-diz-desconhecer-denuncias-de-assedio-que-circulavam-na-il\/\",\"url\":\"https:\/\/portaltela.pt\/noticias\/2026\/01\/14\/cotrim-de-figueiredo-diz-desconhecer-denuncias-de-assedio-que-circulavam-na-il\/\",\"name\":\"Cotrim de Figueiredo diz desconhecer den\u00fancias de ass\u00e9dio que circulavam na IL - Portal Tela Portugal\",\"isPartOf\":{\"@id\":\"https:\/\/portaltela.pt\/#website\"},\"primaryImageOfPage\":{\"@id\":\"https:\/\/portaltela.pt\/noticias\/2026\/01\/14\/cotrim-de-figueiredo-diz-desconhecer-denuncias-de-assedio-que-circulavam-na-il\/#primaryimage\"},\"image\":{\"@id\":\"https:\/\/portaltela.pt\/noticias\/2026\/01\/14\/cotrim-de-figueiredo-diz-desconhecer-denuncias-de-assedio-que-circulavam-na-il\/#primaryimage\"},\"thumbnailUrl\":\"https:\/\/portaltela.pt\/s.01k8rhncp4jt1\/2026\/01\/unnamed-file-2981.jpg\",\"datePublished\":\"2026-01-14T15:34:49+00:00\",\"author\":{\"@id\":\"https:\/\/portaltela.pt\/#\/schema\/person\/c4278d4a6028830caff9ee44b42d32ed\"},\"breadcrumb\":{\"@id\":\"https:\/\/portaltela.pt\/noticias\/2026\/01\/14\/cotrim-de-figueiredo-diz-desconhecer-denuncias-de-assedio-que-circulavam-na-il\/#breadcrumb\"},\"inLanguage\":\"pt-PT\",\"potentialAction\":[{\"@type\":\"ReadAction\",\"target\":[\"https:\/\/portaltela.pt\/noticias\/2026\/01\/14\/cotrim-de-figueiredo-diz-desconhecer-denuncias-de-assedio-que-circulavam-na-il\/\"]}]},{\"@type\":\"ImageObject\",\"inLanguage\":\"pt-PT\",\"@id\":\"https:\/\/portaltela.pt\/noticias\/2026\/01\/14\/cotrim-de-figueiredo-diz-desconhecer-denuncias-de-assedio-que-circulavam-na-il\/#primaryimage\",\"url\":\"https:\/\/portaltela.pt\/s.01k8rhncp4jt1\/2026\/01\/unnamed-file-2981.jpg\",\"contentUrl\":\"https:\/\/portaltela.pt\/s.01k8rhncp4jt1\/2026\/01\/unnamed-file-2981.jpg\",\"width\":796,\"height\":448,\"caption\":\"Cotrim de Fligueiredo, IL\"},{\"@type\":\"BreadcrumbList\",\"@id\":\"https:\/\/portaltela.pt\/noticias\/2026\/01\/14\/cotrim-de-figueiredo-diz-desconhecer-denuncias-de-assedio-que-circulavam-na-il\/#breadcrumb\",\"itemListElement\":[{\"@type\":\"ListItem\",\"position\":1,\"name\":\"In\u00edcio\",\"item\":\"https:\/\/portaltela.pt\/\"},{\"@type\":\"ListItem\",\"position\":2,\"name\":\"Cotrim de Figueiredo diz desconhecer den\u00fancias de ass\u00e9dio que circulavam na IL\"}]},{\"@type\":\"WebSite\",\"@id\":\"https:\/\/portaltela.pt\/#website\",\"url\":\"https:\/\/portaltela.pt\/\",\"name\":\"Portal Tela Portugal\",\"description\":\"\",\"potentialAction\":[{\"@type\":\"SearchAction\",\"target\":{\"@type\":\"EntryPoint\",\"urlTemplate\":\"https:\/\/portaltela.pt\/?s={search_term_string}\"},\"query-input\":{\"@type\":\"PropertyValueSpecification\",\"valueRequired\":true,\"valueName\":\"search_term_string\"}}],\"inLanguage\":\"pt-PT\"},{\"@type\":\"Person\",\"@id\":\"https:\/\/portaltela.pt\/#\/schema\/person\/c4278d4a6028830caff9ee44b42d32ed\",\"name\":\"Telinha\",\"image\":{\"@type\":\"ImageObject\",\"inLanguage\":\"pt-PT\",\"@id\":\"https:\/\/portaltela.pt\/s.01k8rhncp4jt1\/2025\/11\/talking-bot-125x125.png\",\"url\":\"https:\/\/portaltela.pt\/s.01k8rhncp4jt1\/2025\/11\/talking-bot-125x125.png\",\"contentUrl\":\"https:\/\/portaltela.pt\/s.01k8rhncp4jt1\/2025\/11\/talking-bot-125x125.png\",\"caption\":\"Telinha\"},\"sameAs\":[\"https:\/\/portaltela.pt\/\"],\"url\":\"https:\/\/portaltela.pt\/por\/367410592786\/\"}]}<\/script>\n<!-- \/ Yoast SEO plugin. -->","yoast_head_json":{"title":"Cotrim de Figueiredo diz desconhecer den\u00fancias de ass\u00e9dio que circulavam na IL - Portal Tela Portugal","robots":{"index":"index","follow":"follow","max-snippet":"max-snippet:-1","max-image-preview":"max-image-preview:large","max-video-preview":"max-video-preview:-1"},"og_locale":"pt_PT","og_type":"article","og_title":"Cotrim de Figueiredo diz desconhecer den\u00fancias de ass\u00e9dio que circulavam na IL - Portal Tela Portugal","og_description":"Jo\u00e3o Cotrim de Figueiredo afirmou, nesta quarta-feira em Montemor-o-Velho, n\u00e3o ter conhecimento das acusa\u00e7\u00f5es de ass\u00e9dio feitas por uma antiga assessora da Iniciativa Liberal. O eurodeputado sustenta que as alega\u00e7\u00f5es s\u00e3o falsas e diz que o assunto passar\u00e1 a ser tratado exclusivamente em tribunal. As acusa\u00e7\u00f5es ganharam conhecimento p\u00fablico no domingo, quando a antiga assessora publicou uma story no Instagram com cita\u00e7\u00f5es atribu\u00eddas ao pol\u00edtico. O Observador informou que as alega\u00e7\u00f5es j\u00e1 circulavam de forma interna na Iniciativa Liberal h\u00e1 cerca de dois anos, contrariamente \u00e0 vers\u00e3o apresentada pelo candidato. Cotrim de Figueiredo foi confrontado com o tema durante uma a\u00e7\u00e3o de campanha na Covilh\u00e3 e, ap\u00f3s falar com o assessor de imprensa, negou qualquer comportamento inadequado, classificando o caso como \u201cpol\u00edtica suja\u201d.","og_url":"https:\/\/portaltela.pt\/noticias\/2026\/01\/14\/cotrim-de-figueiredo-diz-desconhecer-denuncias-de-assedio-que-circulavam-na-il\/","og_site_name":"Portal Tela Portugal","article_published_time":"2026-01-14T15:34:49+00:00","author":"Telinha","twitter_card":"summary_large_image","twitter_misc":{"Escrito por":"Telinha","Tempo estimado de leitura":"1 minuto"},"schema":{"@context":"https:\/\/schema.org","@graph":[{"@type":"Article","@id":"https:\/\/portaltela.pt\/noticias\/2026\/01\/14\/cotrim-de-figueiredo-diz-desconhecer-denuncias-de-assedio-que-circulavam-na-il\/#article","isPartOf":{"@id":"https:\/\/portaltela.pt\/noticias\/2026\/01\/14\/cotrim-de-figueiredo-diz-desconhecer-denuncias-de-assedio-que-circulavam-na-il\/"},"author":{"name":"Telinha","@id":"https:\/\/portaltela.pt\/#\/schema\/person\/c4278d4a6028830caff9ee44b42d32ed"},"headline":"Cotrim de Figueiredo diz desconhecer den\u00fancias de ass\u00e9dio que circulavam na IL","datePublished":"2026-01-14T15:34:49+00:00","mainEntityOfPage":{"@id":"https:\/\/portaltela.pt\/noticias\/2026\/01\/14\/cotrim-de-figueiredo-diz-desconhecer-denuncias-de-assedio-que-circulavam-na-il\/"},"wordCount":215,"image":{"@id":"https:\/\/portaltela.pt\/noticias\/2026\/01\/14\/cotrim-de-figueiredo-diz-desconhecer-denuncias-de-assedio-que-circulavam-na-il\/#primaryimage"},"thumbnailUrl":"https:\/\/portaltela.pt\/s.01k8rhncp4jt1\/2026\/01\/unnamed-file-2981.jpg","keywords":["ass\u00e9dio sexista","Covilh\u00e3","den\u00fancia-crime","Iniciativa Liberal","investiga\u00e7\u00e3o criminal","pol\u00edtica"],"articleSection":["Not\u00edcias","Pol\u00edtica"],"inLanguage":"pt-PT"},{"@type":"WebPage","@id":"https:\/\/portaltela.pt\/noticias\/2026\/01\/14\/cotrim-de-figueiredo-diz-desconhecer-denuncias-de-assedio-que-circulavam-na-il\/","url":"https:\/\/portaltela.pt\/noticias\/2026\/01\/14\/cotrim-de-figueiredo-diz-desconhecer-denuncias-de-assedio-que-circulavam-na-il\/","name":"Cotrim de Figueiredo diz desconhecer den\u00fancias de ass\u00e9dio que circulavam na IL - Portal Tela Portugal","isPartOf":{"@id":"https:\/\/portaltela.pt\/#website"},"primaryImageOfPage":{"@id":"https:\/\/portaltela.pt\/noticias\/2026\/01\/14\/cotrim-de-figueiredo-diz-desconhecer-denuncias-de-assedio-que-circulavam-na-il\/#primaryimage"},"image":{"@id":"https:\/\/portaltela.pt\/noticias\/2026\/01\/14\/cotrim-de-figueiredo-diz-desconhecer-denuncias-de-assedio-que-circulavam-na-il\/#primaryimage"},"thumbnailUrl":"https:\/\/portaltela.pt\/s.01k8rhncp4jt1\/2026\/01\/unnamed-file-2981.jpg","datePublished":"2026-01-14T15:34:49+00:00","author":{"@id":"https:\/\/portaltela.pt\/#\/schema\/person\/c4278d4a6028830caff9ee44b42d32ed"},"breadcrumb":{"@id":"https:\/\/portaltela.pt\/noticias\/2026\/01\/14\/cotrim-de-figueiredo-diz-desconhecer-denuncias-de-assedio-que-circulavam-na-il\/#breadcrumb"},"inLanguage":"pt-PT","potentialAction":[{"@type":"ReadAction","target":["https:\/\/portaltela.pt\/noticias\/2026\/01\/14\/cotrim-de-figueiredo-diz-desconhecer-denuncias-de-assedio-que-circulavam-na-il\/"]}]},{"@type":"ImageObject","inLanguage":"pt-PT","@id":"https:\/\/portaltela.pt\/noticias\/2026\/01\/14\/cotrim-de-figueiredo-diz-desconhecer-denuncias-de-assedio-que-circulavam-na-il\/#primaryimage","url":"https:\/\/portaltela.pt\/s.01k8rhncp4jt1\/2026\/01\/unnamed-file-2981.jpg","contentUrl":"https:\/\/portaltela.pt\/s.01k8rhncp4jt1\/2026\/01\/unnamed-file-2981.jpg","width":796,"height":448,"caption":"Cotrim de Fligueiredo, IL"},{"@type":"BreadcrumbList","@id":"https:\/\/portaltela.pt\/noticias\/2026\/01\/14\/cotrim-de-figueiredo-diz-desconhecer-denuncias-de-assedio-que-circulavam-na-il\/#breadcrumb","itemListElement":[{"@type":"ListItem","position":1,"name":"In\u00edcio","item":"https:\/\/portaltela.pt\/"},{"@type":"ListItem","position":2,"name":"Cotrim de Figueiredo diz desconhecer den\u00fancias de ass\u00e9dio que circulavam na IL"}]},{"@type":"WebSite","@id":"https:\/\/portaltela.pt\/#website","url":"https:\/\/portaltela.pt\/","name":"Portal Tela Portugal","description":"","potentialAction":[{"@type":"SearchAction","target":{"@type":"EntryPoint","urlTemplate":"https:\/\/portaltela.pt\/?s={search_term_string}"},"query-input":{"@type":"PropertyValueSpecification","valueRequired":true,"valueName":"search_term_string"}}],"inLanguage":"pt-PT"},{"@type":"Person","@id":"https:\/\/portaltela.pt\/#\/schema\/person\/c4278d4a6028830caff9ee44b42d32ed","name":"Telinha","image":{"@type":"ImageObject","inLanguage":"pt-PT","@id":"https:\/\/portaltela.pt\/s.01k8rhncp4jt1\/2025\/11\/talking-bot-125x125.png","url":"https:\/\/portaltela.pt\/s.01k8rhncp4jt1\/2025\/11\/talking-bot-125x125.png","contentUrl":"https:\/\/portaltela.pt\/s.01k8rhncp4jt1\/2025\/11\/talking-bot-125x125.png","caption":"Telinha"},"sameAs":["https:\/\/portaltela.pt\/"],"url":"https:\/\/portaltela.pt\/por\/367410592786\/"}]}},"_links":{"self":[{"href":"https:\/\/portaltela.pt\/api\/wp\/v2\/posts\/141676","targetHints":{"allow":["GET"]}}],"collection":[{"href":"https:\/\/portaltela.pt\/api\/wp\/v2\/posts"}],"about":[{"href":"https:\/\/portaltela.pt\/api\/wp\/v2\/types\/post"}],"author":[{"embeddable":true,"href":"https:\/\/portaltela.pt\/api\/wp\/v2\/users\/2"}],"replies":[{"embeddable":true,"href":"https:\/\/portaltela.pt\/api\/wp\/v2\/comments?post=141676"}],"version-history":[{"count":0,"href":"https:\/\/portaltela.pt\/api\/wp\/v2\/posts\/141676\/revisions"}],"wp:featuredmedia":[{"embeddable":true,"href":"https:\/\/portaltela.pt\/api\/wp\/v2\/media\/141684"}],"wp:attachment":[{"href":"https:\/\/portaltela.pt\/api\/wp\/v2\/media?parent=141676"}],"wp:term":[{"taxonomy":"category","embeddable":true,"href":"https:\/\/portaltela.pt\/api\/wp\/v2\/categories?post=141676"},{"taxonomy":"post_tag","embeddable":true,"href":"https:\/\/portaltela.pt\/api\/wp\/v2\/tags?post=141676"}],"curies":[{"name":"wp","href":"https:\/\/api.w.org\/{rel}","templated":true}]}}