{"id":141645,"date":"2026-01-14T12:02:11","date_gmt":"2026-01-14T15:02:11","guid":{"rendered":"https:\/\/portaltela.pt\/noticias\/2026\/01\/14\/famalicao-90-das-pessoas-usam-viatura-propria\/"},"modified":"2026-01-14T12:02:11","modified_gmt":"2026-01-14T15:02:11","slug":"famalicao-90-das-pessoas-usam-viatura-propria","status":"publish","type":"post","link":"https:\/\/portaltela.pt\/noticias\/2026\/01\/14\/famalicao-90-das-pessoas-usam-viatura-propria\/","title":{"rendered":"Famalic\u00e3o: 90% das pessoas usam viatura pr\u00f3pria"},"content":{"rendered":"<p>Em Famalic\u00e3o, 90% das desloca\u00e7\u00f5es s\u00e3o feitas em viatura pr\u00f3pria, segundo dados de 2023 apresentados no podcast Mobi Boom, do Expresso. A cidade analisa o bilhete digital para guiar pol\u00edticas de mobilidade e qualidade de vida.<\/p>\n<p>O convidado foi V\u00edtor Moreira, presidente da C\u00e2mara Municipal, que defende a governa\u00e7\u00e3o baseada em dados para melhorar a vida urbana. O objetivo \u00e9 substituir perce\u00e7\u00f5es por evid\u00eancias na gest\u00e3o municipal.<\/p>\n<p>Na entrevista, destacou que o munic\u00edpio monitoriza em tempo real fluxos de tr\u00e2nsito, estado do estacionamento e perdas de \u00e1gua da rede p\u00fablica. Os sensores ajudam a conhecer a ocupa\u00e7\u00e3o e rotatividade dos parques.<\/p>\n<h3>Observat\u00f3rio Famalic\u00e3o<\/h3>\n<p>Moreira sublinhou que a transpar\u00eancia \u00e9 core na governa\u00e7\u00e3o. O Observat\u00f3rio Famalic\u00e3o disponibiliza milhares de dados demogr\u00e1ficos e de mobilidade a cidad\u00e3os, num portal p\u00fablico de acesso aberto.<\/p>\n<p>O relat\u00f3rio de 2023 indica seis \u00e1reas fundamentais para uma cidade inteligente: mobilidade, economia, ambiente, modos de vida, pessoas e governan\u00e7a. Famalic\u00e3o \u00e9, por isso, parte de uma rede regional SMART.<\/p>\n<p>Al\u00e9m disso, a cidade, como terceiro exportador nacional, enfrenta desafios de mobilidade. Em 2023 ocorreram cerca de 75 milh\u00f5es de viagens dentro do concelho e 23 milh\u00f5es entre concelhos, com 90% feitas em viatura pr\u00f3pria.<\/p>\n<h3>Medidas para reduzir depend\u00eancia de carro<\/h3>\n<p>Para contrariar essa tend\u00eancia, a rede p\u00fablica de transportes foi refor\u00e7ada, com um aumento de seis vezes, explica o autarca. A cidade tamb\u00e9m planeia plantar 100 mil \u00e1rvores at\u00e9 2030 para melhorar o ambiente urbano.<\/p>\n<p>V\u00edtor Moreira referiu que o progresso tecnol\u00f3gico ser\u00e1 transversal, variando conforme interesses locais e geografia. A regi\u00e3o de Famalic\u00e3o partilha experi\u00eancias com Barcelos, Esposende, Vieira do Minho, Vila Verde, Amares e Terras de Bouro.<\/p>\n","protected":false},"excerpt":{"rendered":"<ul>\n<li>Em 2023, o concelho de Famalic\u00e3o registou cerca de 75 milh\u00f5es de viagens dentro do munic\u00edpio e 23 milh\u00f5es de desloca\u00e7\u00f5es de\/para o exterior, com 90% em viatura pr\u00f3pria.<\/li>\n<li>O tema foi discutido no podcast Mobi Boom do Expresso, destacando a governa\u00e7\u00e3o baseada em dados para melhorar mobilidade, inova\u00e7\u00e3o e qualidade de vida.<\/li>\n<li>O diretor municipal, V\u00edtor Moreira, aponta seis \u00e1reas fundamentais de uma cidade inteligente: mobilidade, economia, ambiente, modos de vida, pessoas e governan\u00e7a.<\/li>\n<li>A monitoriza\u00e7\u00e3o em tempo real abrange tr\u00e2nsito, estacionamento e perdas de \u00e1gua, para apoiar decis\u00f5es r\u00e1pidas com base na realidade.<\/li>\n<li>O Observat\u00f3rio Famalic\u00e3o torna p\u00fablicos milhares de dados de demografia e mobilidade, e a colabora\u00e7\u00e3o com cidades vizinhas, incluindo Barcelos e Esposende, est\u00e1 a fortalecer a experi\u00eancia de territ\u00f3rios inteligentes.<\/li>\n<\/ul>\n","protected":false},"author":2,"featured_media":141653,"comment_status":"closed","ping_status":"closed","sticky":false,"template":"","format":"standard","meta":{"footnotes":""},"categories":[],"tags":[167,1274,2110,202,332,363],"class_list":["post-141645","post","type-post","status-publish","format-standard","has-post-thumbnail","hentry","tag-ambiente","tag-governanca","tag-mobilidade","tag-mobilidade-urbana-e-cidades-inteligentes","tag-transparencia","tag-transportes"],"yoast_head":"<!-- This site is optimized with the Yoast SEO plugin v27.2 - https:\/\/yoast.com\/product\/yoast-seo-wordpress\/ -->\n<title>Famalic\u00e3o: 90% das pessoas usam viatura pr\u00f3pria - Portal Tela Portugal<\/title>\n<meta name=\"robots\" content=\"index, follow, max-snippet:-1, max-image-preview:large, max-video-preview:-1\" \/>\n<meta property=\"og:locale\" content=\"pt_PT\" \/>\n<meta property=\"og:type\" content=\"article\" \/>\n<meta property=\"og:title\" content=\"Famalic\u00e3o: 90% das pessoas usam viatura pr\u00f3pria - Portal Tela Portugal\" \/>\n<meta property=\"og:description\" content=\"Em 2023, o concelho de Famalic\u00e3o registou cerca de 75 milh\u00f5es de viagens dentro do munic\u00edpio e 23 milh\u00f5es de desloca\u00e7\u00f5es de\/para o exterior, com 90% em viatura pr\u00f3pria. O tema foi discutido no podcast Mobi Boom do Expresso, destacando a governa\u00e7\u00e3o baseada em dados para melhorar mobilidade, inova\u00e7\u00e3o e qualidade de vida. O diretor municipal, V\u00edtor Moreira, aponta seis \u00e1reas fundamentais de uma cidade inteligente: mobilidade, economia, ambiente, modos de vida, pessoas e governan\u00e7a. A monitoriza\u00e7\u00e3o em tempo real abrange tr\u00e2nsito, estacionamento e perdas de \u00e1gua, para apoiar decis\u00f5es r\u00e1pidas com base na realidade. O Observat\u00f3rio Famalic\u00e3o torna p\u00fablicos milhares de dados de demografia e mobilidade, e a colabora\u00e7\u00e3o com cidades vizinhas, incluindo Barcelos e Esposende, est\u00e1 a fortalecer a experi\u00eancia de territ\u00f3rios inteligentes.\" \/>\n<meta property=\"og:url\" content=\"https:\/\/portaltela.pt\/noticias\/2026\/01\/14\/famalicao-90-das-pessoas-usam-viatura-propria\/\" \/>\n<meta property=\"og:site_name\" content=\"Portal Tela Portugal\" \/>\n<meta property=\"article:published_time\" content=\"2026-01-14T15:02:11+00:00\" \/>\n<meta name=\"author\" content=\"Telinha\" \/>\n<meta name=\"twitter:card\" content=\"summary_large_image\" \/>\n<meta name=\"twitter:label1\" content=\"Escrito por\" \/>\n\t<meta name=\"twitter:data1\" content=\"Telinha\" \/>\n\t<meta name=\"twitter:label2\" content=\"Tempo estimado de leitura\" \/>\n\t<meta name=\"twitter:data2\" content=\"2 minutos\" \/>\n<script type=\"application\/ld+json\" class=\"yoast-schema-graph\">{\"@context\":\"https:\/\/schema.org\",\"@graph\":[{\"@type\":\"Article\",\"@id\":\"https:\/\/portaltela.pt\/noticias\/2026\/01\/14\/famalicao-90-das-pessoas-usam-viatura-propria\/#article\",\"isPartOf\":{\"@id\":\"https:\/\/portaltela.pt\/noticias\/2026\/01\/14\/famalicao-90-das-pessoas-usam-viatura-propria\/\"},\"author\":{\"name\":\"Telinha\",\"@id\":\"https:\/\/portaltela.pt\/#\/schema\/person\/c4278d4a6028830caff9ee44b42d32ed\"},\"headline\":\"Famalic\u00e3o: 90% das pessoas usam viatura pr\u00f3pria\",\"datePublished\":\"2026-01-14T15:02:11+00:00\",\"mainEntityOfPage\":{\"@id\":\"https:\/\/portaltela.pt\/noticias\/2026\/01\/14\/famalicao-90-das-pessoas-usam-viatura-propria\/\"},\"wordCount\":309,\"image\":{\"@id\":\"https:\/\/portaltela.pt\/noticias\/2026\/01\/14\/famalicao-90-das-pessoas-usam-viatura-propria\/#primaryimage\"},\"thumbnailUrl\":\"https:\/\/portaltela.pt\/s.01k8rhncp4jt1\/2026\/01\/unnamed-file-2980.jpg\",\"keywords\":[\"ambiente\",\"governan\u00e7a\",\"mobilidade\",\"Mobilidade Urbana e Cidades Inteligentes\",\"transpar\u00eancia\",\"transportes\"],\"inLanguage\":\"pt-PT\"},{\"@type\":\"WebPage\",\"@id\":\"https:\/\/portaltela.pt\/noticias\/2026\/01\/14\/famalicao-90-das-pessoas-usam-viatura-propria\/\",\"url\":\"https:\/\/portaltela.pt\/noticias\/2026\/01\/14\/famalicao-90-das-pessoas-usam-viatura-propria\/\",\"name\":\"Famalic\u00e3o: 90% das pessoas usam viatura pr\u00f3pria - Portal Tela Portugal\",\"isPartOf\":{\"@id\":\"https:\/\/portaltela.pt\/#website\"},\"primaryImageOfPage\":{\"@id\":\"https:\/\/portaltela.pt\/noticias\/2026\/01\/14\/famalicao-90-das-pessoas-usam-viatura-propria\/#primaryimage\"},\"image\":{\"@id\":\"https:\/\/portaltela.pt\/noticias\/2026\/01\/14\/famalicao-90-das-pessoas-usam-viatura-propria\/#primaryimage\"},\"thumbnailUrl\":\"https:\/\/portaltela.pt\/s.01k8rhncp4jt1\/2026\/01\/unnamed-file-2980.jpg\",\"datePublished\":\"2026-01-14T15:02:11+00:00\",\"author\":{\"@id\":\"https:\/\/portaltela.pt\/#\/schema\/person\/c4278d4a6028830caff9ee44b42d32ed\"},\"breadcrumb\":{\"@id\":\"https:\/\/portaltela.pt\/noticias\/2026\/01\/14\/famalicao-90-das-pessoas-usam-viatura-propria\/#breadcrumb\"},\"inLanguage\":\"pt-PT\",\"potentialAction\":[{\"@type\":\"ReadAction\",\"target\":[\"https:\/\/portaltela.pt\/noticias\/2026\/01\/14\/famalicao-90-das-pessoas-usam-viatura-propria\/\"]}]},{\"@type\":\"ImageObject\",\"inLanguage\":\"pt-PT\",\"@id\":\"https:\/\/portaltela.pt\/noticias\/2026\/01\/14\/famalicao-90-das-pessoas-usam-viatura-propria\/#primaryimage\",\"url\":\"https:\/\/portaltela.pt\/s.01k8rhncp4jt1\/2026\/01\/unnamed-file-2980.jpg\",\"contentUrl\":\"https:\/\/portaltela.pt\/s.01k8rhncp4jt1\/2026\/01\/unnamed-file-2980.jpg\",\"width\":796,\"height\":448,\"caption\":\"Em Famalic\u00e3o, 90% das pessoas usam viatura pr\u00f3pria\"},{\"@type\":\"BreadcrumbList\",\"@id\":\"https:\/\/portaltela.pt\/noticias\/2026\/01\/14\/famalicao-90-das-pessoas-usam-viatura-propria\/#breadcrumb\",\"itemListElement\":[{\"@type\":\"ListItem\",\"position\":1,\"name\":\"In\u00edcio\",\"item\":\"https:\/\/portaltela.pt\/\"},{\"@type\":\"ListItem\",\"position\":2,\"name\":\"Famalic\u00e3o: 90% das pessoas usam viatura pr\u00f3pria\"}]},{\"@type\":\"WebSite\",\"@id\":\"https:\/\/portaltela.pt\/#website\",\"url\":\"https:\/\/portaltela.pt\/\",\"name\":\"Portal Tela Portugal\",\"description\":\"\",\"potentialAction\":[{\"@type\":\"SearchAction\",\"target\":{\"@type\":\"EntryPoint\",\"urlTemplate\":\"https:\/\/portaltela.pt\/?s={search_term_string}\"},\"query-input\":{\"@type\":\"PropertyValueSpecification\",\"valueRequired\":true,\"valueName\":\"search_term_string\"}}],\"inLanguage\":\"pt-PT\"},{\"@type\":\"Person\",\"@id\":\"https:\/\/portaltela.pt\/#\/schema\/person\/c4278d4a6028830caff9ee44b42d32ed\",\"name\":\"Telinha\",\"image\":{\"@type\":\"ImageObject\",\"inLanguage\":\"pt-PT\",\"@id\":\"https:\/\/portaltela.pt\/s.01k8rhncp4jt1\/2025\/11\/talking-bot-125x125.png\",\"url\":\"https:\/\/portaltela.pt\/s.01k8rhncp4jt1\/2025\/11\/talking-bot-125x125.png\",\"contentUrl\":\"https:\/\/portaltela.pt\/s.01k8rhncp4jt1\/2025\/11\/talking-bot-125x125.png\",\"caption\":\"Telinha\"},\"sameAs\":[\"https:\/\/portaltela.pt\/\"],\"url\":\"https:\/\/portaltela.pt\/por\/367410592786\/\"}]}<\/script>\n<!-- \/ Yoast SEO plugin. -->","yoast_head_json":{"title":"Famalic\u00e3o: 90% das pessoas usam viatura pr\u00f3pria - Portal Tela Portugal","robots":{"index":"index","follow":"follow","max-snippet":"max-snippet:-1","max-image-preview":"max-image-preview:large","max-video-preview":"max-video-preview:-1"},"og_locale":"pt_PT","og_type":"article","og_title":"Famalic\u00e3o: 90% das pessoas usam viatura pr\u00f3pria - Portal Tela Portugal","og_description":"Em 2023, o concelho de Famalic\u00e3o registou cerca de 75 milh\u00f5es de viagens dentro do munic\u00edpio e 23 milh\u00f5es de desloca\u00e7\u00f5es de\/para o exterior, com 90% em viatura pr\u00f3pria. O tema foi discutido no podcast Mobi Boom do Expresso, destacando a governa\u00e7\u00e3o baseada em dados para melhorar mobilidade, inova\u00e7\u00e3o e qualidade de vida. O diretor municipal, V\u00edtor Moreira, aponta seis \u00e1reas fundamentais de uma cidade inteligente: mobilidade, economia, ambiente, modos de vida, pessoas e governan\u00e7a. A monitoriza\u00e7\u00e3o em tempo real abrange tr\u00e2nsito, estacionamento e perdas de \u00e1gua, para apoiar decis\u00f5es r\u00e1pidas com base na realidade. O Observat\u00f3rio Famalic\u00e3o torna p\u00fablicos milhares de dados de demografia e mobilidade, e a colabora\u00e7\u00e3o com cidades vizinhas, incluindo Barcelos e Esposende, est\u00e1 a fortalecer a experi\u00eancia de territ\u00f3rios inteligentes.","og_url":"https:\/\/portaltela.pt\/noticias\/2026\/01\/14\/famalicao-90-das-pessoas-usam-viatura-propria\/","og_site_name":"Portal Tela Portugal","article_published_time":"2026-01-14T15:02:11+00:00","author":"Telinha","twitter_card":"summary_large_image","twitter_misc":{"Escrito por":"Telinha","Tempo estimado de leitura":"2 minutos"},"schema":{"@context":"https:\/\/schema.org","@graph":[{"@type":"Article","@id":"https:\/\/portaltela.pt\/noticias\/2026\/01\/14\/famalicao-90-das-pessoas-usam-viatura-propria\/#article","isPartOf":{"@id":"https:\/\/portaltela.pt\/noticias\/2026\/01\/14\/famalicao-90-das-pessoas-usam-viatura-propria\/"},"author":{"name":"Telinha","@id":"https:\/\/portaltela.pt\/#\/schema\/person\/c4278d4a6028830caff9ee44b42d32ed"},"headline":"Famalic\u00e3o: 90% das pessoas usam viatura pr\u00f3pria","datePublished":"2026-01-14T15:02:11+00:00","mainEntityOfPage":{"@id":"https:\/\/portaltela.pt\/noticias\/2026\/01\/14\/famalicao-90-das-pessoas-usam-viatura-propria\/"},"wordCount":309,"image":{"@id":"https:\/\/portaltela.pt\/noticias\/2026\/01\/14\/famalicao-90-das-pessoas-usam-viatura-propria\/#primaryimage"},"thumbnailUrl":"https:\/\/portaltela.pt\/s.01k8rhncp4jt1\/2026\/01\/unnamed-file-2980.jpg","keywords":["ambiente","governan\u00e7a","mobilidade","Mobilidade Urbana e Cidades Inteligentes","transpar\u00eancia","transportes"],"inLanguage":"pt-PT"},{"@type":"WebPage","@id":"https:\/\/portaltela.pt\/noticias\/2026\/01\/14\/famalicao-90-das-pessoas-usam-viatura-propria\/","url":"https:\/\/portaltela.pt\/noticias\/2026\/01\/14\/famalicao-90-das-pessoas-usam-viatura-propria\/","name":"Famalic\u00e3o: 90% das pessoas usam viatura pr\u00f3pria - Portal Tela Portugal","isPartOf":{"@id":"https:\/\/portaltela.pt\/#website"},"primaryImageOfPage":{"@id":"https:\/\/portaltela.pt\/noticias\/2026\/01\/14\/famalicao-90-das-pessoas-usam-viatura-propria\/#primaryimage"},"image":{"@id":"https:\/\/portaltela.pt\/noticias\/2026\/01\/14\/famalicao-90-das-pessoas-usam-viatura-propria\/#primaryimage"},"thumbnailUrl":"https:\/\/portaltela.pt\/s.01k8rhncp4jt1\/2026\/01\/unnamed-file-2980.jpg","datePublished":"2026-01-14T15:02:11+00:00","author":{"@id":"https:\/\/portaltela.pt\/#\/schema\/person\/c4278d4a6028830caff9ee44b42d32ed"},"breadcrumb":{"@id":"https:\/\/portaltela.pt\/noticias\/2026\/01\/14\/famalicao-90-das-pessoas-usam-viatura-propria\/#breadcrumb"},"inLanguage":"pt-PT","potentialAction":[{"@type":"ReadAction","target":["https:\/\/portaltela.pt\/noticias\/2026\/01\/14\/famalicao-90-das-pessoas-usam-viatura-propria\/"]}]},{"@type":"ImageObject","inLanguage":"pt-PT","@id":"https:\/\/portaltela.pt\/noticias\/2026\/01\/14\/famalicao-90-das-pessoas-usam-viatura-propria\/#primaryimage","url":"https:\/\/portaltela.pt\/s.01k8rhncp4jt1\/2026\/01\/unnamed-file-2980.jpg","contentUrl":"https:\/\/portaltela.pt\/s.01k8rhncp4jt1\/2026\/01\/unnamed-file-2980.jpg","width":796,"height":448,"caption":"Em Famalic\u00e3o, 90% das pessoas usam viatura pr\u00f3pria"},{"@type":"BreadcrumbList","@id":"https:\/\/portaltela.pt\/noticias\/2026\/01\/14\/famalicao-90-das-pessoas-usam-viatura-propria\/#breadcrumb","itemListElement":[{"@type":"ListItem","position":1,"name":"In\u00edcio","item":"https:\/\/portaltela.pt\/"},{"@type":"ListItem","position":2,"name":"Famalic\u00e3o: 90% das pessoas usam viatura pr\u00f3pria"}]},{"@type":"WebSite","@id":"https:\/\/portaltela.pt\/#website","url":"https:\/\/portaltela.pt\/","name":"Portal Tela Portugal","description":"","potentialAction":[{"@type":"SearchAction","target":{"@type":"EntryPoint","urlTemplate":"https:\/\/portaltela.pt\/?s={search_term_string}"},"query-input":{"@type":"PropertyValueSpecification","valueRequired":true,"valueName":"search_term_string"}}],"inLanguage":"pt-PT"},{"@type":"Person","@id":"https:\/\/portaltela.pt\/#\/schema\/person\/c4278d4a6028830caff9ee44b42d32ed","name":"Telinha","image":{"@type":"ImageObject","inLanguage":"pt-PT","@id":"https:\/\/portaltela.pt\/s.01k8rhncp4jt1\/2025\/11\/talking-bot-125x125.png","url":"https:\/\/portaltela.pt\/s.01k8rhncp4jt1\/2025\/11\/talking-bot-125x125.png","contentUrl":"https:\/\/portaltela.pt\/s.01k8rhncp4jt1\/2025\/11\/talking-bot-125x125.png","caption":"Telinha"},"sameAs":["https:\/\/portaltela.pt\/"],"url":"https:\/\/portaltela.pt\/por\/367410592786\/"}]}},"_links":{"self":[{"href":"https:\/\/portaltela.pt\/api\/wp\/v2\/posts\/141645","targetHints":{"allow":["GET"]}}],"collection":[{"href":"https:\/\/portaltela.pt\/api\/wp\/v2\/posts"}],"about":[{"href":"https:\/\/portaltela.pt\/api\/wp\/v2\/types\/post"}],"author":[{"embeddable":true,"href":"https:\/\/portaltela.pt\/api\/wp\/v2\/users\/2"}],"replies":[{"embeddable":true,"href":"https:\/\/portaltela.pt\/api\/wp\/v2\/comments?post=141645"}],"version-history":[{"count":0,"href":"https:\/\/portaltela.pt\/api\/wp\/v2\/posts\/141645\/revisions"}],"wp:featuredmedia":[{"embeddable":true,"href":"https:\/\/portaltela.pt\/api\/wp\/v2\/media\/141653"}],"wp:attachment":[{"href":"https:\/\/portaltela.pt\/api\/wp\/v2\/media?parent=141645"}],"wp:term":[{"taxonomy":"category","embeddable":true,"href":"https:\/\/portaltela.pt\/api\/wp\/v2\/categories?post=141645"},{"taxonomy":"post_tag","embeddable":true,"href":"https:\/\/portaltela.pt\/api\/wp\/v2\/tags?post=141645"}],"curies":[{"name":"wp","href":"https:\/\/api.w.org\/{rel}","templated":true}]}}