{"id":141592,"date":"2026-01-14T11:58:00","date_gmt":"2026-01-14T14:58:00","guid":{"rendered":"https:\/\/portaltela.pt\/noticias\/2026\/01\/14\/novidades-da-tap-para-voar-a-partir-do-porto\/"},"modified":"2026-01-14T11:58:00","modified_gmt":"2026-01-14T14:58:00","slug":"novidades-da-tap-para-voar-a-partir-do-porto","status":"publish","type":"post","link":"https:\/\/portaltela.pt\/noticias\/2026\/01\/14\/novidades-da-tap-para-voar-a-partir-do-porto\/","title":{"rendered":"Novidades da TAP para voar a partir do Porto"},"content":{"rendered":"<p>A TAP Air Portugal anunciou um conjunto de novidades para o Porto. A temporada de inverno come\u00e7a com 135 voos diretos por semana a partir do Aeroporto Francisco S\u00e1 Carneiro, no Porto. Entre as novidades est\u00e3o novas rotas para Terceira e Praia, al\u00e9m de liga\u00e7\u00f5es para Telavive. A liga\u00e7\u00e3o a Boston passa a operar durante todo o ano.<\/p>\n<p>As rotas com in\u00edcio em 1 de julho incluem Terceira, nos A\u00e7ores, e Praia, em Cabo Verde, com tr\u00eas voos semanais cada uma. Telavive ter\u00e1 quatro liga\u00e7\u00f5es semanais. A TAP mant\u00e9m a Porto-Boston como servi\u00e7o anual, sem sazonalidade.<\/p>\n<p>No total, h\u00e1 13 destinos intercontinentais entre os voos do Porto, incluindo Rio de Janeiro, S\u00e3o Paulo, Nova Iorque e Luanda. A empresa aponta que o plano para os pr\u00f3ximos tr\u00eas anos prev\u00ea mais rotas intercontinentais e aumento da frequ\u00eancia em rotas existentes.<\/p>\n<h3>Hub de Manuten\u00e7\u00e3o e Engenharia no Porto<\/h3>\n<p>A TAP vai abrir um novo Hub de Manuten\u00e7\u00e3o e Engenharia no S\u00e1 Carneiro, com capacidade para duas aeronaves A321. A conclus\u00e3o est\u00e1 prevista para 2028. O projeto visa internalizar grandes inspe\u00e7\u00f5es da frota, reduzir custos e criar cerca de 200 postos de trabalho especializados. O CEO Lu\u00eds Rodrigues afirma que a TAP est\u00e1 com o Norte, como nunca esteve.<\/p>\n","protected":false},"excerpt":{"rendered":"<ul>\n<li>No inverno, a TAP prev\u00ea 135 voos diretos por semana a partir do Aeroporto Francisco S\u00e1 Carneiro, no Porto.<\/li>\n<li>A partir de 1 de julho entram novas rotas para a ilha Terceira, nos A\u00e7ores, e para a Cidade da Praia, em Cabo Verde, cada uma com tr\u00eas voos semanais.<\/li>\n<li>A TAP passa a operar um voo para Telavive, em Israel, com quatro liga\u00e7\u00f5es semanais.<\/li>\n<li>A liga\u00e7\u00e3o Porto \u2013 Boston deixa de ser sazonal e passa a funcionar ao longo de todo o ano.<\/li>\n<li>Vai nascer um Hub de Manuten\u00e7\u00e3o e Engenharia no S\u00e1 Carneiro, com capacidade para duas aeronaves A321, com conclus\u00e3o prevista para 2028, gerando cerca de 200 empregos especializados.<\/li>\n<\/ul>\n","protected":false},"author":2,"featured_media":141603,"comment_status":"closed","ping_status":"closed","sticky":false,"template":"","format":"standard","meta":{"footnotes":""},"categories":[1],"tags":[822,81,2721,982,2871,2789],"class_list":["post-141592","post","type-post","status-publish","format-standard","has-post-thumbnail","hentry","category-noticias","tag-acores","tag-internacionais","tag-luanda","tag-porto","tag-telavive","tag-terceira"],"yoast_head":"<!-- This site is optimized with the Yoast SEO plugin v27.2 - https:\/\/yoast.com\/product\/yoast-seo-wordpress\/ -->\n<title>Novidades da TAP para voar a partir do Porto - Portal Tela Portugal<\/title>\n<meta name=\"robots\" content=\"index, follow, max-snippet:-1, max-image-preview:large, max-video-preview:-1\" \/>\n<meta property=\"og:locale\" content=\"pt_PT\" \/>\n<meta property=\"og:type\" content=\"article\" \/>\n<meta property=\"og:title\" content=\"Novidades da TAP para voar a partir do Porto - Portal Tela Portugal\" \/>\n<meta property=\"og:description\" content=\"No inverno, a TAP prev\u00ea 135 voos diretos por semana a partir do Aeroporto Francisco S\u00e1 Carneiro, no Porto. A partir de 1 de julho entram novas rotas para a ilha Terceira, nos A\u00e7ores, e para a Cidade da Praia, em Cabo Verde, cada uma com tr\u00eas voos semanais. A TAP passa a operar um voo para Telavive, em Israel, com quatro liga\u00e7\u00f5es semanais. A liga\u00e7\u00e3o Porto \u2013 Boston deixa de ser sazonal e passa a funcionar ao longo de todo o ano. Vai nascer um Hub de Manuten\u00e7\u00e3o e Engenharia no S\u00e1 Carneiro, com capacidade para duas aeronaves A321, com conclus\u00e3o prevista para 2028, gerando cerca de 200 empregos especializados.\" \/>\n<meta property=\"og:url\" content=\"https:\/\/portaltela.pt\/noticias\/2026\/01\/14\/novidades-da-tap-para-voar-a-partir-do-porto\/\" \/>\n<meta property=\"og:site_name\" content=\"Portal Tela Portugal\" \/>\n<meta property=\"article:published_time\" content=\"2026-01-14T14:58:00+00:00\" \/>\n<meta name=\"author\" content=\"Telinha\" \/>\n<meta name=\"twitter:card\" content=\"summary_large_image\" \/>\n<meta name=\"twitter:label1\" content=\"Escrito por\" \/>\n\t<meta name=\"twitter:data1\" content=\"Telinha\" \/>\n\t<meta name=\"twitter:label2\" content=\"Tempo estimado de leitura\" \/>\n\t<meta name=\"twitter:data2\" content=\"1 minuto\" \/>\n<script type=\"application\/ld+json\" class=\"yoast-schema-graph\">{\"@context\":\"https:\/\/schema.org\",\"@graph\":[{\"@type\":\"Article\",\"@id\":\"https:\/\/portaltela.pt\/noticias\/2026\/01\/14\/novidades-da-tap-para-voar-a-partir-do-porto\/#article\",\"isPartOf\":{\"@id\":\"https:\/\/portaltela.pt\/noticias\/2026\/01\/14\/novidades-da-tap-para-voar-a-partir-do-porto\/\"},\"author\":{\"name\":\"Telinha\",\"@id\":\"https:\/\/portaltela.pt\/#\/schema\/person\/c4278d4a6028830caff9ee44b42d32ed\"},\"headline\":\"Novidades da TAP para voar a partir do Porto\",\"datePublished\":\"2026-01-14T14:58:00+00:00\",\"mainEntityOfPage\":{\"@id\":\"https:\/\/portaltela.pt\/noticias\/2026\/01\/14\/novidades-da-tap-para-voar-a-partir-do-porto\/\"},\"wordCount\":230,\"image\":{\"@id\":\"https:\/\/portaltela.pt\/noticias\/2026\/01\/14\/novidades-da-tap-para-voar-a-partir-do-porto\/#primaryimage\"},\"thumbnailUrl\":\"https:\/\/portaltela.pt\/s.01k8rhncp4jt1\/2026\/01\/image-870.jpg\",\"keywords\":[\"A\u00e7ores\",\"internacionais\",\"Luanda\",\"Porto\",\"Telavive\",\"Terceira\"],\"articleSection\":[\"Not\u00edcias\"],\"inLanguage\":\"pt-PT\"},{\"@type\":\"WebPage\",\"@id\":\"https:\/\/portaltela.pt\/noticias\/2026\/01\/14\/novidades-da-tap-para-voar-a-partir-do-porto\/\",\"url\":\"https:\/\/portaltela.pt\/noticias\/2026\/01\/14\/novidades-da-tap-para-voar-a-partir-do-porto\/\",\"name\":\"Novidades da TAP para voar a partir do Porto - Portal Tela Portugal\",\"isPartOf\":{\"@id\":\"https:\/\/portaltela.pt\/#website\"},\"primaryImageOfPage\":{\"@id\":\"https:\/\/portaltela.pt\/noticias\/2026\/01\/14\/novidades-da-tap-para-voar-a-partir-do-porto\/#primaryimage\"},\"image\":{\"@id\":\"https:\/\/portaltela.pt\/noticias\/2026\/01\/14\/novidades-da-tap-para-voar-a-partir-do-porto\/#primaryimage\"},\"thumbnailUrl\":\"https:\/\/portaltela.pt\/s.01k8rhncp4jt1\/2026\/01\/image-870.jpg\",\"datePublished\":\"2026-01-14T14:58:00+00:00\",\"author\":{\"@id\":\"https:\/\/portaltela.pt\/#\/schema\/person\/c4278d4a6028830caff9ee44b42d32ed\"},\"breadcrumb\":{\"@id\":\"https:\/\/portaltela.pt\/noticias\/2026\/01\/14\/novidades-da-tap-para-voar-a-partir-do-porto\/#breadcrumb\"},\"inLanguage\":\"pt-PT\",\"potentialAction\":[{\"@type\":\"ReadAction\",\"target\":[\"https:\/\/portaltela.pt\/noticias\/2026\/01\/14\/novidades-da-tap-para-voar-a-partir-do-porto\/\"]}]},{\"@type\":\"ImageObject\",\"inLanguage\":\"pt-PT\",\"@id\":\"https:\/\/portaltela.pt\/noticias\/2026\/01\/14\/novidades-da-tap-para-voar-a-partir-do-porto\/#primaryimage\",\"url\":\"https:\/\/portaltela.pt\/s.01k8rhncp4jt1\/2026\/01\/image-870.jpg\",\"contentUrl\":\"https:\/\/portaltela.pt\/s.01k8rhncp4jt1\/2026\/01\/image-870.jpg\",\"width\":796,\"height\":448,\"caption\":\"Para este inverno, a TAP tem previstos 135 voos diretos com partida do Aeroporto S\u00e1 Carneiro\"},{\"@type\":\"BreadcrumbList\",\"@id\":\"https:\/\/portaltela.pt\/noticias\/2026\/01\/14\/novidades-da-tap-para-voar-a-partir-do-porto\/#breadcrumb\",\"itemListElement\":[{\"@type\":\"ListItem\",\"position\":1,\"name\":\"In\u00edcio\",\"item\":\"https:\/\/portaltela.pt\/\"},{\"@type\":\"ListItem\",\"position\":2,\"name\":\"Novidades da TAP para voar a partir do Porto\"}]},{\"@type\":\"WebSite\",\"@id\":\"https:\/\/portaltela.pt\/#website\",\"url\":\"https:\/\/portaltela.pt\/\",\"name\":\"Portal Tela Portugal\",\"description\":\"\",\"potentialAction\":[{\"@type\":\"SearchAction\",\"target\":{\"@type\":\"EntryPoint\",\"urlTemplate\":\"https:\/\/portaltela.pt\/?s={search_term_string}\"},\"query-input\":{\"@type\":\"PropertyValueSpecification\",\"valueRequired\":true,\"valueName\":\"search_term_string\"}}],\"inLanguage\":\"pt-PT\"},{\"@type\":\"Person\",\"@id\":\"https:\/\/portaltela.pt\/#\/schema\/person\/c4278d4a6028830caff9ee44b42d32ed\",\"name\":\"Telinha\",\"image\":{\"@type\":\"ImageObject\",\"inLanguage\":\"pt-PT\",\"@id\":\"https:\/\/portaltela.pt\/s.01k8rhncp4jt1\/2025\/11\/talking-bot-125x125.png\",\"url\":\"https:\/\/portaltela.pt\/s.01k8rhncp4jt1\/2025\/11\/talking-bot-125x125.png\",\"contentUrl\":\"https:\/\/portaltela.pt\/s.01k8rhncp4jt1\/2025\/11\/talking-bot-125x125.png\",\"caption\":\"Telinha\"},\"sameAs\":[\"https:\/\/portaltela.pt\/\"],\"url\":\"https:\/\/portaltela.pt\/por\/367410592786\/\"}]}<\/script>\n<!-- \/ Yoast SEO plugin. -->","yoast_head_json":{"title":"Novidades da TAP para voar a partir do Porto - Portal Tela Portugal","robots":{"index":"index","follow":"follow","max-snippet":"max-snippet:-1","max-image-preview":"max-image-preview:large","max-video-preview":"max-video-preview:-1"},"og_locale":"pt_PT","og_type":"article","og_title":"Novidades da TAP para voar a partir do Porto - Portal Tela Portugal","og_description":"No inverno, a TAP prev\u00ea 135 voos diretos por semana a partir do Aeroporto Francisco S\u00e1 Carneiro, no Porto. A partir de 1 de julho entram novas rotas para a ilha Terceira, nos A\u00e7ores, e para a Cidade da Praia, em Cabo Verde, cada uma com tr\u00eas voos semanais. A TAP passa a operar um voo para Telavive, em Israel, com quatro liga\u00e7\u00f5es semanais. A liga\u00e7\u00e3o Porto \u2013 Boston deixa de ser sazonal e passa a funcionar ao longo de todo o ano. Vai nascer um Hub de Manuten\u00e7\u00e3o e Engenharia no S\u00e1 Carneiro, com capacidade para duas aeronaves A321, com conclus\u00e3o prevista para 2028, gerando cerca de 200 empregos especializados.","og_url":"https:\/\/portaltela.pt\/noticias\/2026\/01\/14\/novidades-da-tap-para-voar-a-partir-do-porto\/","og_site_name":"Portal Tela Portugal","article_published_time":"2026-01-14T14:58:00+00:00","author":"Telinha","twitter_card":"summary_large_image","twitter_misc":{"Escrito por":"Telinha","Tempo estimado de leitura":"1 minuto"},"schema":{"@context":"https:\/\/schema.org","@graph":[{"@type":"Article","@id":"https:\/\/portaltela.pt\/noticias\/2026\/01\/14\/novidades-da-tap-para-voar-a-partir-do-porto\/#article","isPartOf":{"@id":"https:\/\/portaltela.pt\/noticias\/2026\/01\/14\/novidades-da-tap-para-voar-a-partir-do-porto\/"},"author":{"name":"Telinha","@id":"https:\/\/portaltela.pt\/#\/schema\/person\/c4278d4a6028830caff9ee44b42d32ed"},"headline":"Novidades da TAP para voar a partir do Porto","datePublished":"2026-01-14T14:58:00+00:00","mainEntityOfPage":{"@id":"https:\/\/portaltela.pt\/noticias\/2026\/01\/14\/novidades-da-tap-para-voar-a-partir-do-porto\/"},"wordCount":230,"image":{"@id":"https:\/\/portaltela.pt\/noticias\/2026\/01\/14\/novidades-da-tap-para-voar-a-partir-do-porto\/#primaryimage"},"thumbnailUrl":"https:\/\/portaltela.pt\/s.01k8rhncp4jt1\/2026\/01\/image-870.jpg","keywords":["A\u00e7ores","internacionais","Luanda","Porto","Telavive","Terceira"],"articleSection":["Not\u00edcias"],"inLanguage":"pt-PT"},{"@type":"WebPage","@id":"https:\/\/portaltela.pt\/noticias\/2026\/01\/14\/novidades-da-tap-para-voar-a-partir-do-porto\/","url":"https:\/\/portaltela.pt\/noticias\/2026\/01\/14\/novidades-da-tap-para-voar-a-partir-do-porto\/","name":"Novidades da TAP para voar a partir do Porto - Portal Tela Portugal","isPartOf":{"@id":"https:\/\/portaltela.pt\/#website"},"primaryImageOfPage":{"@id":"https:\/\/portaltela.pt\/noticias\/2026\/01\/14\/novidades-da-tap-para-voar-a-partir-do-porto\/#primaryimage"},"image":{"@id":"https:\/\/portaltela.pt\/noticias\/2026\/01\/14\/novidades-da-tap-para-voar-a-partir-do-porto\/#primaryimage"},"thumbnailUrl":"https:\/\/portaltela.pt\/s.01k8rhncp4jt1\/2026\/01\/image-870.jpg","datePublished":"2026-01-14T14:58:00+00:00","author":{"@id":"https:\/\/portaltela.pt\/#\/schema\/person\/c4278d4a6028830caff9ee44b42d32ed"},"breadcrumb":{"@id":"https:\/\/portaltela.pt\/noticias\/2026\/01\/14\/novidades-da-tap-para-voar-a-partir-do-porto\/#breadcrumb"},"inLanguage":"pt-PT","potentialAction":[{"@type":"ReadAction","target":["https:\/\/portaltela.pt\/noticias\/2026\/01\/14\/novidades-da-tap-para-voar-a-partir-do-porto\/"]}]},{"@type":"ImageObject","inLanguage":"pt-PT","@id":"https:\/\/portaltela.pt\/noticias\/2026\/01\/14\/novidades-da-tap-para-voar-a-partir-do-porto\/#primaryimage","url":"https:\/\/portaltela.pt\/s.01k8rhncp4jt1\/2026\/01\/image-870.jpg","contentUrl":"https:\/\/portaltela.pt\/s.01k8rhncp4jt1\/2026\/01\/image-870.jpg","width":796,"height":448,"caption":"Para este inverno, a TAP tem previstos 135 voos diretos com partida do Aeroporto S\u00e1 Carneiro"},{"@type":"BreadcrumbList","@id":"https:\/\/portaltela.pt\/noticias\/2026\/01\/14\/novidades-da-tap-para-voar-a-partir-do-porto\/#breadcrumb","itemListElement":[{"@type":"ListItem","position":1,"name":"In\u00edcio","item":"https:\/\/portaltela.pt\/"},{"@type":"ListItem","position":2,"name":"Novidades da TAP para voar a partir do Porto"}]},{"@type":"WebSite","@id":"https:\/\/portaltela.pt\/#website","url":"https:\/\/portaltela.pt\/","name":"Portal Tela Portugal","description":"","potentialAction":[{"@type":"SearchAction","target":{"@type":"EntryPoint","urlTemplate":"https:\/\/portaltela.pt\/?s={search_term_string}"},"query-input":{"@type":"PropertyValueSpecification","valueRequired":true,"valueName":"search_term_string"}}],"inLanguage":"pt-PT"},{"@type":"Person","@id":"https:\/\/portaltela.pt\/#\/schema\/person\/c4278d4a6028830caff9ee44b42d32ed","name":"Telinha","image":{"@type":"ImageObject","inLanguage":"pt-PT","@id":"https:\/\/portaltela.pt\/s.01k8rhncp4jt1\/2025\/11\/talking-bot-125x125.png","url":"https:\/\/portaltela.pt\/s.01k8rhncp4jt1\/2025\/11\/talking-bot-125x125.png","contentUrl":"https:\/\/portaltela.pt\/s.01k8rhncp4jt1\/2025\/11\/talking-bot-125x125.png","caption":"Telinha"},"sameAs":["https:\/\/portaltela.pt\/"],"url":"https:\/\/portaltela.pt\/por\/367410592786\/"}]}},"_links":{"self":[{"href":"https:\/\/portaltela.pt\/api\/wp\/v2\/posts\/141592","targetHints":{"allow":["GET"]}}],"collection":[{"href":"https:\/\/portaltela.pt\/api\/wp\/v2\/posts"}],"about":[{"href":"https:\/\/portaltela.pt\/api\/wp\/v2\/types\/post"}],"author":[{"embeddable":true,"href":"https:\/\/portaltela.pt\/api\/wp\/v2\/users\/2"}],"replies":[{"embeddable":true,"href":"https:\/\/portaltela.pt\/api\/wp\/v2\/comments?post=141592"}],"version-history":[{"count":0,"href":"https:\/\/portaltela.pt\/api\/wp\/v2\/posts\/141592\/revisions"}],"wp:featuredmedia":[{"embeddable":true,"href":"https:\/\/portaltela.pt\/api\/wp\/v2\/media\/141603"}],"wp:attachment":[{"href":"https:\/\/portaltela.pt\/api\/wp\/v2\/media?parent=141592"}],"wp:term":[{"taxonomy":"category","embeddable":true,"href":"https:\/\/portaltela.pt\/api\/wp\/v2\/categories?post=141592"},{"taxonomy":"post_tag","embeddable":true,"href":"https:\/\/portaltela.pt\/api\/wp\/v2\/tags?post=141592"}],"curies":[{"name":"wp","href":"https:\/\/api.w.org\/{rel}","templated":true}]}}