{"id":141433,"date":"2026-01-14T10:58:38","date_gmt":"2026-01-14T13:58:38","guid":{"rendered":"https:\/\/portaltela.pt\/noticias\/2026\/01\/14\/rui-pocas-nomeado-para-os-premios-goya\/"},"modified":"2026-01-14T10:58:38","modified_gmt":"2026-01-14T13:58:38","slug":"rui-pocas-nomeado-para-os-premios-goya","status":"publish","type":"post","link":"https:\/\/portaltela.pt\/noticias\/2026\/01\/14\/rui-pocas-nomeado-para-os-premios-goya\/","title":{"rendered":"Rui Po\u00e7as nomeado para os Pr\u00e9mios Goya"},"content":{"rendered":"<p>Rui Po\u00e7as foi nomeado para os pr\u00e9mios Goya, o principal galard\u00e3o do cinema espanhol, pelo filme Ciudad Sin Sue\u00f1o, do realizador Guillermo Galoe. A not\u00edcia foi confirmada pela Academia Portuguesa de Cinema.<\/p>\n<p>Ciudad Sin Sue\u00f1o foi rodado num dos maiores bairros ilegais de Madrid e j\u00e1 integrava, em 2025, a Semana da Cr\u00edtica do Festival de Cinema de Cannes, na Fran\u00e7a. Po\u00e7as destaca-se como um dos diretores de fotografia mais internacionais do cinema portugu\u00eas.<\/p>\n<p>A lista de nomeados aos 40.\u00aa Pr\u00e9mios Goya foi tornada p\u00fablica na ter\u00e7a-feira, pela Academia de Cinema de Espanha. Entre os concorrentes est\u00e3o tamb\u00e9m Maria de Medeiros, indicada para Melhor Atriz Secund\u00e1ria pelo filme Uma quinta portuguesa, coprodu\u00e7\u00e3o luso-espanhola.<\/p>\n<h3>Outras nomea\u00e7\u00f5es relevantes<\/h3>\n<p>Constam ainda na competi\u00e7\u00e3o On Falling, de Laura Carreira, para Melhor Filme Europeu, e O Estada de Alma, de Sara Naves, para Melhor Curta-Metragem de Anima\u00e7\u00e3o. Al\u00e9m disso, existem tr\u00eas coprodu\u00e7\u00f5es portuguesas entre os candidatos.<\/p>\n<p>Decorado, de Alberto V\u00e1zquez, est\u00e1 indicado para Melhor Longa-Metragem de Anima\u00e7\u00e3o, com participa\u00e7\u00e3o da Sardinha em Lata. Manas, de Marianna Brennand, coproduzido pela Fado Filmes, disputa Melhor Filme Ibero-Americano. Tardes de Solid\u00e3o, de Albert Serra, coproduzido pela Rosa Filmes, est\u00e1 indicado a Melhor Document\u00e1rio e Melhor Realiza\u00e7\u00e3o.<\/p>\n<p>A cerim\u00f3nia dos Goya realiza-se a 28 de fevereiro, em Barcelona, organizada pela Academia de Cinema de Espanha. Entre os maiores nomeados aparecem Los Domingos, de Alauda Ruiz de Az\u00faa, com 13 nomea\u00e7\u00f5es, e Sirat, de Oliver Laxe, com 11.<\/p>\n","protected":false},"excerpt":{"rendered":"<ul>\n<li>Rui Po\u00e7as est\u00e1 nomeado para os pr\u00e9mios Goya pelo filme Ciudad Sin Sue\u00f1o, de Guillermo Galoe.<\/li>\n<li>O filme foi rodado num dos maiores bairros ilegais de Madrid e j\u00e1 integrou a Semana da Cr\u00edtica do Festival de Cinema de Cannes, em 2025.<\/li>\n<li>A cerim\u00f3nia dos Goya est\u00e1 marcada para 28 de fevereiro, em Barcelona.<\/li>\n<li>Al\u00e9m de Po\u00e7as, a atriz Maria de Medeiros est\u00e1 nomeada para Melhor Atriz Secund\u00e1ria por Uma quinta portuguesa; h\u00e1 ainda coprodu\u00e7\u00f5es portuguesas entre os nomeados: Decorado, Manas e Tardes de Solid\u00e3o.<\/li>\n<li>Os filmes mais nomeados s\u00e3o Los Domingos, com treze nomea\u00e7\u00f5es, e Sirat, com onze.<\/li>\n<\/ul>\n","protected":false},"author":2,"featured_media":141439,"comment_status":"closed","ping_status":"closed","sticky":false,"template":"","format":"standard","meta":{"footnotes":""},"categories":[12,1],"tags":[112,2158,107,113,1014],"class_list":["post-141433","post","type-post","status-publish","format-standard","has-post-thumbnail","hentry","category-entretenimento","category-noticias","tag-cinema","tag-coproducoes-internacionais","tag-festivais","tag-filmes-e-series","tag-portugal"],"yoast_head":"<!-- This site is optimized with the Yoast SEO plugin v27.2 - https:\/\/yoast.com\/product\/yoast-seo-wordpress\/ -->\n<title>Rui Po\u00e7as nomeado para os Pr\u00e9mios Goya - Portal Tela Portugal<\/title>\n<meta name=\"robots\" content=\"index, follow, max-snippet:-1, max-image-preview:large, max-video-preview:-1\" \/>\n<meta property=\"og:locale\" content=\"pt_PT\" \/>\n<meta property=\"og:type\" content=\"article\" \/>\n<meta property=\"og:title\" content=\"Rui Po\u00e7as nomeado para os Pr\u00e9mios Goya - Portal Tela Portugal\" \/>\n<meta property=\"og:description\" content=\"Rui Po\u00e7as est\u00e1 nomeado para os pr\u00e9mios Goya pelo filme Ciudad Sin Sue\u00f1o, de Guillermo Galoe. O filme foi rodado num dos maiores bairros ilegais de Madrid e j\u00e1 integrou a Semana da Cr\u00edtica do Festival de Cinema de Cannes, em 2025. A cerim\u00f3nia dos Goya est\u00e1 marcada para 28 de fevereiro, em Barcelona. Al\u00e9m de Po\u00e7as, a atriz Maria de Medeiros est\u00e1 nomeada para Melhor Atriz Secund\u00e1ria por Uma quinta portuguesa; h\u00e1 ainda coprodu\u00e7\u00f5es portuguesas entre os nomeados: Decorado, Manas e Tardes de Solid\u00e3o. Os filmes mais nomeados s\u00e3o Los Domingos, com treze nomea\u00e7\u00f5es, e Sirat, com onze.\" \/>\n<meta property=\"og:url\" content=\"https:\/\/portaltela.pt\/noticias\/2026\/01\/14\/rui-pocas-nomeado-para-os-premios-goya\/\" \/>\n<meta property=\"og:site_name\" content=\"Portal Tela Portugal\" \/>\n<meta property=\"article:published_time\" content=\"2026-01-14T13:58:38+00:00\" \/>\n<meta name=\"author\" content=\"Telinha\" \/>\n<meta name=\"twitter:card\" content=\"summary_large_image\" \/>\n<meta name=\"twitter:label1\" content=\"Escrito por\" \/>\n\t<meta name=\"twitter:data1\" content=\"Telinha\" \/>\n\t<meta name=\"twitter:label2\" content=\"Tempo estimado de leitura\" \/>\n\t<meta name=\"twitter:data2\" content=\"1 minuto\" \/>\n<script type=\"application\/ld+json\" class=\"yoast-schema-graph\">{\"@context\":\"https:\/\/schema.org\",\"@graph\":[{\"@type\":\"Article\",\"@id\":\"https:\/\/portaltela.pt\/noticias\/2026\/01\/14\/rui-pocas-nomeado-para-os-premios-goya\/#article\",\"isPartOf\":{\"@id\":\"https:\/\/portaltela.pt\/noticias\/2026\/01\/14\/rui-pocas-nomeado-para-os-premios-goya\/\"},\"author\":{\"name\":\"Telinha\",\"@id\":\"https:\/\/portaltela.pt\/#\/schema\/person\/c4278d4a6028830caff9ee44b42d32ed\"},\"headline\":\"Rui Po\u00e7as nomeado para os Pr\u00e9mios Goya\",\"datePublished\":\"2026-01-14T13:58:38+00:00\",\"mainEntityOfPage\":{\"@id\":\"https:\/\/portaltela.pt\/noticias\/2026\/01\/14\/rui-pocas-nomeado-para-os-premios-goya\/\"},\"wordCount\":274,\"image\":{\"@id\":\"https:\/\/portaltela.pt\/noticias\/2026\/01\/14\/rui-pocas-nomeado-para-os-premios-goya\/#primaryimage\"},\"thumbnailUrl\":\"https:\/\/portaltela.pt\/s.01k8rhncp4jt1\/2026\/01\/img_1500x1000uu2026-01-14-13-57-42-2260067.jpg\",\"keywords\":[\"cinema\",\"coprodu\u00e7\u00f5es internacionais\",\"festivais\",\"filmes e s\u00e9ries\",\"Portugal\"],\"articleSection\":[\"Entretenimento\",\"Not\u00edcias\"],\"inLanguage\":\"pt-PT\"},{\"@type\":\"WebPage\",\"@id\":\"https:\/\/portaltela.pt\/noticias\/2026\/01\/14\/rui-pocas-nomeado-para-os-premios-goya\/\",\"url\":\"https:\/\/portaltela.pt\/noticias\/2026\/01\/14\/rui-pocas-nomeado-para-os-premios-goya\/\",\"name\":\"Rui Po\u00e7as nomeado para os Pr\u00e9mios Goya - Portal Tela Portugal\",\"isPartOf\":{\"@id\":\"https:\/\/portaltela.pt\/#website\"},\"primaryImageOfPage\":{\"@id\":\"https:\/\/portaltela.pt\/noticias\/2026\/01\/14\/rui-pocas-nomeado-para-os-premios-goya\/#primaryimage\"},\"image\":{\"@id\":\"https:\/\/portaltela.pt\/noticias\/2026\/01\/14\/rui-pocas-nomeado-para-os-premios-goya\/#primaryimage\"},\"thumbnailUrl\":\"https:\/\/portaltela.pt\/s.01k8rhncp4jt1\/2026\/01\/img_1500x1000uu2026-01-14-13-57-42-2260067.jpg\",\"datePublished\":\"2026-01-14T13:58:38+00:00\",\"author\":{\"@id\":\"https:\/\/portaltela.pt\/#\/schema\/person\/c4278d4a6028830caff9ee44b42d32ed\"},\"breadcrumb\":{\"@id\":\"https:\/\/portaltela.pt\/noticias\/2026\/01\/14\/rui-pocas-nomeado-para-os-premios-goya\/#breadcrumb\"},\"inLanguage\":\"pt-PT\",\"potentialAction\":[{\"@type\":\"ReadAction\",\"target\":[\"https:\/\/portaltela.pt\/noticias\/2026\/01\/14\/rui-pocas-nomeado-para-os-premios-goya\/\"]}]},{\"@type\":\"ImageObject\",\"inLanguage\":\"pt-PT\",\"@id\":\"https:\/\/portaltela.pt\/noticias\/2026\/01\/14\/rui-pocas-nomeado-para-os-premios-goya\/#primaryimage\",\"url\":\"https:\/\/portaltela.pt\/s.01k8rhncp4jt1\/2026\/01\/img_1500x1000uu2026-01-14-13-57-42-2260067.jpg\",\"contentUrl\":\"https:\/\/portaltela.pt\/s.01k8rhncp4jt1\/2026\/01\/img_1500x1000uu2026-01-14-13-57-42-2260067.jpg\",\"width\":796,\"height\":448,\"caption\":\"Filme \\\"Ciudad sin sue\u00f1o\\\", de Guillermo Galoe\"},{\"@type\":\"BreadcrumbList\",\"@id\":\"https:\/\/portaltela.pt\/noticias\/2026\/01\/14\/rui-pocas-nomeado-para-os-premios-goya\/#breadcrumb\",\"itemListElement\":[{\"@type\":\"ListItem\",\"position\":1,\"name\":\"In\u00edcio\",\"item\":\"https:\/\/portaltela.pt\/\"},{\"@type\":\"ListItem\",\"position\":2,\"name\":\"Rui Po\u00e7as nomeado para os Pr\u00e9mios Goya\"}]},{\"@type\":\"WebSite\",\"@id\":\"https:\/\/portaltela.pt\/#website\",\"url\":\"https:\/\/portaltela.pt\/\",\"name\":\"Portal Tela Portugal\",\"description\":\"\",\"potentialAction\":[{\"@type\":\"SearchAction\",\"target\":{\"@type\":\"EntryPoint\",\"urlTemplate\":\"https:\/\/portaltela.pt\/?s={search_term_string}\"},\"query-input\":{\"@type\":\"PropertyValueSpecification\",\"valueRequired\":true,\"valueName\":\"search_term_string\"}}],\"inLanguage\":\"pt-PT\"},{\"@type\":\"Person\",\"@id\":\"https:\/\/portaltela.pt\/#\/schema\/person\/c4278d4a6028830caff9ee44b42d32ed\",\"name\":\"Telinha\",\"image\":{\"@type\":\"ImageObject\",\"inLanguage\":\"pt-PT\",\"@id\":\"https:\/\/portaltela.pt\/s.01k8rhncp4jt1\/2025\/11\/talking-bot-125x125.png\",\"url\":\"https:\/\/portaltela.pt\/s.01k8rhncp4jt1\/2025\/11\/talking-bot-125x125.png\",\"contentUrl\":\"https:\/\/portaltela.pt\/s.01k8rhncp4jt1\/2025\/11\/talking-bot-125x125.png\",\"caption\":\"Telinha\"},\"sameAs\":[\"https:\/\/portaltela.pt\/\"],\"url\":\"https:\/\/portaltela.pt\/por\/367410592786\/\"}]}<\/script>\n<!-- \/ Yoast SEO plugin. -->","yoast_head_json":{"title":"Rui Po\u00e7as nomeado para os Pr\u00e9mios Goya - Portal Tela Portugal","robots":{"index":"index","follow":"follow","max-snippet":"max-snippet:-1","max-image-preview":"max-image-preview:large","max-video-preview":"max-video-preview:-1"},"og_locale":"pt_PT","og_type":"article","og_title":"Rui Po\u00e7as nomeado para os Pr\u00e9mios Goya - Portal Tela Portugal","og_description":"Rui Po\u00e7as est\u00e1 nomeado para os pr\u00e9mios Goya pelo filme Ciudad Sin Sue\u00f1o, de Guillermo Galoe. O filme foi rodado num dos maiores bairros ilegais de Madrid e j\u00e1 integrou a Semana da Cr\u00edtica do Festival de Cinema de Cannes, em 2025. A cerim\u00f3nia dos Goya est\u00e1 marcada para 28 de fevereiro, em Barcelona. Al\u00e9m de Po\u00e7as, a atriz Maria de Medeiros est\u00e1 nomeada para Melhor Atriz Secund\u00e1ria por Uma quinta portuguesa; h\u00e1 ainda coprodu\u00e7\u00f5es portuguesas entre os nomeados: Decorado, Manas e Tardes de Solid\u00e3o. Os filmes mais nomeados s\u00e3o Los Domingos, com treze nomea\u00e7\u00f5es, e Sirat, com onze.","og_url":"https:\/\/portaltela.pt\/noticias\/2026\/01\/14\/rui-pocas-nomeado-para-os-premios-goya\/","og_site_name":"Portal Tela Portugal","article_published_time":"2026-01-14T13:58:38+00:00","author":"Telinha","twitter_card":"summary_large_image","twitter_misc":{"Escrito por":"Telinha","Tempo estimado de leitura":"1 minuto"},"schema":{"@context":"https:\/\/schema.org","@graph":[{"@type":"Article","@id":"https:\/\/portaltela.pt\/noticias\/2026\/01\/14\/rui-pocas-nomeado-para-os-premios-goya\/#article","isPartOf":{"@id":"https:\/\/portaltela.pt\/noticias\/2026\/01\/14\/rui-pocas-nomeado-para-os-premios-goya\/"},"author":{"name":"Telinha","@id":"https:\/\/portaltela.pt\/#\/schema\/person\/c4278d4a6028830caff9ee44b42d32ed"},"headline":"Rui Po\u00e7as nomeado para os Pr\u00e9mios Goya","datePublished":"2026-01-14T13:58:38+00:00","mainEntityOfPage":{"@id":"https:\/\/portaltela.pt\/noticias\/2026\/01\/14\/rui-pocas-nomeado-para-os-premios-goya\/"},"wordCount":274,"image":{"@id":"https:\/\/portaltela.pt\/noticias\/2026\/01\/14\/rui-pocas-nomeado-para-os-premios-goya\/#primaryimage"},"thumbnailUrl":"https:\/\/portaltela.pt\/s.01k8rhncp4jt1\/2026\/01\/img_1500x1000uu2026-01-14-13-57-42-2260067.jpg","keywords":["cinema","coprodu\u00e7\u00f5es internacionais","festivais","filmes e s\u00e9ries","Portugal"],"articleSection":["Entretenimento","Not\u00edcias"],"inLanguage":"pt-PT"},{"@type":"WebPage","@id":"https:\/\/portaltela.pt\/noticias\/2026\/01\/14\/rui-pocas-nomeado-para-os-premios-goya\/","url":"https:\/\/portaltela.pt\/noticias\/2026\/01\/14\/rui-pocas-nomeado-para-os-premios-goya\/","name":"Rui Po\u00e7as nomeado para os Pr\u00e9mios Goya - Portal Tela Portugal","isPartOf":{"@id":"https:\/\/portaltela.pt\/#website"},"primaryImageOfPage":{"@id":"https:\/\/portaltela.pt\/noticias\/2026\/01\/14\/rui-pocas-nomeado-para-os-premios-goya\/#primaryimage"},"image":{"@id":"https:\/\/portaltela.pt\/noticias\/2026\/01\/14\/rui-pocas-nomeado-para-os-premios-goya\/#primaryimage"},"thumbnailUrl":"https:\/\/portaltela.pt\/s.01k8rhncp4jt1\/2026\/01\/img_1500x1000uu2026-01-14-13-57-42-2260067.jpg","datePublished":"2026-01-14T13:58:38+00:00","author":{"@id":"https:\/\/portaltela.pt\/#\/schema\/person\/c4278d4a6028830caff9ee44b42d32ed"},"breadcrumb":{"@id":"https:\/\/portaltela.pt\/noticias\/2026\/01\/14\/rui-pocas-nomeado-para-os-premios-goya\/#breadcrumb"},"inLanguage":"pt-PT","potentialAction":[{"@type":"ReadAction","target":["https:\/\/portaltela.pt\/noticias\/2026\/01\/14\/rui-pocas-nomeado-para-os-premios-goya\/"]}]},{"@type":"ImageObject","inLanguage":"pt-PT","@id":"https:\/\/portaltela.pt\/noticias\/2026\/01\/14\/rui-pocas-nomeado-para-os-premios-goya\/#primaryimage","url":"https:\/\/portaltela.pt\/s.01k8rhncp4jt1\/2026\/01\/img_1500x1000uu2026-01-14-13-57-42-2260067.jpg","contentUrl":"https:\/\/portaltela.pt\/s.01k8rhncp4jt1\/2026\/01\/img_1500x1000uu2026-01-14-13-57-42-2260067.jpg","width":796,"height":448,"caption":"Filme \"Ciudad sin sue\u00f1o\", de Guillermo Galoe"},{"@type":"BreadcrumbList","@id":"https:\/\/portaltela.pt\/noticias\/2026\/01\/14\/rui-pocas-nomeado-para-os-premios-goya\/#breadcrumb","itemListElement":[{"@type":"ListItem","position":1,"name":"In\u00edcio","item":"https:\/\/portaltela.pt\/"},{"@type":"ListItem","position":2,"name":"Rui Po\u00e7as nomeado para os Pr\u00e9mios Goya"}]},{"@type":"WebSite","@id":"https:\/\/portaltela.pt\/#website","url":"https:\/\/portaltela.pt\/","name":"Portal Tela Portugal","description":"","potentialAction":[{"@type":"SearchAction","target":{"@type":"EntryPoint","urlTemplate":"https:\/\/portaltela.pt\/?s={search_term_string}"},"query-input":{"@type":"PropertyValueSpecification","valueRequired":true,"valueName":"search_term_string"}}],"inLanguage":"pt-PT"},{"@type":"Person","@id":"https:\/\/portaltela.pt\/#\/schema\/person\/c4278d4a6028830caff9ee44b42d32ed","name":"Telinha","image":{"@type":"ImageObject","inLanguage":"pt-PT","@id":"https:\/\/portaltela.pt\/s.01k8rhncp4jt1\/2025\/11\/talking-bot-125x125.png","url":"https:\/\/portaltela.pt\/s.01k8rhncp4jt1\/2025\/11\/talking-bot-125x125.png","contentUrl":"https:\/\/portaltela.pt\/s.01k8rhncp4jt1\/2025\/11\/talking-bot-125x125.png","caption":"Telinha"},"sameAs":["https:\/\/portaltela.pt\/"],"url":"https:\/\/portaltela.pt\/por\/367410592786\/"}]}},"_links":{"self":[{"href":"https:\/\/portaltela.pt\/api\/wp\/v2\/posts\/141433","targetHints":{"allow":["GET"]}}],"collection":[{"href":"https:\/\/portaltela.pt\/api\/wp\/v2\/posts"}],"about":[{"href":"https:\/\/portaltela.pt\/api\/wp\/v2\/types\/post"}],"author":[{"embeddable":true,"href":"https:\/\/portaltela.pt\/api\/wp\/v2\/users\/2"}],"replies":[{"embeddable":true,"href":"https:\/\/portaltela.pt\/api\/wp\/v2\/comments?post=141433"}],"version-history":[{"count":0,"href":"https:\/\/portaltela.pt\/api\/wp\/v2\/posts\/141433\/revisions"}],"wp:featuredmedia":[{"embeddable":true,"href":"https:\/\/portaltela.pt\/api\/wp\/v2\/media\/141439"}],"wp:attachment":[{"href":"https:\/\/portaltela.pt\/api\/wp\/v2\/media?parent=141433"}],"wp:term":[{"taxonomy":"category","embeddable":true,"href":"https:\/\/portaltela.pt\/api\/wp\/v2\/categories?post=141433"},{"taxonomy":"post_tag","embeddable":true,"href":"https:\/\/portaltela.pt\/api\/wp\/v2\/tags?post=141433"}],"curies":[{"name":"wp","href":"https:\/\/api.w.org\/{rel}","templated":true}]}}