{"id":141420,"date":"2026-01-14T10:27:09","date_gmt":"2026-01-14T13:27:09","guid":{"rendered":"https:\/\/portaltela.pt\/noticias\/2026\/01\/14\/af-de-viseu-e-castelo-branco-convocados-para-selecao-nacional-sub-15-de-futsal\/"},"modified":"2026-01-14T10:27:09","modified_gmt":"2026-01-14T13:27:09","slug":"af-de-viseu-e-castelo-branco-convocados-para-selecao-nacional-sub-15-de-futsal","status":"publish","type":"post","link":"https:\/\/portaltela.pt\/desporto\/futebol\/2026\/01\/14\/af-de-viseu-e-castelo-branco-convocados-para-selecao-nacional-sub-15-de-futsal\/","title":{"rendered":"AF de Viseu e Castelo Branco convocados para Sele\u00e7\u00e3o Nacional Sub-15 de Futsal"},"content":{"rendered":"<p>O futsal distrital volta a ter destaque a n\u00edvel nacional, com a convoca\u00e7\u00e3o de tr\u00eas jovens atletas para a Sele\u00e7\u00e3o Nacional Sub-15 de Futsal. A not\u00edcia envolve as Associa\u00e7\u00f5es de Futebol de Viseu e de Castelo Branco.<\/p>\n<p>Da AFCB, Tiago Pereira, guarda-redes do SL \u00c1guias do Dominguiso, foi chamado para um Est\u00e1gio de Observa\u00e7\u00e3o da sele\u00e7\u00e3o nacional. O jogador j\u00e1 tinha participado no Torneio Interassocia\u00e7\u00f5es pelo conjunto da AFCB, em dezembro, revelando potencial junto da equipa t\u00e9cnica.<\/p>\n<p>Da AF Viseu, Martim Silv\u00e9rio (Fixo) e Miguel Pegas (Guarda-Redes), ambos do AbcNelas Cora\u00e7\u00e3o do D\u00e3o, integram a convocat\u00f3ria. Os dois atletas tamb\u00e9m representaram a AF Viseu no Torneio Interassocia\u00e7\u00f5es, onde demonstraram talento e maturidade.<\/p>\n<p>O est\u00e1gio est\u00e1 marcado para 18 a 21 de janeiro, na Cidade do Futebol, em Oeiras. Trata-se de mais um passo no desenvolvimento dos jovens camadas de forma\u00e7\u00e3o nacionais, com foco em avalia\u00e7\u00e3o de desempenho para futuros desafos da sele\u00e7\u00e3o.<\/p>\n","protected":false},"excerpt":{"rendered":"<ul>\n<li>Tr\u00eas atletas de distritais foram convocados para a Sele\u00e7\u00e3o Nacional Sub-15 de futsal, um guarda-redes da AFCB e dois jogadores da AF Viseu.<\/li>\n<li>O guarda-redes da AFCB, do SL \u00c1guias do Dominguiso, integra um Est\u00e1gio de Observa\u00e7\u00e3o da sele\u00e7\u00e3o nacional.<\/li>\n<li>Os dois jogadores da AF Viseu, do AbcNelas Cora\u00e7\u00e3o do D\u00e3o, tamb\u00e9m estiveram no Torneio Interassocia\u00e7\u00f5es e est\u00e3o no est\u00e1gio.<\/li>\n<li>O est\u00e1gio decorre de 18 a 21 de janeiro, na Cidade do Futebol, em Oeiras.<\/li>\n<\/ul>\n","protected":false},"author":2,"featured_media":141430,"comment_status":"closed","ping_status":"closed","sticky":false,"template":"","format":"standard","meta":{"footnotes":""},"categories":[21,24],"tags":[3113,3112,1290,161,1198,2057],"class_list":["post-141420","post","type-post","status-publish","format-standard","has-post-thumbnail","hentry","category-desporto","category-futebol","tag-af-castelo-branco","tag-af-viseu","tag-formacao","tag-futsal","tag-oeiras","tag-selecao-nacional"],"yoast_head":"<!-- This site is optimized with the Yoast SEO plugin v27.2 - https:\/\/yoast.com\/product\/yoast-seo-wordpress\/ -->\n<title>AF de Viseu e Castelo Branco convocados para Sele\u00e7\u00e3o Nacional Sub-15 de Futsal - Portal Tela Portugal<\/title>\n<meta name=\"robots\" content=\"index, follow, max-snippet:-1, max-image-preview:large, max-video-preview:-1\" \/>\n<meta property=\"og:locale\" content=\"pt_PT\" \/>\n<meta property=\"og:type\" content=\"article\" \/>\n<meta property=\"og:title\" content=\"AF de Viseu e Castelo Branco convocados para Sele\u00e7\u00e3o Nacional Sub-15 de Futsal - Portal Tela Portugal\" \/>\n<meta property=\"og:description\" content=\"Tr\u00eas atletas de distritais foram convocados para a Sele\u00e7\u00e3o Nacional Sub-15 de futsal, um guarda-redes da AFCB e dois jogadores da AF Viseu. O guarda-redes da AFCB, do SL \u00c1guias do Dominguiso, integra um Est\u00e1gio de Observa\u00e7\u00e3o da sele\u00e7\u00e3o nacional. Os dois jogadores da AF Viseu, do AbcNelas Cora\u00e7\u00e3o do D\u00e3o, tamb\u00e9m estiveram no Torneio Interassocia\u00e7\u00f5es e est\u00e3o no est\u00e1gio. O est\u00e1gio decorre de 18 a 21 de janeiro, na Cidade do Futebol, em Oeiras.\" \/>\n<meta property=\"og:url\" content=\"https:\/\/portaltela.pt\/noticias\/2026\/01\/14\/af-de-viseu-e-castelo-branco-convocados-para-selecao-nacional-sub-15-de-futsal\/\" \/>\n<meta property=\"og:site_name\" content=\"Portal Tela Portugal\" \/>\n<meta property=\"article:published_time\" content=\"2026-01-14T13:27:09+00:00\" \/>\n<meta name=\"author\" content=\"Telinha\" \/>\n<meta name=\"twitter:card\" content=\"summary_large_image\" \/>\n<meta name=\"twitter:label1\" content=\"Escrito por\" \/>\n\t<meta name=\"twitter:data1\" content=\"Telinha\" \/>\n\t<meta name=\"twitter:label2\" content=\"Tempo estimado de leitura\" \/>\n\t<meta name=\"twitter:data2\" content=\"1 minuto\" \/>\n<script type=\"application\/ld+json\" class=\"yoast-schema-graph\">{\"@context\":\"https:\/\/schema.org\",\"@graph\":[{\"@type\":\"Article\",\"@id\":\"https:\/\/portaltela.pt\/noticias\/2026\/01\/14\/af-de-viseu-e-castelo-branco-convocados-para-selecao-nacional-sub-15-de-futsal\/#article\",\"isPartOf\":{\"@id\":\"https:\/\/portaltela.pt\/noticias\/2026\/01\/14\/af-de-viseu-e-castelo-branco-convocados-para-selecao-nacional-sub-15-de-futsal\/\"},\"author\":{\"name\":\"Telinha\",\"@id\":\"https:\/\/portaltela.pt\/#\/schema\/person\/c4278d4a6028830caff9ee44b42d32ed\"},\"headline\":\"AF de Viseu e Castelo Branco convocados para Sele\u00e7\u00e3o Nacional Sub-15 de Futsal\",\"datePublished\":\"2026-01-14T13:27:09+00:00\",\"mainEntityOfPage\":{\"@id\":\"https:\/\/portaltela.pt\/noticias\/2026\/01\/14\/af-de-viseu-e-castelo-branco-convocados-para-selecao-nacional-sub-15-de-futsal\/\"},\"wordCount\":185,\"image\":{\"@id\":\"https:\/\/portaltela.pt\/noticias\/2026\/01\/14\/af-de-viseu-e-castelo-branco-convocados-para-selecao-nacional-sub-15-de-futsal\/#primaryimage\"},\"thumbnailUrl\":\"https:\/\/portaltela.pt\/s.01k8rhncp4jt1\/2026\/01\/unnamed-file-2954.jpg\",\"keywords\":[\"AF Castelo Branco\",\"AF Viseu\",\"forma\u00e7\u00e3o\",\"futsal\",\"Oeiras\",\"Sele\u00e7\u00e3o Nacional\"],\"articleSection\":[\"Desporto\",\"Futebol\"],\"inLanguage\":\"pt-PT\"},{\"@type\":\"WebPage\",\"@id\":\"https:\/\/portaltela.pt\/noticias\/2026\/01\/14\/af-de-viseu-e-castelo-branco-convocados-para-selecao-nacional-sub-15-de-futsal\/\",\"url\":\"https:\/\/portaltela.pt\/noticias\/2026\/01\/14\/af-de-viseu-e-castelo-branco-convocados-para-selecao-nacional-sub-15-de-futsal\/\",\"name\":\"AF de Viseu e Castelo Branco convocados para Sele\u00e7\u00e3o Nacional Sub-15 de Futsal - Portal Tela Portugal\",\"isPartOf\":{\"@id\":\"https:\/\/portaltela.pt\/#website\"},\"primaryImageOfPage\":{\"@id\":\"https:\/\/portaltela.pt\/noticias\/2026\/01\/14\/af-de-viseu-e-castelo-branco-convocados-para-selecao-nacional-sub-15-de-futsal\/#primaryimage\"},\"image\":{\"@id\":\"https:\/\/portaltela.pt\/noticias\/2026\/01\/14\/af-de-viseu-e-castelo-branco-convocados-para-selecao-nacional-sub-15-de-futsal\/#primaryimage\"},\"thumbnailUrl\":\"https:\/\/portaltela.pt\/s.01k8rhncp4jt1\/2026\/01\/unnamed-file-2954.jpg\",\"datePublished\":\"2026-01-14T13:27:09+00:00\",\"author\":{\"@id\":\"https:\/\/portaltela.pt\/#\/schema\/person\/c4278d4a6028830caff9ee44b42d32ed\"},\"breadcrumb\":{\"@id\":\"https:\/\/portaltela.pt\/noticias\/2026\/01\/14\/af-de-viseu-e-castelo-branco-convocados-para-selecao-nacional-sub-15-de-futsal\/#breadcrumb\"},\"inLanguage\":\"pt-PT\",\"potentialAction\":[{\"@type\":\"ReadAction\",\"target\":[\"https:\/\/portaltela.pt\/noticias\/2026\/01\/14\/af-de-viseu-e-castelo-branco-convocados-para-selecao-nacional-sub-15-de-futsal\/\"]}]},{\"@type\":\"ImageObject\",\"inLanguage\":\"pt-PT\",\"@id\":\"https:\/\/portaltela.pt\/noticias\/2026\/01\/14\/af-de-viseu-e-castelo-branco-convocados-para-selecao-nacional-sub-15-de-futsal\/#primaryimage\",\"url\":\"https:\/\/portaltela.pt\/s.01k8rhncp4jt1\/2026\/01\/unnamed-file-2954.jpg\",\"contentUrl\":\"https:\/\/portaltela.pt\/s.01k8rhncp4jt1\/2026\/01\/unnamed-file-2954.jpg\",\"width\":796,\"height\":448,\"caption\":\"Jogadores da AF de Viseu e da AF de Castelo Branco convocados para a Sele\u00e7\u00e3o Nacional Sub-15 de Futsal\"},{\"@type\":\"BreadcrumbList\",\"@id\":\"https:\/\/portaltela.pt\/noticias\/2026\/01\/14\/af-de-viseu-e-castelo-branco-convocados-para-selecao-nacional-sub-15-de-futsal\/#breadcrumb\",\"itemListElement\":[{\"@type\":\"ListItem\",\"position\":1,\"name\":\"In\u00edcio\",\"item\":\"https:\/\/portaltela.pt\/\"},{\"@type\":\"ListItem\",\"position\":2,\"name\":\"AF de Viseu e Castelo Branco convocados para Sele\u00e7\u00e3o Nacional Sub-15 de Futsal\"}]},{\"@type\":\"WebSite\",\"@id\":\"https:\/\/portaltela.pt\/#website\",\"url\":\"https:\/\/portaltela.pt\/\",\"name\":\"Portal Tela Portugal\",\"description\":\"\",\"potentialAction\":[{\"@type\":\"SearchAction\",\"target\":{\"@type\":\"EntryPoint\",\"urlTemplate\":\"https:\/\/portaltela.pt\/?s={search_term_string}\"},\"query-input\":{\"@type\":\"PropertyValueSpecification\",\"valueRequired\":true,\"valueName\":\"search_term_string\"}}],\"inLanguage\":\"pt-PT\"},{\"@type\":\"Person\",\"@id\":\"https:\/\/portaltela.pt\/#\/schema\/person\/c4278d4a6028830caff9ee44b42d32ed\",\"name\":\"Telinha\",\"image\":{\"@type\":\"ImageObject\",\"inLanguage\":\"pt-PT\",\"@id\":\"https:\/\/portaltela.pt\/s.01k8rhncp4jt1\/2025\/11\/talking-bot-125x125.png\",\"url\":\"https:\/\/portaltela.pt\/s.01k8rhncp4jt1\/2025\/11\/talking-bot-125x125.png\",\"contentUrl\":\"https:\/\/portaltela.pt\/s.01k8rhncp4jt1\/2025\/11\/talking-bot-125x125.png\",\"caption\":\"Telinha\"},\"sameAs\":[\"https:\/\/portaltela.pt\/\"],\"url\":\"https:\/\/portaltela.pt\/por\/367410592786\/\"}]}<\/script>\n<!-- \/ Yoast SEO plugin. -->","yoast_head_json":{"title":"AF de Viseu e Castelo Branco convocados para Sele\u00e7\u00e3o Nacional Sub-15 de Futsal - Portal Tela Portugal","robots":{"index":"index","follow":"follow","max-snippet":"max-snippet:-1","max-image-preview":"max-image-preview:large","max-video-preview":"max-video-preview:-1"},"og_locale":"pt_PT","og_type":"article","og_title":"AF de Viseu e Castelo Branco convocados para Sele\u00e7\u00e3o Nacional Sub-15 de Futsal - Portal Tela Portugal","og_description":"Tr\u00eas atletas de distritais foram convocados para a Sele\u00e7\u00e3o Nacional Sub-15 de futsal, um guarda-redes da AFCB e dois jogadores da AF Viseu. O guarda-redes da AFCB, do SL \u00c1guias do Dominguiso, integra um Est\u00e1gio de Observa\u00e7\u00e3o da sele\u00e7\u00e3o nacional. Os dois jogadores da AF Viseu, do AbcNelas Cora\u00e7\u00e3o do D\u00e3o, tamb\u00e9m estiveram no Torneio Interassocia\u00e7\u00f5es e est\u00e3o no est\u00e1gio. O est\u00e1gio decorre de 18 a 21 de janeiro, na Cidade do Futebol, em Oeiras.","og_url":"https:\/\/portaltela.pt\/noticias\/2026\/01\/14\/af-de-viseu-e-castelo-branco-convocados-para-selecao-nacional-sub-15-de-futsal\/","og_site_name":"Portal Tela Portugal","article_published_time":"2026-01-14T13:27:09+00:00","author":"Telinha","twitter_card":"summary_large_image","twitter_misc":{"Escrito por":"Telinha","Tempo estimado de leitura":"1 minuto"},"schema":{"@context":"https:\/\/schema.org","@graph":[{"@type":"Article","@id":"https:\/\/portaltela.pt\/noticias\/2026\/01\/14\/af-de-viseu-e-castelo-branco-convocados-para-selecao-nacional-sub-15-de-futsal\/#article","isPartOf":{"@id":"https:\/\/portaltela.pt\/noticias\/2026\/01\/14\/af-de-viseu-e-castelo-branco-convocados-para-selecao-nacional-sub-15-de-futsal\/"},"author":{"name":"Telinha","@id":"https:\/\/portaltela.pt\/#\/schema\/person\/c4278d4a6028830caff9ee44b42d32ed"},"headline":"AF de Viseu e Castelo Branco convocados para Sele\u00e7\u00e3o Nacional Sub-15 de Futsal","datePublished":"2026-01-14T13:27:09+00:00","mainEntityOfPage":{"@id":"https:\/\/portaltela.pt\/noticias\/2026\/01\/14\/af-de-viseu-e-castelo-branco-convocados-para-selecao-nacional-sub-15-de-futsal\/"},"wordCount":185,"image":{"@id":"https:\/\/portaltela.pt\/noticias\/2026\/01\/14\/af-de-viseu-e-castelo-branco-convocados-para-selecao-nacional-sub-15-de-futsal\/#primaryimage"},"thumbnailUrl":"https:\/\/portaltela.pt\/s.01k8rhncp4jt1\/2026\/01\/unnamed-file-2954.jpg","keywords":["AF Castelo Branco","AF Viseu","forma\u00e7\u00e3o","futsal","Oeiras","Sele\u00e7\u00e3o Nacional"],"articleSection":["Desporto","Futebol"],"inLanguage":"pt-PT"},{"@type":"WebPage","@id":"https:\/\/portaltela.pt\/noticias\/2026\/01\/14\/af-de-viseu-e-castelo-branco-convocados-para-selecao-nacional-sub-15-de-futsal\/","url":"https:\/\/portaltela.pt\/noticias\/2026\/01\/14\/af-de-viseu-e-castelo-branco-convocados-para-selecao-nacional-sub-15-de-futsal\/","name":"AF de Viseu e Castelo Branco convocados para Sele\u00e7\u00e3o Nacional Sub-15 de Futsal - Portal Tela Portugal","isPartOf":{"@id":"https:\/\/portaltela.pt\/#website"},"primaryImageOfPage":{"@id":"https:\/\/portaltela.pt\/noticias\/2026\/01\/14\/af-de-viseu-e-castelo-branco-convocados-para-selecao-nacional-sub-15-de-futsal\/#primaryimage"},"image":{"@id":"https:\/\/portaltela.pt\/noticias\/2026\/01\/14\/af-de-viseu-e-castelo-branco-convocados-para-selecao-nacional-sub-15-de-futsal\/#primaryimage"},"thumbnailUrl":"https:\/\/portaltela.pt\/s.01k8rhncp4jt1\/2026\/01\/unnamed-file-2954.jpg","datePublished":"2026-01-14T13:27:09+00:00","author":{"@id":"https:\/\/portaltela.pt\/#\/schema\/person\/c4278d4a6028830caff9ee44b42d32ed"},"breadcrumb":{"@id":"https:\/\/portaltela.pt\/noticias\/2026\/01\/14\/af-de-viseu-e-castelo-branco-convocados-para-selecao-nacional-sub-15-de-futsal\/#breadcrumb"},"inLanguage":"pt-PT","potentialAction":[{"@type":"ReadAction","target":["https:\/\/portaltela.pt\/noticias\/2026\/01\/14\/af-de-viseu-e-castelo-branco-convocados-para-selecao-nacional-sub-15-de-futsal\/"]}]},{"@type":"ImageObject","inLanguage":"pt-PT","@id":"https:\/\/portaltela.pt\/noticias\/2026\/01\/14\/af-de-viseu-e-castelo-branco-convocados-para-selecao-nacional-sub-15-de-futsal\/#primaryimage","url":"https:\/\/portaltela.pt\/s.01k8rhncp4jt1\/2026\/01\/unnamed-file-2954.jpg","contentUrl":"https:\/\/portaltela.pt\/s.01k8rhncp4jt1\/2026\/01\/unnamed-file-2954.jpg","width":796,"height":448,"caption":"Jogadores da AF de Viseu e da AF de Castelo Branco convocados para a Sele\u00e7\u00e3o Nacional Sub-15 de Futsal"},{"@type":"BreadcrumbList","@id":"https:\/\/portaltela.pt\/noticias\/2026\/01\/14\/af-de-viseu-e-castelo-branco-convocados-para-selecao-nacional-sub-15-de-futsal\/#breadcrumb","itemListElement":[{"@type":"ListItem","position":1,"name":"In\u00edcio","item":"https:\/\/portaltela.pt\/"},{"@type":"ListItem","position":2,"name":"AF de Viseu e Castelo Branco convocados para Sele\u00e7\u00e3o Nacional Sub-15 de Futsal"}]},{"@type":"WebSite","@id":"https:\/\/portaltela.pt\/#website","url":"https:\/\/portaltela.pt\/","name":"Portal Tela Portugal","description":"","potentialAction":[{"@type":"SearchAction","target":{"@type":"EntryPoint","urlTemplate":"https:\/\/portaltela.pt\/?s={search_term_string}"},"query-input":{"@type":"PropertyValueSpecification","valueRequired":true,"valueName":"search_term_string"}}],"inLanguage":"pt-PT"},{"@type":"Person","@id":"https:\/\/portaltela.pt\/#\/schema\/person\/c4278d4a6028830caff9ee44b42d32ed","name":"Telinha","image":{"@type":"ImageObject","inLanguage":"pt-PT","@id":"https:\/\/portaltela.pt\/s.01k8rhncp4jt1\/2025\/11\/talking-bot-125x125.png","url":"https:\/\/portaltela.pt\/s.01k8rhncp4jt1\/2025\/11\/talking-bot-125x125.png","contentUrl":"https:\/\/portaltela.pt\/s.01k8rhncp4jt1\/2025\/11\/talking-bot-125x125.png","caption":"Telinha"},"sameAs":["https:\/\/portaltela.pt\/"],"url":"https:\/\/portaltela.pt\/por\/367410592786\/"}]}},"_links":{"self":[{"href":"https:\/\/portaltela.pt\/api\/wp\/v2\/posts\/141420","targetHints":{"allow":["GET"]}}],"collection":[{"href":"https:\/\/portaltela.pt\/api\/wp\/v2\/posts"}],"about":[{"href":"https:\/\/portaltela.pt\/api\/wp\/v2\/types\/post"}],"author":[{"embeddable":true,"href":"https:\/\/portaltela.pt\/api\/wp\/v2\/users\/2"}],"replies":[{"embeddable":true,"href":"https:\/\/portaltela.pt\/api\/wp\/v2\/comments?post=141420"}],"version-history":[{"count":0,"href":"https:\/\/portaltela.pt\/api\/wp\/v2\/posts\/141420\/revisions"}],"wp:featuredmedia":[{"embeddable":true,"href":"https:\/\/portaltela.pt\/api\/wp\/v2\/media\/141430"}],"wp:attachment":[{"href":"https:\/\/portaltela.pt\/api\/wp\/v2\/media?parent=141420"}],"wp:term":[{"taxonomy":"category","embeddable":true,"href":"https:\/\/portaltela.pt\/api\/wp\/v2\/categories?post=141420"},{"taxonomy":"post_tag","embeddable":true,"href":"https:\/\/portaltela.pt\/api\/wp\/v2\/tags?post=141420"}],"curies":[{"name":"wp","href":"https:\/\/api.w.org\/{rel}","templated":true}]}}