{"id":141374,"date":"2026-01-14T10:18:00","date_gmt":"2026-01-14T13:18:00","guid":{"rendered":"https:\/\/portaltela.pt\/noticias\/2026\/01\/14\/record-next-gen-apoia-jovens-talentos-na-criacao-de-conteudos-desportivos-2\/"},"modified":"2026-01-14T10:18:00","modified_gmt":"2026-01-14T13:18:00","slug":"record-next-gen-apoia-jovens-talentos-na-criacao-de-conteudos-desportivos-2","status":"publish","type":"post","link":"https:\/\/portaltela.pt\/desporto\/2026\/01\/14\/record-next-gen-apoia-jovens-talentos-na-criacao-de-conteudos-desportivos-2\/","title":{"rendered":"Record Next Gen apoia jovens talentos na cria\u00e7\u00e3o de conte\u00fados desportivos"},"content":{"rendered":"<p>Jo\u00e3o Socorro Viegas, jornalista da Record, esteve no programa Noite das Estrelas para apresentar o projeto Record Next Gen. A iniciativa pretende apoiar jovens talentos na \u00e1rea de cria\u00e7\u00e3o de conte\u00fados desportivos.<\/p>\n<p>O objetivo do projeto \u00e9 identificar novos criadores de conte\u00fados que consigam explorar o desporto de forma criativa e informativa. A ideia \u00e9 transformar paix\u00e3o pela modalidade em produ\u00e7\u00e3o audiovisual de qualidade.<\/p>\n<p>Durante a apresenta\u00e7\u00e3o, foi explicado como funcionar\u00e1 o programa, quais crit\u00e9rios ser\u00e3o usados na sele\u00e7\u00e3o e quais oportunidades os vencedores poder\u00e3o ter. A iniciativa surge como resposta ao aumento de conte\u00fados desportivos digitais.<\/p>\n<p>A not\u00edcia refor\u00e7a o papel da Record na promo\u00e7\u00e3o de jovens talentos, sem revelar detalhes adicionais sobre datas ou fases do concurso. O objetivo \u00e9 oferecer uma via de desenvolvimento para quem inicia carreira na produ\u00e7\u00e3o de conte\u00fados desportivos.<\/p>\n","protected":false},"excerpt":{"rendered":"<ul>\n<li>O programa Record Next Gen pretende apoiar jovens talentos na \u00e1rea da cria\u00e7\u00e3o de conte\u00fados desportivos.<\/li>\n<li>Jo\u00e3o Socorro Viegas, jornalista do Record, esteve no Noite das Estrelas a explicar o projeto.<\/li>\n<li>O objetivo \u00e9 descobrir novos criadores de conte\u00fados desportivos.<\/li>\n<li>O destaque \u00e9 a iniciativa voltada para olhares emergentes no g\u00e9nero.<\/li>\n<li>O texto apresenta apenas o esclarecimento do jornalista sobre o projeto.<\/li>\n<\/ul>\n","protected":false},"author":2,"featured_media":141380,"comment_status":"closed","ping_status":"closed","sticky":false,"template":"","format":"standard","meta":{"footnotes":""},"categories":[21],"tags":[152,2844,2241,879,2679],"class_list":["post-141374","post","type-post","status-publish","format-standard","has-post-thumbnail","hentry","category-desporto","tag-desporto","tag-jovens","tag-jovens-talentos","tag-noite-das-estrelas","tag-record-na-hora"],"yoast_head":"<!-- This site is optimized with the Yoast SEO plugin v27.2 - https:\/\/yoast.com\/product\/yoast-seo-wordpress\/ -->\n<title>Record Next Gen apoia jovens talentos na cria\u00e7\u00e3o de conte\u00fados desportivos - Portal Tela Portugal<\/title>\n<meta name=\"robots\" content=\"index, follow, max-snippet:-1, max-image-preview:large, max-video-preview:-1\" \/>\n<meta property=\"og:locale\" content=\"pt_PT\" \/>\n<meta property=\"og:type\" content=\"article\" \/>\n<meta property=\"og:title\" content=\"Record Next Gen apoia jovens talentos na cria\u00e7\u00e3o de conte\u00fados desportivos - Portal Tela Portugal\" \/>\n<meta property=\"og:description\" content=\"O programa Record Next Gen pretende apoiar jovens talentos na \u00e1rea da cria\u00e7\u00e3o de conte\u00fados desportivos. Jo\u00e3o Socorro Viegas, jornalista do Record, esteve no Noite das Estrelas a explicar o projeto. O objetivo \u00e9 descobrir novos criadores de conte\u00fados desportivos. O destaque \u00e9 a iniciativa voltada para olhares emergentes no g\u00e9nero. O texto apresenta apenas o esclarecimento do jornalista sobre o projeto.\" \/>\n<meta property=\"og:url\" content=\"https:\/\/portaltela.pt\/noticias\/2026\/01\/14\/record-next-gen-apoia-jovens-talentos-na-criacao-de-conteudos-desportivos-2\/\" \/>\n<meta property=\"og:site_name\" content=\"Portal Tela Portugal\" \/>\n<meta property=\"article:published_time\" content=\"2026-01-14T13:18:00+00:00\" \/>\n<meta name=\"author\" content=\"Telinha\" \/>\n<meta name=\"twitter:card\" content=\"summary_large_image\" \/>\n<meta name=\"twitter:label1\" content=\"Escrito por\" \/>\n\t<meta name=\"twitter:data1\" content=\"Telinha\" \/>\n\t<meta name=\"twitter:label2\" content=\"Tempo estimado de leitura\" \/>\n\t<meta name=\"twitter:data2\" content=\"1 minuto\" \/>\n<script type=\"application\/ld+json\" class=\"yoast-schema-graph\">{\"@context\":\"https:\/\/schema.org\",\"@graph\":[{\"@type\":\"Article\",\"@id\":\"https:\/\/portaltela.pt\/noticias\/2026\/01\/14\/record-next-gen-apoia-jovens-talentos-na-criacao-de-conteudos-desportivos-2\/#article\",\"isPartOf\":{\"@id\":\"https:\/\/portaltela.pt\/noticias\/2026\/01\/14\/record-next-gen-apoia-jovens-talentos-na-criacao-de-conteudos-desportivos-2\/\"},\"author\":{\"name\":\"Telinha\",\"@id\":\"https:\/\/portaltela.pt\/#\/schema\/person\/c4278d4a6028830caff9ee44b42d32ed\"},\"headline\":\"Record Next Gen apoia jovens talentos na cria\u00e7\u00e3o de conte\u00fados desportivos\",\"datePublished\":\"2026-01-14T13:18:00+00:00\",\"mainEntityOfPage\":{\"@id\":\"https:\/\/portaltela.pt\/noticias\/2026\/01\/14\/record-next-gen-apoia-jovens-talentos-na-criacao-de-conteudos-desportivos-2\/\"},\"wordCount\":163,\"image\":{\"@id\":\"https:\/\/portaltela.pt\/noticias\/2026\/01\/14\/record-next-gen-apoia-jovens-talentos-na-criacao-de-conteudos-desportivos-2\/#primaryimage\"},\"thumbnailUrl\":\"https:\/\/portaltela.pt\/s.01k8rhncp4jt1\/2026\/01\/img_1200x721uu2026-01-14-13-16-55-2414656.jpg\",\"keywords\":[\"desporto\",\"jovens\",\"Jovens Talentos\",\"Noite das Estrelas\",\"Record na Hora\"],\"articleSection\":[\"Desporto\"],\"inLanguage\":\"pt-PT\"},{\"@type\":\"WebPage\",\"@id\":\"https:\/\/portaltela.pt\/noticias\/2026\/01\/14\/record-next-gen-apoia-jovens-talentos-na-criacao-de-conteudos-desportivos-2\/\",\"url\":\"https:\/\/portaltela.pt\/noticias\/2026\/01\/14\/record-next-gen-apoia-jovens-talentos-na-criacao-de-conteudos-desportivos-2\/\",\"name\":\"Record Next Gen apoia jovens talentos na cria\u00e7\u00e3o de conte\u00fados desportivos - Portal Tela Portugal\",\"isPartOf\":{\"@id\":\"https:\/\/portaltela.pt\/#website\"},\"primaryImageOfPage\":{\"@id\":\"https:\/\/portaltela.pt\/noticias\/2026\/01\/14\/record-next-gen-apoia-jovens-talentos-na-criacao-de-conteudos-desportivos-2\/#primaryimage\"},\"image\":{\"@id\":\"https:\/\/portaltela.pt\/noticias\/2026\/01\/14\/record-next-gen-apoia-jovens-talentos-na-criacao-de-conteudos-desportivos-2\/#primaryimage\"},\"thumbnailUrl\":\"https:\/\/portaltela.pt\/s.01k8rhncp4jt1\/2026\/01\/img_1200x721uu2026-01-14-13-16-55-2414656.jpg\",\"datePublished\":\"2026-01-14T13:18:00+00:00\",\"author\":{\"@id\":\"https:\/\/portaltela.pt\/#\/schema\/person\/c4278d4a6028830caff9ee44b42d32ed\"},\"breadcrumb\":{\"@id\":\"https:\/\/portaltela.pt\/noticias\/2026\/01\/14\/record-next-gen-apoia-jovens-talentos-na-criacao-de-conteudos-desportivos-2\/#breadcrumb\"},\"inLanguage\":\"pt-PT\",\"potentialAction\":[{\"@type\":\"ReadAction\",\"target\":[\"https:\/\/portaltela.pt\/noticias\/2026\/01\/14\/record-next-gen-apoia-jovens-talentos-na-criacao-de-conteudos-desportivos-2\/\"]}]},{\"@type\":\"ImageObject\",\"inLanguage\":\"pt-PT\",\"@id\":\"https:\/\/portaltela.pt\/noticias\/2026\/01\/14\/record-next-gen-apoia-jovens-talentos-na-criacao-de-conteudos-desportivos-2\/#primaryimage\",\"url\":\"https:\/\/portaltela.pt\/s.01k8rhncp4jt1\/2026\/01\/img_1200x721uu2026-01-14-13-16-55-2414656.jpg\",\"contentUrl\":\"https:\/\/portaltela.pt\/s.01k8rhncp4jt1\/2026\/01\/img_1200x721uu2026-01-14-13-16-55-2414656.jpg\",\"width\":796,\"height\":448,\"caption\":\"Photo\"},{\"@type\":\"BreadcrumbList\",\"@id\":\"https:\/\/portaltela.pt\/noticias\/2026\/01\/14\/record-next-gen-apoia-jovens-talentos-na-criacao-de-conteudos-desportivos-2\/#breadcrumb\",\"itemListElement\":[{\"@type\":\"ListItem\",\"position\":1,\"name\":\"In\u00edcio\",\"item\":\"https:\/\/portaltela.pt\/\"},{\"@type\":\"ListItem\",\"position\":2,\"name\":\"Record Next Gen apoia jovens talentos na cria\u00e7\u00e3o de conte\u00fados desportivos\"}]},{\"@type\":\"WebSite\",\"@id\":\"https:\/\/portaltela.pt\/#website\",\"url\":\"https:\/\/portaltela.pt\/\",\"name\":\"Portal Tela Portugal\",\"description\":\"\",\"potentialAction\":[{\"@type\":\"SearchAction\",\"target\":{\"@type\":\"EntryPoint\",\"urlTemplate\":\"https:\/\/portaltela.pt\/?s={search_term_string}\"},\"query-input\":{\"@type\":\"PropertyValueSpecification\",\"valueRequired\":true,\"valueName\":\"search_term_string\"}}],\"inLanguage\":\"pt-PT\"},{\"@type\":\"Person\",\"@id\":\"https:\/\/portaltela.pt\/#\/schema\/person\/c4278d4a6028830caff9ee44b42d32ed\",\"name\":\"Telinha\",\"image\":{\"@type\":\"ImageObject\",\"inLanguage\":\"pt-PT\",\"@id\":\"https:\/\/portaltela.pt\/s.01k8rhncp4jt1\/2025\/11\/talking-bot-125x125.png\",\"url\":\"https:\/\/portaltela.pt\/s.01k8rhncp4jt1\/2025\/11\/talking-bot-125x125.png\",\"contentUrl\":\"https:\/\/portaltela.pt\/s.01k8rhncp4jt1\/2025\/11\/talking-bot-125x125.png\",\"caption\":\"Telinha\"},\"sameAs\":[\"https:\/\/portaltela.pt\/\"],\"url\":\"https:\/\/portaltela.pt\/por\/367410592786\/\"}]}<\/script>\n<!-- \/ Yoast SEO plugin. -->","yoast_head_json":{"title":"Record Next Gen apoia jovens talentos na cria\u00e7\u00e3o de conte\u00fados desportivos - Portal Tela Portugal","robots":{"index":"index","follow":"follow","max-snippet":"max-snippet:-1","max-image-preview":"max-image-preview:large","max-video-preview":"max-video-preview:-1"},"og_locale":"pt_PT","og_type":"article","og_title":"Record Next Gen apoia jovens talentos na cria\u00e7\u00e3o de conte\u00fados desportivos - Portal Tela Portugal","og_description":"O programa Record Next Gen pretende apoiar jovens talentos na \u00e1rea da cria\u00e7\u00e3o de conte\u00fados desportivos. Jo\u00e3o Socorro Viegas, jornalista do Record, esteve no Noite das Estrelas a explicar o projeto. O objetivo \u00e9 descobrir novos criadores de conte\u00fados desportivos. O destaque \u00e9 a iniciativa voltada para olhares emergentes no g\u00e9nero. O texto apresenta apenas o esclarecimento do jornalista sobre o projeto.","og_url":"https:\/\/portaltela.pt\/noticias\/2026\/01\/14\/record-next-gen-apoia-jovens-talentos-na-criacao-de-conteudos-desportivos-2\/","og_site_name":"Portal Tela Portugal","article_published_time":"2026-01-14T13:18:00+00:00","author":"Telinha","twitter_card":"summary_large_image","twitter_misc":{"Escrito por":"Telinha","Tempo estimado de leitura":"1 minuto"},"schema":{"@context":"https:\/\/schema.org","@graph":[{"@type":"Article","@id":"https:\/\/portaltela.pt\/noticias\/2026\/01\/14\/record-next-gen-apoia-jovens-talentos-na-criacao-de-conteudos-desportivos-2\/#article","isPartOf":{"@id":"https:\/\/portaltela.pt\/noticias\/2026\/01\/14\/record-next-gen-apoia-jovens-talentos-na-criacao-de-conteudos-desportivos-2\/"},"author":{"name":"Telinha","@id":"https:\/\/portaltela.pt\/#\/schema\/person\/c4278d4a6028830caff9ee44b42d32ed"},"headline":"Record Next Gen apoia jovens talentos na cria\u00e7\u00e3o de conte\u00fados desportivos","datePublished":"2026-01-14T13:18:00+00:00","mainEntityOfPage":{"@id":"https:\/\/portaltela.pt\/noticias\/2026\/01\/14\/record-next-gen-apoia-jovens-talentos-na-criacao-de-conteudos-desportivos-2\/"},"wordCount":163,"image":{"@id":"https:\/\/portaltela.pt\/noticias\/2026\/01\/14\/record-next-gen-apoia-jovens-talentos-na-criacao-de-conteudos-desportivos-2\/#primaryimage"},"thumbnailUrl":"https:\/\/portaltela.pt\/s.01k8rhncp4jt1\/2026\/01\/img_1200x721uu2026-01-14-13-16-55-2414656.jpg","keywords":["desporto","jovens","Jovens Talentos","Noite das Estrelas","Record na Hora"],"articleSection":["Desporto"],"inLanguage":"pt-PT"},{"@type":"WebPage","@id":"https:\/\/portaltela.pt\/noticias\/2026\/01\/14\/record-next-gen-apoia-jovens-talentos-na-criacao-de-conteudos-desportivos-2\/","url":"https:\/\/portaltela.pt\/noticias\/2026\/01\/14\/record-next-gen-apoia-jovens-talentos-na-criacao-de-conteudos-desportivos-2\/","name":"Record Next Gen apoia jovens talentos na cria\u00e7\u00e3o de conte\u00fados desportivos - Portal Tela Portugal","isPartOf":{"@id":"https:\/\/portaltela.pt\/#website"},"primaryImageOfPage":{"@id":"https:\/\/portaltela.pt\/noticias\/2026\/01\/14\/record-next-gen-apoia-jovens-talentos-na-criacao-de-conteudos-desportivos-2\/#primaryimage"},"image":{"@id":"https:\/\/portaltela.pt\/noticias\/2026\/01\/14\/record-next-gen-apoia-jovens-talentos-na-criacao-de-conteudos-desportivos-2\/#primaryimage"},"thumbnailUrl":"https:\/\/portaltela.pt\/s.01k8rhncp4jt1\/2026\/01\/img_1200x721uu2026-01-14-13-16-55-2414656.jpg","datePublished":"2026-01-14T13:18:00+00:00","author":{"@id":"https:\/\/portaltela.pt\/#\/schema\/person\/c4278d4a6028830caff9ee44b42d32ed"},"breadcrumb":{"@id":"https:\/\/portaltela.pt\/noticias\/2026\/01\/14\/record-next-gen-apoia-jovens-talentos-na-criacao-de-conteudos-desportivos-2\/#breadcrumb"},"inLanguage":"pt-PT","potentialAction":[{"@type":"ReadAction","target":["https:\/\/portaltela.pt\/noticias\/2026\/01\/14\/record-next-gen-apoia-jovens-talentos-na-criacao-de-conteudos-desportivos-2\/"]}]},{"@type":"ImageObject","inLanguage":"pt-PT","@id":"https:\/\/portaltela.pt\/noticias\/2026\/01\/14\/record-next-gen-apoia-jovens-talentos-na-criacao-de-conteudos-desportivos-2\/#primaryimage","url":"https:\/\/portaltela.pt\/s.01k8rhncp4jt1\/2026\/01\/img_1200x721uu2026-01-14-13-16-55-2414656.jpg","contentUrl":"https:\/\/portaltela.pt\/s.01k8rhncp4jt1\/2026\/01\/img_1200x721uu2026-01-14-13-16-55-2414656.jpg","width":796,"height":448,"caption":"Photo"},{"@type":"BreadcrumbList","@id":"https:\/\/portaltela.pt\/noticias\/2026\/01\/14\/record-next-gen-apoia-jovens-talentos-na-criacao-de-conteudos-desportivos-2\/#breadcrumb","itemListElement":[{"@type":"ListItem","position":1,"name":"In\u00edcio","item":"https:\/\/portaltela.pt\/"},{"@type":"ListItem","position":2,"name":"Record Next Gen apoia jovens talentos na cria\u00e7\u00e3o de conte\u00fados desportivos"}]},{"@type":"WebSite","@id":"https:\/\/portaltela.pt\/#website","url":"https:\/\/portaltela.pt\/","name":"Portal Tela Portugal","description":"","potentialAction":[{"@type":"SearchAction","target":{"@type":"EntryPoint","urlTemplate":"https:\/\/portaltela.pt\/?s={search_term_string}"},"query-input":{"@type":"PropertyValueSpecification","valueRequired":true,"valueName":"search_term_string"}}],"inLanguage":"pt-PT"},{"@type":"Person","@id":"https:\/\/portaltela.pt\/#\/schema\/person\/c4278d4a6028830caff9ee44b42d32ed","name":"Telinha","image":{"@type":"ImageObject","inLanguage":"pt-PT","@id":"https:\/\/portaltela.pt\/s.01k8rhncp4jt1\/2025\/11\/talking-bot-125x125.png","url":"https:\/\/portaltela.pt\/s.01k8rhncp4jt1\/2025\/11\/talking-bot-125x125.png","contentUrl":"https:\/\/portaltela.pt\/s.01k8rhncp4jt1\/2025\/11\/talking-bot-125x125.png","caption":"Telinha"},"sameAs":["https:\/\/portaltela.pt\/"],"url":"https:\/\/portaltela.pt\/por\/367410592786\/"}]}},"_links":{"self":[{"href":"https:\/\/portaltela.pt\/api\/wp\/v2\/posts\/141374","targetHints":{"allow":["GET"]}}],"collection":[{"href":"https:\/\/portaltela.pt\/api\/wp\/v2\/posts"}],"about":[{"href":"https:\/\/portaltela.pt\/api\/wp\/v2\/types\/post"}],"author":[{"embeddable":true,"href":"https:\/\/portaltela.pt\/api\/wp\/v2\/users\/2"}],"replies":[{"embeddable":true,"href":"https:\/\/portaltela.pt\/api\/wp\/v2\/comments?post=141374"}],"version-history":[{"count":0,"href":"https:\/\/portaltela.pt\/api\/wp\/v2\/posts\/141374\/revisions"}],"wp:featuredmedia":[{"embeddable":true,"href":"https:\/\/portaltela.pt\/api\/wp\/v2\/media\/141380"}],"wp:attachment":[{"href":"https:\/\/portaltela.pt\/api\/wp\/v2\/media?parent=141374"}],"wp:term":[{"taxonomy":"category","embeddable":true,"href":"https:\/\/portaltela.pt\/api\/wp\/v2\/categories?post=141374"},{"taxonomy":"post_tag","embeddable":true,"href":"https:\/\/portaltela.pt\/api\/wp\/v2\/tags?post=141374"}],"curies":[{"name":"wp","href":"https:\/\/api.w.org\/{rel}","templated":true}]}}