{"id":141255,"date":"2026-01-14T09:19:02","date_gmt":"2026-01-14T12:19:02","guid":{"rendered":"https:\/\/portaltela.pt\/noticias\/2026\/01\/14\/vila-franca-centro-aproxima-se-de-uma-nova-vida\/"},"modified":"2026-01-14T09:19:02","modified_gmt":"2026-01-14T12:19:02","slug":"vila-franca-centro-aproxima-se-de-uma-nova-vida","status":"publish","type":"post","link":"https:\/\/portaltela.pt\/noticias\/2026\/01\/14\/vila-franca-centro-aproxima-se-de-uma-nova-vida\/","title":{"rendered":"Vila Franca Centro aproxima-se de uma nova vida"},"content":{"rendered":"<p>O Vila Franca Centro, encerrado desde 31 de outubro de 2013, come\u00e7ou a dar passos para a reabilita\u00e7\u00e3o. Um privado j\u00e1 adquiriu cerca de metade do edif\u00edcio e criou-se uma nova administra\u00e7\u00e3o do condom\u00ednio. A informa\u00e7\u00e3o foi partilhada pelo presidente da C\u00e2mara de Vila Franca de Xira, Fernando Paulo Ferreira, via redes sociais.<\/p>\n<p>Segundo o autarca, mais de 85 propriet\u00e1rios possuem fra\u00e7\u00f5es, e j\u00e1 foi poss\u00edvel reunir mais da metade da propriedade. Com estas compras, decorreu a primeira assembleia geral de cond\u00f3minos, que autorizou a cria\u00e7\u00e3o de uma nova administra\u00e7\u00e3o do condom\u00ednio.<\/p>\n<p>A administra\u00e7\u00e3o municipal assegura acompanhar de perto o processo e que h\u00e1 um compromisso de encontrar uma solu\u00e7\u00e3o para ver mudan\u00e7as efetivas no terreno. A c\u00e2mara pretende manter uma supervis\u00e3o pr\u00f3xima de todas as etapas.<\/p>\n<h3>Contexto hist\u00f3rico e situa\u00e7\u00e3o atual<\/h3>\n<p>O Vila Franca Centro foi inaugurado em 1994, no local da antiga Estalagem Lez\u00edria e do Cinema de Vila Franca de Xira. O centro possu\u00eda quatro pisos, 180 lojas, tr\u00eas salas de cinema, uma com tecnologia IMAX, 300 lugares e um ecr\u00e3 de 17 metros, um bowling e dois parques de estacionamento.<\/p>\n<p>A retirada do supermercado e o encerramento das salas Lusomundo afastaram milhares de visitantes. A crise financeira de 2002 impulsionou o aumento das rendas, levando ao encerramento gradual de lojas. Quando encerrou, em 2013, apenas 23 lojas mantinham portas abertas, com o McDonald\u2019s na ala da restaura\u00e7\u00e3o como \u00faltimo inquilino ativo.<\/p>\n","protected":false},"excerpt":{"rendered":"<ul>\n<li>O Vila Franca Centro, encerrado desde 31 de outubro de 2013, em Vila Franca de Xira, deu os primeiros passos para a reabilita\u00e7\u00e3o com a aquisi\u00e7\u00e3o de cerca de metade do edif\u00edcio por um privado.<\/li>\n<li>Um recorde de mais de 85 propriet\u00e1rios levou \u00e0 forma\u00e7\u00e3o de uma nova administra\u00e7\u00e3o do condom\u00ednio, ap\u00f3s a assembleia geral de cond\u00f3minos.<\/li>\n<li>O presidente da C\u00e2mara Municipal, Fernando Paulo Ferreira, afirmou que a reuni\u00e3o permitiu avan\u00e7ar para transformar o espa\u00e7o, com acompanhamento pr\u00f3ximo do munic\u00edpio.<\/li>\n<li>A autarquia garante acompanhar \u201cmuito de perto\u201d o processo e procurar uma solu\u00e7\u00e3o para ver mudan\u00e7as no terreno.<\/li>\n<li>O Vila Franca Centro abriu em 1994 e j\u00e1 perdeu o supermercado, as salas de cinema da Lusomundo e parte do fluxo de clientes, com a crise que afetou alugueres e lojistas ao longo dos anos.<\/li>\n<\/ul>\n","protected":false},"author":2,"featured_media":141262,"comment_status":"closed","ping_status":"closed","sticky":false,"template":"","format":"standard","meta":{"footnotes":""},"categories":[1],"tags":[703,144,190,228,619,189],"class_list":["post-141255","post","type-post","status-publish","format-standard","has-post-thumbnail","hentry","category-noticias","tag-camara","tag-concelho","tag-desenvolvimento-economico","tag-imobiliario","tag-propriedade-horizontal","tag-urbanismo"],"yoast_head":"<!-- This site is optimized with the Yoast SEO plugin v27.2 - https:\/\/yoast.com\/product\/yoast-seo-wordpress\/ -->\n<title>Vila Franca Centro aproxima-se de uma nova vida - Portal Tela Portugal<\/title>\n<meta name=\"robots\" content=\"index, follow, max-snippet:-1, max-image-preview:large, max-video-preview:-1\" \/>\n<meta property=\"og:locale\" content=\"pt_PT\" \/>\n<meta property=\"og:type\" content=\"article\" \/>\n<meta property=\"og:title\" content=\"Vila Franca Centro aproxima-se de uma nova vida - Portal Tela Portugal\" \/>\n<meta property=\"og:description\" content=\"O Vila Franca Centro, encerrado desde 31 de outubro de 2013, em Vila Franca de Xira, deu os primeiros passos para a reabilita\u00e7\u00e3o com a aquisi\u00e7\u00e3o de cerca de metade do edif\u00edcio por um privado. Um recorde de mais de 85 propriet\u00e1rios levou \u00e0 forma\u00e7\u00e3o de uma nova administra\u00e7\u00e3o do condom\u00ednio, ap\u00f3s a assembleia geral de cond\u00f3minos. O presidente da C\u00e2mara Municipal, Fernando Paulo Ferreira, afirmou que a reuni\u00e3o permitiu avan\u00e7ar para transformar o espa\u00e7o, com acompanhamento pr\u00f3ximo do munic\u00edpio. A autarquia garante acompanhar \u201cmuito de perto\u201d o processo e procurar uma solu\u00e7\u00e3o para ver mudan\u00e7as no terreno. O Vila Franca Centro abriu em 1994 e j\u00e1 perdeu o supermercado, as salas de cinema da Lusomundo e parte do fluxo de clientes, com a crise que afetou alugueres e lojistas ao longo dos anos.\" \/>\n<meta property=\"og:url\" content=\"https:\/\/portaltela.pt\/noticias\/2026\/01\/14\/vila-franca-centro-aproxima-se-de-uma-nova-vida\/\" \/>\n<meta property=\"og:site_name\" content=\"Portal Tela Portugal\" \/>\n<meta property=\"article:published_time\" content=\"2026-01-14T12:19:02+00:00\" \/>\n<meta name=\"author\" content=\"Telinha\" \/>\n<meta name=\"twitter:card\" content=\"summary_large_image\" \/>\n<meta name=\"twitter:label1\" content=\"Escrito por\" \/>\n\t<meta name=\"twitter:data1\" content=\"Telinha\" \/>\n\t<meta name=\"twitter:label2\" content=\"Tempo estimado de leitura\" \/>\n\t<meta name=\"twitter:data2\" content=\"1 minuto\" \/>\n<script type=\"application\/ld+json\" class=\"yoast-schema-graph\">{\"@context\":\"https:\/\/schema.org\",\"@graph\":[{\"@type\":\"Article\",\"@id\":\"https:\/\/portaltela.pt\/noticias\/2026\/01\/14\/vila-franca-centro-aproxima-se-de-uma-nova-vida\/#article\",\"isPartOf\":{\"@id\":\"https:\/\/portaltela.pt\/noticias\/2026\/01\/14\/vila-franca-centro-aproxima-se-de-uma-nova-vida\/\"},\"author\":{\"name\":\"Telinha\",\"@id\":\"https:\/\/portaltela.pt\/#\/schema\/person\/c4278d4a6028830caff9ee44b42d32ed\"},\"headline\":\"Vila Franca Centro aproxima-se de uma nova vida\",\"datePublished\":\"2026-01-14T12:19:02+00:00\",\"mainEntityOfPage\":{\"@id\":\"https:\/\/portaltela.pt\/noticias\/2026\/01\/14\/vila-franca-centro-aproxima-se-de-uma-nova-vida\/\"},\"wordCount\":260,\"image\":{\"@id\":\"https:\/\/portaltela.pt\/noticias\/2026\/01\/14\/vila-franca-centro-aproxima-se-de-uma-nova-vida\/#primaryimage\"},\"thumbnailUrl\":\"https:\/\/portaltela.pt\/s.01k8rhncp4jt1\/2026\/01\/Vilafranca-Centro.jpg\",\"keywords\":[\"c\u00e2mara\",\"concelho\",\"Desenvolvimento econ\u00f3mico\",\"imobili\u00e1rio\",\"propriedade horizontal\",\"urbanismo\"],\"articleSection\":[\"Not\u00edcias\"],\"inLanguage\":\"pt-PT\"},{\"@type\":\"WebPage\",\"@id\":\"https:\/\/portaltela.pt\/noticias\/2026\/01\/14\/vila-franca-centro-aproxima-se-de-uma-nova-vida\/\",\"url\":\"https:\/\/portaltela.pt\/noticias\/2026\/01\/14\/vila-franca-centro-aproxima-se-de-uma-nova-vida\/\",\"name\":\"Vila Franca Centro aproxima-se de uma nova vida - Portal Tela Portugal\",\"isPartOf\":{\"@id\":\"https:\/\/portaltela.pt\/#website\"},\"primaryImageOfPage\":{\"@id\":\"https:\/\/portaltela.pt\/noticias\/2026\/01\/14\/vila-franca-centro-aproxima-se-de-uma-nova-vida\/#primaryimage\"},\"image\":{\"@id\":\"https:\/\/portaltela.pt\/noticias\/2026\/01\/14\/vila-franca-centro-aproxima-se-de-uma-nova-vida\/#primaryimage\"},\"thumbnailUrl\":\"https:\/\/portaltela.pt\/s.01k8rhncp4jt1\/2026\/01\/Vilafranca-Centro.jpg\",\"datePublished\":\"2026-01-14T12:19:02+00:00\",\"author\":{\"@id\":\"https:\/\/portaltela.pt\/#\/schema\/person\/c4278d4a6028830caff9ee44b42d32ed\"},\"breadcrumb\":{\"@id\":\"https:\/\/portaltela.pt\/noticias\/2026\/01\/14\/vila-franca-centro-aproxima-se-de-uma-nova-vida\/#breadcrumb\"},\"inLanguage\":\"pt-PT\",\"potentialAction\":[{\"@type\":\"ReadAction\",\"target\":[\"https:\/\/portaltela.pt\/noticias\/2026\/01\/14\/vila-franca-centro-aproxima-se-de-uma-nova-vida\/\"]}]},{\"@type\":\"ImageObject\",\"inLanguage\":\"pt-PT\",\"@id\":\"https:\/\/portaltela.pt\/noticias\/2026\/01\/14\/vila-franca-centro-aproxima-se-de-uma-nova-vida\/#primaryimage\",\"url\":\"https:\/\/portaltela.pt\/s.01k8rhncp4jt1\/2026\/01\/Vilafranca-Centro.jpg\",\"contentUrl\":\"https:\/\/portaltela.pt\/s.01k8rhncp4jt1\/2026\/01\/Vilafranca-Centro.jpg\",\"width\":796,\"height\":448,\"caption\":\"CDU defende aquisi\u00e7\u00e3o e reabilita\u00e7\u00e3o de antigo centro comercial de Vila Franca de Xira\"},{\"@type\":\"BreadcrumbList\",\"@id\":\"https:\/\/portaltela.pt\/noticias\/2026\/01\/14\/vila-franca-centro-aproxima-se-de-uma-nova-vida\/#breadcrumb\",\"itemListElement\":[{\"@type\":\"ListItem\",\"position\":1,\"name\":\"In\u00edcio\",\"item\":\"https:\/\/portaltela.pt\/\"},{\"@type\":\"ListItem\",\"position\":2,\"name\":\"Vila Franca Centro aproxima-se de uma nova vida\"}]},{\"@type\":\"WebSite\",\"@id\":\"https:\/\/portaltela.pt\/#website\",\"url\":\"https:\/\/portaltela.pt\/\",\"name\":\"Portal Tela Portugal\",\"description\":\"\",\"potentialAction\":[{\"@type\":\"SearchAction\",\"target\":{\"@type\":\"EntryPoint\",\"urlTemplate\":\"https:\/\/portaltela.pt\/?s={search_term_string}\"},\"query-input\":{\"@type\":\"PropertyValueSpecification\",\"valueRequired\":true,\"valueName\":\"search_term_string\"}}],\"inLanguage\":\"pt-PT\"},{\"@type\":\"Person\",\"@id\":\"https:\/\/portaltela.pt\/#\/schema\/person\/c4278d4a6028830caff9ee44b42d32ed\",\"name\":\"Telinha\",\"image\":{\"@type\":\"ImageObject\",\"inLanguage\":\"pt-PT\",\"@id\":\"https:\/\/portaltela.pt\/s.01k8rhncp4jt1\/2025\/11\/talking-bot-125x125.png\",\"url\":\"https:\/\/portaltela.pt\/s.01k8rhncp4jt1\/2025\/11\/talking-bot-125x125.png\",\"contentUrl\":\"https:\/\/portaltela.pt\/s.01k8rhncp4jt1\/2025\/11\/talking-bot-125x125.png\",\"caption\":\"Telinha\"},\"sameAs\":[\"https:\/\/portaltela.pt\/\"],\"url\":\"https:\/\/portaltela.pt\/por\/367410592786\/\"}]}<\/script>\n<!-- \/ Yoast SEO plugin. -->","yoast_head_json":{"title":"Vila Franca Centro aproxima-se de uma nova vida - Portal Tela Portugal","robots":{"index":"index","follow":"follow","max-snippet":"max-snippet:-1","max-image-preview":"max-image-preview:large","max-video-preview":"max-video-preview:-1"},"og_locale":"pt_PT","og_type":"article","og_title":"Vila Franca Centro aproxima-se de uma nova vida - Portal Tela Portugal","og_description":"O Vila Franca Centro, encerrado desde 31 de outubro de 2013, em Vila Franca de Xira, deu os primeiros passos para a reabilita\u00e7\u00e3o com a aquisi\u00e7\u00e3o de cerca de metade do edif\u00edcio por um privado. Um recorde de mais de 85 propriet\u00e1rios levou \u00e0 forma\u00e7\u00e3o de uma nova administra\u00e7\u00e3o do condom\u00ednio, ap\u00f3s a assembleia geral de cond\u00f3minos. O presidente da C\u00e2mara Municipal, Fernando Paulo Ferreira, afirmou que a reuni\u00e3o permitiu avan\u00e7ar para transformar o espa\u00e7o, com acompanhamento pr\u00f3ximo do munic\u00edpio. A autarquia garante acompanhar \u201cmuito de perto\u201d o processo e procurar uma solu\u00e7\u00e3o para ver mudan\u00e7as no terreno. O Vila Franca Centro abriu em 1994 e j\u00e1 perdeu o supermercado, as salas de cinema da Lusomundo e parte do fluxo de clientes, com a crise que afetou alugueres e lojistas ao longo dos anos.","og_url":"https:\/\/portaltela.pt\/noticias\/2026\/01\/14\/vila-franca-centro-aproxima-se-de-uma-nova-vida\/","og_site_name":"Portal Tela Portugal","article_published_time":"2026-01-14T12:19:02+00:00","author":"Telinha","twitter_card":"summary_large_image","twitter_misc":{"Escrito por":"Telinha","Tempo estimado de leitura":"1 minuto"},"schema":{"@context":"https:\/\/schema.org","@graph":[{"@type":"Article","@id":"https:\/\/portaltela.pt\/noticias\/2026\/01\/14\/vila-franca-centro-aproxima-se-de-uma-nova-vida\/#article","isPartOf":{"@id":"https:\/\/portaltela.pt\/noticias\/2026\/01\/14\/vila-franca-centro-aproxima-se-de-uma-nova-vida\/"},"author":{"name":"Telinha","@id":"https:\/\/portaltela.pt\/#\/schema\/person\/c4278d4a6028830caff9ee44b42d32ed"},"headline":"Vila Franca Centro aproxima-se de uma nova vida","datePublished":"2026-01-14T12:19:02+00:00","mainEntityOfPage":{"@id":"https:\/\/portaltela.pt\/noticias\/2026\/01\/14\/vila-franca-centro-aproxima-se-de-uma-nova-vida\/"},"wordCount":260,"image":{"@id":"https:\/\/portaltela.pt\/noticias\/2026\/01\/14\/vila-franca-centro-aproxima-se-de-uma-nova-vida\/#primaryimage"},"thumbnailUrl":"https:\/\/portaltela.pt\/s.01k8rhncp4jt1\/2026\/01\/Vilafranca-Centro.jpg","keywords":["c\u00e2mara","concelho","Desenvolvimento econ\u00f3mico","imobili\u00e1rio","propriedade horizontal","urbanismo"],"articleSection":["Not\u00edcias"],"inLanguage":"pt-PT"},{"@type":"WebPage","@id":"https:\/\/portaltela.pt\/noticias\/2026\/01\/14\/vila-franca-centro-aproxima-se-de-uma-nova-vida\/","url":"https:\/\/portaltela.pt\/noticias\/2026\/01\/14\/vila-franca-centro-aproxima-se-de-uma-nova-vida\/","name":"Vila Franca Centro aproxima-se de uma nova vida - Portal Tela Portugal","isPartOf":{"@id":"https:\/\/portaltela.pt\/#website"},"primaryImageOfPage":{"@id":"https:\/\/portaltela.pt\/noticias\/2026\/01\/14\/vila-franca-centro-aproxima-se-de-uma-nova-vida\/#primaryimage"},"image":{"@id":"https:\/\/portaltela.pt\/noticias\/2026\/01\/14\/vila-franca-centro-aproxima-se-de-uma-nova-vida\/#primaryimage"},"thumbnailUrl":"https:\/\/portaltela.pt\/s.01k8rhncp4jt1\/2026\/01\/Vilafranca-Centro.jpg","datePublished":"2026-01-14T12:19:02+00:00","author":{"@id":"https:\/\/portaltela.pt\/#\/schema\/person\/c4278d4a6028830caff9ee44b42d32ed"},"breadcrumb":{"@id":"https:\/\/portaltela.pt\/noticias\/2026\/01\/14\/vila-franca-centro-aproxima-se-de-uma-nova-vida\/#breadcrumb"},"inLanguage":"pt-PT","potentialAction":[{"@type":"ReadAction","target":["https:\/\/portaltela.pt\/noticias\/2026\/01\/14\/vila-franca-centro-aproxima-se-de-uma-nova-vida\/"]}]},{"@type":"ImageObject","inLanguage":"pt-PT","@id":"https:\/\/portaltela.pt\/noticias\/2026\/01\/14\/vila-franca-centro-aproxima-se-de-uma-nova-vida\/#primaryimage","url":"https:\/\/portaltela.pt\/s.01k8rhncp4jt1\/2026\/01\/Vilafranca-Centro.jpg","contentUrl":"https:\/\/portaltela.pt\/s.01k8rhncp4jt1\/2026\/01\/Vilafranca-Centro.jpg","width":796,"height":448,"caption":"CDU defende aquisi\u00e7\u00e3o e reabilita\u00e7\u00e3o de antigo centro comercial de Vila Franca de Xira"},{"@type":"BreadcrumbList","@id":"https:\/\/portaltela.pt\/noticias\/2026\/01\/14\/vila-franca-centro-aproxima-se-de-uma-nova-vida\/#breadcrumb","itemListElement":[{"@type":"ListItem","position":1,"name":"In\u00edcio","item":"https:\/\/portaltela.pt\/"},{"@type":"ListItem","position":2,"name":"Vila Franca Centro aproxima-se de uma nova vida"}]},{"@type":"WebSite","@id":"https:\/\/portaltela.pt\/#website","url":"https:\/\/portaltela.pt\/","name":"Portal Tela Portugal","description":"","potentialAction":[{"@type":"SearchAction","target":{"@type":"EntryPoint","urlTemplate":"https:\/\/portaltela.pt\/?s={search_term_string}"},"query-input":{"@type":"PropertyValueSpecification","valueRequired":true,"valueName":"search_term_string"}}],"inLanguage":"pt-PT"},{"@type":"Person","@id":"https:\/\/portaltela.pt\/#\/schema\/person\/c4278d4a6028830caff9ee44b42d32ed","name":"Telinha","image":{"@type":"ImageObject","inLanguage":"pt-PT","@id":"https:\/\/portaltela.pt\/s.01k8rhncp4jt1\/2025\/11\/talking-bot-125x125.png","url":"https:\/\/portaltela.pt\/s.01k8rhncp4jt1\/2025\/11\/talking-bot-125x125.png","contentUrl":"https:\/\/portaltela.pt\/s.01k8rhncp4jt1\/2025\/11\/talking-bot-125x125.png","caption":"Telinha"},"sameAs":["https:\/\/portaltela.pt\/"],"url":"https:\/\/portaltela.pt\/por\/367410592786\/"}]}},"_links":{"self":[{"href":"https:\/\/portaltela.pt\/api\/wp\/v2\/posts\/141255","targetHints":{"allow":["GET"]}}],"collection":[{"href":"https:\/\/portaltela.pt\/api\/wp\/v2\/posts"}],"about":[{"href":"https:\/\/portaltela.pt\/api\/wp\/v2\/types\/post"}],"author":[{"embeddable":true,"href":"https:\/\/portaltela.pt\/api\/wp\/v2\/users\/2"}],"replies":[{"embeddable":true,"href":"https:\/\/portaltela.pt\/api\/wp\/v2\/comments?post=141255"}],"version-history":[{"count":0,"href":"https:\/\/portaltela.pt\/api\/wp\/v2\/posts\/141255\/revisions"}],"wp:featuredmedia":[{"embeddable":true,"href":"https:\/\/portaltela.pt\/api\/wp\/v2\/media\/141262"}],"wp:attachment":[{"href":"https:\/\/portaltela.pt\/api\/wp\/v2\/media?parent=141255"}],"wp:term":[{"taxonomy":"category","embeddable":true,"href":"https:\/\/portaltela.pt\/api\/wp\/v2\/categories?post=141255"},{"taxonomy":"post_tag","embeddable":true,"href":"https:\/\/portaltela.pt\/api\/wp\/v2\/tags?post=141255"}],"curies":[{"name":"wp","href":"https:\/\/api.w.org\/{rel}","templated":true}]}}