{"id":141128,"date":"2026-01-14T08:56:00","date_gmt":"2026-01-14T11:56:00","guid":{"rendered":"https:\/\/portaltela.pt\/noticias\/2026\/01\/14\/combate-a-pobreza-deve-ficar-a-cargo-do-primeiro-ministro\/"},"modified":"2026-01-14T08:56:00","modified_gmt":"2026-01-14T11:56:00","slug":"combate-a-pobreza-deve-ficar-a-cargo-do-primeiro-ministro","status":"publish","type":"post","link":"https:\/\/portaltela.pt\/noticias\/2026\/01\/14\/combate-a-pobreza-deve-ficar-a-cargo-do-primeiro-ministro\/","title":{"rendered":"Combate \u00e0 pobreza deve ficar a cargo do primeiro-ministro"},"content":{"rendered":"<p>O que aconteceu: o debate sobre a integra\u00e7\u00e3o da estrat\u00e9gia de combate \u00e0 pobreza no Instituto da Seguran\u00e7a Social ganhou destaque, ap\u00f3s as \u00faltimas m\u00e9tricas indicarem a persist\u00eancia de 300 mil crian\u00e7as pobres em Portugal. A discuss\u00e3o ocorreu \u00e0 margem de uma confer\u00eancia realizada nesta semana.<\/p>\n<p>Quem est\u00e1 envolvido: o economista e especialista em pobreza e desigualdades Carlos Farinha Rodrigues participou ativamente, defendendo que a luta contra a pobreza deveria ser da responsabilidade direta do Primeiro-Ministro. A conversa tamb\u00e9m envolveu especialistas e institui\u00e7\u00f5es acad\u00e9micas associadas ao tema.<\/p>\n<p>Quando e onde aconteceu: os indicadores foram apresentados recentemente e a confer\u00eancia associada realizou-se nesta quarta-feira, numa institui\u00e7\u00e3o universit\u00e1ria em Portugal, com foco no que est\u00e1 a ser feito em termos de pol\u00edticas sociais.<\/p>\n<p>Porqu\u00ea: a preocupa\u00e7\u00e3o central \u00e9 a poss\u00edvel perda de import\u00e2ncia estrat\u00e9gica da luta contra a pobreza no discurso p\u00fablico e pol\u00edtico. Farinha Rodrigues aponta que mais de 75% das crian\u00e7as pobres vivem em fam\u00edlias cuja principal fonte de rendimentos \u00e9 o trabalho, destacando a necessidade de fortalecer interven\u00e7\u00f5es.<\/p>\n<p>Contexto dos dados: os n\u00fameros mostram a continuidade de uma situa\u00e7\u00e3o que afeta cerca de 300 mil menores. No debate, discutiu-se a efic\u00e1cia do Rendimento Social de Inser\u00e7\u00e3o (RSI) e a eventual cria\u00e7\u00e3o de uma presta\u00e7\u00e3o social \u00fanica, como forma de simplificar e aumentar o impacto.<\/p>\n<p>Desafios propostos: o especialista defende altera\u00e7\u00f5es estruturais no RSI para melhorar a efic\u00e1cia das pol\u00edticas de apoio. A ideia \u00e9 alinhar os recursos com necessidades reais das fam\u00edlias, sem comprometer a abrang\u00eancia dos apoios existentes.<\/p>\n<p>Impacto pol\u00edtico e institucional: as propostas suscitaram conversas sobre a dire\u00e7\u00e3o da pol\u00edtica p\u00fablica de pobreza, com diferentes perspetivas sobre o papel do RSI e da Seguran\u00e7a Social. O objetivo \u00e9 manter a pobreza como prioridade estrat\u00e9gica, sem desadapta\u00e7\u00f5es administrativas.<\/p>\n","protected":false},"excerpt":{"rendered":"<ul>\n<li>A luta contra a pobreza devia ser da responsabilidade directa do primeiro-ministro, segundo o economista Carlos Farinha Rodrigues.<\/li>\n<li>A incorpora\u00e7\u00e3o da estrat\u00e9gia de pobreza no Instituto da Seguran\u00e7a Social \u00e9 vista como mau sinal, com Farinha Rodrigues a pedir medidas para enfrentar as cerca de 300 mil crian\u00e7as pobres em Portugal.<\/li>\n<li>Mais de 75% das crian\u00e7as pobres vivem em fam\u00edlias cuja principal fonte de rendimentos \u00e9 o trabalho.<\/li>\n<li>O especialista mostra abertura \u00e0 cria\u00e7\u00e3o de uma presta\u00e7\u00e3o social \u00fanica e defende altera\u00e7\u00f5es que aumentem a efic\u00e1cia do Rendimento Social de Inser\u00e7\u00e3o (RSI).<\/li>\n<li>As declara\u00e7\u00f5es surgem \u00e0 luz dos indicadores mais recentes sobre pobreza e s\u00e3o apresentadas numa confer\u00eancia da Universidade Cat\u00f3lica Portuguesa.<\/li>\n<\/ul>\n","protected":false},"author":2,"featured_media":141130,"comment_status":"closed","ping_status":"closed","sticky":false,"template":"","format":"standard","meta":{"footnotes":""},"categories":[1],"tags":[1650,1144,2832,133,2102,243],"class_list":["post-141128","post","type-post","status-publish","format-standard","has-post-thumbnail","hentry","category-noticias","tag-conferencia","tag-instituicoes","tag-politica","tag-politicas-publicas","tag-rendimento-social-de-insercao","tag-seguranca-social"],"yoast_head":"<!-- This site is optimized with the Yoast SEO plugin v27.2 - https:\/\/yoast.com\/product\/yoast-seo-wordpress\/ -->\n<title>Combate \u00e0 pobreza deve ficar a cargo do primeiro-ministro - Portal Tela Portugal<\/title>\n<meta name=\"robots\" content=\"index, follow, max-snippet:-1, max-image-preview:large, max-video-preview:-1\" \/>\n<meta property=\"og:locale\" content=\"pt_PT\" \/>\n<meta property=\"og:type\" content=\"article\" \/>\n<meta property=\"og:title\" content=\"Combate \u00e0 pobreza deve ficar a cargo do primeiro-ministro - Portal Tela Portugal\" \/>\n<meta property=\"og:description\" content=\"A luta contra a pobreza devia ser da responsabilidade directa do primeiro-ministro, segundo o economista Carlos Farinha Rodrigues. A incorpora\u00e7\u00e3o da estrat\u00e9gia de pobreza no Instituto da Seguran\u00e7a Social \u00e9 vista como mau sinal, com Farinha Rodrigues a pedir medidas para enfrentar as cerca de 300 mil crian\u00e7as pobres em Portugal. Mais de 75% das crian\u00e7as pobres vivem em fam\u00edlias cuja principal fonte de rendimentos \u00e9 o trabalho. O especialista mostra abertura \u00e0 cria\u00e7\u00e3o de uma presta\u00e7\u00e3o social \u00fanica e defende altera\u00e7\u00f5es que aumentem a efic\u00e1cia do Rendimento Social de Inser\u00e7\u00e3o (RSI). As declara\u00e7\u00f5es surgem \u00e0 luz dos indicadores mais recentes sobre pobreza e s\u00e3o apresentadas numa confer\u00eancia da Universidade Cat\u00f3lica Portuguesa.\" \/>\n<meta property=\"og:url\" content=\"https:\/\/portaltela.pt\/noticias\/2026\/01\/14\/combate-a-pobreza-deve-ficar-a-cargo-do-primeiro-ministro\/\" \/>\n<meta property=\"og:site_name\" content=\"Portal Tela Portugal\" \/>\n<meta property=\"article:published_time\" content=\"2026-01-14T11:56:00+00:00\" \/>\n<meta name=\"author\" content=\"Telinha\" \/>\n<meta name=\"twitter:card\" content=\"summary_large_image\" \/>\n<meta name=\"twitter:label1\" content=\"Escrito por\" \/>\n\t<meta name=\"twitter:data1\" content=\"Telinha\" \/>\n\t<meta name=\"twitter:label2\" content=\"Tempo estimado de leitura\" \/>\n\t<meta name=\"twitter:data2\" content=\"2 minutos\" \/>\n<script type=\"application\/ld+json\" class=\"yoast-schema-graph\">{\"@context\":\"https:\/\/schema.org\",\"@graph\":[{\"@type\":\"Article\",\"@id\":\"https:\/\/portaltela.pt\/noticias\/2026\/01\/14\/combate-a-pobreza-deve-ficar-a-cargo-do-primeiro-ministro\/#article\",\"isPartOf\":{\"@id\":\"https:\/\/portaltela.pt\/noticias\/2026\/01\/14\/combate-a-pobreza-deve-ficar-a-cargo-do-primeiro-ministro\/\"},\"author\":{\"name\":\"Telinha\",\"@id\":\"https:\/\/portaltela.pt\/#\/schema\/person\/c4278d4a6028830caff9ee44b42d32ed\"},\"headline\":\"Combate \u00e0 pobreza deve ficar a cargo do primeiro-ministro\",\"datePublished\":\"2026-01-14T11:56:00+00:00\",\"mainEntityOfPage\":{\"@id\":\"https:\/\/portaltela.pt\/noticias\/2026\/01\/14\/combate-a-pobreza-deve-ficar-a-cargo-do-primeiro-ministro\/\"},\"wordCount\":332,\"image\":{\"@id\":\"https:\/\/portaltela.pt\/noticias\/2026\/01\/14\/combate-a-pobreza-deve-ficar-a-cargo-do-primeiro-ministro\/#primaryimage\"},\"thumbnailUrl\":\"https:\/\/portaltela.pt\/s.01k8rhncp4jt1\/2026\/01\/2059152.jpg\",\"keywords\":[\"confer\u00eancia\",\"institui\u00e7\u00f5es\",\"pol\u00edtica\",\"pol\u00edticas p\u00fablicas\",\"Rendimento Social de Inser\u00e7\u00e3o\",\"seguran\u00e7a social\"],\"articleSection\":[\"Not\u00edcias\"],\"inLanguage\":\"pt-PT\"},{\"@type\":\"WebPage\",\"@id\":\"https:\/\/portaltela.pt\/noticias\/2026\/01\/14\/combate-a-pobreza-deve-ficar-a-cargo-do-primeiro-ministro\/\",\"url\":\"https:\/\/portaltela.pt\/noticias\/2026\/01\/14\/combate-a-pobreza-deve-ficar-a-cargo-do-primeiro-ministro\/\",\"name\":\"Combate \u00e0 pobreza deve ficar a cargo do primeiro-ministro - Portal Tela Portugal\",\"isPartOf\":{\"@id\":\"https:\/\/portaltela.pt\/#website\"},\"primaryImageOfPage\":{\"@id\":\"https:\/\/portaltela.pt\/noticias\/2026\/01\/14\/combate-a-pobreza-deve-ficar-a-cargo-do-primeiro-ministro\/#primaryimage\"},\"image\":{\"@id\":\"https:\/\/portaltela.pt\/noticias\/2026\/01\/14\/combate-a-pobreza-deve-ficar-a-cargo-do-primeiro-ministro\/#primaryimage\"},\"thumbnailUrl\":\"https:\/\/portaltela.pt\/s.01k8rhncp4jt1\/2026\/01\/2059152.jpg\",\"datePublished\":\"2026-01-14T11:56:00+00:00\",\"author\":{\"@id\":\"https:\/\/portaltela.pt\/#\/schema\/person\/c4278d4a6028830caff9ee44b42d32ed\"},\"breadcrumb\":{\"@id\":\"https:\/\/portaltela.pt\/noticias\/2026\/01\/14\/combate-a-pobreza-deve-ficar-a-cargo-do-primeiro-ministro\/#breadcrumb\"},\"inLanguage\":\"pt-PT\",\"potentialAction\":[{\"@type\":\"ReadAction\",\"target\":[\"https:\/\/portaltela.pt\/noticias\/2026\/01\/14\/combate-a-pobreza-deve-ficar-a-cargo-do-primeiro-ministro\/\"]}]},{\"@type\":\"ImageObject\",\"inLanguage\":\"pt-PT\",\"@id\":\"https:\/\/portaltela.pt\/noticias\/2026\/01\/14\/combate-a-pobreza-deve-ficar-a-cargo-do-primeiro-ministro\/#primaryimage\",\"url\":\"https:\/\/portaltela.pt\/s.01k8rhncp4jt1\/2026\/01\/2059152.jpg\",\"contentUrl\":\"https:\/\/portaltela.pt\/s.01k8rhncp4jt1\/2026\/01\/2059152.jpg\",\"width\":796,\"height\":448,\"caption\":\"Carlos Farinha Rodrigues, economista e investigador na \u00e1rea das desigualdades sociais, reivindica medidas de apoio directo \u00e0s fam\u00edlias para combater a pobreza infantil\"},{\"@type\":\"BreadcrumbList\",\"@id\":\"https:\/\/portaltela.pt\/noticias\/2026\/01\/14\/combate-a-pobreza-deve-ficar-a-cargo-do-primeiro-ministro\/#breadcrumb\",\"itemListElement\":[{\"@type\":\"ListItem\",\"position\":1,\"name\":\"In\u00edcio\",\"item\":\"https:\/\/portaltela.pt\/\"},{\"@type\":\"ListItem\",\"position\":2,\"name\":\"Combate \u00e0 pobreza deve ficar a cargo do primeiro-ministro\"}]},{\"@type\":\"WebSite\",\"@id\":\"https:\/\/portaltela.pt\/#website\",\"url\":\"https:\/\/portaltela.pt\/\",\"name\":\"Portal Tela Portugal\",\"description\":\"\",\"potentialAction\":[{\"@type\":\"SearchAction\",\"target\":{\"@type\":\"EntryPoint\",\"urlTemplate\":\"https:\/\/portaltela.pt\/?s={search_term_string}\"},\"query-input\":{\"@type\":\"PropertyValueSpecification\",\"valueRequired\":true,\"valueName\":\"search_term_string\"}}],\"inLanguage\":\"pt-PT\"},{\"@type\":\"Person\",\"@id\":\"https:\/\/portaltela.pt\/#\/schema\/person\/c4278d4a6028830caff9ee44b42d32ed\",\"name\":\"Telinha\",\"image\":{\"@type\":\"ImageObject\",\"inLanguage\":\"pt-PT\",\"@id\":\"https:\/\/portaltela.pt\/s.01k8rhncp4jt1\/2025\/11\/talking-bot-125x125.png\",\"url\":\"https:\/\/portaltela.pt\/s.01k8rhncp4jt1\/2025\/11\/talking-bot-125x125.png\",\"contentUrl\":\"https:\/\/portaltela.pt\/s.01k8rhncp4jt1\/2025\/11\/talking-bot-125x125.png\",\"caption\":\"Telinha\"},\"sameAs\":[\"https:\/\/portaltela.pt\/\"],\"url\":\"https:\/\/portaltela.pt\/por\/367410592786\/\"}]}<\/script>\n<!-- \/ Yoast SEO plugin. -->","yoast_head_json":{"title":"Combate \u00e0 pobreza deve ficar a cargo do primeiro-ministro - Portal Tela Portugal","robots":{"index":"index","follow":"follow","max-snippet":"max-snippet:-1","max-image-preview":"max-image-preview:large","max-video-preview":"max-video-preview:-1"},"og_locale":"pt_PT","og_type":"article","og_title":"Combate \u00e0 pobreza deve ficar a cargo do primeiro-ministro - Portal Tela Portugal","og_description":"A luta contra a pobreza devia ser da responsabilidade directa do primeiro-ministro, segundo o economista Carlos Farinha Rodrigues. A incorpora\u00e7\u00e3o da estrat\u00e9gia de pobreza no Instituto da Seguran\u00e7a Social \u00e9 vista como mau sinal, com Farinha Rodrigues a pedir medidas para enfrentar as cerca de 300 mil crian\u00e7as pobres em Portugal. Mais de 75% das crian\u00e7as pobres vivem em fam\u00edlias cuja principal fonte de rendimentos \u00e9 o trabalho. O especialista mostra abertura \u00e0 cria\u00e7\u00e3o de uma presta\u00e7\u00e3o social \u00fanica e defende altera\u00e7\u00f5es que aumentem a efic\u00e1cia do Rendimento Social de Inser\u00e7\u00e3o (RSI). As declara\u00e7\u00f5es surgem \u00e0 luz dos indicadores mais recentes sobre pobreza e s\u00e3o apresentadas numa confer\u00eancia da Universidade Cat\u00f3lica Portuguesa.","og_url":"https:\/\/portaltela.pt\/noticias\/2026\/01\/14\/combate-a-pobreza-deve-ficar-a-cargo-do-primeiro-ministro\/","og_site_name":"Portal Tela Portugal","article_published_time":"2026-01-14T11:56:00+00:00","author":"Telinha","twitter_card":"summary_large_image","twitter_misc":{"Escrito por":"Telinha","Tempo estimado de leitura":"2 minutos"},"schema":{"@context":"https:\/\/schema.org","@graph":[{"@type":"Article","@id":"https:\/\/portaltela.pt\/noticias\/2026\/01\/14\/combate-a-pobreza-deve-ficar-a-cargo-do-primeiro-ministro\/#article","isPartOf":{"@id":"https:\/\/portaltela.pt\/noticias\/2026\/01\/14\/combate-a-pobreza-deve-ficar-a-cargo-do-primeiro-ministro\/"},"author":{"name":"Telinha","@id":"https:\/\/portaltela.pt\/#\/schema\/person\/c4278d4a6028830caff9ee44b42d32ed"},"headline":"Combate \u00e0 pobreza deve ficar a cargo do primeiro-ministro","datePublished":"2026-01-14T11:56:00+00:00","mainEntityOfPage":{"@id":"https:\/\/portaltela.pt\/noticias\/2026\/01\/14\/combate-a-pobreza-deve-ficar-a-cargo-do-primeiro-ministro\/"},"wordCount":332,"image":{"@id":"https:\/\/portaltela.pt\/noticias\/2026\/01\/14\/combate-a-pobreza-deve-ficar-a-cargo-do-primeiro-ministro\/#primaryimage"},"thumbnailUrl":"https:\/\/portaltela.pt\/s.01k8rhncp4jt1\/2026\/01\/2059152.jpg","keywords":["confer\u00eancia","institui\u00e7\u00f5es","pol\u00edtica","pol\u00edticas p\u00fablicas","Rendimento Social de Inser\u00e7\u00e3o","seguran\u00e7a social"],"articleSection":["Not\u00edcias"],"inLanguage":"pt-PT"},{"@type":"WebPage","@id":"https:\/\/portaltela.pt\/noticias\/2026\/01\/14\/combate-a-pobreza-deve-ficar-a-cargo-do-primeiro-ministro\/","url":"https:\/\/portaltela.pt\/noticias\/2026\/01\/14\/combate-a-pobreza-deve-ficar-a-cargo-do-primeiro-ministro\/","name":"Combate \u00e0 pobreza deve ficar a cargo do primeiro-ministro - Portal Tela Portugal","isPartOf":{"@id":"https:\/\/portaltela.pt\/#website"},"primaryImageOfPage":{"@id":"https:\/\/portaltela.pt\/noticias\/2026\/01\/14\/combate-a-pobreza-deve-ficar-a-cargo-do-primeiro-ministro\/#primaryimage"},"image":{"@id":"https:\/\/portaltela.pt\/noticias\/2026\/01\/14\/combate-a-pobreza-deve-ficar-a-cargo-do-primeiro-ministro\/#primaryimage"},"thumbnailUrl":"https:\/\/portaltela.pt\/s.01k8rhncp4jt1\/2026\/01\/2059152.jpg","datePublished":"2026-01-14T11:56:00+00:00","author":{"@id":"https:\/\/portaltela.pt\/#\/schema\/person\/c4278d4a6028830caff9ee44b42d32ed"},"breadcrumb":{"@id":"https:\/\/portaltela.pt\/noticias\/2026\/01\/14\/combate-a-pobreza-deve-ficar-a-cargo-do-primeiro-ministro\/#breadcrumb"},"inLanguage":"pt-PT","potentialAction":[{"@type":"ReadAction","target":["https:\/\/portaltela.pt\/noticias\/2026\/01\/14\/combate-a-pobreza-deve-ficar-a-cargo-do-primeiro-ministro\/"]}]},{"@type":"ImageObject","inLanguage":"pt-PT","@id":"https:\/\/portaltela.pt\/noticias\/2026\/01\/14\/combate-a-pobreza-deve-ficar-a-cargo-do-primeiro-ministro\/#primaryimage","url":"https:\/\/portaltela.pt\/s.01k8rhncp4jt1\/2026\/01\/2059152.jpg","contentUrl":"https:\/\/portaltela.pt\/s.01k8rhncp4jt1\/2026\/01\/2059152.jpg","width":796,"height":448,"caption":"Carlos Farinha Rodrigues, economista e investigador na \u00e1rea das desigualdades sociais, reivindica medidas de apoio directo \u00e0s fam\u00edlias para combater a pobreza infantil"},{"@type":"BreadcrumbList","@id":"https:\/\/portaltela.pt\/noticias\/2026\/01\/14\/combate-a-pobreza-deve-ficar-a-cargo-do-primeiro-ministro\/#breadcrumb","itemListElement":[{"@type":"ListItem","position":1,"name":"In\u00edcio","item":"https:\/\/portaltela.pt\/"},{"@type":"ListItem","position":2,"name":"Combate \u00e0 pobreza deve ficar a cargo do primeiro-ministro"}]},{"@type":"WebSite","@id":"https:\/\/portaltela.pt\/#website","url":"https:\/\/portaltela.pt\/","name":"Portal Tela Portugal","description":"","potentialAction":[{"@type":"SearchAction","target":{"@type":"EntryPoint","urlTemplate":"https:\/\/portaltela.pt\/?s={search_term_string}"},"query-input":{"@type":"PropertyValueSpecification","valueRequired":true,"valueName":"search_term_string"}}],"inLanguage":"pt-PT"},{"@type":"Person","@id":"https:\/\/portaltela.pt\/#\/schema\/person\/c4278d4a6028830caff9ee44b42d32ed","name":"Telinha","image":{"@type":"ImageObject","inLanguage":"pt-PT","@id":"https:\/\/portaltela.pt\/s.01k8rhncp4jt1\/2025\/11\/talking-bot-125x125.png","url":"https:\/\/portaltela.pt\/s.01k8rhncp4jt1\/2025\/11\/talking-bot-125x125.png","contentUrl":"https:\/\/portaltela.pt\/s.01k8rhncp4jt1\/2025\/11\/talking-bot-125x125.png","caption":"Telinha"},"sameAs":["https:\/\/portaltela.pt\/"],"url":"https:\/\/portaltela.pt\/por\/367410592786\/"}]}},"_links":{"self":[{"href":"https:\/\/portaltela.pt\/api\/wp\/v2\/posts\/141128","targetHints":{"allow":["GET"]}}],"collection":[{"href":"https:\/\/portaltela.pt\/api\/wp\/v2\/posts"}],"about":[{"href":"https:\/\/portaltela.pt\/api\/wp\/v2\/types\/post"}],"author":[{"embeddable":true,"href":"https:\/\/portaltela.pt\/api\/wp\/v2\/users\/2"}],"replies":[{"embeddable":true,"href":"https:\/\/portaltela.pt\/api\/wp\/v2\/comments?post=141128"}],"version-history":[{"count":0,"href":"https:\/\/portaltela.pt\/api\/wp\/v2\/posts\/141128\/revisions"}],"wp:featuredmedia":[{"embeddable":true,"href":"https:\/\/portaltela.pt\/api\/wp\/v2\/media\/141130"}],"wp:attachment":[{"href":"https:\/\/portaltela.pt\/api\/wp\/v2\/media?parent=141128"}],"wp:term":[{"taxonomy":"category","embeddable":true,"href":"https:\/\/portaltela.pt\/api\/wp\/v2\/categories?post=141128"},{"taxonomy":"post_tag","embeddable":true,"href":"https:\/\/portaltela.pt\/api\/wp\/v2\/tags?post=141128"}],"curies":[{"name":"wp","href":"https:\/\/api.w.org\/{rel}","templated":true}]}}