{"id":141042,"date":"2026-01-14T08:24:36","date_gmt":"2026-01-14T11:24:36","guid":{"rendered":"https:\/\/portaltela.pt\/noticias\/2026\/01\/14\/andreia-faria-afirma-que-ronaldo-tornou-o-al-nassr-amplamente-conhecido\/"},"modified":"2026-01-14T08:24:36","modified_gmt":"2026-01-14T11:24:36","slug":"andreia-faria-afirma-que-ronaldo-tornou-o-al-nassr-amplamente-conhecido","status":"publish","type":"post","link":"https:\/\/portaltela.pt\/desporto\/futebol\/2026\/01\/14\/andreia-faria-afirma-que-ronaldo-tornou-o-al-nassr-amplamente-conhecido\/","title":{"rendered":"Andreia Faria afirma que Ronaldo tornou o Al Nassr amplamente conhecido"},"content":{"rendered":"<p>A entrevista exclusiva da Record com Andreia Faria revela como a internacional portuguesa v\u00ea o impacto de Cristiano Ronaldo no Al Nassr. Faria afirma que a presen\u00e7a do astro elevou a visibilidade do clube saudita a n\u00edvel global.<\/p>\n<p>A jogadora recorda que o Al Nassr cresceu significativamente desde a chegada de Ronaldo, com melhorias evidentes no desempenho e no reconhecimento internacional. Ela destaca o papel do treinador e da gest\u00e3o na consolida\u00e7\u00e3o do projeto.<\/p>\n<p>Andreia Faria tamb\u00e9m referiu, em tom objetivo, o objetivo da sele\u00e7\u00e3o: vencer os EUA em jogos oficiais. O recorte da entrevista foca na evolu\u00e7\u00e3o do clube e na ambi\u00e7\u00e3o de manter o rendimento em competi\u00e7\u00f5es internacionais.<\/p>\n","protected":false},"excerpt":{"rendered":"<ul>\n<li>Andreia Faria, internacional portuguesa, concedeu entrevista exclusiva \u00e0 Record.<\/li>\n<li>Afirma que toda a gente conhece o Al Nassr gra\u00e7as a Cristiano Ronaldo.<\/li>\n<li>Diz que o Al Nassr cresceu muito com a vinda de Cristiano Ronaldo.<\/li>\n<li>Recorda ter passado oito anos vitoriosos no Benfica.<\/li>\n<li>Aposta numa vit\u00f3ria sobre os EUA em jogos oficiais.<\/li>\n<\/ul>\n","protected":false},"author":2,"featured_media":141048,"comment_status":"closed","ping_status":"closed","sticky":false,"template":"","format":"standard","meta":{"footnotes":""},"categories":[21,24],"tags":[1947,2681,32,1014,2175,2057],"class_list":["post-141042","post","type-post","status-publish","format-standard","has-post-thumbnail","hentry","category-desporto","category-futebol","tag-cristiano-ronaldo","tag-desporto-internacional","tag-futebol","tag-portugal","tag-reconhecimentos-internacionais","tag-selecao-nacional"],"yoast_head":"<!-- This site is optimized with the Yoast SEO plugin v27.2 - https:\/\/yoast.com\/product\/yoast-seo-wordpress\/ -->\n<title>Andreia Faria afirma que Ronaldo tornou o Al Nassr amplamente conhecido - Portal Tela Portugal<\/title>\n<meta name=\"robots\" content=\"index, follow, max-snippet:-1, max-image-preview:large, max-video-preview:-1\" \/>\n<meta property=\"og:locale\" content=\"pt_PT\" \/>\n<meta property=\"og:type\" content=\"article\" \/>\n<meta property=\"og:title\" content=\"Andreia Faria afirma que Ronaldo tornou o Al Nassr amplamente conhecido - Portal Tela Portugal\" \/>\n<meta property=\"og:description\" content=\"Andreia Faria, internacional portuguesa, concedeu entrevista exclusiva \u00e0 Record. Afirma que toda a gente conhece o Al Nassr gra\u00e7as a Cristiano Ronaldo. Diz que o Al Nassr cresceu muito com a vinda de Cristiano Ronaldo. Recorda ter passado oito anos vitoriosos no Benfica. Aposta numa vit\u00f3ria sobre os EUA em jogos oficiais.\" \/>\n<meta property=\"og:url\" content=\"https:\/\/portaltela.pt\/noticias\/2026\/01\/14\/andreia-faria-afirma-que-ronaldo-tornou-o-al-nassr-amplamente-conhecido\/\" \/>\n<meta property=\"og:site_name\" content=\"Portal Tela Portugal\" \/>\n<meta property=\"article:published_time\" content=\"2026-01-14T11:24:36+00:00\" \/>\n<meta name=\"author\" content=\"Telinha\" \/>\n<meta name=\"twitter:card\" content=\"summary_large_image\" \/>\n<meta name=\"twitter:label1\" content=\"Escrito por\" \/>\n\t<meta name=\"twitter:data1\" content=\"Telinha\" \/>\n\t<meta name=\"twitter:label2\" content=\"Tempo estimado de leitura\" \/>\n\t<meta name=\"twitter:data2\" content=\"1 minuto\" \/>\n<script type=\"application\/ld+json\" class=\"yoast-schema-graph\">{\"@context\":\"https:\/\/schema.org\",\"@graph\":[{\"@type\":\"Article\",\"@id\":\"https:\/\/portaltela.pt\/noticias\/2026\/01\/14\/andreia-faria-afirma-que-ronaldo-tornou-o-al-nassr-amplamente-conhecido\/#article\",\"isPartOf\":{\"@id\":\"https:\/\/portaltela.pt\/noticias\/2026\/01\/14\/andreia-faria-afirma-que-ronaldo-tornou-o-al-nassr-amplamente-conhecido\/\"},\"author\":{\"name\":\"Telinha\",\"@id\":\"https:\/\/portaltela.pt\/#\/schema\/person\/c4278d4a6028830caff9ee44b42d32ed\"},\"headline\":\"Andreia Faria afirma que Ronaldo tornou o Al Nassr amplamente conhecido\",\"datePublished\":\"2026-01-14T11:24:36+00:00\",\"mainEntityOfPage\":{\"@id\":\"https:\/\/portaltela.pt\/noticias\/2026\/01\/14\/andreia-faria-afirma-que-ronaldo-tornou-o-al-nassr-amplamente-conhecido\/\"},\"wordCount\":130,\"image\":{\"@id\":\"https:\/\/portaltela.pt\/noticias\/2026\/01\/14\/andreia-faria-afirma-que-ronaldo-tornou-o-al-nassr-amplamente-conhecido\/#primaryimage\"},\"thumbnailUrl\":\"https:\/\/portaltela.pt\/s.01k8rhncp4jt1\/2026\/01\/img_1200x721uu2026-01-12-19-40-39-2414384.jpg\",\"keywords\":[\"Cristiano Ronaldo\",\"desporto internacional\",\"futebol\",\"Portugal\",\"reconhecimentos internacionais\",\"Sele\u00e7\u00e3o Nacional\"],\"articleSection\":[\"Desporto\",\"Futebol\"],\"inLanguage\":\"pt-PT\"},{\"@type\":\"WebPage\",\"@id\":\"https:\/\/portaltela.pt\/noticias\/2026\/01\/14\/andreia-faria-afirma-que-ronaldo-tornou-o-al-nassr-amplamente-conhecido\/\",\"url\":\"https:\/\/portaltela.pt\/noticias\/2026\/01\/14\/andreia-faria-afirma-que-ronaldo-tornou-o-al-nassr-amplamente-conhecido\/\",\"name\":\"Andreia Faria afirma que Ronaldo tornou o Al Nassr amplamente conhecido - Portal Tela Portugal\",\"isPartOf\":{\"@id\":\"https:\/\/portaltela.pt\/#website\"},\"primaryImageOfPage\":{\"@id\":\"https:\/\/portaltela.pt\/noticias\/2026\/01\/14\/andreia-faria-afirma-que-ronaldo-tornou-o-al-nassr-amplamente-conhecido\/#primaryimage\"},\"image\":{\"@id\":\"https:\/\/portaltela.pt\/noticias\/2026\/01\/14\/andreia-faria-afirma-que-ronaldo-tornou-o-al-nassr-amplamente-conhecido\/#primaryimage\"},\"thumbnailUrl\":\"https:\/\/portaltela.pt\/s.01k8rhncp4jt1\/2026\/01\/img_1200x721uu2026-01-12-19-40-39-2414384.jpg\",\"datePublished\":\"2026-01-14T11:24:36+00:00\",\"author\":{\"@id\":\"https:\/\/portaltela.pt\/#\/schema\/person\/c4278d4a6028830caff9ee44b42d32ed\"},\"breadcrumb\":{\"@id\":\"https:\/\/portaltela.pt\/noticias\/2026\/01\/14\/andreia-faria-afirma-que-ronaldo-tornou-o-al-nassr-amplamente-conhecido\/#breadcrumb\"},\"inLanguage\":\"pt-PT\",\"potentialAction\":[{\"@type\":\"ReadAction\",\"target\":[\"https:\/\/portaltela.pt\/noticias\/2026\/01\/14\/andreia-faria-afirma-que-ronaldo-tornou-o-al-nassr-amplamente-conhecido\/\"]}]},{\"@type\":\"ImageObject\",\"inLanguage\":\"pt-PT\",\"@id\":\"https:\/\/portaltela.pt\/noticias\/2026\/01\/14\/andreia-faria-afirma-que-ronaldo-tornou-o-al-nassr-amplamente-conhecido\/#primaryimage\",\"url\":\"https:\/\/portaltela.pt\/s.01k8rhncp4jt1\/2026\/01\/img_1200x721uu2026-01-12-19-40-39-2414384.jpg\",\"contentUrl\":\"https:\/\/portaltela.pt\/s.01k8rhncp4jt1\/2026\/01\/img_1200x721uu2026-01-12-19-40-39-2414384.jpg\",\"width\":796,\"height\":448,\"caption\":\"Andreia Faria: \u00abToda a gente conhece o Al Nassr gra\u00e7as a Cristiano Ronaldo\u00bb\"},{\"@type\":\"BreadcrumbList\",\"@id\":\"https:\/\/portaltela.pt\/noticias\/2026\/01\/14\/andreia-faria-afirma-que-ronaldo-tornou-o-al-nassr-amplamente-conhecido\/#breadcrumb\",\"itemListElement\":[{\"@type\":\"ListItem\",\"position\":1,\"name\":\"In\u00edcio\",\"item\":\"https:\/\/portaltela.pt\/\"},{\"@type\":\"ListItem\",\"position\":2,\"name\":\"Andreia Faria afirma que Ronaldo tornou o Al Nassr amplamente conhecido\"}]},{\"@type\":\"WebSite\",\"@id\":\"https:\/\/portaltela.pt\/#website\",\"url\":\"https:\/\/portaltela.pt\/\",\"name\":\"Portal Tela Portugal\",\"description\":\"\",\"potentialAction\":[{\"@type\":\"SearchAction\",\"target\":{\"@type\":\"EntryPoint\",\"urlTemplate\":\"https:\/\/portaltela.pt\/?s={search_term_string}\"},\"query-input\":{\"@type\":\"PropertyValueSpecification\",\"valueRequired\":true,\"valueName\":\"search_term_string\"}}],\"inLanguage\":\"pt-PT\"},{\"@type\":\"Person\",\"@id\":\"https:\/\/portaltela.pt\/#\/schema\/person\/c4278d4a6028830caff9ee44b42d32ed\",\"name\":\"Telinha\",\"image\":{\"@type\":\"ImageObject\",\"inLanguage\":\"pt-PT\",\"@id\":\"https:\/\/portaltela.pt\/s.01k8rhncp4jt1\/2025\/11\/talking-bot-125x125.png\",\"url\":\"https:\/\/portaltela.pt\/s.01k8rhncp4jt1\/2025\/11\/talking-bot-125x125.png\",\"contentUrl\":\"https:\/\/portaltela.pt\/s.01k8rhncp4jt1\/2025\/11\/talking-bot-125x125.png\",\"caption\":\"Telinha\"},\"sameAs\":[\"https:\/\/portaltela.pt\/\"],\"url\":\"https:\/\/portaltela.pt\/por\/367410592786\/\"}]}<\/script>\n<!-- \/ Yoast SEO plugin. -->","yoast_head_json":{"title":"Andreia Faria afirma que Ronaldo tornou o Al Nassr amplamente conhecido - Portal Tela Portugal","robots":{"index":"index","follow":"follow","max-snippet":"max-snippet:-1","max-image-preview":"max-image-preview:large","max-video-preview":"max-video-preview:-1"},"og_locale":"pt_PT","og_type":"article","og_title":"Andreia Faria afirma que Ronaldo tornou o Al Nassr amplamente conhecido - Portal Tela Portugal","og_description":"Andreia Faria, internacional portuguesa, concedeu entrevista exclusiva \u00e0 Record. Afirma que toda a gente conhece o Al Nassr gra\u00e7as a Cristiano Ronaldo. Diz que o Al Nassr cresceu muito com a vinda de Cristiano Ronaldo. Recorda ter passado oito anos vitoriosos no Benfica. Aposta numa vit\u00f3ria sobre os EUA em jogos oficiais.","og_url":"https:\/\/portaltela.pt\/noticias\/2026\/01\/14\/andreia-faria-afirma-que-ronaldo-tornou-o-al-nassr-amplamente-conhecido\/","og_site_name":"Portal Tela Portugal","article_published_time":"2026-01-14T11:24:36+00:00","author":"Telinha","twitter_card":"summary_large_image","twitter_misc":{"Escrito por":"Telinha","Tempo estimado de leitura":"1 minuto"},"schema":{"@context":"https:\/\/schema.org","@graph":[{"@type":"Article","@id":"https:\/\/portaltela.pt\/noticias\/2026\/01\/14\/andreia-faria-afirma-que-ronaldo-tornou-o-al-nassr-amplamente-conhecido\/#article","isPartOf":{"@id":"https:\/\/portaltela.pt\/noticias\/2026\/01\/14\/andreia-faria-afirma-que-ronaldo-tornou-o-al-nassr-amplamente-conhecido\/"},"author":{"name":"Telinha","@id":"https:\/\/portaltela.pt\/#\/schema\/person\/c4278d4a6028830caff9ee44b42d32ed"},"headline":"Andreia Faria afirma que Ronaldo tornou o Al Nassr amplamente conhecido","datePublished":"2026-01-14T11:24:36+00:00","mainEntityOfPage":{"@id":"https:\/\/portaltela.pt\/noticias\/2026\/01\/14\/andreia-faria-afirma-que-ronaldo-tornou-o-al-nassr-amplamente-conhecido\/"},"wordCount":130,"image":{"@id":"https:\/\/portaltela.pt\/noticias\/2026\/01\/14\/andreia-faria-afirma-que-ronaldo-tornou-o-al-nassr-amplamente-conhecido\/#primaryimage"},"thumbnailUrl":"https:\/\/portaltela.pt\/s.01k8rhncp4jt1\/2026\/01\/img_1200x721uu2026-01-12-19-40-39-2414384.jpg","keywords":["Cristiano Ronaldo","desporto internacional","futebol","Portugal","reconhecimentos internacionais","Sele\u00e7\u00e3o Nacional"],"articleSection":["Desporto","Futebol"],"inLanguage":"pt-PT"},{"@type":"WebPage","@id":"https:\/\/portaltela.pt\/noticias\/2026\/01\/14\/andreia-faria-afirma-que-ronaldo-tornou-o-al-nassr-amplamente-conhecido\/","url":"https:\/\/portaltela.pt\/noticias\/2026\/01\/14\/andreia-faria-afirma-que-ronaldo-tornou-o-al-nassr-amplamente-conhecido\/","name":"Andreia Faria afirma que Ronaldo tornou o Al Nassr amplamente conhecido - Portal Tela Portugal","isPartOf":{"@id":"https:\/\/portaltela.pt\/#website"},"primaryImageOfPage":{"@id":"https:\/\/portaltela.pt\/noticias\/2026\/01\/14\/andreia-faria-afirma-que-ronaldo-tornou-o-al-nassr-amplamente-conhecido\/#primaryimage"},"image":{"@id":"https:\/\/portaltela.pt\/noticias\/2026\/01\/14\/andreia-faria-afirma-que-ronaldo-tornou-o-al-nassr-amplamente-conhecido\/#primaryimage"},"thumbnailUrl":"https:\/\/portaltela.pt\/s.01k8rhncp4jt1\/2026\/01\/img_1200x721uu2026-01-12-19-40-39-2414384.jpg","datePublished":"2026-01-14T11:24:36+00:00","author":{"@id":"https:\/\/portaltela.pt\/#\/schema\/person\/c4278d4a6028830caff9ee44b42d32ed"},"breadcrumb":{"@id":"https:\/\/portaltela.pt\/noticias\/2026\/01\/14\/andreia-faria-afirma-que-ronaldo-tornou-o-al-nassr-amplamente-conhecido\/#breadcrumb"},"inLanguage":"pt-PT","potentialAction":[{"@type":"ReadAction","target":["https:\/\/portaltela.pt\/noticias\/2026\/01\/14\/andreia-faria-afirma-que-ronaldo-tornou-o-al-nassr-amplamente-conhecido\/"]}]},{"@type":"ImageObject","inLanguage":"pt-PT","@id":"https:\/\/portaltela.pt\/noticias\/2026\/01\/14\/andreia-faria-afirma-que-ronaldo-tornou-o-al-nassr-amplamente-conhecido\/#primaryimage","url":"https:\/\/portaltela.pt\/s.01k8rhncp4jt1\/2026\/01\/img_1200x721uu2026-01-12-19-40-39-2414384.jpg","contentUrl":"https:\/\/portaltela.pt\/s.01k8rhncp4jt1\/2026\/01\/img_1200x721uu2026-01-12-19-40-39-2414384.jpg","width":796,"height":448,"caption":"Andreia Faria: \u00abToda a gente conhece o Al Nassr gra\u00e7as a Cristiano Ronaldo\u00bb"},{"@type":"BreadcrumbList","@id":"https:\/\/portaltela.pt\/noticias\/2026\/01\/14\/andreia-faria-afirma-que-ronaldo-tornou-o-al-nassr-amplamente-conhecido\/#breadcrumb","itemListElement":[{"@type":"ListItem","position":1,"name":"In\u00edcio","item":"https:\/\/portaltela.pt\/"},{"@type":"ListItem","position":2,"name":"Andreia Faria afirma que Ronaldo tornou o Al Nassr amplamente conhecido"}]},{"@type":"WebSite","@id":"https:\/\/portaltela.pt\/#website","url":"https:\/\/portaltela.pt\/","name":"Portal Tela Portugal","description":"","potentialAction":[{"@type":"SearchAction","target":{"@type":"EntryPoint","urlTemplate":"https:\/\/portaltela.pt\/?s={search_term_string}"},"query-input":{"@type":"PropertyValueSpecification","valueRequired":true,"valueName":"search_term_string"}}],"inLanguage":"pt-PT"},{"@type":"Person","@id":"https:\/\/portaltela.pt\/#\/schema\/person\/c4278d4a6028830caff9ee44b42d32ed","name":"Telinha","image":{"@type":"ImageObject","inLanguage":"pt-PT","@id":"https:\/\/portaltela.pt\/s.01k8rhncp4jt1\/2025\/11\/talking-bot-125x125.png","url":"https:\/\/portaltela.pt\/s.01k8rhncp4jt1\/2025\/11\/talking-bot-125x125.png","contentUrl":"https:\/\/portaltela.pt\/s.01k8rhncp4jt1\/2025\/11\/talking-bot-125x125.png","caption":"Telinha"},"sameAs":["https:\/\/portaltela.pt\/"],"url":"https:\/\/portaltela.pt\/por\/367410592786\/"}]}},"_links":{"self":[{"href":"https:\/\/portaltela.pt\/api\/wp\/v2\/posts\/141042","targetHints":{"allow":["GET"]}}],"collection":[{"href":"https:\/\/portaltela.pt\/api\/wp\/v2\/posts"}],"about":[{"href":"https:\/\/portaltela.pt\/api\/wp\/v2\/types\/post"}],"author":[{"embeddable":true,"href":"https:\/\/portaltela.pt\/api\/wp\/v2\/users\/2"}],"replies":[{"embeddable":true,"href":"https:\/\/portaltela.pt\/api\/wp\/v2\/comments?post=141042"}],"version-history":[{"count":0,"href":"https:\/\/portaltela.pt\/api\/wp\/v2\/posts\/141042\/revisions"}],"wp:featuredmedia":[{"embeddable":true,"href":"https:\/\/portaltela.pt\/api\/wp\/v2\/media\/141048"}],"wp:attachment":[{"href":"https:\/\/portaltela.pt\/api\/wp\/v2\/media?parent=141042"}],"wp:term":[{"taxonomy":"category","embeddable":true,"href":"https:\/\/portaltela.pt\/api\/wp\/v2\/categories?post=141042"},{"taxonomy":"post_tag","embeddable":true,"href":"https:\/\/portaltela.pt\/api\/wp\/v2\/tags?post=141042"}],"curies":[{"name":"wp","href":"https:\/\/api.w.org\/{rel}","templated":true}]}}