{"id":140992,"date":"2026-01-14T07:45:00","date_gmt":"2026-01-14T10:45:00","guid":{"rendered":"https:\/\/portaltela.pt\/noticias\/2026\/01\/14\/contratempos-na-10-a-etapa-afastam-joao-ferreira-do-top-10-do-dakar\/"},"modified":"2026-01-14T07:45:00","modified_gmt":"2026-01-14T10:45:00","slug":"contratempos-na-10-a-etapa-afastam-joao-ferreira-do-top-10-do-dakar","status":"publish","type":"post","link":"https:\/\/portaltela.pt\/desporto\/2026\/01\/14\/contratempos-na-10-a-etapa-afastam-joao-ferreira-do-top-10-do-dakar\/","title":{"rendered":"Contratempos na 10.\u00aa etapa afastam Jo\u00e3o Ferreira do top 10 do Dakar"},"content":{"rendered":"<p>A 10.\u00aa etapa do Rali Dakar, realizada na ter\u00e7a-feira, 13 de janeiro de 2026, afastou a dupla portuguesa Jo\u00e3o Ferreira e Filipe Palmeiro do top 10 da classifica\u00e7\u00e3o geral ao terminar em posi\u00e7\u00e3o desfavor\u00e1vel. A dupla, que arrancou em 10.\u00ba lugar, viu-se colocada na 21.\u00aa posi\u00e7\u00e3o ap\u00f3s uma s\u00e9rie de contratempos na tirada.<\/p>\n<p>O primeiro rev\u00e9s foi uma fuga de \u00f3leo que deixou o ve\u00edculo sem dire\u00e7\u00e3o hidr\u00e1ulica. Sem assist\u00eancia, a equipa percorreu cerca de 50 quil\u00f3metros com o problema, resolvendo-o apenas durante o pit stop. A falha t\u00e9cnica comprometeu o ritmo e o tempo perdido foi agravado por novo incidente.<\/p>\n<p>A cerca de 100 quil\u00f3metros da meta, numa zona com 30 km\/h de velocidade, a poeira de um carro anterior reduziu a visibilidade e provocou uma pancada numa pedra. O impacto arrancou uma roda dianteira, interrompendo de forma definitiva o andamento da equipa. Ferreira terminou a etapa na 141.\u00aa posi\u00e7\u00e3o, a mais de duas horas e quarenta minutos do vencedor, Erik Goczal.<\/p>\n<h3>Situa\u00e7\u00e3o na geral<\/h3>\n<p>Com o desfecho, Jo\u00e3o Ferreira caiu para o 21.\u00ba posto da classifica\u00e7\u00e3o geral, a quase tr\u00eas horas do novo l\u00edder, Nani Roma. A lideran\u00e7a da prova mant\u00e9m-se muito disputada, com Carlos Sainz a 57 segundos do l\u00edder e Nasser Al-Attiyah a pouco mais de um minuto da primeira posi\u00e7\u00e3o.<\/p>\n","protected":false},"excerpt":{"rendered":"<ul>\n<li>A 10.\u00aa etapa do Dakar, realizada em 13 de janeiro de 2026, afastou Jo\u00e3o Ferreira e Filipe Palmeiro do top 10, passando da 10.\u00aa para a 21.\u00aa posi\u00e7\u00e3o na geral.<\/li>\n<li>O primeiro contratempo foi uma fuga de \u00f3leo que deixou a dire\u00e7\u00e3o hidr\u00e1ulica sem controlo, obrigando-os a percorrer cerca de 50 quil\u00f3metros at\u00e9 o arranjo no pit stop.<\/li>\n<li>Na fase final da tirada ocorreu um novo incidente: com visibilidade reduzida pela poeira e a 30 km\/h, houve embate com uma pedra que arrancou uma roda dianteira.<\/li>\n<li>Ferreira terminou a etapa na 141.\u00aa posi\u00e7\u00e3o, com atraso superior a duas horas e quarenta minutos face ao vencedor, Erik Gocza\u0142.<\/li>\n<li>Na classifica\u00e7\u00e3o geral, o l\u00edder passou a ser Nani Roma, com Carlos Sainz a 57 segundos e Nasser Al-Attiyah a pouco mais de um minuto do comando; Ferreira fica quase a tr\u00eas horas do l\u00edder.<\/li>\n<\/ul>\n","protected":false},"author":2,"featured_media":141006,"comment_status":"closed","ping_status":"closed","sticky":false,"template":"","format":"standard","meta":{"footnotes":""},"categories":[21],"tags":[152,2619,2467,2748,1014],"class_list":["post-140992","post","type-post","status-publish","format-standard","has-post-thumbnail","hentry","category-desporto","tag-desporto","tag-desportos-internacionais","tag-desportos-motorizados","tag-motores-ssv-e-challenger","tag-portugal"],"yoast_head":"<!-- This site is optimized with the Yoast SEO plugin v27.2 - https:\/\/yoast.com\/product\/yoast-seo-wordpress\/ -->\n<title>Contratempos na 10.\u00aa etapa afastam Jo\u00e3o Ferreira do top 10 do Dakar - Portal Tela Portugal<\/title>\n<meta name=\"robots\" content=\"index, follow, max-snippet:-1, max-image-preview:large, max-video-preview:-1\" \/>\n<meta property=\"og:locale\" content=\"pt_PT\" \/>\n<meta property=\"og:type\" content=\"article\" \/>\n<meta property=\"og:title\" content=\"Contratempos na 10.\u00aa etapa afastam Jo\u00e3o Ferreira do top 10 do Dakar - Portal Tela Portugal\" \/>\n<meta property=\"og:description\" content=\"A 10.\u00aa etapa do Dakar, realizada em 13 de janeiro de 2026, afastou Jo\u00e3o Ferreira e Filipe Palmeiro do top 10, passando da 10.\u00aa para a 21.\u00aa posi\u00e7\u00e3o na geral. O primeiro contratempo foi uma fuga de \u00f3leo que deixou a dire\u00e7\u00e3o hidr\u00e1ulica sem controlo, obrigando-os a percorrer cerca de 50 quil\u00f3metros at\u00e9 o arranjo no pit stop. Na fase final da tirada ocorreu um novo incidente: com visibilidade reduzida pela poeira e a 30 km\/h, houve embate com uma pedra que arrancou uma roda dianteira. Ferreira terminou a etapa na 141.\u00aa posi\u00e7\u00e3o, com atraso superior a duas horas e quarenta minutos face ao vencedor, Erik Gocza\u0142. Na classifica\u00e7\u00e3o geral, o l\u00edder passou a ser Nani Roma, com Carlos Sainz a 57 segundos e Nasser Al-Attiyah a pouco mais de um minuto do comando; Ferreira fica quase a tr\u00eas horas do l\u00edder.\" \/>\n<meta property=\"og:url\" content=\"https:\/\/portaltela.pt\/noticias\/2026\/01\/14\/contratempos-na-10-a-etapa-afastam-joao-ferreira-do-top-10-do-dakar\/\" \/>\n<meta property=\"og:site_name\" content=\"Portal Tela Portugal\" \/>\n<meta property=\"article:published_time\" content=\"2026-01-14T10:45:00+00:00\" \/>\n<meta name=\"author\" content=\"Telinha\" \/>\n<meta name=\"twitter:card\" content=\"summary_large_image\" \/>\n<meta name=\"twitter:label1\" content=\"Escrito por\" \/>\n\t<meta name=\"twitter:data1\" content=\"Telinha\" \/>\n\t<meta name=\"twitter:label2\" content=\"Tempo estimado de leitura\" \/>\n\t<meta name=\"twitter:data2\" content=\"1 minuto\" \/>\n<script type=\"application\/ld+json\" class=\"yoast-schema-graph\">{\"@context\":\"https:\/\/schema.org\",\"@graph\":[{\"@type\":\"Article\",\"@id\":\"https:\/\/portaltela.pt\/noticias\/2026\/01\/14\/contratempos-na-10-a-etapa-afastam-joao-ferreira-do-top-10-do-dakar\/#article\",\"isPartOf\":{\"@id\":\"https:\/\/portaltela.pt\/noticias\/2026\/01\/14\/contratempos-na-10-a-etapa-afastam-joao-ferreira-do-top-10-do-dakar\/\"},\"author\":{\"name\":\"Telinha\",\"@id\":\"https:\/\/portaltela.pt\/#\/schema\/person\/c4278d4a6028830caff9ee44b42d32ed\"},\"headline\":\"Contratempos na 10.\u00aa etapa afastam Jo\u00e3o Ferreira do top 10 do Dakar\",\"datePublished\":\"2026-01-14T10:45:00+00:00\",\"mainEntityOfPage\":{\"@id\":\"https:\/\/portaltela.pt\/noticias\/2026\/01\/14\/contratempos-na-10-a-etapa-afastam-joao-ferreira-do-top-10-do-dakar\/\"},\"wordCount\":241,\"image\":{\"@id\":\"https:\/\/portaltela.pt\/noticias\/2026\/01\/14\/contratempos-na-10-a-etapa-afastam-joao-ferreira-do-top-10-do-dakar\/#primaryimage\"},\"thumbnailUrl\":\"https:\/\/portaltela.pt\/s.01k8rhncp4jt1\/2026\/01\/unnamed-file-2919.jpg\",\"keywords\":[\"desporto\",\"desportos internacionais\",\"Desportos Motorizados\",\"Motores, SSV e Challenger\",\"Portugal\"],\"articleSection\":[\"Desporto\"],\"inLanguage\":\"pt-PT\"},{\"@type\":\"WebPage\",\"@id\":\"https:\/\/portaltela.pt\/noticias\/2026\/01\/14\/contratempos-na-10-a-etapa-afastam-joao-ferreira-do-top-10-do-dakar\/\",\"url\":\"https:\/\/portaltela.pt\/noticias\/2026\/01\/14\/contratempos-na-10-a-etapa-afastam-joao-ferreira-do-top-10-do-dakar\/\",\"name\":\"Contratempos na 10.\u00aa etapa afastam Jo\u00e3o Ferreira do top 10 do Dakar - Portal Tela Portugal\",\"isPartOf\":{\"@id\":\"https:\/\/portaltela.pt\/#website\"},\"primaryImageOfPage\":{\"@id\":\"https:\/\/portaltela.pt\/noticias\/2026\/01\/14\/contratempos-na-10-a-etapa-afastam-joao-ferreira-do-top-10-do-dakar\/#primaryimage\"},\"image\":{\"@id\":\"https:\/\/portaltela.pt\/noticias\/2026\/01\/14\/contratempos-na-10-a-etapa-afastam-joao-ferreira-do-top-10-do-dakar\/#primaryimage\"},\"thumbnailUrl\":\"https:\/\/portaltela.pt\/s.01k8rhncp4jt1\/2026\/01\/unnamed-file-2919.jpg\",\"datePublished\":\"2026-01-14T10:45:00+00:00\",\"author\":{\"@id\":\"https:\/\/portaltela.pt\/#\/schema\/person\/c4278d4a6028830caff9ee44b42d32ed\"},\"breadcrumb\":{\"@id\":\"https:\/\/portaltela.pt\/noticias\/2026\/01\/14\/contratempos-na-10-a-etapa-afastam-joao-ferreira-do-top-10-do-dakar\/#breadcrumb\"},\"inLanguage\":\"pt-PT\",\"potentialAction\":[{\"@type\":\"ReadAction\",\"target\":[\"https:\/\/portaltela.pt\/noticias\/2026\/01\/14\/contratempos-na-10-a-etapa-afastam-joao-ferreira-do-top-10-do-dakar\/\"]}]},{\"@type\":\"ImageObject\",\"inLanguage\":\"pt-PT\",\"@id\":\"https:\/\/portaltela.pt\/noticias\/2026\/01\/14\/contratempos-na-10-a-etapa-afastam-joao-ferreira-do-top-10-do-dakar\/#primaryimage\",\"url\":\"https:\/\/portaltela.pt\/s.01k8rhncp4jt1\/2026\/01\/unnamed-file-2919.jpg\",\"contentUrl\":\"https:\/\/portaltela.pt\/s.01k8rhncp4jt1\/2026\/01\/unnamed-file-2919.jpg\",\"width\":796,\"height\":448,\"caption\":\"Contratempos na 10.\u00aa etapa afastam Jo\u00e3o Ferreira do \u201ctop 10\u201d do Dakar\"},{\"@type\":\"BreadcrumbList\",\"@id\":\"https:\/\/portaltela.pt\/noticias\/2026\/01\/14\/contratempos-na-10-a-etapa-afastam-joao-ferreira-do-top-10-do-dakar\/#breadcrumb\",\"itemListElement\":[{\"@type\":\"ListItem\",\"position\":1,\"name\":\"In\u00edcio\",\"item\":\"https:\/\/portaltela.pt\/\"},{\"@type\":\"ListItem\",\"position\":2,\"name\":\"Contratempos na 10.\u00aa etapa afastam Jo\u00e3o Ferreira do top 10 do Dakar\"}]},{\"@type\":\"WebSite\",\"@id\":\"https:\/\/portaltela.pt\/#website\",\"url\":\"https:\/\/portaltela.pt\/\",\"name\":\"Portal Tela Portugal\",\"description\":\"\",\"potentialAction\":[{\"@type\":\"SearchAction\",\"target\":{\"@type\":\"EntryPoint\",\"urlTemplate\":\"https:\/\/portaltela.pt\/?s={search_term_string}\"},\"query-input\":{\"@type\":\"PropertyValueSpecification\",\"valueRequired\":true,\"valueName\":\"search_term_string\"}}],\"inLanguage\":\"pt-PT\"},{\"@type\":\"Person\",\"@id\":\"https:\/\/portaltela.pt\/#\/schema\/person\/c4278d4a6028830caff9ee44b42d32ed\",\"name\":\"Telinha\",\"image\":{\"@type\":\"ImageObject\",\"inLanguage\":\"pt-PT\",\"@id\":\"https:\/\/portaltela.pt\/s.01k8rhncp4jt1\/2025\/11\/talking-bot-125x125.png\",\"url\":\"https:\/\/portaltela.pt\/s.01k8rhncp4jt1\/2025\/11\/talking-bot-125x125.png\",\"contentUrl\":\"https:\/\/portaltela.pt\/s.01k8rhncp4jt1\/2025\/11\/talking-bot-125x125.png\",\"caption\":\"Telinha\"},\"sameAs\":[\"https:\/\/portaltela.pt\/\"],\"url\":\"https:\/\/portaltela.pt\/por\/367410592786\/\"}]}<\/script>\n<!-- \/ Yoast SEO plugin. -->","yoast_head_json":{"title":"Contratempos na 10.\u00aa etapa afastam Jo\u00e3o Ferreira do top 10 do Dakar - Portal Tela Portugal","robots":{"index":"index","follow":"follow","max-snippet":"max-snippet:-1","max-image-preview":"max-image-preview:large","max-video-preview":"max-video-preview:-1"},"og_locale":"pt_PT","og_type":"article","og_title":"Contratempos na 10.\u00aa etapa afastam Jo\u00e3o Ferreira do top 10 do Dakar - Portal Tela Portugal","og_description":"A 10.\u00aa etapa do Dakar, realizada em 13 de janeiro de 2026, afastou Jo\u00e3o Ferreira e Filipe Palmeiro do top 10, passando da 10.\u00aa para a 21.\u00aa posi\u00e7\u00e3o na geral. O primeiro contratempo foi uma fuga de \u00f3leo que deixou a dire\u00e7\u00e3o hidr\u00e1ulica sem controlo, obrigando-os a percorrer cerca de 50 quil\u00f3metros at\u00e9 o arranjo no pit stop. Na fase final da tirada ocorreu um novo incidente: com visibilidade reduzida pela poeira e a 30 km\/h, houve embate com uma pedra que arrancou uma roda dianteira. Ferreira terminou a etapa na 141.\u00aa posi\u00e7\u00e3o, com atraso superior a duas horas e quarenta minutos face ao vencedor, Erik Gocza\u0142. Na classifica\u00e7\u00e3o geral, o l\u00edder passou a ser Nani Roma, com Carlos Sainz a 57 segundos e Nasser Al-Attiyah a pouco mais de um minuto do comando; Ferreira fica quase a tr\u00eas horas do l\u00edder.","og_url":"https:\/\/portaltela.pt\/noticias\/2026\/01\/14\/contratempos-na-10-a-etapa-afastam-joao-ferreira-do-top-10-do-dakar\/","og_site_name":"Portal Tela Portugal","article_published_time":"2026-01-14T10:45:00+00:00","author":"Telinha","twitter_card":"summary_large_image","twitter_misc":{"Escrito por":"Telinha","Tempo estimado de leitura":"1 minuto"},"schema":{"@context":"https:\/\/schema.org","@graph":[{"@type":"Article","@id":"https:\/\/portaltela.pt\/noticias\/2026\/01\/14\/contratempos-na-10-a-etapa-afastam-joao-ferreira-do-top-10-do-dakar\/#article","isPartOf":{"@id":"https:\/\/portaltela.pt\/noticias\/2026\/01\/14\/contratempos-na-10-a-etapa-afastam-joao-ferreira-do-top-10-do-dakar\/"},"author":{"name":"Telinha","@id":"https:\/\/portaltela.pt\/#\/schema\/person\/c4278d4a6028830caff9ee44b42d32ed"},"headline":"Contratempos na 10.\u00aa etapa afastam Jo\u00e3o Ferreira do top 10 do Dakar","datePublished":"2026-01-14T10:45:00+00:00","mainEntityOfPage":{"@id":"https:\/\/portaltela.pt\/noticias\/2026\/01\/14\/contratempos-na-10-a-etapa-afastam-joao-ferreira-do-top-10-do-dakar\/"},"wordCount":241,"image":{"@id":"https:\/\/portaltela.pt\/noticias\/2026\/01\/14\/contratempos-na-10-a-etapa-afastam-joao-ferreira-do-top-10-do-dakar\/#primaryimage"},"thumbnailUrl":"https:\/\/portaltela.pt\/s.01k8rhncp4jt1\/2026\/01\/unnamed-file-2919.jpg","keywords":["desporto","desportos internacionais","Desportos Motorizados","Motores, SSV e Challenger","Portugal"],"articleSection":["Desporto"],"inLanguage":"pt-PT"},{"@type":"WebPage","@id":"https:\/\/portaltela.pt\/noticias\/2026\/01\/14\/contratempos-na-10-a-etapa-afastam-joao-ferreira-do-top-10-do-dakar\/","url":"https:\/\/portaltela.pt\/noticias\/2026\/01\/14\/contratempos-na-10-a-etapa-afastam-joao-ferreira-do-top-10-do-dakar\/","name":"Contratempos na 10.\u00aa etapa afastam Jo\u00e3o Ferreira do top 10 do Dakar - Portal Tela Portugal","isPartOf":{"@id":"https:\/\/portaltela.pt\/#website"},"primaryImageOfPage":{"@id":"https:\/\/portaltela.pt\/noticias\/2026\/01\/14\/contratempos-na-10-a-etapa-afastam-joao-ferreira-do-top-10-do-dakar\/#primaryimage"},"image":{"@id":"https:\/\/portaltela.pt\/noticias\/2026\/01\/14\/contratempos-na-10-a-etapa-afastam-joao-ferreira-do-top-10-do-dakar\/#primaryimage"},"thumbnailUrl":"https:\/\/portaltela.pt\/s.01k8rhncp4jt1\/2026\/01\/unnamed-file-2919.jpg","datePublished":"2026-01-14T10:45:00+00:00","author":{"@id":"https:\/\/portaltela.pt\/#\/schema\/person\/c4278d4a6028830caff9ee44b42d32ed"},"breadcrumb":{"@id":"https:\/\/portaltela.pt\/noticias\/2026\/01\/14\/contratempos-na-10-a-etapa-afastam-joao-ferreira-do-top-10-do-dakar\/#breadcrumb"},"inLanguage":"pt-PT","potentialAction":[{"@type":"ReadAction","target":["https:\/\/portaltela.pt\/noticias\/2026\/01\/14\/contratempos-na-10-a-etapa-afastam-joao-ferreira-do-top-10-do-dakar\/"]}]},{"@type":"ImageObject","inLanguage":"pt-PT","@id":"https:\/\/portaltela.pt\/noticias\/2026\/01\/14\/contratempos-na-10-a-etapa-afastam-joao-ferreira-do-top-10-do-dakar\/#primaryimage","url":"https:\/\/portaltela.pt\/s.01k8rhncp4jt1\/2026\/01\/unnamed-file-2919.jpg","contentUrl":"https:\/\/portaltela.pt\/s.01k8rhncp4jt1\/2026\/01\/unnamed-file-2919.jpg","width":796,"height":448,"caption":"Contratempos na 10.\u00aa etapa afastam Jo\u00e3o Ferreira do \u201ctop 10\u201d do Dakar"},{"@type":"BreadcrumbList","@id":"https:\/\/portaltela.pt\/noticias\/2026\/01\/14\/contratempos-na-10-a-etapa-afastam-joao-ferreira-do-top-10-do-dakar\/#breadcrumb","itemListElement":[{"@type":"ListItem","position":1,"name":"In\u00edcio","item":"https:\/\/portaltela.pt\/"},{"@type":"ListItem","position":2,"name":"Contratempos na 10.\u00aa etapa afastam Jo\u00e3o Ferreira do top 10 do Dakar"}]},{"@type":"WebSite","@id":"https:\/\/portaltela.pt\/#website","url":"https:\/\/portaltela.pt\/","name":"Portal Tela Portugal","description":"","potentialAction":[{"@type":"SearchAction","target":{"@type":"EntryPoint","urlTemplate":"https:\/\/portaltela.pt\/?s={search_term_string}"},"query-input":{"@type":"PropertyValueSpecification","valueRequired":true,"valueName":"search_term_string"}}],"inLanguage":"pt-PT"},{"@type":"Person","@id":"https:\/\/portaltela.pt\/#\/schema\/person\/c4278d4a6028830caff9ee44b42d32ed","name":"Telinha","image":{"@type":"ImageObject","inLanguage":"pt-PT","@id":"https:\/\/portaltela.pt\/s.01k8rhncp4jt1\/2025\/11\/talking-bot-125x125.png","url":"https:\/\/portaltela.pt\/s.01k8rhncp4jt1\/2025\/11\/talking-bot-125x125.png","contentUrl":"https:\/\/portaltela.pt\/s.01k8rhncp4jt1\/2025\/11\/talking-bot-125x125.png","caption":"Telinha"},"sameAs":["https:\/\/portaltela.pt\/"],"url":"https:\/\/portaltela.pt\/por\/367410592786\/"}]}},"_links":{"self":[{"href":"https:\/\/portaltela.pt\/api\/wp\/v2\/posts\/140992","targetHints":{"allow":["GET"]}}],"collection":[{"href":"https:\/\/portaltela.pt\/api\/wp\/v2\/posts"}],"about":[{"href":"https:\/\/portaltela.pt\/api\/wp\/v2\/types\/post"}],"author":[{"embeddable":true,"href":"https:\/\/portaltela.pt\/api\/wp\/v2\/users\/2"}],"replies":[{"embeddable":true,"href":"https:\/\/portaltela.pt\/api\/wp\/v2\/comments?post=140992"}],"version-history":[{"count":0,"href":"https:\/\/portaltela.pt\/api\/wp\/v2\/posts\/140992\/revisions"}],"wp:featuredmedia":[{"embeddable":true,"href":"https:\/\/portaltela.pt\/api\/wp\/v2\/media\/141006"}],"wp:attachment":[{"href":"https:\/\/portaltela.pt\/api\/wp\/v2\/media?parent=140992"}],"wp:term":[{"taxonomy":"category","embeddable":true,"href":"https:\/\/portaltela.pt\/api\/wp\/v2\/categories?post=140992"},{"taxonomy":"post_tag","embeddable":true,"href":"https:\/\/portaltela.pt\/api\/wp\/v2\/tags?post=140992"}],"curies":[{"name":"wp","href":"https:\/\/api.w.org\/{rel}","templated":true}]}}