{"id":140907,"date":"2026-01-14T07:16:42","date_gmt":"2026-01-14T10:16:42","guid":{"rendered":"https:\/\/portaltela.pt\/noticias\/2026\/01\/14\/novo-grafismo-pretende-tornar-a-imagem-mais-moderna-e-reconhecivel\/"},"modified":"2026-01-14T07:16:42","modified_gmt":"2026-01-14T10:16:42","slug":"novo-grafismo-pretende-tornar-a-imagem-mais-moderna-e-reconhecivel","status":"publish","type":"post","link":"https:\/\/portaltela.pt\/noticias\/2026\/01\/14\/novo-grafismo-pretende-tornar-a-imagem-mais-moderna-e-reconhecivel\/","title":{"rendered":"Novo grafismo pretende tornar a imagem mais moderna e reconhec\u00edvel"},"content":{"rendered":"<p>Na noite de sexta-feira, 9 de janeiro, a Casa do Tempo acolheu a apresenta\u00e7\u00e3o da nova imagem gr\u00e1fica do Munic\u00edpio de Cabeceiras de Basto. A sess\u00e3o revelou a marca, os seus elementos, conceitos e valores que orientam a identidade para al\u00e9m do s\u00edmbolo.<\/p>\n<p>A cerim\u00f3nia explicou que a identidade pretende ser clara e coerente, refletindo o concelho e o que ambiciona ser. O presidente da C\u00e2mara, Manuel Teixeira, destacou que a identidade vai al\u00e9m de um log\u00f3tipo e funciona como forma de comunica\u00e7\u00e3o e confian\u00e7a, no papel, no espa\u00e7o p\u00fablico e no digital.<\/p>\n<p>A aposta foi apresentada como uma mudan\u00e7a sem disrup\u00e7\u00e3o, com implementa\u00e7\u00e3o faseada e foco inicial em suportes de maior visibilidade, sobretudo digitais e documenta\u00e7\u00e3o institucional. O objetivo \u00e9 afirmar uma marca que represente o concelho na sua totalidade.<\/p>\n<h3>Conceito e autoria<\/h3>\n<p>Bruno Santos, autor da identidade, enfatizou que o grafismo funciona como elemento de coes\u00e3o, perten\u00e7a e continuidade para o munic\u00edpio. O eixo conceptual privilegia a Igreja do Mosteiro de S. Miguel de Refojos, especialmente o seu zimb\u00f3rio, inspira\u00e7\u00e3o central da geometria apresentada.<\/p>\n<p>A apresenta\u00e7\u00e3o detalhou que a imagem nasce da geometria essencial do zimb\u00f3rio, reconhecido pela comunidade, como base para a identidade. O autor sublinhou que, em tempos de imagens r\u00e1pidas, uma refer\u00eancia contida e conceptual transmite confian\u00e7a no futuro.<\/p>\n<p>Diversos presentes assistiram ao lan\u00e7amento, incluindo o presidente da C\u00e2mara, o presidente da Assembleia Municipal, vereadores, presidentes de Junta, o arcipreste local, o comandante do Posto da GNR, representantes de associa\u00e7\u00f5es e a popula\u00e7\u00e3o.<\/p>\n","protected":false},"excerpt":{"rendered":"<ul>\n<li>Na sexta-feira, 9 de janeiro, realizou-se na Casa do Tempo a apresenta\u00e7\u00e3o da nova imagem gr\u00e1fica do Munic\u00edpio de Cabeceiras de Basto.<\/li>\n<li>A identidade pretende afirmar uma marca clara e consistente, que represente o concelho e aumente a confian\u00e7a nas comunica\u00e7\u00f5es, incluindo papel, espa\u00e7o p\u00fablico e digital.<\/li>\n<li>O presidente da C\u00e2mara, Manuel Teixeira, explicou que a identidade n\u00e3o \u00e9 apenas um log\u00f3tipo, sendo implementada de forma faseada, com prioridade para suportes digitais e documenta\u00e7\u00e3o institucional.<\/li>\n<li>O autor Bruno Santos destacou que o eixo conceptual se baseia na geometria essencial do zimb\u00f3rio da Igreja do Mosteiro de S. Miguel de Refojos, refor\u00e7ando coes\u00e3o, perten\u00e7a e continuidade.<\/li>\n<li>A sess\u00e3o contou com autarcas, representantes locais e a popula\u00e7\u00e3o, e foi aprovada a norma de identidade gr\u00e1fica, com implementa\u00e7\u00e3o prevista de forma gradual.<\/li>\n<\/ul>\n","protected":false},"author":2,"featured_media":140916,"comment_status":"closed","ping_status":"closed","sticky":false,"template":"","format":"standard","meta":{"footnotes":""},"categories":[1],"tags":[168,1207,703,143,2406,102],"class_list":["post-140907","post","type-post","status-publish","format-standard","has-post-thumbnail","hentry","category-noticias","tag-administracao-publica","tag-braga","tag-camara","tag-design","tag-design-de-producao","tag-igreja"],"yoast_head":"<!-- This site is optimized with the Yoast SEO plugin v27.2 - https:\/\/yoast.com\/product\/yoast-seo-wordpress\/ -->\n<title>Novo grafismo pretende tornar a imagem mais moderna e reconhec\u00edvel - Portal Tela Portugal<\/title>\n<meta name=\"robots\" content=\"index, follow, max-snippet:-1, max-image-preview:large, max-video-preview:-1\" \/>\n<meta property=\"og:locale\" content=\"pt_PT\" \/>\n<meta property=\"og:type\" content=\"article\" \/>\n<meta property=\"og:title\" content=\"Novo grafismo pretende tornar a imagem mais moderna e reconhec\u00edvel - Portal Tela Portugal\" \/>\n<meta property=\"og:description\" content=\"Na sexta-feira, 9 de janeiro, realizou-se na Casa do Tempo a apresenta\u00e7\u00e3o da nova imagem gr\u00e1fica do Munic\u00edpio de Cabeceiras de Basto. A identidade pretende afirmar uma marca clara e consistente, que represente o concelho e aumente a confian\u00e7a nas comunica\u00e7\u00f5es, incluindo papel, espa\u00e7o p\u00fablico e digital. O presidente da C\u00e2mara, Manuel Teixeira, explicou que a identidade n\u00e3o \u00e9 apenas um log\u00f3tipo, sendo implementada de forma faseada, com prioridade para suportes digitais e documenta\u00e7\u00e3o institucional. O autor Bruno Santos destacou que o eixo conceptual se baseia na geometria essencial do zimb\u00f3rio da Igreja do Mosteiro de S. Miguel de Refojos, refor\u00e7ando coes\u00e3o, perten\u00e7a e continuidade. A sess\u00e3o contou com autarcas, representantes locais e a popula\u00e7\u00e3o, e foi aprovada a norma de identidade gr\u00e1fica, com implementa\u00e7\u00e3o prevista de forma gradual.\" \/>\n<meta property=\"og:url\" content=\"https:\/\/portaltela.pt\/noticias\/2026\/01\/14\/novo-grafismo-pretende-tornar-a-imagem-mais-moderna-e-reconhecivel\/\" \/>\n<meta property=\"og:site_name\" content=\"Portal Tela Portugal\" \/>\n<meta property=\"article:published_time\" content=\"2026-01-14T10:16:42+00:00\" \/>\n<meta name=\"author\" content=\"Telinha\" \/>\n<meta name=\"twitter:card\" content=\"summary_large_image\" \/>\n<meta name=\"twitter:label1\" content=\"Escrito por\" \/>\n\t<meta name=\"twitter:data1\" content=\"Telinha\" \/>\n\t<meta name=\"twitter:label2\" content=\"Tempo estimado de leitura\" \/>\n\t<meta name=\"twitter:data2\" content=\"1 minuto\" \/>\n<script type=\"application\/ld+json\" class=\"yoast-schema-graph\">{\"@context\":\"https:\/\/schema.org\",\"@graph\":[{\"@type\":\"Article\",\"@id\":\"https:\/\/portaltela.pt\/noticias\/2026\/01\/14\/novo-grafismo-pretende-tornar-a-imagem-mais-moderna-e-reconhecivel\/#article\",\"isPartOf\":{\"@id\":\"https:\/\/portaltela.pt\/noticias\/2026\/01\/14\/novo-grafismo-pretende-tornar-a-imagem-mais-moderna-e-reconhecivel\/\"},\"author\":{\"name\":\"Telinha\",\"@id\":\"https:\/\/portaltela.pt\/#\/schema\/person\/c4278d4a6028830caff9ee44b42d32ed\"},\"headline\":\"Novo grafismo pretende tornar a imagem mais moderna e reconhec\u00edvel\",\"datePublished\":\"2026-01-14T10:16:42+00:00\",\"mainEntityOfPage\":{\"@id\":\"https:\/\/portaltela.pt\/noticias\/2026\/01\/14\/novo-grafismo-pretende-tornar-a-imagem-mais-moderna-e-reconhecivel\/\"},\"wordCount\":289,\"image\":{\"@id\":\"https:\/\/portaltela.pt\/noticias\/2026\/01\/14\/novo-grafismo-pretende-tornar-a-imagem-mais-moderna-e-reconhecivel\/#primaryimage\"},\"thumbnailUrl\":\"https:\/\/portaltela.pt\/s.01k8rhncp4jt1\/2026\/01\/unnamed-file-2910.jpg\",\"keywords\":[\"administra\u00e7\u00e3o p\u00fablica\",\"Braga\",\"c\u00e2mara\",\"design\",\"Design de Produ\u00e7\u00e3o\",\"igreja\"],\"articleSection\":[\"Not\u00edcias\"],\"inLanguage\":\"pt-PT\"},{\"@type\":\"WebPage\",\"@id\":\"https:\/\/portaltela.pt\/noticias\/2026\/01\/14\/novo-grafismo-pretende-tornar-a-imagem-mais-moderna-e-reconhecivel\/\",\"url\":\"https:\/\/portaltela.pt\/noticias\/2026\/01\/14\/novo-grafismo-pretende-tornar-a-imagem-mais-moderna-e-reconhecivel\/\",\"name\":\"Novo grafismo pretende tornar a imagem mais moderna e reconhec\u00edvel - Portal Tela Portugal\",\"isPartOf\":{\"@id\":\"https:\/\/portaltela.pt\/#website\"},\"primaryImageOfPage\":{\"@id\":\"https:\/\/portaltela.pt\/noticias\/2026\/01\/14\/novo-grafismo-pretende-tornar-a-imagem-mais-moderna-e-reconhecivel\/#primaryimage\"},\"image\":{\"@id\":\"https:\/\/portaltela.pt\/noticias\/2026\/01\/14\/novo-grafismo-pretende-tornar-a-imagem-mais-moderna-e-reconhecivel\/#primaryimage\"},\"thumbnailUrl\":\"https:\/\/portaltela.pt\/s.01k8rhncp4jt1\/2026\/01\/unnamed-file-2910.jpg\",\"datePublished\":\"2026-01-14T10:16:42+00:00\",\"author\":{\"@id\":\"https:\/\/portaltela.pt\/#\/schema\/person\/c4278d4a6028830caff9ee44b42d32ed\"},\"breadcrumb\":{\"@id\":\"https:\/\/portaltela.pt\/noticias\/2026\/01\/14\/novo-grafismo-pretende-tornar-a-imagem-mais-moderna-e-reconhecivel\/#breadcrumb\"},\"inLanguage\":\"pt-PT\",\"potentialAction\":[{\"@type\":\"ReadAction\",\"target\":[\"https:\/\/portaltela.pt\/noticias\/2026\/01\/14\/novo-grafismo-pretende-tornar-a-imagem-mais-moderna-e-reconhecivel\/\"]}]},{\"@type\":\"ImageObject\",\"inLanguage\":\"pt-PT\",\"@id\":\"https:\/\/portaltela.pt\/noticias\/2026\/01\/14\/novo-grafismo-pretende-tornar-a-imagem-mais-moderna-e-reconhecivel\/#primaryimage\",\"url\":\"https:\/\/portaltela.pt\/s.01k8rhncp4jt1\/2026\/01\/unnamed-file-2910.jpg\",\"contentUrl\":\"https:\/\/portaltela.pt\/s.01k8rhncp4jt1\/2026\/01\/unnamed-file-2910.jpg\",\"width\":796,\"height\":448,\"caption\":\"Novo grafismo quer afirmar \u201cimagem mais moderna e reconhec\u00edvel\u201d\"},{\"@type\":\"BreadcrumbList\",\"@id\":\"https:\/\/portaltela.pt\/noticias\/2026\/01\/14\/novo-grafismo-pretende-tornar-a-imagem-mais-moderna-e-reconhecivel\/#breadcrumb\",\"itemListElement\":[{\"@type\":\"ListItem\",\"position\":1,\"name\":\"In\u00edcio\",\"item\":\"https:\/\/portaltela.pt\/\"},{\"@type\":\"ListItem\",\"position\":2,\"name\":\"Novo grafismo pretende tornar a imagem mais moderna e reconhec\u00edvel\"}]},{\"@type\":\"WebSite\",\"@id\":\"https:\/\/portaltela.pt\/#website\",\"url\":\"https:\/\/portaltela.pt\/\",\"name\":\"Portal Tela Portugal\",\"description\":\"\",\"potentialAction\":[{\"@type\":\"SearchAction\",\"target\":{\"@type\":\"EntryPoint\",\"urlTemplate\":\"https:\/\/portaltela.pt\/?s={search_term_string}\"},\"query-input\":{\"@type\":\"PropertyValueSpecification\",\"valueRequired\":true,\"valueName\":\"search_term_string\"}}],\"inLanguage\":\"pt-PT\"},{\"@type\":\"Person\",\"@id\":\"https:\/\/portaltela.pt\/#\/schema\/person\/c4278d4a6028830caff9ee44b42d32ed\",\"name\":\"Telinha\",\"image\":{\"@type\":\"ImageObject\",\"inLanguage\":\"pt-PT\",\"@id\":\"https:\/\/portaltela.pt\/s.01k8rhncp4jt1\/2025\/11\/talking-bot-125x125.png\",\"url\":\"https:\/\/portaltela.pt\/s.01k8rhncp4jt1\/2025\/11\/talking-bot-125x125.png\",\"contentUrl\":\"https:\/\/portaltela.pt\/s.01k8rhncp4jt1\/2025\/11\/talking-bot-125x125.png\",\"caption\":\"Telinha\"},\"sameAs\":[\"https:\/\/portaltela.pt\/\"],\"url\":\"https:\/\/portaltela.pt\/por\/367410592786\/\"}]}<\/script>\n<!-- \/ Yoast SEO plugin. -->","yoast_head_json":{"title":"Novo grafismo pretende tornar a imagem mais moderna e reconhec\u00edvel - Portal Tela Portugal","robots":{"index":"index","follow":"follow","max-snippet":"max-snippet:-1","max-image-preview":"max-image-preview:large","max-video-preview":"max-video-preview:-1"},"og_locale":"pt_PT","og_type":"article","og_title":"Novo grafismo pretende tornar a imagem mais moderna e reconhec\u00edvel - Portal Tela Portugal","og_description":"Na sexta-feira, 9 de janeiro, realizou-se na Casa do Tempo a apresenta\u00e7\u00e3o da nova imagem gr\u00e1fica do Munic\u00edpio de Cabeceiras de Basto. A identidade pretende afirmar uma marca clara e consistente, que represente o concelho e aumente a confian\u00e7a nas comunica\u00e7\u00f5es, incluindo papel, espa\u00e7o p\u00fablico e digital. O presidente da C\u00e2mara, Manuel Teixeira, explicou que a identidade n\u00e3o \u00e9 apenas um log\u00f3tipo, sendo implementada de forma faseada, com prioridade para suportes digitais e documenta\u00e7\u00e3o institucional. O autor Bruno Santos destacou que o eixo conceptual se baseia na geometria essencial do zimb\u00f3rio da Igreja do Mosteiro de S. Miguel de Refojos, refor\u00e7ando coes\u00e3o, perten\u00e7a e continuidade. A sess\u00e3o contou com autarcas, representantes locais e a popula\u00e7\u00e3o, e foi aprovada a norma de identidade gr\u00e1fica, com implementa\u00e7\u00e3o prevista de forma gradual.","og_url":"https:\/\/portaltela.pt\/noticias\/2026\/01\/14\/novo-grafismo-pretende-tornar-a-imagem-mais-moderna-e-reconhecivel\/","og_site_name":"Portal Tela Portugal","article_published_time":"2026-01-14T10:16:42+00:00","author":"Telinha","twitter_card":"summary_large_image","twitter_misc":{"Escrito por":"Telinha","Tempo estimado de leitura":"1 minuto"},"schema":{"@context":"https:\/\/schema.org","@graph":[{"@type":"Article","@id":"https:\/\/portaltela.pt\/noticias\/2026\/01\/14\/novo-grafismo-pretende-tornar-a-imagem-mais-moderna-e-reconhecivel\/#article","isPartOf":{"@id":"https:\/\/portaltela.pt\/noticias\/2026\/01\/14\/novo-grafismo-pretende-tornar-a-imagem-mais-moderna-e-reconhecivel\/"},"author":{"name":"Telinha","@id":"https:\/\/portaltela.pt\/#\/schema\/person\/c4278d4a6028830caff9ee44b42d32ed"},"headline":"Novo grafismo pretende tornar a imagem mais moderna e reconhec\u00edvel","datePublished":"2026-01-14T10:16:42+00:00","mainEntityOfPage":{"@id":"https:\/\/portaltela.pt\/noticias\/2026\/01\/14\/novo-grafismo-pretende-tornar-a-imagem-mais-moderna-e-reconhecivel\/"},"wordCount":289,"image":{"@id":"https:\/\/portaltela.pt\/noticias\/2026\/01\/14\/novo-grafismo-pretende-tornar-a-imagem-mais-moderna-e-reconhecivel\/#primaryimage"},"thumbnailUrl":"https:\/\/portaltela.pt\/s.01k8rhncp4jt1\/2026\/01\/unnamed-file-2910.jpg","keywords":["administra\u00e7\u00e3o p\u00fablica","Braga","c\u00e2mara","design","Design de Produ\u00e7\u00e3o","igreja"],"articleSection":["Not\u00edcias"],"inLanguage":"pt-PT"},{"@type":"WebPage","@id":"https:\/\/portaltela.pt\/noticias\/2026\/01\/14\/novo-grafismo-pretende-tornar-a-imagem-mais-moderna-e-reconhecivel\/","url":"https:\/\/portaltela.pt\/noticias\/2026\/01\/14\/novo-grafismo-pretende-tornar-a-imagem-mais-moderna-e-reconhecivel\/","name":"Novo grafismo pretende tornar a imagem mais moderna e reconhec\u00edvel - Portal Tela Portugal","isPartOf":{"@id":"https:\/\/portaltela.pt\/#website"},"primaryImageOfPage":{"@id":"https:\/\/portaltela.pt\/noticias\/2026\/01\/14\/novo-grafismo-pretende-tornar-a-imagem-mais-moderna-e-reconhecivel\/#primaryimage"},"image":{"@id":"https:\/\/portaltela.pt\/noticias\/2026\/01\/14\/novo-grafismo-pretende-tornar-a-imagem-mais-moderna-e-reconhecivel\/#primaryimage"},"thumbnailUrl":"https:\/\/portaltela.pt\/s.01k8rhncp4jt1\/2026\/01\/unnamed-file-2910.jpg","datePublished":"2026-01-14T10:16:42+00:00","author":{"@id":"https:\/\/portaltela.pt\/#\/schema\/person\/c4278d4a6028830caff9ee44b42d32ed"},"breadcrumb":{"@id":"https:\/\/portaltela.pt\/noticias\/2026\/01\/14\/novo-grafismo-pretende-tornar-a-imagem-mais-moderna-e-reconhecivel\/#breadcrumb"},"inLanguage":"pt-PT","potentialAction":[{"@type":"ReadAction","target":["https:\/\/portaltela.pt\/noticias\/2026\/01\/14\/novo-grafismo-pretende-tornar-a-imagem-mais-moderna-e-reconhecivel\/"]}]},{"@type":"ImageObject","inLanguage":"pt-PT","@id":"https:\/\/portaltela.pt\/noticias\/2026\/01\/14\/novo-grafismo-pretende-tornar-a-imagem-mais-moderna-e-reconhecivel\/#primaryimage","url":"https:\/\/portaltela.pt\/s.01k8rhncp4jt1\/2026\/01\/unnamed-file-2910.jpg","contentUrl":"https:\/\/portaltela.pt\/s.01k8rhncp4jt1\/2026\/01\/unnamed-file-2910.jpg","width":796,"height":448,"caption":"Novo grafismo quer afirmar \u201cimagem mais moderna e reconhec\u00edvel\u201d"},{"@type":"BreadcrumbList","@id":"https:\/\/portaltela.pt\/noticias\/2026\/01\/14\/novo-grafismo-pretende-tornar-a-imagem-mais-moderna-e-reconhecivel\/#breadcrumb","itemListElement":[{"@type":"ListItem","position":1,"name":"In\u00edcio","item":"https:\/\/portaltela.pt\/"},{"@type":"ListItem","position":2,"name":"Novo grafismo pretende tornar a imagem mais moderna e reconhec\u00edvel"}]},{"@type":"WebSite","@id":"https:\/\/portaltela.pt\/#website","url":"https:\/\/portaltela.pt\/","name":"Portal Tela Portugal","description":"","potentialAction":[{"@type":"SearchAction","target":{"@type":"EntryPoint","urlTemplate":"https:\/\/portaltela.pt\/?s={search_term_string}"},"query-input":{"@type":"PropertyValueSpecification","valueRequired":true,"valueName":"search_term_string"}}],"inLanguage":"pt-PT"},{"@type":"Person","@id":"https:\/\/portaltela.pt\/#\/schema\/person\/c4278d4a6028830caff9ee44b42d32ed","name":"Telinha","image":{"@type":"ImageObject","inLanguage":"pt-PT","@id":"https:\/\/portaltela.pt\/s.01k8rhncp4jt1\/2025\/11\/talking-bot-125x125.png","url":"https:\/\/portaltela.pt\/s.01k8rhncp4jt1\/2025\/11\/talking-bot-125x125.png","contentUrl":"https:\/\/portaltela.pt\/s.01k8rhncp4jt1\/2025\/11\/talking-bot-125x125.png","caption":"Telinha"},"sameAs":["https:\/\/portaltela.pt\/"],"url":"https:\/\/portaltela.pt\/por\/367410592786\/"}]}},"_links":{"self":[{"href":"https:\/\/portaltela.pt\/api\/wp\/v2\/posts\/140907","targetHints":{"allow":["GET"]}}],"collection":[{"href":"https:\/\/portaltela.pt\/api\/wp\/v2\/posts"}],"about":[{"href":"https:\/\/portaltela.pt\/api\/wp\/v2\/types\/post"}],"author":[{"embeddable":true,"href":"https:\/\/portaltela.pt\/api\/wp\/v2\/users\/2"}],"replies":[{"embeddable":true,"href":"https:\/\/portaltela.pt\/api\/wp\/v2\/comments?post=140907"}],"version-history":[{"count":0,"href":"https:\/\/portaltela.pt\/api\/wp\/v2\/posts\/140907\/revisions"}],"wp:featuredmedia":[{"embeddable":true,"href":"https:\/\/portaltela.pt\/api\/wp\/v2\/media\/140916"}],"wp:attachment":[{"href":"https:\/\/portaltela.pt\/api\/wp\/v2\/media?parent=140907"}],"wp:term":[{"taxonomy":"category","embeddable":true,"href":"https:\/\/portaltela.pt\/api\/wp\/v2\/categories?post=140907"},{"taxonomy":"post_tag","embeddable":true,"href":"https:\/\/portaltela.pt\/api\/wp\/v2\/tags?post=140907"}],"curies":[{"name":"wp","href":"https:\/\/api.w.org\/{rel}","templated":true}]}}