{"id":140891,"date":"2026-01-14T07:02:00","date_gmt":"2026-01-14T10:02:00","guid":{"rendered":"https:\/\/portaltela.pt\/noticias\/2026\/01\/14\/start-campus-avanca-com-segundo-edificio-do-centro-de-dados-de-sines\/"},"modified":"2026-01-14T07:02:00","modified_gmt":"2026-01-14T10:02:00","slug":"start-campus-avanca-com-segundo-edificio-do-centro-de-dados-de-sines","status":"publish","type":"post","link":"https:\/\/portaltela.pt\/noticias\/2026\/01\/14\/start-campus-avanca-com-segundo-edificio-do-centro-de-dados-de-sines\/","title":{"rendered":"Start Campus avan\u00e7a com segundo edif\u00edcio do centro de dados de Sines"},"content":{"rendered":"<p>A Start Campus anunciou que vai iniciar, em meados de fevereiro, a constru\u00e7\u00e3o do segundo edif\u00edcio do centro de dados de Sines. O SIN02 ser\u00e1 quatro vezes maior que o primeiro e a Swept espera conclu\u00ed-lo at\u00e9 ao final de 2027, acelerando o desenvolvimento do projeto.<\/p>\n<p>A obra inclui, para al\u00e9m do edif\u00edcio principal, a constru\u00e7\u00e3o de edif\u00edcios de apoio e de duas infraestruturas el\u00e9tricas associadas: uma subesta\u00e7\u00e3o de alta tens\u00e3o e uma subesta\u00e7\u00e3o 400\/150 kV, a implantar a norte do campus. A calendariza\u00e7\u00e3o \u00e9 de 24 meses.<\/p>\n<p>O SIN02 foi concebido para acolher cloud hyperscalers, fornecedores de infraestruturas de IA e opera\u00e7\u00f5es de computa\u00e7\u00e3o de alto desempenho, servindo clientes em toda a Europa. A presente fase integra a ambi\u00e7\u00e3o de expans\u00e3o do centro de dados.<\/p>\n<h3>Investimento e metas do campus<\/h3>\n<p>A Start Campus mant\u00e9m o objetivo de concluir o campus, composto por seis edif\u00edcios. Prev\u00ea-se uma carga de TI total de 1,2 GW no in\u00edcio da d\u00e9cada de 2030, num investimento estimado em cerca de 8,5 mil milh\u00f5es de euros. Os fundos de private equity Davidson Kempner e Pioneer Point apoiam o projeto.<\/p>\n","protected":false},"excerpt":{"rendered":"<ul>\n<li>A Start Campus vai arrancar em meados de fevereiro a constru\u00e7\u00e3o do segundo edif\u00edcio do centro de dados de Sines, o SIN02, que ser\u00e1 quatro vezes maior do que o primeiro.<\/li>\n<li>A obra, com uma dura\u00e7\u00e3o prevista de 24 meses, dever\u00e1 ficar conclu\u00edda no final de 2027 e incluir edif\u00edcios de apoio e duas infraestruturas el\u00e9tricas associadas.<\/li>\n<li>As infraestruturas previstas incluem uma subesta\u00e7\u00e3o de alta tens\u00e3o e uma subesta\u00e7\u00e3o de 400\/150 kV, implantadas a norte do campus principal.<\/li>\n<li>O SIN02 foi concebido para acolher cloud hyperscalers (gestores de grandes servi\u00e7os de armazenamento de dados na nuvem), fornecedores de IA (intelig\u00eancia artificial) e opera\u00e7\u00f5es de computa\u00e7\u00e3o de alto desempenho (HPC), servindo clientes em toda a Europa.<\/li>\n<li>O objetivo global do campus \u00e9 ter seis edif\u00edcios, com 1,2 gigawatts de carga de TI no in\u00edcio da d\u00e9cada de 2030, num investimento de cerca de 8,5 mil milh\u00f5es de euros apoiado por fundos de private equity Davidson Kempner e Pioneer Point.<\/li>\n<\/ul>\n","protected":false},"author":2,"featured_media":140898,"comment_status":"closed","ping_status":"closed","sticky":false,"template":"","format":"standard","meta":{"footnotes":""},"categories":[1],"tags":[739,2085,1615,51,316,1892],"class_list":["post-140891","post","type-post","status-publish","format-standard","has-post-thumbnail","hentry","category-noticias","tag-agente-ia","tag-computacao-em-nuvem","tag-infraestrutura","tag-inteligencia-artificial","tag-investimento","tag-sines"],"yoast_head":"<!-- This site is optimized with the Yoast SEO plugin v27.2 - https:\/\/yoast.com\/product\/yoast-seo-wordpress\/ -->\n<title>Start Campus avan\u00e7a com segundo edif\u00edcio do centro de dados de Sines - Portal Tela Portugal<\/title>\n<meta name=\"robots\" content=\"index, follow, max-snippet:-1, max-image-preview:large, max-video-preview:-1\" \/>\n<meta property=\"og:locale\" content=\"pt_PT\" \/>\n<meta property=\"og:type\" content=\"article\" \/>\n<meta property=\"og:title\" content=\"Start Campus avan\u00e7a com segundo edif\u00edcio do centro de dados de Sines - Portal Tela Portugal\" \/>\n<meta property=\"og:description\" content=\"A Start Campus vai arrancar em meados de fevereiro a constru\u00e7\u00e3o do segundo edif\u00edcio do centro de dados de Sines, o SIN02, que ser\u00e1 quatro vezes maior do que o primeiro. A obra, com uma dura\u00e7\u00e3o prevista de 24 meses, dever\u00e1 ficar conclu\u00edda no final de 2027 e incluir edif\u00edcios de apoio e duas infraestruturas el\u00e9tricas associadas. As infraestruturas previstas incluem uma subesta\u00e7\u00e3o de alta tens\u00e3o e uma subesta\u00e7\u00e3o de 400\/150 kV, implantadas a norte do campus principal. O SIN02 foi concebido para acolher cloud hyperscalers (gestores de grandes servi\u00e7os de armazenamento de dados na nuvem), fornecedores de IA (intelig\u00eancia artificial) e opera\u00e7\u00f5es de computa\u00e7\u00e3o de alto desempenho (HPC), servindo clientes em toda a Europa. O objetivo global do campus \u00e9 ter seis edif\u00edcios, com 1,2 gigawatts de carga de TI no in\u00edcio da d\u00e9cada de 2030, num investimento de cerca de 8,5 mil milh\u00f5es de euros apoiado por fundos de private equity Davidson Kempner e Pioneer Point.\" \/>\n<meta property=\"og:url\" content=\"https:\/\/portaltela.pt\/noticias\/2026\/01\/14\/start-campus-avanca-com-segundo-edificio-do-centro-de-dados-de-sines\/\" \/>\n<meta property=\"og:site_name\" content=\"Portal Tela Portugal\" \/>\n<meta property=\"article:published_time\" content=\"2026-01-14T10:02:00+00:00\" \/>\n<meta name=\"author\" content=\"Telinha\" \/>\n<meta name=\"twitter:card\" content=\"summary_large_image\" \/>\n<meta name=\"twitter:label1\" content=\"Escrito por\" \/>\n\t<meta name=\"twitter:data1\" content=\"Telinha\" \/>\n\t<meta name=\"twitter:label2\" content=\"Tempo estimado de leitura\" \/>\n\t<meta name=\"twitter:data2\" content=\"1 minuto\" \/>\n<script type=\"application\/ld+json\" class=\"yoast-schema-graph\">{\"@context\":\"https:\/\/schema.org\",\"@graph\":[{\"@type\":\"Article\",\"@id\":\"https:\/\/portaltela.pt\/noticias\/2026\/01\/14\/start-campus-avanca-com-segundo-edificio-do-centro-de-dados-de-sines\/#article\",\"isPartOf\":{\"@id\":\"https:\/\/portaltela.pt\/noticias\/2026\/01\/14\/start-campus-avanca-com-segundo-edificio-do-centro-de-dados-de-sines\/\"},\"author\":{\"name\":\"Telinha\",\"@id\":\"https:\/\/portaltela.pt\/#\/schema\/person\/c4278d4a6028830caff9ee44b42d32ed\"},\"headline\":\"Start Campus avan\u00e7a com segundo edif\u00edcio do centro de dados de Sines\",\"datePublished\":\"2026-01-14T10:02:00+00:00\",\"mainEntityOfPage\":{\"@id\":\"https:\/\/portaltela.pt\/noticias\/2026\/01\/14\/start-campus-avanca-com-segundo-edificio-do-centro-de-dados-de-sines\/\"},\"wordCount\":213,\"image\":{\"@id\":\"https:\/\/portaltela.pt\/noticias\/2026\/01\/14\/start-campus-avanca-com-segundo-edificio-do-centro-de-dados-de-sines\/#primaryimage\"},\"thumbnailUrl\":\"https:\/\/portaltela.pt\/s.01k8rhncp4jt1\/2026\/01\/unnamed-file-2909.jpg\",\"keywords\":[\"Agente IA\",\"computa\u00e7\u00e3o em nuvem\",\"infraestrutura\",\"intelig\u00eancia artificial\",\"investimento\",\"Sines\"],\"articleSection\":[\"Not\u00edcias\"],\"inLanguage\":\"pt-PT\"},{\"@type\":\"WebPage\",\"@id\":\"https:\/\/portaltela.pt\/noticias\/2026\/01\/14\/start-campus-avanca-com-segundo-edificio-do-centro-de-dados-de-sines\/\",\"url\":\"https:\/\/portaltela.pt\/noticias\/2026\/01\/14\/start-campus-avanca-com-segundo-edificio-do-centro-de-dados-de-sines\/\",\"name\":\"Start Campus avan\u00e7a com segundo edif\u00edcio do centro de dados de Sines - Portal Tela Portugal\",\"isPartOf\":{\"@id\":\"https:\/\/portaltela.pt\/#website\"},\"primaryImageOfPage\":{\"@id\":\"https:\/\/portaltela.pt\/noticias\/2026\/01\/14\/start-campus-avanca-com-segundo-edificio-do-centro-de-dados-de-sines\/#primaryimage\"},\"image\":{\"@id\":\"https:\/\/portaltela.pt\/noticias\/2026\/01\/14\/start-campus-avanca-com-segundo-edificio-do-centro-de-dados-de-sines\/#primaryimage\"},\"thumbnailUrl\":\"https:\/\/portaltela.pt\/s.01k8rhncp4jt1\/2026\/01\/unnamed-file-2909.jpg\",\"datePublished\":\"2026-01-14T10:02:00+00:00\",\"author\":{\"@id\":\"https:\/\/portaltela.pt\/#\/schema\/person\/c4278d4a6028830caff9ee44b42d32ed\"},\"breadcrumb\":{\"@id\":\"https:\/\/portaltela.pt\/noticias\/2026\/01\/14\/start-campus-avanca-com-segundo-edificio-do-centro-de-dados-de-sines\/#breadcrumb\"},\"inLanguage\":\"pt-PT\",\"potentialAction\":[{\"@type\":\"ReadAction\",\"target\":[\"https:\/\/portaltela.pt\/noticias\/2026\/01\/14\/start-campus-avanca-com-segundo-edificio-do-centro-de-dados-de-sines\/\"]}]},{\"@type\":\"ImageObject\",\"inLanguage\":\"pt-PT\",\"@id\":\"https:\/\/portaltela.pt\/noticias\/2026\/01\/14\/start-campus-avanca-com-segundo-edificio-do-centro-de-dados-de-sines\/#primaryimage\",\"url\":\"https:\/\/portaltela.pt\/s.01k8rhncp4jt1\/2026\/01\/unnamed-file-2909.jpg\",\"contentUrl\":\"https:\/\/portaltela.pt\/s.01k8rhncp4jt1\/2026\/01\/unnamed-file-2909.jpg\",\"width\":796,\"height\":448,\"caption\":\"Start Campus avan\u00e7a com segundo edif\u00edcio do centro de dados de Sines\"},{\"@type\":\"BreadcrumbList\",\"@id\":\"https:\/\/portaltela.pt\/noticias\/2026\/01\/14\/start-campus-avanca-com-segundo-edificio-do-centro-de-dados-de-sines\/#breadcrumb\",\"itemListElement\":[{\"@type\":\"ListItem\",\"position\":1,\"name\":\"In\u00edcio\",\"item\":\"https:\/\/portaltela.pt\/\"},{\"@type\":\"ListItem\",\"position\":2,\"name\":\"Start Campus avan\u00e7a com segundo edif\u00edcio do centro de dados de Sines\"}]},{\"@type\":\"WebSite\",\"@id\":\"https:\/\/portaltela.pt\/#website\",\"url\":\"https:\/\/portaltela.pt\/\",\"name\":\"Portal Tela Portugal\",\"description\":\"\",\"potentialAction\":[{\"@type\":\"SearchAction\",\"target\":{\"@type\":\"EntryPoint\",\"urlTemplate\":\"https:\/\/portaltela.pt\/?s={search_term_string}\"},\"query-input\":{\"@type\":\"PropertyValueSpecification\",\"valueRequired\":true,\"valueName\":\"search_term_string\"}}],\"inLanguage\":\"pt-PT\"},{\"@type\":\"Person\",\"@id\":\"https:\/\/portaltela.pt\/#\/schema\/person\/c4278d4a6028830caff9ee44b42d32ed\",\"name\":\"Telinha\",\"image\":{\"@type\":\"ImageObject\",\"inLanguage\":\"pt-PT\",\"@id\":\"https:\/\/portaltela.pt\/s.01k8rhncp4jt1\/2025\/11\/talking-bot-125x125.png\",\"url\":\"https:\/\/portaltela.pt\/s.01k8rhncp4jt1\/2025\/11\/talking-bot-125x125.png\",\"contentUrl\":\"https:\/\/portaltela.pt\/s.01k8rhncp4jt1\/2025\/11\/talking-bot-125x125.png\",\"caption\":\"Telinha\"},\"sameAs\":[\"https:\/\/portaltela.pt\/\"],\"url\":\"https:\/\/portaltela.pt\/por\/367410592786\/\"}]}<\/script>\n<!-- \/ Yoast SEO plugin. -->","yoast_head_json":{"title":"Start Campus avan\u00e7a com segundo edif\u00edcio do centro de dados de Sines - Portal Tela Portugal","robots":{"index":"index","follow":"follow","max-snippet":"max-snippet:-1","max-image-preview":"max-image-preview:large","max-video-preview":"max-video-preview:-1"},"og_locale":"pt_PT","og_type":"article","og_title":"Start Campus avan\u00e7a com segundo edif\u00edcio do centro de dados de Sines - Portal Tela Portugal","og_description":"A Start Campus vai arrancar em meados de fevereiro a constru\u00e7\u00e3o do segundo edif\u00edcio do centro de dados de Sines, o SIN02, que ser\u00e1 quatro vezes maior do que o primeiro. A obra, com uma dura\u00e7\u00e3o prevista de 24 meses, dever\u00e1 ficar conclu\u00edda no final de 2027 e incluir edif\u00edcios de apoio e duas infraestruturas el\u00e9tricas associadas. As infraestruturas previstas incluem uma subesta\u00e7\u00e3o de alta tens\u00e3o e uma subesta\u00e7\u00e3o de 400\/150 kV, implantadas a norte do campus principal. O SIN02 foi concebido para acolher cloud hyperscalers (gestores de grandes servi\u00e7os de armazenamento de dados na nuvem), fornecedores de IA (intelig\u00eancia artificial) e opera\u00e7\u00f5es de computa\u00e7\u00e3o de alto desempenho (HPC), servindo clientes em toda a Europa. O objetivo global do campus \u00e9 ter seis edif\u00edcios, com 1,2 gigawatts de carga de TI no in\u00edcio da d\u00e9cada de 2030, num investimento de cerca de 8,5 mil milh\u00f5es de euros apoiado por fundos de private equity Davidson Kempner e Pioneer Point.","og_url":"https:\/\/portaltela.pt\/noticias\/2026\/01\/14\/start-campus-avanca-com-segundo-edificio-do-centro-de-dados-de-sines\/","og_site_name":"Portal Tela Portugal","article_published_time":"2026-01-14T10:02:00+00:00","author":"Telinha","twitter_card":"summary_large_image","twitter_misc":{"Escrito por":"Telinha","Tempo estimado de leitura":"1 minuto"},"schema":{"@context":"https:\/\/schema.org","@graph":[{"@type":"Article","@id":"https:\/\/portaltela.pt\/noticias\/2026\/01\/14\/start-campus-avanca-com-segundo-edificio-do-centro-de-dados-de-sines\/#article","isPartOf":{"@id":"https:\/\/portaltela.pt\/noticias\/2026\/01\/14\/start-campus-avanca-com-segundo-edificio-do-centro-de-dados-de-sines\/"},"author":{"name":"Telinha","@id":"https:\/\/portaltela.pt\/#\/schema\/person\/c4278d4a6028830caff9ee44b42d32ed"},"headline":"Start Campus avan\u00e7a com segundo edif\u00edcio do centro de dados de Sines","datePublished":"2026-01-14T10:02:00+00:00","mainEntityOfPage":{"@id":"https:\/\/portaltela.pt\/noticias\/2026\/01\/14\/start-campus-avanca-com-segundo-edificio-do-centro-de-dados-de-sines\/"},"wordCount":213,"image":{"@id":"https:\/\/portaltela.pt\/noticias\/2026\/01\/14\/start-campus-avanca-com-segundo-edificio-do-centro-de-dados-de-sines\/#primaryimage"},"thumbnailUrl":"https:\/\/portaltela.pt\/s.01k8rhncp4jt1\/2026\/01\/unnamed-file-2909.jpg","keywords":["Agente IA","computa\u00e7\u00e3o em nuvem","infraestrutura","intelig\u00eancia artificial","investimento","Sines"],"articleSection":["Not\u00edcias"],"inLanguage":"pt-PT"},{"@type":"WebPage","@id":"https:\/\/portaltela.pt\/noticias\/2026\/01\/14\/start-campus-avanca-com-segundo-edificio-do-centro-de-dados-de-sines\/","url":"https:\/\/portaltela.pt\/noticias\/2026\/01\/14\/start-campus-avanca-com-segundo-edificio-do-centro-de-dados-de-sines\/","name":"Start Campus avan\u00e7a com segundo edif\u00edcio do centro de dados de Sines - Portal Tela Portugal","isPartOf":{"@id":"https:\/\/portaltela.pt\/#website"},"primaryImageOfPage":{"@id":"https:\/\/portaltela.pt\/noticias\/2026\/01\/14\/start-campus-avanca-com-segundo-edificio-do-centro-de-dados-de-sines\/#primaryimage"},"image":{"@id":"https:\/\/portaltela.pt\/noticias\/2026\/01\/14\/start-campus-avanca-com-segundo-edificio-do-centro-de-dados-de-sines\/#primaryimage"},"thumbnailUrl":"https:\/\/portaltela.pt\/s.01k8rhncp4jt1\/2026\/01\/unnamed-file-2909.jpg","datePublished":"2026-01-14T10:02:00+00:00","author":{"@id":"https:\/\/portaltela.pt\/#\/schema\/person\/c4278d4a6028830caff9ee44b42d32ed"},"breadcrumb":{"@id":"https:\/\/portaltela.pt\/noticias\/2026\/01\/14\/start-campus-avanca-com-segundo-edificio-do-centro-de-dados-de-sines\/#breadcrumb"},"inLanguage":"pt-PT","potentialAction":[{"@type":"ReadAction","target":["https:\/\/portaltela.pt\/noticias\/2026\/01\/14\/start-campus-avanca-com-segundo-edificio-do-centro-de-dados-de-sines\/"]}]},{"@type":"ImageObject","inLanguage":"pt-PT","@id":"https:\/\/portaltela.pt\/noticias\/2026\/01\/14\/start-campus-avanca-com-segundo-edificio-do-centro-de-dados-de-sines\/#primaryimage","url":"https:\/\/portaltela.pt\/s.01k8rhncp4jt1\/2026\/01\/unnamed-file-2909.jpg","contentUrl":"https:\/\/portaltela.pt\/s.01k8rhncp4jt1\/2026\/01\/unnamed-file-2909.jpg","width":796,"height":448,"caption":"Start Campus avan\u00e7a com segundo edif\u00edcio do centro de dados de Sines"},{"@type":"BreadcrumbList","@id":"https:\/\/portaltela.pt\/noticias\/2026\/01\/14\/start-campus-avanca-com-segundo-edificio-do-centro-de-dados-de-sines\/#breadcrumb","itemListElement":[{"@type":"ListItem","position":1,"name":"In\u00edcio","item":"https:\/\/portaltela.pt\/"},{"@type":"ListItem","position":2,"name":"Start Campus avan\u00e7a com segundo edif\u00edcio do centro de dados de Sines"}]},{"@type":"WebSite","@id":"https:\/\/portaltela.pt\/#website","url":"https:\/\/portaltela.pt\/","name":"Portal Tela Portugal","description":"","potentialAction":[{"@type":"SearchAction","target":{"@type":"EntryPoint","urlTemplate":"https:\/\/portaltela.pt\/?s={search_term_string}"},"query-input":{"@type":"PropertyValueSpecification","valueRequired":true,"valueName":"search_term_string"}}],"inLanguage":"pt-PT"},{"@type":"Person","@id":"https:\/\/portaltela.pt\/#\/schema\/person\/c4278d4a6028830caff9ee44b42d32ed","name":"Telinha","image":{"@type":"ImageObject","inLanguage":"pt-PT","@id":"https:\/\/portaltela.pt\/s.01k8rhncp4jt1\/2025\/11\/talking-bot-125x125.png","url":"https:\/\/portaltela.pt\/s.01k8rhncp4jt1\/2025\/11\/talking-bot-125x125.png","contentUrl":"https:\/\/portaltela.pt\/s.01k8rhncp4jt1\/2025\/11\/talking-bot-125x125.png","caption":"Telinha"},"sameAs":["https:\/\/portaltela.pt\/"],"url":"https:\/\/portaltela.pt\/por\/367410592786\/"}]}},"_links":{"self":[{"href":"https:\/\/portaltela.pt\/api\/wp\/v2\/posts\/140891","targetHints":{"allow":["GET"]}}],"collection":[{"href":"https:\/\/portaltela.pt\/api\/wp\/v2\/posts"}],"about":[{"href":"https:\/\/portaltela.pt\/api\/wp\/v2\/types\/post"}],"author":[{"embeddable":true,"href":"https:\/\/portaltela.pt\/api\/wp\/v2\/users\/2"}],"replies":[{"embeddable":true,"href":"https:\/\/portaltela.pt\/api\/wp\/v2\/comments?post=140891"}],"version-history":[{"count":0,"href":"https:\/\/portaltela.pt\/api\/wp\/v2\/posts\/140891\/revisions"}],"wp:featuredmedia":[{"embeddable":true,"href":"https:\/\/portaltela.pt\/api\/wp\/v2\/media\/140898"}],"wp:attachment":[{"href":"https:\/\/portaltela.pt\/api\/wp\/v2\/media?parent=140891"}],"wp:term":[{"taxonomy":"category","embeddable":true,"href":"https:\/\/portaltela.pt\/api\/wp\/v2\/categories?post=140891"},{"taxonomy":"post_tag","embeddable":true,"href":"https:\/\/portaltela.pt\/api\/wp\/v2\/tags?post=140891"}],"curies":[{"name":"wp","href":"https:\/\/api.w.org\/{rel}","templated":true}]}}