{"id":140794,"date":"2026-01-14T05:26:00","date_gmt":"2026-01-14T08:26:00","guid":{"rendered":"https:\/\/portaltela.pt\/noticias\/2026\/01\/14\/rui-pinto-impedido-de-entrar-no-japao-e-lamenta-falhas-da-embaixada-2\/"},"modified":"2026-01-14T05:26:00","modified_gmt":"2026-01-14T08:26:00","slug":"rui-pinto-impedido-de-entrar-no-japao-e-lamenta-falhas-da-embaixada-2","status":"publish","type":"post","link":"https:\/\/portaltela.pt\/noticias\/2026\/01\/14\/rui-pinto-impedido-de-entrar-no-japao-e-lamenta-falhas-da-embaixada-2\/","title":{"rendered":"Rui Pinto impedido de entrar no Jap\u00e3o e lamenta falhas da embaixada"},"content":{"rendered":"<p>Rui Pinto foi impedido de entrar no Jap\u00e3o numa viagem a T\u00f3quio, ap\u00f3s ter sido condenado em Portugal no \u00e2mbito do processo Football Leaks. A entrada foi recusada com base na condena\u00e7\u00e3o superior a um ano, ainda que a pena tenha ficado suspensa.<\/p>\n<p>O hacker portugu\u00eas comunicou, numa publica\u00e7\u00e3o no X\/Twitter, que aterrou em T\u00f3quio sem conseguir obter esclarecimentos atempados sobre entraves \u00e0 entrada. Alegou ter contactado previamente a Embaixada do Jap\u00e3o em Lisboa e os Servi\u00e7os de Imigra\u00e7\u00e3o de T\u00f3quio, sem obter resposta.<\/p>\n<p>Pelo an\u00fancio, Pinto manifestou o pesar pela situa\u00e7\u00e3o, referindo que a viagem poderia ter sido evitada com informa\u00e7\u00f5es mais oportunas. N\u00e3o houve confirma\u00e7\u00e3o oficial de autoridades japonesas neste momento.<\/p>\n<h3>Contexto<\/h3>\n<p>Rui Pinto foi condenado a quatro anos de pris\u00e3o com pena suspensa no \u00e2mbito do Football Leaks, acusa\u00e7\u00e3o relacionada com a divulga\u00e7\u00e3o de documentos confidenciais de clubes e jogadores. O caso tem motivado cobertura medi\u00e1tica desde as primeiras averigua\u00e7\u00f5es.<\/p>\n<p>O epis\u00f3dio em torno da entrada no Jap\u00e3o acrescenta uma nova linha \u00e0 situa\u00e7\u00e3o jur\u00eddica do acusado, j\u00e1 conhecida pela notoriedade do processo que o envolve. O Porto de destino, T\u00f3quio, mant\u00e9m-se como cen\u00e1rio do incidente recente.<\/p>\n","protected":false},"excerpt":{"rendered":"<ul>\n<li>Rui Pinto foi impedido de entrar no Jap\u00e3o numa viagem a T\u00f3quio, apesar de j\u00e1 ter aterrado no pa\u00eds.<\/li>\n<li>O hacker portugu\u00eas foi condenado a quatro anos de pris\u00e3o com pena suspensa no \u00e2mbito do processo Football Leaks.<\/li>\n<li>A entrada foi negada com base nessa condena\u00e7\u00e3o superior a um ano, ainda que suspensa.<\/li>\n<li>O respons\u00e1vel pela situa\u00e7\u00e3o afirmou nas redes sociais que n\u00e3o recebeu esclarecimentos atempados da Embaixada do Jap\u00e3o em Lisboa nem dos Servi\u00e7os de Imigra\u00e7\u00e3o de T\u00f3quio, apesar de ter tentado obter informa\u00e7\u00f5es previamente.<\/li>\n<\/ul>\n","protected":false},"author":2,"featured_media":140800,"comment_status":"closed","ping_status":"closed","sticky":false,"template":"","format":"standard","meta":{"footnotes":""},"categories":[1],"tags":[1384,147,712,81,803,1014],"class_list":["post-140794","post","type-post","status-publish","format-standard","has-post-thumbnail","hentry","category-noticias","tag-condenacoes-internacionais","tag-crime","tag-imigracao","tag-internacionais","tag-justica","tag-portugal"],"yoast_head":"<!-- This site is optimized with the Yoast SEO plugin v27.2 - https:\/\/yoast.com\/product\/yoast-seo-wordpress\/ -->\n<title>Rui Pinto impedido de entrar no Jap\u00e3o e lamenta falhas da embaixada - Portal Tela Portugal<\/title>\n<meta name=\"robots\" content=\"index, follow, max-snippet:-1, max-image-preview:large, max-video-preview:-1\" \/>\n<meta property=\"og:locale\" content=\"pt_PT\" \/>\n<meta property=\"og:type\" content=\"article\" \/>\n<meta property=\"og:title\" content=\"Rui Pinto impedido de entrar no Jap\u00e3o e lamenta falhas da embaixada - Portal Tela Portugal\" \/>\n<meta property=\"og:description\" content=\"Rui Pinto foi impedido de entrar no Jap\u00e3o numa viagem a T\u00f3quio, apesar de j\u00e1 ter aterrado no pa\u00eds. O hacker portugu\u00eas foi condenado a quatro anos de pris\u00e3o com pena suspensa no \u00e2mbito do processo Football Leaks. A entrada foi negada com base nessa condena\u00e7\u00e3o superior a um ano, ainda que suspensa. O respons\u00e1vel pela situa\u00e7\u00e3o afirmou nas redes sociais que n\u00e3o recebeu esclarecimentos atempados da Embaixada do Jap\u00e3o em Lisboa nem dos Servi\u00e7os de Imigra\u00e7\u00e3o de T\u00f3quio, apesar de ter tentado obter informa\u00e7\u00f5es previamente.\" \/>\n<meta property=\"og:url\" content=\"https:\/\/portaltela.pt\/noticias\/2026\/01\/14\/rui-pinto-impedido-de-entrar-no-japao-e-lamenta-falhas-da-embaixada-2\/\" \/>\n<meta property=\"og:site_name\" content=\"Portal Tela Portugal\" \/>\n<meta property=\"article:published_time\" content=\"2026-01-14T08:26:00+00:00\" \/>\n<meta name=\"author\" content=\"Telinha\" \/>\n<meta name=\"twitter:card\" content=\"summary_large_image\" \/>\n<meta name=\"twitter:label1\" content=\"Escrito por\" \/>\n\t<meta name=\"twitter:data1\" content=\"Telinha\" \/>\n\t<meta name=\"twitter:label2\" content=\"Tempo estimado de leitura\" \/>\n\t<meta name=\"twitter:data2\" content=\"1 minuto\" \/>\n<script type=\"application\/ld+json\" class=\"yoast-schema-graph\">{\"@context\":\"https:\/\/schema.org\",\"@graph\":[{\"@type\":\"Article\",\"@id\":\"https:\/\/portaltela.pt\/noticias\/2026\/01\/14\/rui-pinto-impedido-de-entrar-no-japao-e-lamenta-falhas-da-embaixada-2\/#article\",\"isPartOf\":{\"@id\":\"https:\/\/portaltela.pt\/noticias\/2026\/01\/14\/rui-pinto-impedido-de-entrar-no-japao-e-lamenta-falhas-da-embaixada-2\/\"},\"author\":{\"name\":\"Telinha\",\"@id\":\"https:\/\/portaltela.pt\/#\/schema\/person\/c4278d4a6028830caff9ee44b42d32ed\"},\"headline\":\"Rui Pinto impedido de entrar no Jap\u00e3o e lamenta falhas da embaixada\",\"datePublished\":\"2026-01-14T08:26:00+00:00\",\"mainEntityOfPage\":{\"@id\":\"https:\/\/portaltela.pt\/noticias\/2026\/01\/14\/rui-pinto-impedido-de-entrar-no-japao-e-lamenta-falhas-da-embaixada-2\/\"},\"wordCount\":230,\"image\":{\"@id\":\"https:\/\/portaltela.pt\/noticias\/2026\/01\/14\/rui-pinto-impedido-de-entrar-no-japao-e-lamenta-falhas-da-embaixada-2\/#primaryimage\"},\"thumbnailUrl\":\"https:\/\/portaltela.pt\/s.01k8rhncp4jt1\/2026\/01\/img_920x518uu2025-05-16-12-25-49-2362950-3.jpg\",\"keywords\":[\"condena\u00e7\u00f5es internacionais\",\"crime\",\"imigra\u00e7\u00e3o\",\"internacionais\",\"justi\u00e7a\",\"Portugal\"],\"articleSection\":[\"Not\u00edcias\"],\"inLanguage\":\"pt-PT\"},{\"@type\":\"WebPage\",\"@id\":\"https:\/\/portaltela.pt\/noticias\/2026\/01\/14\/rui-pinto-impedido-de-entrar-no-japao-e-lamenta-falhas-da-embaixada-2\/\",\"url\":\"https:\/\/portaltela.pt\/noticias\/2026\/01\/14\/rui-pinto-impedido-de-entrar-no-japao-e-lamenta-falhas-da-embaixada-2\/\",\"name\":\"Rui Pinto impedido de entrar no Jap\u00e3o e lamenta falhas da embaixada - Portal Tela Portugal\",\"isPartOf\":{\"@id\":\"https:\/\/portaltela.pt\/#website\"},\"primaryImageOfPage\":{\"@id\":\"https:\/\/portaltela.pt\/noticias\/2026\/01\/14\/rui-pinto-impedido-de-entrar-no-japao-e-lamenta-falhas-da-embaixada-2\/#primaryimage\"},\"image\":{\"@id\":\"https:\/\/portaltela.pt\/noticias\/2026\/01\/14\/rui-pinto-impedido-de-entrar-no-japao-e-lamenta-falhas-da-embaixada-2\/#primaryimage\"},\"thumbnailUrl\":\"https:\/\/portaltela.pt\/s.01k8rhncp4jt1\/2026\/01\/img_920x518uu2025-05-16-12-25-49-2362950-3.jpg\",\"datePublished\":\"2026-01-14T08:26:00+00:00\",\"author\":{\"@id\":\"https:\/\/portaltela.pt\/#\/schema\/person\/c4278d4a6028830caff9ee44b42d32ed\"},\"breadcrumb\":{\"@id\":\"https:\/\/portaltela.pt\/noticias\/2026\/01\/14\/rui-pinto-impedido-de-entrar-no-japao-e-lamenta-falhas-da-embaixada-2\/#breadcrumb\"},\"inLanguage\":\"pt-PT\",\"potentialAction\":[{\"@type\":\"ReadAction\",\"target\":[\"https:\/\/portaltela.pt\/noticias\/2026\/01\/14\/rui-pinto-impedido-de-entrar-no-japao-e-lamenta-falhas-da-embaixada-2\/\"]}]},{\"@type\":\"ImageObject\",\"inLanguage\":\"pt-PT\",\"@id\":\"https:\/\/portaltela.pt\/noticias\/2026\/01\/14\/rui-pinto-impedido-de-entrar-no-japao-e-lamenta-falhas-da-embaixada-2\/#primaryimage\",\"url\":\"https:\/\/portaltela.pt\/s.01k8rhncp4jt1\/2026\/01\/img_920x518uu2025-05-16-12-25-49-2362950-3.jpg\",\"contentUrl\":\"https:\/\/portaltela.pt\/s.01k8rhncp4jt1\/2026\/01\/img_920x518uu2025-05-16-12-25-49-2362950-3.jpg\",\"width\":796,\"height\":448,\"caption\":\"Rui Pinto\"},{\"@type\":\"BreadcrumbList\",\"@id\":\"https:\/\/portaltela.pt\/noticias\/2026\/01\/14\/rui-pinto-impedido-de-entrar-no-japao-e-lamenta-falhas-da-embaixada-2\/#breadcrumb\",\"itemListElement\":[{\"@type\":\"ListItem\",\"position\":1,\"name\":\"In\u00edcio\",\"item\":\"https:\/\/portaltela.pt\/\"},{\"@type\":\"ListItem\",\"position\":2,\"name\":\"Rui Pinto impedido de entrar no Jap\u00e3o e lamenta falhas da embaixada\"}]},{\"@type\":\"WebSite\",\"@id\":\"https:\/\/portaltela.pt\/#website\",\"url\":\"https:\/\/portaltela.pt\/\",\"name\":\"Portal Tela Portugal\",\"description\":\"\",\"potentialAction\":[{\"@type\":\"SearchAction\",\"target\":{\"@type\":\"EntryPoint\",\"urlTemplate\":\"https:\/\/portaltela.pt\/?s={search_term_string}\"},\"query-input\":{\"@type\":\"PropertyValueSpecification\",\"valueRequired\":true,\"valueName\":\"search_term_string\"}}],\"inLanguage\":\"pt-PT\"},{\"@type\":\"Person\",\"@id\":\"https:\/\/portaltela.pt\/#\/schema\/person\/c4278d4a6028830caff9ee44b42d32ed\",\"name\":\"Telinha\",\"image\":{\"@type\":\"ImageObject\",\"inLanguage\":\"pt-PT\",\"@id\":\"https:\/\/portaltela.pt\/s.01k8rhncp4jt1\/2025\/11\/talking-bot-125x125.png\",\"url\":\"https:\/\/portaltela.pt\/s.01k8rhncp4jt1\/2025\/11\/talking-bot-125x125.png\",\"contentUrl\":\"https:\/\/portaltela.pt\/s.01k8rhncp4jt1\/2025\/11\/talking-bot-125x125.png\",\"caption\":\"Telinha\"},\"sameAs\":[\"https:\/\/portaltela.pt\/\"],\"url\":\"https:\/\/portaltela.pt\/por\/367410592786\/\"}]}<\/script>\n<!-- \/ Yoast SEO plugin. -->","yoast_head_json":{"title":"Rui Pinto impedido de entrar no Jap\u00e3o e lamenta falhas da embaixada - Portal Tela Portugal","robots":{"index":"index","follow":"follow","max-snippet":"max-snippet:-1","max-image-preview":"max-image-preview:large","max-video-preview":"max-video-preview:-1"},"og_locale":"pt_PT","og_type":"article","og_title":"Rui Pinto impedido de entrar no Jap\u00e3o e lamenta falhas da embaixada - Portal Tela Portugal","og_description":"Rui Pinto foi impedido de entrar no Jap\u00e3o numa viagem a T\u00f3quio, apesar de j\u00e1 ter aterrado no pa\u00eds. O hacker portugu\u00eas foi condenado a quatro anos de pris\u00e3o com pena suspensa no \u00e2mbito do processo Football Leaks. A entrada foi negada com base nessa condena\u00e7\u00e3o superior a um ano, ainda que suspensa. O respons\u00e1vel pela situa\u00e7\u00e3o afirmou nas redes sociais que n\u00e3o recebeu esclarecimentos atempados da Embaixada do Jap\u00e3o em Lisboa nem dos Servi\u00e7os de Imigra\u00e7\u00e3o de T\u00f3quio, apesar de ter tentado obter informa\u00e7\u00f5es previamente.","og_url":"https:\/\/portaltela.pt\/noticias\/2026\/01\/14\/rui-pinto-impedido-de-entrar-no-japao-e-lamenta-falhas-da-embaixada-2\/","og_site_name":"Portal Tela Portugal","article_published_time":"2026-01-14T08:26:00+00:00","author":"Telinha","twitter_card":"summary_large_image","twitter_misc":{"Escrito por":"Telinha","Tempo estimado de leitura":"1 minuto"},"schema":{"@context":"https:\/\/schema.org","@graph":[{"@type":"Article","@id":"https:\/\/portaltela.pt\/noticias\/2026\/01\/14\/rui-pinto-impedido-de-entrar-no-japao-e-lamenta-falhas-da-embaixada-2\/#article","isPartOf":{"@id":"https:\/\/portaltela.pt\/noticias\/2026\/01\/14\/rui-pinto-impedido-de-entrar-no-japao-e-lamenta-falhas-da-embaixada-2\/"},"author":{"name":"Telinha","@id":"https:\/\/portaltela.pt\/#\/schema\/person\/c4278d4a6028830caff9ee44b42d32ed"},"headline":"Rui Pinto impedido de entrar no Jap\u00e3o e lamenta falhas da embaixada","datePublished":"2026-01-14T08:26:00+00:00","mainEntityOfPage":{"@id":"https:\/\/portaltela.pt\/noticias\/2026\/01\/14\/rui-pinto-impedido-de-entrar-no-japao-e-lamenta-falhas-da-embaixada-2\/"},"wordCount":230,"image":{"@id":"https:\/\/portaltela.pt\/noticias\/2026\/01\/14\/rui-pinto-impedido-de-entrar-no-japao-e-lamenta-falhas-da-embaixada-2\/#primaryimage"},"thumbnailUrl":"https:\/\/portaltela.pt\/s.01k8rhncp4jt1\/2026\/01\/img_920x518uu2025-05-16-12-25-49-2362950-3.jpg","keywords":["condena\u00e7\u00f5es internacionais","crime","imigra\u00e7\u00e3o","internacionais","justi\u00e7a","Portugal"],"articleSection":["Not\u00edcias"],"inLanguage":"pt-PT"},{"@type":"WebPage","@id":"https:\/\/portaltela.pt\/noticias\/2026\/01\/14\/rui-pinto-impedido-de-entrar-no-japao-e-lamenta-falhas-da-embaixada-2\/","url":"https:\/\/portaltela.pt\/noticias\/2026\/01\/14\/rui-pinto-impedido-de-entrar-no-japao-e-lamenta-falhas-da-embaixada-2\/","name":"Rui Pinto impedido de entrar no Jap\u00e3o e lamenta falhas da embaixada - Portal Tela Portugal","isPartOf":{"@id":"https:\/\/portaltela.pt\/#website"},"primaryImageOfPage":{"@id":"https:\/\/portaltela.pt\/noticias\/2026\/01\/14\/rui-pinto-impedido-de-entrar-no-japao-e-lamenta-falhas-da-embaixada-2\/#primaryimage"},"image":{"@id":"https:\/\/portaltela.pt\/noticias\/2026\/01\/14\/rui-pinto-impedido-de-entrar-no-japao-e-lamenta-falhas-da-embaixada-2\/#primaryimage"},"thumbnailUrl":"https:\/\/portaltela.pt\/s.01k8rhncp4jt1\/2026\/01\/img_920x518uu2025-05-16-12-25-49-2362950-3.jpg","datePublished":"2026-01-14T08:26:00+00:00","author":{"@id":"https:\/\/portaltela.pt\/#\/schema\/person\/c4278d4a6028830caff9ee44b42d32ed"},"breadcrumb":{"@id":"https:\/\/portaltela.pt\/noticias\/2026\/01\/14\/rui-pinto-impedido-de-entrar-no-japao-e-lamenta-falhas-da-embaixada-2\/#breadcrumb"},"inLanguage":"pt-PT","potentialAction":[{"@type":"ReadAction","target":["https:\/\/portaltela.pt\/noticias\/2026\/01\/14\/rui-pinto-impedido-de-entrar-no-japao-e-lamenta-falhas-da-embaixada-2\/"]}]},{"@type":"ImageObject","inLanguage":"pt-PT","@id":"https:\/\/portaltela.pt\/noticias\/2026\/01\/14\/rui-pinto-impedido-de-entrar-no-japao-e-lamenta-falhas-da-embaixada-2\/#primaryimage","url":"https:\/\/portaltela.pt\/s.01k8rhncp4jt1\/2026\/01\/img_920x518uu2025-05-16-12-25-49-2362950-3.jpg","contentUrl":"https:\/\/portaltela.pt\/s.01k8rhncp4jt1\/2026\/01\/img_920x518uu2025-05-16-12-25-49-2362950-3.jpg","width":796,"height":448,"caption":"Rui Pinto"},{"@type":"BreadcrumbList","@id":"https:\/\/portaltela.pt\/noticias\/2026\/01\/14\/rui-pinto-impedido-de-entrar-no-japao-e-lamenta-falhas-da-embaixada-2\/#breadcrumb","itemListElement":[{"@type":"ListItem","position":1,"name":"In\u00edcio","item":"https:\/\/portaltela.pt\/"},{"@type":"ListItem","position":2,"name":"Rui Pinto impedido de entrar no Jap\u00e3o e lamenta falhas da embaixada"}]},{"@type":"WebSite","@id":"https:\/\/portaltela.pt\/#website","url":"https:\/\/portaltela.pt\/","name":"Portal Tela Portugal","description":"","potentialAction":[{"@type":"SearchAction","target":{"@type":"EntryPoint","urlTemplate":"https:\/\/portaltela.pt\/?s={search_term_string}"},"query-input":{"@type":"PropertyValueSpecification","valueRequired":true,"valueName":"search_term_string"}}],"inLanguage":"pt-PT"},{"@type":"Person","@id":"https:\/\/portaltela.pt\/#\/schema\/person\/c4278d4a6028830caff9ee44b42d32ed","name":"Telinha","image":{"@type":"ImageObject","inLanguage":"pt-PT","@id":"https:\/\/portaltela.pt\/s.01k8rhncp4jt1\/2025\/11\/talking-bot-125x125.png","url":"https:\/\/portaltela.pt\/s.01k8rhncp4jt1\/2025\/11\/talking-bot-125x125.png","contentUrl":"https:\/\/portaltela.pt\/s.01k8rhncp4jt1\/2025\/11\/talking-bot-125x125.png","caption":"Telinha"},"sameAs":["https:\/\/portaltela.pt\/"],"url":"https:\/\/portaltela.pt\/por\/367410592786\/"}]}},"_links":{"self":[{"href":"https:\/\/portaltela.pt\/api\/wp\/v2\/posts\/140794","targetHints":{"allow":["GET"]}}],"collection":[{"href":"https:\/\/portaltela.pt\/api\/wp\/v2\/posts"}],"about":[{"href":"https:\/\/portaltela.pt\/api\/wp\/v2\/types\/post"}],"author":[{"embeddable":true,"href":"https:\/\/portaltela.pt\/api\/wp\/v2\/users\/2"}],"replies":[{"embeddable":true,"href":"https:\/\/portaltela.pt\/api\/wp\/v2\/comments?post=140794"}],"version-history":[{"count":0,"href":"https:\/\/portaltela.pt\/api\/wp\/v2\/posts\/140794\/revisions"}],"wp:featuredmedia":[{"embeddable":true,"href":"https:\/\/portaltela.pt\/api\/wp\/v2\/media\/140800"}],"wp:attachment":[{"href":"https:\/\/portaltela.pt\/api\/wp\/v2\/media?parent=140794"}],"wp:term":[{"taxonomy":"category","embeddable":true,"href":"https:\/\/portaltela.pt\/api\/wp\/v2\/categories?post=140794"},{"taxonomy":"post_tag","embeddable":true,"href":"https:\/\/portaltela.pt\/api\/wp\/v2\/tags?post=140794"}],"curies":[{"name":"wp","href":"https:\/\/api.w.org\/{rel}","templated":true}]}}