{"id":140764,"date":"2026-01-14T06:09:05","date_gmt":"2026-01-14T09:09:05","guid":{"rendered":"https:\/\/portaltela.pt\/noticias\/2026\/01\/14\/caso-de-negligencia-medica-envolve-homicidio-negligente\/"},"modified":"2026-01-14T06:09:05","modified_gmt":"2026-01-14T09:09:05","slug":"caso-de-negligencia-medica-envolve-homicidio-negligente","status":"publish","type":"post","link":"https:\/\/portaltela.pt\/noticias\/2026\/01\/14\/caso-de-negligencia-medica-envolve-homicidio-negligente\/","title":{"rendered":"Caso de neglig\u00eancia m\u00e9dica envolve homic\u00eddio negligente"},"content":{"rendered":"<p>O Tribunal da Rela\u00e7\u00e3o do Porto confirmou, a 21 de fevereiro de 2025, a condena\u00e7\u00e3o de dois m\u00e9dicos pela pr\u00e1tica de homic\u00eddio por neglig\u00eancia. O caso envolve a morte de um rec\u00e9m-nascido, resultante de uma omiss\u00e3o na interven\u00e7\u00e3o m\u00e9dica durante o parto. A decis\u00e3o manteve a pena de 200 dias de multa, a 30 euros por dia, para cada arguido.<\/p>\n<p>A decis\u00e3o baseia-se na avalia\u00e7\u00e3o de que, nos minutos que antecederam o desfecho, os registos CTG apresentavam padr\u00f5es patol\u00f3gicos graves. Apesar disso, n\u00e3o foi tomada a decis\u00e3o de realizar uma cesariana atempadamente, apesar da urg\u00eancia cl\u00ednica evidente.<\/p>\n<h3>Enquadramento factual e responsabilidade penal<\/h3>\n<p>A per\u00edcia concluiu que a cesariana realizada mais cedo teria, com grande probabilidade, evitado as les\u00f5es ao nascituro ou atenuado o risco de morte. Assim, a omiss\u00e3o foi considerada uma viola\u00e7\u00e3o objetiva do dever de cuidado.<\/p>\n<p>Nos termos do C\u00f3digo Penal, quem mata por neglig\u00eancia pode ser condenado a pris\u00e3o at\u00e9 3 anos ou a multa. O caso trata de uma neglig\u00eancia grave que criou um perigo previs\u00edvel e evit\u00e1vel.<\/p>\n<h3>Legisla\u00e7\u00e3o, nexo causal e doutrina<\/h3>\n<p>As leges artis n\u00e3o substituem o dever de cuidado objetivo. \u00c9 necess\u00e1rio demonstrar que a conduta violou esse dever e que o resultado foi causalmente imput\u00e1vel ao agente. A prova apontou para um nexo de causalidade adequado entre a omiss\u00e3o e o dano.<\/p>\n<p>A avalia\u00e7\u00e3o anal\u00edtica contemplou o conceito de prognose p\u00f3stuma e a ideia de que, perante circunst\u00e2ncias conhecidas, a interdi\u00e7\u00e3o cl\u00ednica era adequada para evitar o resultado fatal.<\/p>\n<h3>Interven\u00e7\u00e3o conjunta e exclus\u00e3o de responsabilidade<\/h3>\n<p>A defesa alegou atua\u00e7\u00e3o em equipa para excluir responsabilidade, mas a autonomia profissional n\u00e3o afasta a obriga\u00e7\u00e3o de alertar para riscos. Cada arguido manteve responsabilidade pela omiss\u00e3o que aumentou o risco de morte.<\/p>\n<p>A eventual ideia de culpa concorrente n\u00e3o afasta a responsabilidade penal, servindo apenas para a determina\u00e7\u00e3o da pena. A aus\u00eancia de cesariana foi considerada suficiente para imputa\u00e7\u00e3o objetiva.<\/p>\n<h3>Conclus\u00f5es<\/h3>\n<p>A confirma\u00e7\u00e3o da condena\u00e7\u00e3o refor\u00e7a a censura penal a condutas m\u00e9dicas que violam o dever de cuidado. A vida do nascituro, a integridade f\u00edsica e a liberdade pessoal do paciente permanecem protegidas pela lei.<\/p>\n<p>O tribunal entendeu que a atua\u00e7\u00e3o cl\u00ednica deve ser diligente, tecnicamente fundamentada e juridicamente respons\u00e1vel, sob pena de responsabiliza\u00e7\u00e3o penal por neglig\u00eancia grave.<\/p>\n","protected":false},"excerpt":{"rendered":"<ul>\n<li>O Tribunal da Rela\u00e7\u00e3o do Porto confirmou a condena\u00e7\u00e3o de dois m\u00e9dicos pelo crime de homic\u00eddio por neglig\u00eancia, relacionado com a morte de um rec\u00e9m-nascido, por omiss\u00e3o.<\/li>\n<li>A pena de 200 dias de multa, \u00e0 taxa di\u00e1ria de 30 euros (total de 6.000 euros) foi mantida para cada arguido.<\/li>\n<li>Registos cardiotocogr\u00e1ficos (CTG) mostraram padr\u00f5es patol\u00f3gicos nas horas que antecederam o desfecho, tornando-se mais evidente nos \u00faltimos 30 minutos; a cesariana n\u00e3o foi realizada atempadamente, apesar da urg\u00eancia.<\/li>\n<li>A per\u00edcia concluiu que uma cesariana atempada teria, com toda a probabilidade, evitado as les\u00f5es do nascituro ou reduzido significativamente o risco de morte, configurando viola\u00e7\u00e3o objetiva do dever de cuidado.<\/li>\n<li>A decis\u00e3o reitera que, na neglig\u00eancia penal m\u00e9dica, n\u00e3o basta a exist\u00eancia de resultado morte; \u00e9 necess\u00e1ria a viola\u00e7\u00e3o do dever de cuidado e o nexo causal adequado entre a conduta omissiva e o resultado.<\/li>\n<\/ul>\n","protected":false},"author":2,"featured_media":140765,"comment_status":"closed","ping_status":"closed","sticky":false,"template":"","format":"standard","meta":{"footnotes":""},"categories":[1],"tags":[147,1345,2395,115,483,1402],"class_list":["post-140764","post","type-post","status-publish","format-standard","has-post-thumbnail","hentry","category-noticias","tag-crime","tag-homicidio","tag-homicidio-involuntario","tag-maternidade","tag-medicina-intensiva","tag-obstetricia"],"yoast_head":"<!-- This site is optimized with the Yoast SEO plugin v27.2 - https:\/\/yoast.com\/product\/yoast-seo-wordpress\/ -->\n<title>Caso de neglig\u00eancia m\u00e9dica envolve homic\u00eddio negligente - Portal Tela Portugal<\/title>\n<meta name=\"robots\" content=\"index, follow, max-snippet:-1, max-image-preview:large, max-video-preview:-1\" \/>\n<meta property=\"og:locale\" content=\"pt_PT\" \/>\n<meta property=\"og:type\" content=\"article\" \/>\n<meta property=\"og:title\" content=\"Caso de neglig\u00eancia m\u00e9dica envolve homic\u00eddio negligente - Portal Tela Portugal\" \/>\n<meta property=\"og:description\" content=\"O Tribunal da Rela\u00e7\u00e3o do Porto confirmou a condena\u00e7\u00e3o de dois m\u00e9dicos pelo crime de homic\u00eddio por neglig\u00eancia, relacionado com a morte de um rec\u00e9m-nascido, por omiss\u00e3o. A pena de 200 dias de multa, \u00e0 taxa di\u00e1ria de 30 euros (total de 6.000 euros) foi mantida para cada arguido. Registos cardiotocogr\u00e1ficos (CTG) mostraram padr\u00f5es patol\u00f3gicos nas horas que antecederam o desfecho, tornando-se mais evidente nos \u00faltimos 30 minutos; a cesariana n\u00e3o foi realizada atempadamente, apesar da urg\u00eancia. A per\u00edcia concluiu que uma cesariana atempada teria, com toda a probabilidade, evitado as les\u00f5es do nascituro ou reduzido significativamente o risco de morte, configurando viola\u00e7\u00e3o objetiva do dever de cuidado. A decis\u00e3o reitera que, na neglig\u00eancia penal m\u00e9dica, n\u00e3o basta a exist\u00eancia de resultado morte; \u00e9 necess\u00e1ria a viola\u00e7\u00e3o do dever de cuidado e o nexo causal adequado entre a conduta omissiva e o resultado.\" \/>\n<meta property=\"og:url\" content=\"https:\/\/portaltela.pt\/noticias\/2026\/01\/14\/caso-de-negligencia-medica-envolve-homicidio-negligente\/\" \/>\n<meta property=\"og:site_name\" content=\"Portal Tela Portugal\" \/>\n<meta property=\"article:published_time\" content=\"2026-01-14T09:09:05+00:00\" \/>\n<meta name=\"author\" content=\"Telinha\" \/>\n<meta name=\"twitter:card\" content=\"summary_large_image\" \/>\n<meta name=\"twitter:label1\" content=\"Escrito por\" \/>\n\t<meta name=\"twitter:data1\" content=\"Telinha\" \/>\n\t<meta name=\"twitter:label2\" content=\"Tempo estimado de leitura\" \/>\n\t<meta name=\"twitter:data2\" content=\"2 minutos\" \/>\n<script type=\"application\/ld+json\" class=\"yoast-schema-graph\">{\"@context\":\"https:\/\/schema.org\",\"@graph\":[{\"@type\":\"Article\",\"@id\":\"https:\/\/portaltela.pt\/noticias\/2026\/01\/14\/caso-de-negligencia-medica-envolve-homicidio-negligente\/#article\",\"isPartOf\":{\"@id\":\"https:\/\/portaltela.pt\/noticias\/2026\/01\/14\/caso-de-negligencia-medica-envolve-homicidio-negligente\/\"},\"author\":{\"name\":\"Telinha\",\"@id\":\"https:\/\/portaltela.pt\/#\/schema\/person\/c4278d4a6028830caff9ee44b42d32ed\"},\"headline\":\"Caso de neglig\u00eancia m\u00e9dica envolve homic\u00eddio negligente\",\"datePublished\":\"2026-01-14T09:09:05+00:00\",\"mainEntityOfPage\":{\"@id\":\"https:\/\/portaltela.pt\/noticias\/2026\/01\/14\/caso-de-negligencia-medica-envolve-homicidio-negligente\/\"},\"wordCount\":437,\"image\":{\"@id\":\"https:\/\/portaltela.pt\/noticias\/2026\/01\/14\/caso-de-negligencia-medica-envolve-homicidio-negligente\/#primaryimage\"},\"thumbnailUrl\":\"https:\/\/portaltela.pt\/s.01k8rhncp4jt1\/2026\/01\/Ceu-Goncalves_opiniao_HN.jpg\",\"keywords\":[\"crime\",\"homic\u00eddio\",\"homic\u00eddio involunt\u00e1rio\",\"maternidade\",\"Medicina Intensiva\",\"Obstetr\u00edcia\"],\"articleSection\":[\"Not\u00edcias\"],\"inLanguage\":\"pt-PT\"},{\"@type\":\"WebPage\",\"@id\":\"https:\/\/portaltela.pt\/noticias\/2026\/01\/14\/caso-de-negligencia-medica-envolve-homicidio-negligente\/\",\"url\":\"https:\/\/portaltela.pt\/noticias\/2026\/01\/14\/caso-de-negligencia-medica-envolve-homicidio-negligente\/\",\"name\":\"Caso de neglig\u00eancia m\u00e9dica envolve homic\u00eddio negligente - Portal Tela Portugal\",\"isPartOf\":{\"@id\":\"https:\/\/portaltela.pt\/#website\"},\"primaryImageOfPage\":{\"@id\":\"https:\/\/portaltela.pt\/noticias\/2026\/01\/14\/caso-de-negligencia-medica-envolve-homicidio-negligente\/#primaryimage\"},\"image\":{\"@id\":\"https:\/\/portaltela.pt\/noticias\/2026\/01\/14\/caso-de-negligencia-medica-envolve-homicidio-negligente\/#primaryimage\"},\"thumbnailUrl\":\"https:\/\/portaltela.pt\/s.01k8rhncp4jt1\/2026\/01\/Ceu-Goncalves_opiniao_HN.jpg\",\"datePublished\":\"2026-01-14T09:09:05+00:00\",\"author\":{\"@id\":\"https:\/\/portaltela.pt\/#\/schema\/person\/c4278d4a6028830caff9ee44b42d32ed\"},\"breadcrumb\":{\"@id\":\"https:\/\/portaltela.pt\/noticias\/2026\/01\/14\/caso-de-negligencia-medica-envolve-homicidio-negligente\/#breadcrumb\"},\"inLanguage\":\"pt-PT\",\"potentialAction\":[{\"@type\":\"ReadAction\",\"target\":[\"https:\/\/portaltela.pt\/noticias\/2026\/01\/14\/caso-de-negligencia-medica-envolve-homicidio-negligente\/\"]}]},{\"@type\":\"ImageObject\",\"inLanguage\":\"pt-PT\",\"@id\":\"https:\/\/portaltela.pt\/noticias\/2026\/01\/14\/caso-de-negligencia-medica-envolve-homicidio-negligente\/#primaryimage\",\"url\":\"https:\/\/portaltela.pt\/s.01k8rhncp4jt1\/2026\/01\/Ceu-Goncalves_opiniao_HN.jpg\",\"contentUrl\":\"https:\/\/portaltela.pt\/s.01k8rhncp4jt1\/2026\/01\/Ceu-Goncalves_opiniao_HN.jpg\",\"width\":796,\"height\":448,\"caption\":\"C\u00e9u Gon\u00e7alves Jurista e Formadora Especializada em Direito laboral P\u00fablico e Privado; Graduada em Bio\u00e9tica e Direito Penal\"},{\"@type\":\"BreadcrumbList\",\"@id\":\"https:\/\/portaltela.pt\/noticias\/2026\/01\/14\/caso-de-negligencia-medica-envolve-homicidio-negligente\/#breadcrumb\",\"itemListElement\":[{\"@type\":\"ListItem\",\"position\":1,\"name\":\"In\u00edcio\",\"item\":\"https:\/\/portaltela.pt\/\"},{\"@type\":\"ListItem\",\"position\":2,\"name\":\"Caso de neglig\u00eancia m\u00e9dica envolve homic\u00eddio negligente\"}]},{\"@type\":\"WebSite\",\"@id\":\"https:\/\/portaltela.pt\/#website\",\"url\":\"https:\/\/portaltela.pt\/\",\"name\":\"Portal Tela Portugal\",\"description\":\"\",\"potentialAction\":[{\"@type\":\"SearchAction\",\"target\":{\"@type\":\"EntryPoint\",\"urlTemplate\":\"https:\/\/portaltela.pt\/?s={search_term_string}\"},\"query-input\":{\"@type\":\"PropertyValueSpecification\",\"valueRequired\":true,\"valueName\":\"search_term_string\"}}],\"inLanguage\":\"pt-PT\"},{\"@type\":\"Person\",\"@id\":\"https:\/\/portaltela.pt\/#\/schema\/person\/c4278d4a6028830caff9ee44b42d32ed\",\"name\":\"Telinha\",\"image\":{\"@type\":\"ImageObject\",\"inLanguage\":\"pt-PT\",\"@id\":\"https:\/\/portaltela.pt\/s.01k8rhncp4jt1\/2025\/11\/talking-bot-125x125.png\",\"url\":\"https:\/\/portaltela.pt\/s.01k8rhncp4jt1\/2025\/11\/talking-bot-125x125.png\",\"contentUrl\":\"https:\/\/portaltela.pt\/s.01k8rhncp4jt1\/2025\/11\/talking-bot-125x125.png\",\"caption\":\"Telinha\"},\"sameAs\":[\"https:\/\/portaltela.pt\/\"],\"url\":\"https:\/\/portaltela.pt\/por\/367410592786\/\"}]}<\/script>\n<!-- \/ Yoast SEO plugin. -->","yoast_head_json":{"title":"Caso de neglig\u00eancia m\u00e9dica envolve homic\u00eddio negligente - Portal Tela Portugal","robots":{"index":"index","follow":"follow","max-snippet":"max-snippet:-1","max-image-preview":"max-image-preview:large","max-video-preview":"max-video-preview:-1"},"og_locale":"pt_PT","og_type":"article","og_title":"Caso de neglig\u00eancia m\u00e9dica envolve homic\u00eddio negligente - Portal Tela Portugal","og_description":"O Tribunal da Rela\u00e7\u00e3o do Porto confirmou a condena\u00e7\u00e3o de dois m\u00e9dicos pelo crime de homic\u00eddio por neglig\u00eancia, relacionado com a morte de um rec\u00e9m-nascido, por omiss\u00e3o. A pena de 200 dias de multa, \u00e0 taxa di\u00e1ria de 30 euros (total de 6.000 euros) foi mantida para cada arguido. Registos cardiotocogr\u00e1ficos (CTG) mostraram padr\u00f5es patol\u00f3gicos nas horas que antecederam o desfecho, tornando-se mais evidente nos \u00faltimos 30 minutos; a cesariana n\u00e3o foi realizada atempadamente, apesar da urg\u00eancia. A per\u00edcia concluiu que uma cesariana atempada teria, com toda a probabilidade, evitado as les\u00f5es do nascituro ou reduzido significativamente o risco de morte, configurando viola\u00e7\u00e3o objetiva do dever de cuidado. A decis\u00e3o reitera que, na neglig\u00eancia penal m\u00e9dica, n\u00e3o basta a exist\u00eancia de resultado morte; \u00e9 necess\u00e1ria a viola\u00e7\u00e3o do dever de cuidado e o nexo causal adequado entre a conduta omissiva e o resultado.","og_url":"https:\/\/portaltela.pt\/noticias\/2026\/01\/14\/caso-de-negligencia-medica-envolve-homicidio-negligente\/","og_site_name":"Portal Tela Portugal","article_published_time":"2026-01-14T09:09:05+00:00","author":"Telinha","twitter_card":"summary_large_image","twitter_misc":{"Escrito por":"Telinha","Tempo estimado de leitura":"2 minutos"},"schema":{"@context":"https:\/\/schema.org","@graph":[{"@type":"Article","@id":"https:\/\/portaltela.pt\/noticias\/2026\/01\/14\/caso-de-negligencia-medica-envolve-homicidio-negligente\/#article","isPartOf":{"@id":"https:\/\/portaltela.pt\/noticias\/2026\/01\/14\/caso-de-negligencia-medica-envolve-homicidio-negligente\/"},"author":{"name":"Telinha","@id":"https:\/\/portaltela.pt\/#\/schema\/person\/c4278d4a6028830caff9ee44b42d32ed"},"headline":"Caso de neglig\u00eancia m\u00e9dica envolve homic\u00eddio negligente","datePublished":"2026-01-14T09:09:05+00:00","mainEntityOfPage":{"@id":"https:\/\/portaltela.pt\/noticias\/2026\/01\/14\/caso-de-negligencia-medica-envolve-homicidio-negligente\/"},"wordCount":437,"image":{"@id":"https:\/\/portaltela.pt\/noticias\/2026\/01\/14\/caso-de-negligencia-medica-envolve-homicidio-negligente\/#primaryimage"},"thumbnailUrl":"https:\/\/portaltela.pt\/s.01k8rhncp4jt1\/2026\/01\/Ceu-Goncalves_opiniao_HN.jpg","keywords":["crime","homic\u00eddio","homic\u00eddio involunt\u00e1rio","maternidade","Medicina Intensiva","Obstetr\u00edcia"],"articleSection":["Not\u00edcias"],"inLanguage":"pt-PT"},{"@type":"WebPage","@id":"https:\/\/portaltela.pt\/noticias\/2026\/01\/14\/caso-de-negligencia-medica-envolve-homicidio-negligente\/","url":"https:\/\/portaltela.pt\/noticias\/2026\/01\/14\/caso-de-negligencia-medica-envolve-homicidio-negligente\/","name":"Caso de neglig\u00eancia m\u00e9dica envolve homic\u00eddio negligente - Portal Tela Portugal","isPartOf":{"@id":"https:\/\/portaltela.pt\/#website"},"primaryImageOfPage":{"@id":"https:\/\/portaltela.pt\/noticias\/2026\/01\/14\/caso-de-negligencia-medica-envolve-homicidio-negligente\/#primaryimage"},"image":{"@id":"https:\/\/portaltela.pt\/noticias\/2026\/01\/14\/caso-de-negligencia-medica-envolve-homicidio-negligente\/#primaryimage"},"thumbnailUrl":"https:\/\/portaltela.pt\/s.01k8rhncp4jt1\/2026\/01\/Ceu-Goncalves_opiniao_HN.jpg","datePublished":"2026-01-14T09:09:05+00:00","author":{"@id":"https:\/\/portaltela.pt\/#\/schema\/person\/c4278d4a6028830caff9ee44b42d32ed"},"breadcrumb":{"@id":"https:\/\/portaltela.pt\/noticias\/2026\/01\/14\/caso-de-negligencia-medica-envolve-homicidio-negligente\/#breadcrumb"},"inLanguage":"pt-PT","potentialAction":[{"@type":"ReadAction","target":["https:\/\/portaltela.pt\/noticias\/2026\/01\/14\/caso-de-negligencia-medica-envolve-homicidio-negligente\/"]}]},{"@type":"ImageObject","inLanguage":"pt-PT","@id":"https:\/\/portaltela.pt\/noticias\/2026\/01\/14\/caso-de-negligencia-medica-envolve-homicidio-negligente\/#primaryimage","url":"https:\/\/portaltela.pt\/s.01k8rhncp4jt1\/2026\/01\/Ceu-Goncalves_opiniao_HN.jpg","contentUrl":"https:\/\/portaltela.pt\/s.01k8rhncp4jt1\/2026\/01\/Ceu-Goncalves_opiniao_HN.jpg","width":796,"height":448,"caption":"C\u00e9u Gon\u00e7alves Jurista e Formadora Especializada em Direito laboral P\u00fablico e Privado; Graduada em Bio\u00e9tica e Direito Penal"},{"@type":"BreadcrumbList","@id":"https:\/\/portaltela.pt\/noticias\/2026\/01\/14\/caso-de-negligencia-medica-envolve-homicidio-negligente\/#breadcrumb","itemListElement":[{"@type":"ListItem","position":1,"name":"In\u00edcio","item":"https:\/\/portaltela.pt\/"},{"@type":"ListItem","position":2,"name":"Caso de neglig\u00eancia m\u00e9dica envolve homic\u00eddio negligente"}]},{"@type":"WebSite","@id":"https:\/\/portaltela.pt\/#website","url":"https:\/\/portaltela.pt\/","name":"Portal Tela Portugal","description":"","potentialAction":[{"@type":"SearchAction","target":{"@type":"EntryPoint","urlTemplate":"https:\/\/portaltela.pt\/?s={search_term_string}"},"query-input":{"@type":"PropertyValueSpecification","valueRequired":true,"valueName":"search_term_string"}}],"inLanguage":"pt-PT"},{"@type":"Person","@id":"https:\/\/portaltela.pt\/#\/schema\/person\/c4278d4a6028830caff9ee44b42d32ed","name":"Telinha","image":{"@type":"ImageObject","inLanguage":"pt-PT","@id":"https:\/\/portaltela.pt\/s.01k8rhncp4jt1\/2025\/11\/talking-bot-125x125.png","url":"https:\/\/portaltela.pt\/s.01k8rhncp4jt1\/2025\/11\/talking-bot-125x125.png","contentUrl":"https:\/\/portaltela.pt\/s.01k8rhncp4jt1\/2025\/11\/talking-bot-125x125.png","caption":"Telinha"},"sameAs":["https:\/\/portaltela.pt\/"],"url":"https:\/\/portaltela.pt\/por\/367410592786\/"}]}},"_links":{"self":[{"href":"https:\/\/portaltela.pt\/api\/wp\/v2\/posts\/140764","targetHints":{"allow":["GET"]}}],"collection":[{"href":"https:\/\/portaltela.pt\/api\/wp\/v2\/posts"}],"about":[{"href":"https:\/\/portaltela.pt\/api\/wp\/v2\/types\/post"}],"author":[{"embeddable":true,"href":"https:\/\/portaltela.pt\/api\/wp\/v2\/users\/2"}],"replies":[{"embeddable":true,"href":"https:\/\/portaltela.pt\/api\/wp\/v2\/comments?post=140764"}],"version-history":[{"count":0,"href":"https:\/\/portaltela.pt\/api\/wp\/v2\/posts\/140764\/revisions"}],"wp:featuredmedia":[{"embeddable":true,"href":"https:\/\/portaltela.pt\/api\/wp\/v2\/media\/140765"}],"wp:attachment":[{"href":"https:\/\/portaltela.pt\/api\/wp\/v2\/media?parent=140764"}],"wp:term":[{"taxonomy":"category","embeddable":true,"href":"https:\/\/portaltela.pt\/api\/wp\/v2\/categories?post=140764"},{"taxonomy":"post_tag","embeddable":true,"href":"https:\/\/portaltela.pt\/api\/wp\/v2\/tags?post=140764"}],"curies":[{"name":"wp","href":"https:\/\/api.w.org\/{rel}","templated":true}]}}