{"id":140734,"date":"2026-01-14T06:29:01","date_gmt":"2026-01-14T09:29:01","guid":{"rendered":"https:\/\/portaltela.pt\/noticias\/2026\/01\/14\/cancelo-em-destaque-na-imprensa-espanhola-por-negocio-de-145-milhoes\/"},"modified":"2026-01-14T06:29:01","modified_gmt":"2026-01-14T09:29:01","slug":"cancelo-em-destaque-na-imprensa-espanhola-por-negocio-de-145-milhoes","status":"publish","type":"post","link":"https:\/\/portaltela.pt\/desporto\/futebol\/2026\/01\/14\/cancelo-em-destaque-na-imprensa-espanhola-por-negocio-de-145-milhoes\/","title":{"rendered":"Cancelo em destaque na imprensa espanhola por neg\u00f3cio de 145 milh\u00f5es"},"content":{"rendered":"<p>O jornal Mundo Deportivo destacou Jo\u00e3o Cancelo na sua edi\u00e7\u00e3o online, referindo que o lateral portugu\u00eas de 31 anos regressou ontem ao Barcelona por empr\u00e9stimo do Al-Hilal. O artigo sublinha que Cancelo \u00e9 o segundo defesa com maior investimento j\u00e1 movimentado em transfer\u00eancias, cerca de 145 milh\u00f5es de euros, posi\u00e7\u00e3o apenas atr\u00e1s de Matthijs de Ligt, com perto de 200 milh\u00f5es.<\/p>\n<p>Formado no Benfica Campus, Cancelo saiu em 2014 para ser jogador do Valencia, em 15 milh\u00f5es de euros de transfer\u00eancia. Depois de se afirmar na La Liga, seguiu-se uma passagem em It\u00e1lia, com Inter de Mil\u00e3o (empr\u00e9stimo com op\u00e7\u00e3o de compra de 35 milh\u00f5es) que n\u00e3o se concretizou.<\/p>\n<p>Seguiu para a Juventus, em que um montante de 40 milh\u00f5es abriu a porta a uma transfer\u00eancia para o Manchester City, num neg\u00f3cio de cerca de 65 milh\u00f5es. Depois disso houve empr\u00e9stimos posteriores: Bayern Munique em 2022\/23 e, em 2023\/24, o regresso ao Barcelona, ao lado de Jo\u00e3o F\u00e9lix.<\/p>\n<p>Na \u00e9poca 2024\/25, o Al-Hilal pagou 25 milh\u00f5es para contratar o lateral de perfil ofensivo, que regressou ontem ao Barcelona em mais um empr\u00e9stimo, o quinto da carreira da internacional portuguesa.<\/p>\n","protected":false},"excerpt":{"rendered":"<ul>\n<li>O jornal Mundo Deportivo destaca Jo\u00e3o Cancelo, lateral portugu\u00eas de 31 anos, que regressou ao Barcelona por empr\u00e9stimo do Al-Hilal.<\/li>\n<li>O jogador \u00e9 o segundo defesa que mais dinheiro movimentou em transfer\u00eancias, cerca de 145 milh\u00f5es de euros, atr\u00e1s de Matthijs de Ligt, que movimentou cerca de 200 milh\u00f5es.<\/li>\n<li>Percurso: saiu do Benfica em 2014 para assinar pelo Valencia, que pagou 15 milh\u00f5es pelo passe.<\/li>\n<li>Passou por Inter de Mil\u00e3o (op\u00e7\u00e3o de compra de 35 milh\u00f5es), Juventus (40 milh\u00f5es), Manchester City (\u224865 milh\u00f5es na troca com Danilo) e empr\u00e9stimos seguintes: Bayern Munique (2022\/23) e Barcelona (2023\/24).<\/li>\n<li>Em 2024\/25 chegou ao Al-Hilal por 25 milh\u00f5es e regressou ao Barcelona, j\u00e1 no quinto empr\u00e9stimo da carreira.<\/li>\n<\/ul>\n","protected":false},"author":2,"featured_media":140740,"comment_status":"closed","ping_status":"closed","sticky":false,"template":"","format":"standard","meta":{"footnotes":""},"categories":[21,24],"tags":[2587,2457,32,2350,50,2050],"class_list":["post-140734","post","type-post","status-publish","format-standard","has-post-thumbnail","hentry","category-desporto","category-futebol","tag-barcelona","tag-emprestimos","tag-futebol","tag-joao-cancelo","tag-mercado-da-bola","tag-transferencias"],"yoast_head":"<!-- This site is optimized with the Yoast SEO plugin v27.2 - https:\/\/yoast.com\/product\/yoast-seo-wordpress\/ -->\n<title>Cancelo em destaque na imprensa espanhola por neg\u00f3cio de 145 milh\u00f5es - Portal Tela Portugal<\/title>\n<meta name=\"robots\" content=\"index, follow, max-snippet:-1, max-image-preview:large, max-video-preview:-1\" \/>\n<meta property=\"og:locale\" content=\"pt_PT\" \/>\n<meta property=\"og:type\" content=\"article\" \/>\n<meta property=\"og:title\" content=\"Cancelo em destaque na imprensa espanhola por neg\u00f3cio de 145 milh\u00f5es - Portal Tela Portugal\" \/>\n<meta property=\"og:description\" content=\"O jornal Mundo Deportivo destaca Jo\u00e3o Cancelo, lateral portugu\u00eas de 31 anos, que regressou ao Barcelona por empr\u00e9stimo do Al-Hilal. O jogador \u00e9 o segundo defesa que mais dinheiro movimentou em transfer\u00eancias, cerca de 145 milh\u00f5es de euros, atr\u00e1s de Matthijs de Ligt, que movimentou cerca de 200 milh\u00f5es. Percurso: saiu do Benfica em 2014 para assinar pelo Valencia, que pagou 15 milh\u00f5es pelo passe. Passou por Inter de Mil\u00e3o (op\u00e7\u00e3o de compra de 35 milh\u00f5es), Juventus (40 milh\u00f5es), Manchester City (\u224865 milh\u00f5es na troca com Danilo) e empr\u00e9stimos seguintes: Bayern Munique (2022\/23) e Barcelona (2023\/24). Em 2024\/25 chegou ao Al-Hilal por 25 milh\u00f5es e regressou ao Barcelona, j\u00e1 no quinto empr\u00e9stimo da carreira.\" \/>\n<meta property=\"og:url\" content=\"https:\/\/portaltela.pt\/noticias\/2026\/01\/14\/cancelo-em-destaque-na-imprensa-espanhola-por-negocio-de-145-milhoes\/\" \/>\n<meta property=\"og:site_name\" content=\"Portal Tela Portugal\" \/>\n<meta property=\"article:published_time\" content=\"2026-01-14T09:29:01+00:00\" \/>\n<meta name=\"author\" content=\"Telinha\" \/>\n<meta name=\"twitter:card\" content=\"summary_large_image\" \/>\n<meta name=\"twitter:label1\" content=\"Escrito por\" \/>\n\t<meta name=\"twitter:data1\" content=\"Telinha\" \/>\n\t<meta name=\"twitter:label2\" content=\"Tempo estimado de leitura\" \/>\n\t<meta name=\"twitter:data2\" content=\"1 minuto\" \/>\n<script type=\"application\/ld+json\" class=\"yoast-schema-graph\">{\"@context\":\"https:\/\/schema.org\",\"@graph\":[{\"@type\":\"Article\",\"@id\":\"https:\/\/portaltela.pt\/noticias\/2026\/01\/14\/cancelo-em-destaque-na-imprensa-espanhola-por-negocio-de-145-milhoes\/#article\",\"isPartOf\":{\"@id\":\"https:\/\/portaltela.pt\/noticias\/2026\/01\/14\/cancelo-em-destaque-na-imprensa-espanhola-por-negocio-de-145-milhoes\/\"},\"author\":{\"name\":\"Telinha\",\"@id\":\"https:\/\/portaltela.pt\/#\/schema\/person\/c4278d4a6028830caff9ee44b42d32ed\"},\"headline\":\"Cancelo em destaque na imprensa espanhola por neg\u00f3cio de 145 milh\u00f5es\",\"datePublished\":\"2026-01-14T09:29:01+00:00\",\"mainEntityOfPage\":{\"@id\":\"https:\/\/portaltela.pt\/noticias\/2026\/01\/14\/cancelo-em-destaque-na-imprensa-espanhola-por-negocio-de-145-milhoes\/\"},\"wordCount\":214,\"image\":{\"@id\":\"https:\/\/portaltela.pt\/noticias\/2026\/01\/14\/cancelo-em-destaque-na-imprensa-espanhola-por-negocio-de-145-milhoes\/#primaryimage\"},\"thumbnailUrl\":\"https:\/\/portaltela.pt\/s.01k8rhncp4jt1\/2026\/01\/img_920x518uu2026-01-13-21-58-13-2414586-6.jpg\",\"keywords\":[\"Barcelona\",\"empr\u00e9stimos\",\"futebol\",\"Jo\u00e3o Cancelo\",\"mercado da bola\",\"transfer\u00eancias\"],\"articleSection\":[\"Desporto\",\"Futebol\"],\"inLanguage\":\"pt-PT\"},{\"@type\":\"WebPage\",\"@id\":\"https:\/\/portaltela.pt\/noticias\/2026\/01\/14\/cancelo-em-destaque-na-imprensa-espanhola-por-negocio-de-145-milhoes\/\",\"url\":\"https:\/\/portaltela.pt\/noticias\/2026\/01\/14\/cancelo-em-destaque-na-imprensa-espanhola-por-negocio-de-145-milhoes\/\",\"name\":\"Cancelo em destaque na imprensa espanhola por neg\u00f3cio de 145 milh\u00f5es - Portal Tela Portugal\",\"isPartOf\":{\"@id\":\"https:\/\/portaltela.pt\/#website\"},\"primaryImageOfPage\":{\"@id\":\"https:\/\/portaltela.pt\/noticias\/2026\/01\/14\/cancelo-em-destaque-na-imprensa-espanhola-por-negocio-de-145-milhoes\/#primaryimage\"},\"image\":{\"@id\":\"https:\/\/portaltela.pt\/noticias\/2026\/01\/14\/cancelo-em-destaque-na-imprensa-espanhola-por-negocio-de-145-milhoes\/#primaryimage\"},\"thumbnailUrl\":\"https:\/\/portaltela.pt\/s.01k8rhncp4jt1\/2026\/01\/img_920x518uu2026-01-13-21-58-13-2414586-6.jpg\",\"datePublished\":\"2026-01-14T09:29:01+00:00\",\"author\":{\"@id\":\"https:\/\/portaltela.pt\/#\/schema\/person\/c4278d4a6028830caff9ee44b42d32ed\"},\"breadcrumb\":{\"@id\":\"https:\/\/portaltela.pt\/noticias\/2026\/01\/14\/cancelo-em-destaque-na-imprensa-espanhola-por-negocio-de-145-milhoes\/#breadcrumb\"},\"inLanguage\":\"pt-PT\",\"potentialAction\":[{\"@type\":\"ReadAction\",\"target\":[\"https:\/\/portaltela.pt\/noticias\/2026\/01\/14\/cancelo-em-destaque-na-imprensa-espanhola-por-negocio-de-145-milhoes\/\"]}]},{\"@type\":\"ImageObject\",\"inLanguage\":\"pt-PT\",\"@id\":\"https:\/\/portaltela.pt\/noticias\/2026\/01\/14\/cancelo-em-destaque-na-imprensa-espanhola-por-negocio-de-145-milhoes\/#primaryimage\",\"url\":\"https:\/\/portaltela.pt\/s.01k8rhncp4jt1\/2026\/01\/img_920x518uu2026-01-13-21-58-13-2414586-6.jpg\",\"contentUrl\":\"https:\/\/portaltela.pt\/s.01k8rhncp4jt1\/2026\/01\/img_920x518uu2026-01-13-21-58-13-2414586-6.jpg\",\"width\":796,\"height\":448,\"caption\":\"Jo\u00e3o Cancelo apresentado no Barcelona\"},{\"@type\":\"BreadcrumbList\",\"@id\":\"https:\/\/portaltela.pt\/noticias\/2026\/01\/14\/cancelo-em-destaque-na-imprensa-espanhola-por-negocio-de-145-milhoes\/#breadcrumb\",\"itemListElement\":[{\"@type\":\"ListItem\",\"position\":1,\"name\":\"In\u00edcio\",\"item\":\"https:\/\/portaltela.pt\/\"},{\"@type\":\"ListItem\",\"position\":2,\"name\":\"Cancelo em destaque na imprensa espanhola por neg\u00f3cio de 145 milh\u00f5es\"}]},{\"@type\":\"WebSite\",\"@id\":\"https:\/\/portaltela.pt\/#website\",\"url\":\"https:\/\/portaltela.pt\/\",\"name\":\"Portal Tela Portugal\",\"description\":\"\",\"potentialAction\":[{\"@type\":\"SearchAction\",\"target\":{\"@type\":\"EntryPoint\",\"urlTemplate\":\"https:\/\/portaltela.pt\/?s={search_term_string}\"},\"query-input\":{\"@type\":\"PropertyValueSpecification\",\"valueRequired\":true,\"valueName\":\"search_term_string\"}}],\"inLanguage\":\"pt-PT\"},{\"@type\":\"Person\",\"@id\":\"https:\/\/portaltela.pt\/#\/schema\/person\/c4278d4a6028830caff9ee44b42d32ed\",\"name\":\"Telinha\",\"image\":{\"@type\":\"ImageObject\",\"inLanguage\":\"pt-PT\",\"@id\":\"https:\/\/portaltela.pt\/s.01k8rhncp4jt1\/2025\/11\/talking-bot-125x125.png\",\"url\":\"https:\/\/portaltela.pt\/s.01k8rhncp4jt1\/2025\/11\/talking-bot-125x125.png\",\"contentUrl\":\"https:\/\/portaltela.pt\/s.01k8rhncp4jt1\/2025\/11\/talking-bot-125x125.png\",\"caption\":\"Telinha\"},\"sameAs\":[\"https:\/\/portaltela.pt\/\"],\"url\":\"https:\/\/portaltela.pt\/por\/367410592786\/\"}]}<\/script>\n<!-- \/ Yoast SEO plugin. -->","yoast_head_json":{"title":"Cancelo em destaque na imprensa espanhola por neg\u00f3cio de 145 milh\u00f5es - Portal Tela Portugal","robots":{"index":"index","follow":"follow","max-snippet":"max-snippet:-1","max-image-preview":"max-image-preview:large","max-video-preview":"max-video-preview:-1"},"og_locale":"pt_PT","og_type":"article","og_title":"Cancelo em destaque na imprensa espanhola por neg\u00f3cio de 145 milh\u00f5es - Portal Tela Portugal","og_description":"O jornal Mundo Deportivo destaca Jo\u00e3o Cancelo, lateral portugu\u00eas de 31 anos, que regressou ao Barcelona por empr\u00e9stimo do Al-Hilal. O jogador \u00e9 o segundo defesa que mais dinheiro movimentou em transfer\u00eancias, cerca de 145 milh\u00f5es de euros, atr\u00e1s de Matthijs de Ligt, que movimentou cerca de 200 milh\u00f5es. Percurso: saiu do Benfica em 2014 para assinar pelo Valencia, que pagou 15 milh\u00f5es pelo passe. Passou por Inter de Mil\u00e3o (op\u00e7\u00e3o de compra de 35 milh\u00f5es), Juventus (40 milh\u00f5es), Manchester City (\u224865 milh\u00f5es na troca com Danilo) e empr\u00e9stimos seguintes: Bayern Munique (2022\/23) e Barcelona (2023\/24). Em 2024\/25 chegou ao Al-Hilal por 25 milh\u00f5es e regressou ao Barcelona, j\u00e1 no quinto empr\u00e9stimo da carreira.","og_url":"https:\/\/portaltela.pt\/noticias\/2026\/01\/14\/cancelo-em-destaque-na-imprensa-espanhola-por-negocio-de-145-milhoes\/","og_site_name":"Portal Tela Portugal","article_published_time":"2026-01-14T09:29:01+00:00","author":"Telinha","twitter_card":"summary_large_image","twitter_misc":{"Escrito por":"Telinha","Tempo estimado de leitura":"1 minuto"},"schema":{"@context":"https:\/\/schema.org","@graph":[{"@type":"Article","@id":"https:\/\/portaltela.pt\/noticias\/2026\/01\/14\/cancelo-em-destaque-na-imprensa-espanhola-por-negocio-de-145-milhoes\/#article","isPartOf":{"@id":"https:\/\/portaltela.pt\/noticias\/2026\/01\/14\/cancelo-em-destaque-na-imprensa-espanhola-por-negocio-de-145-milhoes\/"},"author":{"name":"Telinha","@id":"https:\/\/portaltela.pt\/#\/schema\/person\/c4278d4a6028830caff9ee44b42d32ed"},"headline":"Cancelo em destaque na imprensa espanhola por neg\u00f3cio de 145 milh\u00f5es","datePublished":"2026-01-14T09:29:01+00:00","mainEntityOfPage":{"@id":"https:\/\/portaltela.pt\/noticias\/2026\/01\/14\/cancelo-em-destaque-na-imprensa-espanhola-por-negocio-de-145-milhoes\/"},"wordCount":214,"image":{"@id":"https:\/\/portaltela.pt\/noticias\/2026\/01\/14\/cancelo-em-destaque-na-imprensa-espanhola-por-negocio-de-145-milhoes\/#primaryimage"},"thumbnailUrl":"https:\/\/portaltela.pt\/s.01k8rhncp4jt1\/2026\/01\/img_920x518uu2026-01-13-21-58-13-2414586-6.jpg","keywords":["Barcelona","empr\u00e9stimos","futebol","Jo\u00e3o Cancelo","mercado da bola","transfer\u00eancias"],"articleSection":["Desporto","Futebol"],"inLanguage":"pt-PT"},{"@type":"WebPage","@id":"https:\/\/portaltela.pt\/noticias\/2026\/01\/14\/cancelo-em-destaque-na-imprensa-espanhola-por-negocio-de-145-milhoes\/","url":"https:\/\/portaltela.pt\/noticias\/2026\/01\/14\/cancelo-em-destaque-na-imprensa-espanhola-por-negocio-de-145-milhoes\/","name":"Cancelo em destaque na imprensa espanhola por neg\u00f3cio de 145 milh\u00f5es - Portal Tela Portugal","isPartOf":{"@id":"https:\/\/portaltela.pt\/#website"},"primaryImageOfPage":{"@id":"https:\/\/portaltela.pt\/noticias\/2026\/01\/14\/cancelo-em-destaque-na-imprensa-espanhola-por-negocio-de-145-milhoes\/#primaryimage"},"image":{"@id":"https:\/\/portaltela.pt\/noticias\/2026\/01\/14\/cancelo-em-destaque-na-imprensa-espanhola-por-negocio-de-145-milhoes\/#primaryimage"},"thumbnailUrl":"https:\/\/portaltela.pt\/s.01k8rhncp4jt1\/2026\/01\/img_920x518uu2026-01-13-21-58-13-2414586-6.jpg","datePublished":"2026-01-14T09:29:01+00:00","author":{"@id":"https:\/\/portaltela.pt\/#\/schema\/person\/c4278d4a6028830caff9ee44b42d32ed"},"breadcrumb":{"@id":"https:\/\/portaltela.pt\/noticias\/2026\/01\/14\/cancelo-em-destaque-na-imprensa-espanhola-por-negocio-de-145-milhoes\/#breadcrumb"},"inLanguage":"pt-PT","potentialAction":[{"@type":"ReadAction","target":["https:\/\/portaltela.pt\/noticias\/2026\/01\/14\/cancelo-em-destaque-na-imprensa-espanhola-por-negocio-de-145-milhoes\/"]}]},{"@type":"ImageObject","inLanguage":"pt-PT","@id":"https:\/\/portaltela.pt\/noticias\/2026\/01\/14\/cancelo-em-destaque-na-imprensa-espanhola-por-negocio-de-145-milhoes\/#primaryimage","url":"https:\/\/portaltela.pt\/s.01k8rhncp4jt1\/2026\/01\/img_920x518uu2026-01-13-21-58-13-2414586-6.jpg","contentUrl":"https:\/\/portaltela.pt\/s.01k8rhncp4jt1\/2026\/01\/img_920x518uu2026-01-13-21-58-13-2414586-6.jpg","width":796,"height":448,"caption":"Jo\u00e3o Cancelo apresentado no Barcelona"},{"@type":"BreadcrumbList","@id":"https:\/\/portaltela.pt\/noticias\/2026\/01\/14\/cancelo-em-destaque-na-imprensa-espanhola-por-negocio-de-145-milhoes\/#breadcrumb","itemListElement":[{"@type":"ListItem","position":1,"name":"In\u00edcio","item":"https:\/\/portaltela.pt\/"},{"@type":"ListItem","position":2,"name":"Cancelo em destaque na imprensa espanhola por neg\u00f3cio de 145 milh\u00f5es"}]},{"@type":"WebSite","@id":"https:\/\/portaltela.pt\/#website","url":"https:\/\/portaltela.pt\/","name":"Portal Tela Portugal","description":"","potentialAction":[{"@type":"SearchAction","target":{"@type":"EntryPoint","urlTemplate":"https:\/\/portaltela.pt\/?s={search_term_string}"},"query-input":{"@type":"PropertyValueSpecification","valueRequired":true,"valueName":"search_term_string"}}],"inLanguage":"pt-PT"},{"@type":"Person","@id":"https:\/\/portaltela.pt\/#\/schema\/person\/c4278d4a6028830caff9ee44b42d32ed","name":"Telinha","image":{"@type":"ImageObject","inLanguage":"pt-PT","@id":"https:\/\/portaltela.pt\/s.01k8rhncp4jt1\/2025\/11\/talking-bot-125x125.png","url":"https:\/\/portaltela.pt\/s.01k8rhncp4jt1\/2025\/11\/talking-bot-125x125.png","contentUrl":"https:\/\/portaltela.pt\/s.01k8rhncp4jt1\/2025\/11\/talking-bot-125x125.png","caption":"Telinha"},"sameAs":["https:\/\/portaltela.pt\/"],"url":"https:\/\/portaltela.pt\/por\/367410592786\/"}]}},"_links":{"self":[{"href":"https:\/\/portaltela.pt\/api\/wp\/v2\/posts\/140734","targetHints":{"allow":["GET"]}}],"collection":[{"href":"https:\/\/portaltela.pt\/api\/wp\/v2\/posts"}],"about":[{"href":"https:\/\/portaltela.pt\/api\/wp\/v2\/types\/post"}],"author":[{"embeddable":true,"href":"https:\/\/portaltela.pt\/api\/wp\/v2\/users\/2"}],"replies":[{"embeddable":true,"href":"https:\/\/portaltela.pt\/api\/wp\/v2\/comments?post=140734"}],"version-history":[{"count":0,"href":"https:\/\/portaltela.pt\/api\/wp\/v2\/posts\/140734\/revisions"}],"wp:featuredmedia":[{"embeddable":true,"href":"https:\/\/portaltela.pt\/api\/wp\/v2\/media\/140740"}],"wp:attachment":[{"href":"https:\/\/portaltela.pt\/api\/wp\/v2\/media?parent=140734"}],"wp:term":[{"taxonomy":"category","embeddable":true,"href":"https:\/\/portaltela.pt\/api\/wp\/v2\/categories?post=140734"},{"taxonomy":"post_tag","embeddable":true,"href":"https:\/\/portaltela.pt\/api\/wp\/v2\/tags?post=140734"}],"curies":[{"name":"wp","href":"https:\/\/api.w.org\/{rel}","templated":true}]}}