{"id":140727,"date":"2026-01-14T06:14:00","date_gmt":"2026-01-14T09:14:00","guid":{"rendered":"https:\/\/portaltela.pt\/noticias\/2026\/01\/14\/quatro-detidos-por-contrafacao-de-quase-2-000-artigos-em-pombal\/"},"modified":"2026-01-14T06:14:00","modified_gmt":"2026-01-14T09:14:00","slug":"quatro-detidos-por-contrafacao-de-quase-2-000-artigos-em-pombal","status":"publish","type":"post","link":"https:\/\/portaltela.pt\/noticias\/2026\/01\/14\/quatro-detidos-por-contrafacao-de-quase-2-000-artigos-em-pombal\/","title":{"rendered":"Quatro detidos por contrafa\u00e7\u00e3o de quase 2.000 artigos em Pombal"},"content":{"rendered":"<p>Quatro detidos por contrafa\u00e7\u00e3o numa opera\u00e7\u00e3o da GNR de Pombal, no \u00e2mbito da prote\u00e7\u00e3o de direitos de propriedade industrial e do combate \u00e0 economia paralela, realizada pelo Destacamento Territorial de Pombal. A a\u00e7\u00e3o visou impedir a comercializa\u00e7\u00e3o de produtos falsificados.<\/p>\n<p>Durante a opera\u00e7\u00e3o, os militares fiscalizaram dois estabelecimentos comerciais e apreenderam 1.926 artigos contrafeitos, incluindo vestu\u00e1rio, acess\u00f3rios e outros bens de consumo de marcas de prest\u00edgio internacional.<\/p>\n<p>Os suspeitos foram constitu\u00eddos arguidos e os factos comunicados ao Tribunal Judicial de Pombal.<\/p>\n<p>A GNR sublinha que estas a\u00e7\u00f5es visam assegurar o cumprimento dos direitos de propriedade industrial, combater a contrafa\u00e7\u00e3o e proteger os consumidores, alertando para riscos de seguran\u00e7a e para o financiamento de redes de criminalidade organizada.<\/p>\n","protected":false},"excerpt":{"rendered":"<ul>\n<li>A Guarda Nacional Republicana (GNR), atrav\u00e9s do Destacamento Territorial de Pombal, realizou uma opera\u00e7\u00e3o de fiscaliza\u00e7\u00e3o centrada na prote\u00e7\u00e3o dos direitos de propriedade industrial.<\/li>\n<li>Foram fiscalizados dois estabelecimentos comerciais e apreendidos 1.926 artigos contrafeitos de marcas internacionais.<\/li>\n<li>Os itens apreendidos inclu\u00edam vestu\u00e1rio, acess\u00f3rios e outros bens de consumo expostos para venda.<\/li>\n<li>Quatro indiv\u00edduos foram constitu\u00eddos arguidos e os factos foram comunicados ao Tribunal Judicial de Pombal.<\/li>\n<li>A GNR sublinha que a a\u00e7\u00e3o visa proteger direitos de propriedade industrial, combater a contrafa\u00e7\u00e3o e proteger os consumidores, alertando para riscos \u00e0 seguran\u00e7a e para o financiamento de redes criminosas.<\/li>\n<\/ul>\n","protected":false},"author":2,"featured_media":140742,"comment_status":"closed","ping_status":"closed","sticky":false,"template":"","format":"standard","meta":{"footnotes":""},"categories":[1],"tags":[521,147,352,2075,240,239],"class_list":["post-140727","post","type-post","status-publish","format-standard","has-post-thumbnail","hentry","category-noticias","tag-contrafacao","tag-crime","tag-organizacao-criminosa","tag-pombal","tag-propriedade-intelectual","tag-vestuario"],"yoast_head":"<!-- This site is optimized with the Yoast SEO plugin v27.2 - https:\/\/yoast.com\/product\/yoast-seo-wordpress\/ -->\n<title>Quatro detidos por contrafa\u00e7\u00e3o de quase 2.000 artigos em Pombal - Portal Tela Portugal<\/title>\n<meta name=\"robots\" content=\"index, follow, max-snippet:-1, max-image-preview:large, max-video-preview:-1\" \/>\n<meta property=\"og:locale\" content=\"pt_PT\" \/>\n<meta property=\"og:type\" content=\"article\" \/>\n<meta property=\"og:title\" content=\"Quatro detidos por contrafa\u00e7\u00e3o de quase 2.000 artigos em Pombal - Portal Tela Portugal\" \/>\n<meta property=\"og:description\" content=\"A Guarda Nacional Republicana (GNR), atrav\u00e9s do Destacamento Territorial de Pombal, realizou uma opera\u00e7\u00e3o de fiscaliza\u00e7\u00e3o centrada na prote\u00e7\u00e3o dos direitos de propriedade industrial. Foram fiscalizados dois estabelecimentos comerciais e apreendidos 1.926 artigos contrafeitos de marcas internacionais. Os itens apreendidos inclu\u00edam vestu\u00e1rio, acess\u00f3rios e outros bens de consumo expostos para venda. Quatro indiv\u00edduos foram constitu\u00eddos arguidos e os factos foram comunicados ao Tribunal Judicial de Pombal. A GNR sublinha que a a\u00e7\u00e3o visa proteger direitos de propriedade industrial, combater a contrafa\u00e7\u00e3o e proteger os consumidores, alertando para riscos \u00e0 seguran\u00e7a e para o financiamento de redes criminosas.\" \/>\n<meta property=\"og:url\" content=\"https:\/\/portaltela.pt\/noticias\/2026\/01\/14\/quatro-detidos-por-contrafacao-de-quase-2-000-artigos-em-pombal\/\" \/>\n<meta property=\"og:site_name\" content=\"Portal Tela Portugal\" \/>\n<meta property=\"article:published_time\" content=\"2026-01-14T09:14:00+00:00\" \/>\n<meta name=\"author\" content=\"Telinha\" \/>\n<meta name=\"twitter:card\" content=\"summary_large_image\" \/>\n<meta name=\"twitter:label1\" content=\"Escrito por\" \/>\n\t<meta name=\"twitter:data1\" content=\"Telinha\" \/>\n\t<meta name=\"twitter:label2\" content=\"Tempo estimado de leitura\" \/>\n\t<meta name=\"twitter:data2\" content=\"1 minuto\" \/>\n<script type=\"application\/ld+json\" class=\"yoast-schema-graph\">{\"@context\":\"https:\/\/schema.org\",\"@graph\":[{\"@type\":\"Article\",\"@id\":\"https:\/\/portaltela.pt\/noticias\/2026\/01\/14\/quatro-detidos-por-contrafacao-de-quase-2-000-artigos-em-pombal\/#article\",\"isPartOf\":{\"@id\":\"https:\/\/portaltela.pt\/noticias\/2026\/01\/14\/quatro-detidos-por-contrafacao-de-quase-2-000-artigos-em-pombal\/\"},\"author\":{\"name\":\"Telinha\",\"@id\":\"https:\/\/portaltela.pt\/#\/schema\/person\/c4278d4a6028830caff9ee44b42d32ed\"},\"headline\":\"Quatro detidos por contrafa\u00e7\u00e3o de quase 2.000 artigos em Pombal\",\"datePublished\":\"2026-01-14T09:14:00+00:00\",\"mainEntityOfPage\":{\"@id\":\"https:\/\/portaltela.pt\/noticias\/2026\/01\/14\/quatro-detidos-por-contrafacao-de-quase-2-000-artigos-em-pombal\/\"},\"wordCount\":138,\"image\":{\"@id\":\"https:\/\/portaltela.pt\/noticias\/2026\/01\/14\/quatro-detidos-por-contrafacao-de-quase-2-000-artigos-em-pombal\/#primaryimage\"},\"thumbnailUrl\":\"https:\/\/portaltela.pt\/s.01k8rhncp4jt1\/2026\/01\/unnamed-file-2893.jpg\",\"keywords\":[\"contrafa\u00e7\u00e3o\",\"crime\",\"organiza\u00e7\u00e3o criminosa\",\"Pombal\",\"propriedade intelectual\",\"vestu\u00e1rio\"],\"articleSection\":[\"Not\u00edcias\"],\"inLanguage\":\"pt-PT\"},{\"@type\":\"WebPage\",\"@id\":\"https:\/\/portaltela.pt\/noticias\/2026\/01\/14\/quatro-detidos-por-contrafacao-de-quase-2-000-artigos-em-pombal\/\",\"url\":\"https:\/\/portaltela.pt\/noticias\/2026\/01\/14\/quatro-detidos-por-contrafacao-de-quase-2-000-artigos-em-pombal\/\",\"name\":\"Quatro detidos por contrafa\u00e7\u00e3o de quase 2.000 artigos em Pombal - Portal Tela Portugal\",\"isPartOf\":{\"@id\":\"https:\/\/portaltela.pt\/#website\"},\"primaryImageOfPage\":{\"@id\":\"https:\/\/portaltela.pt\/noticias\/2026\/01\/14\/quatro-detidos-por-contrafacao-de-quase-2-000-artigos-em-pombal\/#primaryimage\"},\"image\":{\"@id\":\"https:\/\/portaltela.pt\/noticias\/2026\/01\/14\/quatro-detidos-por-contrafacao-de-quase-2-000-artigos-em-pombal\/#primaryimage\"},\"thumbnailUrl\":\"https:\/\/portaltela.pt\/s.01k8rhncp4jt1\/2026\/01\/unnamed-file-2893.jpg\",\"datePublished\":\"2026-01-14T09:14:00+00:00\",\"author\":{\"@id\":\"https:\/\/portaltela.pt\/#\/schema\/person\/c4278d4a6028830caff9ee44b42d32ed\"},\"breadcrumb\":{\"@id\":\"https:\/\/portaltela.pt\/noticias\/2026\/01\/14\/quatro-detidos-por-contrafacao-de-quase-2-000-artigos-em-pombal\/#breadcrumb\"},\"inLanguage\":\"pt-PT\",\"potentialAction\":[{\"@type\":\"ReadAction\",\"target\":[\"https:\/\/portaltela.pt\/noticias\/2026\/01\/14\/quatro-detidos-por-contrafacao-de-quase-2-000-artigos-em-pombal\/\"]}]},{\"@type\":\"ImageObject\",\"inLanguage\":\"pt-PT\",\"@id\":\"https:\/\/portaltela.pt\/noticias\/2026\/01\/14\/quatro-detidos-por-contrafacao-de-quase-2-000-artigos-em-pombal\/#primaryimage\",\"url\":\"https:\/\/portaltela.pt\/s.01k8rhncp4jt1\/2026\/01\/unnamed-file-2893.jpg\",\"contentUrl\":\"https:\/\/portaltela.pt\/s.01k8rhncp4jt1\/2026\/01\/unnamed-file-2893.jpg\",\"width\":796,\"height\":448,\"caption\":\"Quatro detidos por contrafa\u00e7\u00e3o com quase 2 000 artigos em Pombal\"},{\"@type\":\"BreadcrumbList\",\"@id\":\"https:\/\/portaltela.pt\/noticias\/2026\/01\/14\/quatro-detidos-por-contrafacao-de-quase-2-000-artigos-em-pombal\/#breadcrumb\",\"itemListElement\":[{\"@type\":\"ListItem\",\"position\":1,\"name\":\"In\u00edcio\",\"item\":\"https:\/\/portaltela.pt\/\"},{\"@type\":\"ListItem\",\"position\":2,\"name\":\"Quatro detidos por contrafa\u00e7\u00e3o de quase 2.000 artigos em Pombal\"}]},{\"@type\":\"WebSite\",\"@id\":\"https:\/\/portaltela.pt\/#website\",\"url\":\"https:\/\/portaltela.pt\/\",\"name\":\"Portal Tela Portugal\",\"description\":\"\",\"potentialAction\":[{\"@type\":\"SearchAction\",\"target\":{\"@type\":\"EntryPoint\",\"urlTemplate\":\"https:\/\/portaltela.pt\/?s={search_term_string}\"},\"query-input\":{\"@type\":\"PropertyValueSpecification\",\"valueRequired\":true,\"valueName\":\"search_term_string\"}}],\"inLanguage\":\"pt-PT\"},{\"@type\":\"Person\",\"@id\":\"https:\/\/portaltela.pt\/#\/schema\/person\/c4278d4a6028830caff9ee44b42d32ed\",\"name\":\"Telinha\",\"image\":{\"@type\":\"ImageObject\",\"inLanguage\":\"pt-PT\",\"@id\":\"https:\/\/portaltela.pt\/s.01k8rhncp4jt1\/2025\/11\/talking-bot-125x125.png\",\"url\":\"https:\/\/portaltela.pt\/s.01k8rhncp4jt1\/2025\/11\/talking-bot-125x125.png\",\"contentUrl\":\"https:\/\/portaltela.pt\/s.01k8rhncp4jt1\/2025\/11\/talking-bot-125x125.png\",\"caption\":\"Telinha\"},\"sameAs\":[\"https:\/\/portaltela.pt\/\"],\"url\":\"https:\/\/portaltela.pt\/por\/367410592786\/\"}]}<\/script>\n<!-- \/ Yoast SEO plugin. -->","yoast_head_json":{"title":"Quatro detidos por contrafa\u00e7\u00e3o de quase 2.000 artigos em Pombal - Portal Tela Portugal","robots":{"index":"index","follow":"follow","max-snippet":"max-snippet:-1","max-image-preview":"max-image-preview:large","max-video-preview":"max-video-preview:-1"},"og_locale":"pt_PT","og_type":"article","og_title":"Quatro detidos por contrafa\u00e7\u00e3o de quase 2.000 artigos em Pombal - Portal Tela Portugal","og_description":"A Guarda Nacional Republicana (GNR), atrav\u00e9s do Destacamento Territorial de Pombal, realizou uma opera\u00e7\u00e3o de fiscaliza\u00e7\u00e3o centrada na prote\u00e7\u00e3o dos direitos de propriedade industrial. Foram fiscalizados dois estabelecimentos comerciais e apreendidos 1.926 artigos contrafeitos de marcas internacionais. Os itens apreendidos inclu\u00edam vestu\u00e1rio, acess\u00f3rios e outros bens de consumo expostos para venda. Quatro indiv\u00edduos foram constitu\u00eddos arguidos e os factos foram comunicados ao Tribunal Judicial de Pombal. A GNR sublinha que a a\u00e7\u00e3o visa proteger direitos de propriedade industrial, combater a contrafa\u00e7\u00e3o e proteger os consumidores, alertando para riscos \u00e0 seguran\u00e7a e para o financiamento de redes criminosas.","og_url":"https:\/\/portaltela.pt\/noticias\/2026\/01\/14\/quatro-detidos-por-contrafacao-de-quase-2-000-artigos-em-pombal\/","og_site_name":"Portal Tela Portugal","article_published_time":"2026-01-14T09:14:00+00:00","author":"Telinha","twitter_card":"summary_large_image","twitter_misc":{"Escrito por":"Telinha","Tempo estimado de leitura":"1 minuto"},"schema":{"@context":"https:\/\/schema.org","@graph":[{"@type":"Article","@id":"https:\/\/portaltela.pt\/noticias\/2026\/01\/14\/quatro-detidos-por-contrafacao-de-quase-2-000-artigos-em-pombal\/#article","isPartOf":{"@id":"https:\/\/portaltela.pt\/noticias\/2026\/01\/14\/quatro-detidos-por-contrafacao-de-quase-2-000-artigos-em-pombal\/"},"author":{"name":"Telinha","@id":"https:\/\/portaltela.pt\/#\/schema\/person\/c4278d4a6028830caff9ee44b42d32ed"},"headline":"Quatro detidos por contrafa\u00e7\u00e3o de quase 2.000 artigos em Pombal","datePublished":"2026-01-14T09:14:00+00:00","mainEntityOfPage":{"@id":"https:\/\/portaltela.pt\/noticias\/2026\/01\/14\/quatro-detidos-por-contrafacao-de-quase-2-000-artigos-em-pombal\/"},"wordCount":138,"image":{"@id":"https:\/\/portaltela.pt\/noticias\/2026\/01\/14\/quatro-detidos-por-contrafacao-de-quase-2-000-artigos-em-pombal\/#primaryimage"},"thumbnailUrl":"https:\/\/portaltela.pt\/s.01k8rhncp4jt1\/2026\/01\/unnamed-file-2893.jpg","keywords":["contrafa\u00e7\u00e3o","crime","organiza\u00e7\u00e3o criminosa","Pombal","propriedade intelectual","vestu\u00e1rio"],"articleSection":["Not\u00edcias"],"inLanguage":"pt-PT"},{"@type":"WebPage","@id":"https:\/\/portaltela.pt\/noticias\/2026\/01\/14\/quatro-detidos-por-contrafacao-de-quase-2-000-artigos-em-pombal\/","url":"https:\/\/portaltela.pt\/noticias\/2026\/01\/14\/quatro-detidos-por-contrafacao-de-quase-2-000-artigos-em-pombal\/","name":"Quatro detidos por contrafa\u00e7\u00e3o de quase 2.000 artigos em Pombal - Portal Tela Portugal","isPartOf":{"@id":"https:\/\/portaltela.pt\/#website"},"primaryImageOfPage":{"@id":"https:\/\/portaltela.pt\/noticias\/2026\/01\/14\/quatro-detidos-por-contrafacao-de-quase-2-000-artigos-em-pombal\/#primaryimage"},"image":{"@id":"https:\/\/portaltela.pt\/noticias\/2026\/01\/14\/quatro-detidos-por-contrafacao-de-quase-2-000-artigos-em-pombal\/#primaryimage"},"thumbnailUrl":"https:\/\/portaltela.pt\/s.01k8rhncp4jt1\/2026\/01\/unnamed-file-2893.jpg","datePublished":"2026-01-14T09:14:00+00:00","author":{"@id":"https:\/\/portaltela.pt\/#\/schema\/person\/c4278d4a6028830caff9ee44b42d32ed"},"breadcrumb":{"@id":"https:\/\/portaltela.pt\/noticias\/2026\/01\/14\/quatro-detidos-por-contrafacao-de-quase-2-000-artigos-em-pombal\/#breadcrumb"},"inLanguage":"pt-PT","potentialAction":[{"@type":"ReadAction","target":["https:\/\/portaltela.pt\/noticias\/2026\/01\/14\/quatro-detidos-por-contrafacao-de-quase-2-000-artigos-em-pombal\/"]}]},{"@type":"ImageObject","inLanguage":"pt-PT","@id":"https:\/\/portaltela.pt\/noticias\/2026\/01\/14\/quatro-detidos-por-contrafacao-de-quase-2-000-artigos-em-pombal\/#primaryimage","url":"https:\/\/portaltela.pt\/s.01k8rhncp4jt1\/2026\/01\/unnamed-file-2893.jpg","contentUrl":"https:\/\/portaltela.pt\/s.01k8rhncp4jt1\/2026\/01\/unnamed-file-2893.jpg","width":796,"height":448,"caption":"Quatro detidos por contrafa\u00e7\u00e3o com quase 2 000 artigos em Pombal"},{"@type":"BreadcrumbList","@id":"https:\/\/portaltela.pt\/noticias\/2026\/01\/14\/quatro-detidos-por-contrafacao-de-quase-2-000-artigos-em-pombal\/#breadcrumb","itemListElement":[{"@type":"ListItem","position":1,"name":"In\u00edcio","item":"https:\/\/portaltela.pt\/"},{"@type":"ListItem","position":2,"name":"Quatro detidos por contrafa\u00e7\u00e3o de quase 2.000 artigos em Pombal"}]},{"@type":"WebSite","@id":"https:\/\/portaltela.pt\/#website","url":"https:\/\/portaltela.pt\/","name":"Portal Tela Portugal","description":"","potentialAction":[{"@type":"SearchAction","target":{"@type":"EntryPoint","urlTemplate":"https:\/\/portaltela.pt\/?s={search_term_string}"},"query-input":{"@type":"PropertyValueSpecification","valueRequired":true,"valueName":"search_term_string"}}],"inLanguage":"pt-PT"},{"@type":"Person","@id":"https:\/\/portaltela.pt\/#\/schema\/person\/c4278d4a6028830caff9ee44b42d32ed","name":"Telinha","image":{"@type":"ImageObject","inLanguage":"pt-PT","@id":"https:\/\/portaltela.pt\/s.01k8rhncp4jt1\/2025\/11\/talking-bot-125x125.png","url":"https:\/\/portaltela.pt\/s.01k8rhncp4jt1\/2025\/11\/talking-bot-125x125.png","contentUrl":"https:\/\/portaltela.pt\/s.01k8rhncp4jt1\/2025\/11\/talking-bot-125x125.png","caption":"Telinha"},"sameAs":["https:\/\/portaltela.pt\/"],"url":"https:\/\/portaltela.pt\/por\/367410592786\/"}]}},"_links":{"self":[{"href":"https:\/\/portaltela.pt\/api\/wp\/v2\/posts\/140727","targetHints":{"allow":["GET"]}}],"collection":[{"href":"https:\/\/portaltela.pt\/api\/wp\/v2\/posts"}],"about":[{"href":"https:\/\/portaltela.pt\/api\/wp\/v2\/types\/post"}],"author":[{"embeddable":true,"href":"https:\/\/portaltela.pt\/api\/wp\/v2\/users\/2"}],"replies":[{"embeddable":true,"href":"https:\/\/portaltela.pt\/api\/wp\/v2\/comments?post=140727"}],"version-history":[{"count":0,"href":"https:\/\/portaltela.pt\/api\/wp\/v2\/posts\/140727\/revisions"}],"wp:featuredmedia":[{"embeddable":true,"href":"https:\/\/portaltela.pt\/api\/wp\/v2\/media\/140742"}],"wp:attachment":[{"href":"https:\/\/portaltela.pt\/api\/wp\/v2\/media?parent=140727"}],"wp:term":[{"taxonomy":"category","embeddable":true,"href":"https:\/\/portaltela.pt\/api\/wp\/v2\/categories?post=140727"},{"taxonomy":"post_tag","embeddable":true,"href":"https:\/\/portaltela.pt\/api\/wp\/v2\/tags?post=140727"}],"curies":[{"name":"wp","href":"https:\/\/api.w.org\/{rel}","templated":true}]}}