{"id":140712,"date":"2026-01-14T06:29:01","date_gmt":"2026-01-14T09:29:01","guid":{"rendered":"https:\/\/portaltela.pt\/noticias\/2026\/01\/14\/cancelo-em-destaque-na-imprensa-espanhola-o-lateral-de-145-milhoes\/"},"modified":"2026-01-14T06:29:01","modified_gmt":"2026-01-14T09:29:01","slug":"cancelo-em-destaque-na-imprensa-espanhola-o-lateral-de-145-milhoes","status":"publish","type":"post","link":"https:\/\/portaltela.pt\/desporto\/futebol\/2026\/01\/14\/cancelo-em-destaque-na-imprensa-espanhola-o-lateral-de-145-milhoes\/","title":{"rendered":"Cancelo em destaque na imprensa espanhola, o lateral de 145 milh\u00f5es"},"content":{"rendered":"<p>O di\u00e1rio Mundo Deportivo destacou Jo\u00e3o Cancelo na sua edi\u00e7\u00e3o online, ap\u00f3s o regresso ao Barcelona por empr\u00e9stimo do Al-Hilal. O defesa internacional portugu\u00eas, de 31 anos, regressa a uma opera\u00e7\u00e3o j\u00e1 detalhada como o quinto empr\u00e9stimo da sua carreira. O neg\u00f3cio j\u00e1 est\u00e1 formalizado para a temporada 2024\/25.<\/p>\n<p>O tema recai tamb\u00e9m sobre o montante movimentado pelo jogador ao longo da carreira. Cancelo figura como o segundo defesa que mais dinheiro levantou em transfer\u00eancias, perto de 145 milh\u00f5es de euros. O recorde pertence a Matthjis de Ligt, com n\u00fameros pr\u00f3ximos dos 200 milh\u00f5es.<\/p>\n<p>Cancelo nasceu no Benfica Campus e saiu em 2014 para o Valencia, pelo qual o Benfica recebeu 15 milh\u00f5es. Seguiu-se um caminho longo que incluiu Inter Mil\u00e3o, Juventus, Manchester City, Bayern de Munique, Barcelona e agora Al-Hilal, at\u00e9 regressar aos espanh\u00f3is.<\/p>\n<h3>Trajeto<\/h3>\n<p>Na Serie A, esteve no Inter com op\u00e7\u00e3o de compra de 35 milh\u00f5es, mas n\u00e3o foi efetuada. Na Juventus, o clube pagou 40 milh\u00f5es pelo defesa. No Manchester City, partilhou espa\u00e7o com Danilo. Em 2022\/23 atuou pelo Bayern, e em 2023\/24 vestiu de novo a camisola do Barcelona.<\/p>\n<p>No Barcelona, Cancelo j\u00e1 tinha jogado com Jo\u00e3o F\u00e9lix ao lado. Em 2024\/25, o Al-Hilal investiu 25 milh\u00f5es de euros para o envolver de novo. Ontem, o regresso ao Barcelona confirmou-se por empr\u00e9stimo, marcando o quinto empr\u00e9stimo da carreira.<\/p>\n","protected":false},"excerpt":{"rendered":"<ul>\n<li>Mundo Deportivo destaca Jo\u00e3o Cancelo, o lateral portugu\u00eas de 31 anos que regressou ontem ao Barcelona por empr\u00e9stimo do Al-Hilal.<\/li>\n<li>Cancelo \u00e9 o segundo defesa que mais dinheiro j\u00e1 movimentou em transfer\u00eancias, cerca de 145 milh\u00f5es de euros, atr\u00e1s de Matthijs de Ligt (cerca de 200 milh\u00f5es).<\/li>\n<li>O percurso do jogador come\u00e7ou no Benfica, passou pelo Valencia, Inter Mil\u00e3o, Juventus e Manchester City, com v\u00e1rias opera\u00e7\u00f5es de empr\u00e9stimo e compra.<\/li>\n<li>Entre 2022\/23 e 2024\/25 esteve por empr\u00e9stimo no Bayern de Munique e assinou pelo Barcelona em 2023\/24, antes de rumar ao Al-Hilal.<\/li>\n<li>Este \u00e9 o quinto empr\u00e9stimo da carreira do internacional portugu\u00eas.<\/li>\n<\/ul>\n","protected":false},"author":2,"featured_media":140718,"comment_status":"closed","ping_status":"closed","sticky":false,"template":"","format":"standard","meta":{"footnotes":""},"categories":[21,24],"tags":[2587,1720,2119,2350,1980,2050],"class_list":["post-140712","post","type-post","status-publish","format-standard","has-post-thumbnail","hentry","category-desporto","category-futebol","tag-barcelona","tag-bayern-munique","tag-inter-de-milao","tag-joao-cancelo","tag-manchester-city","tag-transferencias"],"yoast_head":"<!-- This site is optimized with the Yoast SEO plugin v27.2 - https:\/\/yoast.com\/product\/yoast-seo-wordpress\/ -->\n<title>Cancelo em destaque na imprensa espanhola, o lateral de 145 milh\u00f5es - Portal Tela Portugal<\/title>\n<meta name=\"robots\" content=\"index, follow, max-snippet:-1, max-image-preview:large, max-video-preview:-1\" \/>\n<meta property=\"og:locale\" content=\"pt_PT\" \/>\n<meta property=\"og:type\" content=\"article\" \/>\n<meta property=\"og:title\" content=\"Cancelo em destaque na imprensa espanhola, o lateral de 145 milh\u00f5es - Portal Tela Portugal\" \/>\n<meta property=\"og:description\" content=\"Mundo Deportivo destaca Jo\u00e3o Cancelo, o lateral portugu\u00eas de 31 anos que regressou ontem ao Barcelona por empr\u00e9stimo do Al-Hilal. Cancelo \u00e9 o segundo defesa que mais dinheiro j\u00e1 movimentou em transfer\u00eancias, cerca de 145 milh\u00f5es de euros, atr\u00e1s de Matthijs de Ligt (cerca de 200 milh\u00f5es). O percurso do jogador come\u00e7ou no Benfica, passou pelo Valencia, Inter Mil\u00e3o, Juventus e Manchester City, com v\u00e1rias opera\u00e7\u00f5es de empr\u00e9stimo e compra. Entre 2022\/23 e 2024\/25 esteve por empr\u00e9stimo no Bayern de Munique e assinou pelo Barcelona em 2023\/24, antes de rumar ao Al-Hilal. Este \u00e9 o quinto empr\u00e9stimo da carreira do internacional portugu\u00eas.\" \/>\n<meta property=\"og:url\" content=\"https:\/\/portaltela.pt\/noticias\/2026\/01\/14\/cancelo-em-destaque-na-imprensa-espanhola-o-lateral-de-145-milhoes\/\" \/>\n<meta property=\"og:site_name\" content=\"Portal Tela Portugal\" \/>\n<meta property=\"article:published_time\" content=\"2026-01-14T09:29:01+00:00\" \/>\n<meta name=\"author\" content=\"Telinha\" \/>\n<meta name=\"twitter:card\" content=\"summary_large_image\" \/>\n<meta name=\"twitter:label1\" content=\"Escrito por\" \/>\n\t<meta name=\"twitter:data1\" content=\"Telinha\" \/>\n\t<meta name=\"twitter:label2\" content=\"Tempo estimado de leitura\" \/>\n\t<meta name=\"twitter:data2\" content=\"1 minuto\" \/>\n<script type=\"application\/ld+json\" class=\"yoast-schema-graph\">{\"@context\":\"https:\/\/schema.org\",\"@graph\":[{\"@type\":\"Article\",\"@id\":\"https:\/\/portaltela.pt\/noticias\/2026\/01\/14\/cancelo-em-destaque-na-imprensa-espanhola-o-lateral-de-145-milhoes\/#article\",\"isPartOf\":{\"@id\":\"https:\/\/portaltela.pt\/noticias\/2026\/01\/14\/cancelo-em-destaque-na-imprensa-espanhola-o-lateral-de-145-milhoes\/\"},\"author\":{\"name\":\"Telinha\",\"@id\":\"https:\/\/portaltela.pt\/#\/schema\/person\/c4278d4a6028830caff9ee44b42d32ed\"},\"headline\":\"Cancelo em destaque na imprensa espanhola, o lateral de 145 milh\u00f5es\",\"datePublished\":\"2026-01-14T09:29:01+00:00\",\"mainEntityOfPage\":{\"@id\":\"https:\/\/portaltela.pt\/noticias\/2026\/01\/14\/cancelo-em-destaque-na-imprensa-espanhola-o-lateral-de-145-milhoes\/\"},\"wordCount\":250,\"image\":{\"@id\":\"https:\/\/portaltela.pt\/noticias\/2026\/01\/14\/cancelo-em-destaque-na-imprensa-espanhola-o-lateral-de-145-milhoes\/#primaryimage\"},\"thumbnailUrl\":\"https:\/\/portaltela.pt\/s.01k8rhncp4jt1\/2026\/01\/img_920x518uu2026-01-13-21-58-13-2414586-4.jpg\",\"keywords\":[\"Barcelona\",\"Bayern Munique\",\"Inter de Mil\u00e3o\",\"Jo\u00e3o Cancelo\",\"Manchester City\",\"transfer\u00eancias\"],\"articleSection\":[\"Desporto\",\"Futebol\"],\"inLanguage\":\"pt-PT\"},{\"@type\":\"WebPage\",\"@id\":\"https:\/\/portaltela.pt\/noticias\/2026\/01\/14\/cancelo-em-destaque-na-imprensa-espanhola-o-lateral-de-145-milhoes\/\",\"url\":\"https:\/\/portaltela.pt\/noticias\/2026\/01\/14\/cancelo-em-destaque-na-imprensa-espanhola-o-lateral-de-145-milhoes\/\",\"name\":\"Cancelo em destaque na imprensa espanhola, o lateral de 145 milh\u00f5es - Portal Tela Portugal\",\"isPartOf\":{\"@id\":\"https:\/\/portaltela.pt\/#website\"},\"primaryImageOfPage\":{\"@id\":\"https:\/\/portaltela.pt\/noticias\/2026\/01\/14\/cancelo-em-destaque-na-imprensa-espanhola-o-lateral-de-145-milhoes\/#primaryimage\"},\"image\":{\"@id\":\"https:\/\/portaltela.pt\/noticias\/2026\/01\/14\/cancelo-em-destaque-na-imprensa-espanhola-o-lateral-de-145-milhoes\/#primaryimage\"},\"thumbnailUrl\":\"https:\/\/portaltela.pt\/s.01k8rhncp4jt1\/2026\/01\/img_920x518uu2026-01-13-21-58-13-2414586-4.jpg\",\"datePublished\":\"2026-01-14T09:29:01+00:00\",\"author\":{\"@id\":\"https:\/\/portaltela.pt\/#\/schema\/person\/c4278d4a6028830caff9ee44b42d32ed\"},\"breadcrumb\":{\"@id\":\"https:\/\/portaltela.pt\/noticias\/2026\/01\/14\/cancelo-em-destaque-na-imprensa-espanhola-o-lateral-de-145-milhoes\/#breadcrumb\"},\"inLanguage\":\"pt-PT\",\"potentialAction\":[{\"@type\":\"ReadAction\",\"target\":[\"https:\/\/portaltela.pt\/noticias\/2026\/01\/14\/cancelo-em-destaque-na-imprensa-espanhola-o-lateral-de-145-milhoes\/\"]}]},{\"@type\":\"ImageObject\",\"inLanguage\":\"pt-PT\",\"@id\":\"https:\/\/portaltela.pt\/noticias\/2026\/01\/14\/cancelo-em-destaque-na-imprensa-espanhola-o-lateral-de-145-milhoes\/#primaryimage\",\"url\":\"https:\/\/portaltela.pt\/s.01k8rhncp4jt1\/2026\/01\/img_920x518uu2026-01-13-21-58-13-2414586-4.jpg\",\"contentUrl\":\"https:\/\/portaltela.pt\/s.01k8rhncp4jt1\/2026\/01\/img_920x518uu2026-01-13-21-58-13-2414586-4.jpg\",\"width\":796,\"height\":448,\"caption\":\"Jo\u00e3o Cancelo apresentado no Barcelona\"},{\"@type\":\"BreadcrumbList\",\"@id\":\"https:\/\/portaltela.pt\/noticias\/2026\/01\/14\/cancelo-em-destaque-na-imprensa-espanhola-o-lateral-de-145-milhoes\/#breadcrumb\",\"itemListElement\":[{\"@type\":\"ListItem\",\"position\":1,\"name\":\"In\u00edcio\",\"item\":\"https:\/\/portaltela.pt\/\"},{\"@type\":\"ListItem\",\"position\":2,\"name\":\"Cancelo em destaque na imprensa espanhola, o lateral de 145 milh\u00f5es\"}]},{\"@type\":\"WebSite\",\"@id\":\"https:\/\/portaltela.pt\/#website\",\"url\":\"https:\/\/portaltela.pt\/\",\"name\":\"Portal Tela Portugal\",\"description\":\"\",\"potentialAction\":[{\"@type\":\"SearchAction\",\"target\":{\"@type\":\"EntryPoint\",\"urlTemplate\":\"https:\/\/portaltela.pt\/?s={search_term_string}\"},\"query-input\":{\"@type\":\"PropertyValueSpecification\",\"valueRequired\":true,\"valueName\":\"search_term_string\"}}],\"inLanguage\":\"pt-PT\"},{\"@type\":\"Person\",\"@id\":\"https:\/\/portaltela.pt\/#\/schema\/person\/c4278d4a6028830caff9ee44b42d32ed\",\"name\":\"Telinha\",\"image\":{\"@type\":\"ImageObject\",\"inLanguage\":\"pt-PT\",\"@id\":\"https:\/\/portaltela.pt\/s.01k8rhncp4jt1\/2025\/11\/talking-bot-125x125.png\",\"url\":\"https:\/\/portaltela.pt\/s.01k8rhncp4jt1\/2025\/11\/talking-bot-125x125.png\",\"contentUrl\":\"https:\/\/portaltela.pt\/s.01k8rhncp4jt1\/2025\/11\/talking-bot-125x125.png\",\"caption\":\"Telinha\"},\"sameAs\":[\"https:\/\/portaltela.pt\/\"],\"url\":\"https:\/\/portaltela.pt\/por\/367410592786\/\"}]}<\/script>\n<!-- \/ Yoast SEO plugin. -->","yoast_head_json":{"title":"Cancelo em destaque na imprensa espanhola, o lateral de 145 milh\u00f5es - Portal Tela Portugal","robots":{"index":"index","follow":"follow","max-snippet":"max-snippet:-1","max-image-preview":"max-image-preview:large","max-video-preview":"max-video-preview:-1"},"og_locale":"pt_PT","og_type":"article","og_title":"Cancelo em destaque na imprensa espanhola, o lateral de 145 milh\u00f5es - Portal Tela Portugal","og_description":"Mundo Deportivo destaca Jo\u00e3o Cancelo, o lateral portugu\u00eas de 31 anos que regressou ontem ao Barcelona por empr\u00e9stimo do Al-Hilal. Cancelo \u00e9 o segundo defesa que mais dinheiro j\u00e1 movimentou em transfer\u00eancias, cerca de 145 milh\u00f5es de euros, atr\u00e1s de Matthijs de Ligt (cerca de 200 milh\u00f5es). O percurso do jogador come\u00e7ou no Benfica, passou pelo Valencia, Inter Mil\u00e3o, Juventus e Manchester City, com v\u00e1rias opera\u00e7\u00f5es de empr\u00e9stimo e compra. Entre 2022\/23 e 2024\/25 esteve por empr\u00e9stimo no Bayern de Munique e assinou pelo Barcelona em 2023\/24, antes de rumar ao Al-Hilal. Este \u00e9 o quinto empr\u00e9stimo da carreira do internacional portugu\u00eas.","og_url":"https:\/\/portaltela.pt\/noticias\/2026\/01\/14\/cancelo-em-destaque-na-imprensa-espanhola-o-lateral-de-145-milhoes\/","og_site_name":"Portal Tela Portugal","article_published_time":"2026-01-14T09:29:01+00:00","author":"Telinha","twitter_card":"summary_large_image","twitter_misc":{"Escrito por":"Telinha","Tempo estimado de leitura":"1 minuto"},"schema":{"@context":"https:\/\/schema.org","@graph":[{"@type":"Article","@id":"https:\/\/portaltela.pt\/noticias\/2026\/01\/14\/cancelo-em-destaque-na-imprensa-espanhola-o-lateral-de-145-milhoes\/#article","isPartOf":{"@id":"https:\/\/portaltela.pt\/noticias\/2026\/01\/14\/cancelo-em-destaque-na-imprensa-espanhola-o-lateral-de-145-milhoes\/"},"author":{"name":"Telinha","@id":"https:\/\/portaltela.pt\/#\/schema\/person\/c4278d4a6028830caff9ee44b42d32ed"},"headline":"Cancelo em destaque na imprensa espanhola, o lateral de 145 milh\u00f5es","datePublished":"2026-01-14T09:29:01+00:00","mainEntityOfPage":{"@id":"https:\/\/portaltela.pt\/noticias\/2026\/01\/14\/cancelo-em-destaque-na-imprensa-espanhola-o-lateral-de-145-milhoes\/"},"wordCount":250,"image":{"@id":"https:\/\/portaltela.pt\/noticias\/2026\/01\/14\/cancelo-em-destaque-na-imprensa-espanhola-o-lateral-de-145-milhoes\/#primaryimage"},"thumbnailUrl":"https:\/\/portaltela.pt\/s.01k8rhncp4jt1\/2026\/01\/img_920x518uu2026-01-13-21-58-13-2414586-4.jpg","keywords":["Barcelona","Bayern Munique","Inter de Mil\u00e3o","Jo\u00e3o Cancelo","Manchester City","transfer\u00eancias"],"articleSection":["Desporto","Futebol"],"inLanguage":"pt-PT"},{"@type":"WebPage","@id":"https:\/\/portaltela.pt\/noticias\/2026\/01\/14\/cancelo-em-destaque-na-imprensa-espanhola-o-lateral-de-145-milhoes\/","url":"https:\/\/portaltela.pt\/noticias\/2026\/01\/14\/cancelo-em-destaque-na-imprensa-espanhola-o-lateral-de-145-milhoes\/","name":"Cancelo em destaque na imprensa espanhola, o lateral de 145 milh\u00f5es - Portal Tela Portugal","isPartOf":{"@id":"https:\/\/portaltela.pt\/#website"},"primaryImageOfPage":{"@id":"https:\/\/portaltela.pt\/noticias\/2026\/01\/14\/cancelo-em-destaque-na-imprensa-espanhola-o-lateral-de-145-milhoes\/#primaryimage"},"image":{"@id":"https:\/\/portaltela.pt\/noticias\/2026\/01\/14\/cancelo-em-destaque-na-imprensa-espanhola-o-lateral-de-145-milhoes\/#primaryimage"},"thumbnailUrl":"https:\/\/portaltela.pt\/s.01k8rhncp4jt1\/2026\/01\/img_920x518uu2026-01-13-21-58-13-2414586-4.jpg","datePublished":"2026-01-14T09:29:01+00:00","author":{"@id":"https:\/\/portaltela.pt\/#\/schema\/person\/c4278d4a6028830caff9ee44b42d32ed"},"breadcrumb":{"@id":"https:\/\/portaltela.pt\/noticias\/2026\/01\/14\/cancelo-em-destaque-na-imprensa-espanhola-o-lateral-de-145-milhoes\/#breadcrumb"},"inLanguage":"pt-PT","potentialAction":[{"@type":"ReadAction","target":["https:\/\/portaltela.pt\/noticias\/2026\/01\/14\/cancelo-em-destaque-na-imprensa-espanhola-o-lateral-de-145-milhoes\/"]}]},{"@type":"ImageObject","inLanguage":"pt-PT","@id":"https:\/\/portaltela.pt\/noticias\/2026\/01\/14\/cancelo-em-destaque-na-imprensa-espanhola-o-lateral-de-145-milhoes\/#primaryimage","url":"https:\/\/portaltela.pt\/s.01k8rhncp4jt1\/2026\/01\/img_920x518uu2026-01-13-21-58-13-2414586-4.jpg","contentUrl":"https:\/\/portaltela.pt\/s.01k8rhncp4jt1\/2026\/01\/img_920x518uu2026-01-13-21-58-13-2414586-4.jpg","width":796,"height":448,"caption":"Jo\u00e3o Cancelo apresentado no Barcelona"},{"@type":"BreadcrumbList","@id":"https:\/\/portaltela.pt\/noticias\/2026\/01\/14\/cancelo-em-destaque-na-imprensa-espanhola-o-lateral-de-145-milhoes\/#breadcrumb","itemListElement":[{"@type":"ListItem","position":1,"name":"In\u00edcio","item":"https:\/\/portaltela.pt\/"},{"@type":"ListItem","position":2,"name":"Cancelo em destaque na imprensa espanhola, o lateral de 145 milh\u00f5es"}]},{"@type":"WebSite","@id":"https:\/\/portaltela.pt\/#website","url":"https:\/\/portaltela.pt\/","name":"Portal Tela Portugal","description":"","potentialAction":[{"@type":"SearchAction","target":{"@type":"EntryPoint","urlTemplate":"https:\/\/portaltela.pt\/?s={search_term_string}"},"query-input":{"@type":"PropertyValueSpecification","valueRequired":true,"valueName":"search_term_string"}}],"inLanguage":"pt-PT"},{"@type":"Person","@id":"https:\/\/portaltela.pt\/#\/schema\/person\/c4278d4a6028830caff9ee44b42d32ed","name":"Telinha","image":{"@type":"ImageObject","inLanguage":"pt-PT","@id":"https:\/\/portaltela.pt\/s.01k8rhncp4jt1\/2025\/11\/talking-bot-125x125.png","url":"https:\/\/portaltela.pt\/s.01k8rhncp4jt1\/2025\/11\/talking-bot-125x125.png","contentUrl":"https:\/\/portaltela.pt\/s.01k8rhncp4jt1\/2025\/11\/talking-bot-125x125.png","caption":"Telinha"},"sameAs":["https:\/\/portaltela.pt\/"],"url":"https:\/\/portaltela.pt\/por\/367410592786\/"}]}},"_links":{"self":[{"href":"https:\/\/portaltela.pt\/api\/wp\/v2\/posts\/140712","targetHints":{"allow":["GET"]}}],"collection":[{"href":"https:\/\/portaltela.pt\/api\/wp\/v2\/posts"}],"about":[{"href":"https:\/\/portaltela.pt\/api\/wp\/v2\/types\/post"}],"author":[{"embeddable":true,"href":"https:\/\/portaltela.pt\/api\/wp\/v2\/users\/2"}],"replies":[{"embeddable":true,"href":"https:\/\/portaltela.pt\/api\/wp\/v2\/comments?post=140712"}],"version-history":[{"count":0,"href":"https:\/\/portaltela.pt\/api\/wp\/v2\/posts\/140712\/revisions"}],"wp:featuredmedia":[{"embeddable":true,"href":"https:\/\/portaltela.pt\/api\/wp\/v2\/media\/140718"}],"wp:attachment":[{"href":"https:\/\/portaltela.pt\/api\/wp\/v2\/media?parent=140712"}],"wp:term":[{"taxonomy":"category","embeddable":true,"href":"https:\/\/portaltela.pt\/api\/wp\/v2\/categories?post=140712"},{"taxonomy":"post_tag","embeddable":true,"href":"https:\/\/portaltela.pt\/api\/wp\/v2\/tags?post=140712"}],"curies":[{"name":"wp","href":"https:\/\/api.w.org\/{rel}","templated":true}]}}