{"id":140707,"date":"2026-01-14T05:55:00","date_gmt":"2026-01-14T08:55:00","guid":{"rendered":"https:\/\/portaltela.pt\/noticias\/2026\/01\/14\/uls-de-viseu-dao-lafoes-recebe-quatro-novas-farmaceuticas-residentes\/"},"modified":"2026-01-14T05:55:00","modified_gmt":"2026-01-14T08:55:00","slug":"uls-de-viseu-dao-lafoes-recebe-quatro-novas-farmaceuticas-residentes","status":"publish","type":"post","link":"https:\/\/portaltela.pt\/noticias\/2026\/01\/14\/uls-de-viseu-dao-lafoes-recebe-quatro-novas-farmaceuticas-residentes\/","title":{"rendered":"ULS de Viseu D\u00e3o-Laf\u00f5es recebe quatro novas farmac\u00eauticas residentes"},"content":{"rendered":"<p>A Unidade Local de Sa\u00fade de Viseu D\u00e3o-Laf\u00f5es (ULSVDL) acolhe quatro novas farmac\u00eauticas residentes na forma\u00e7\u00e3o especializada em Farm\u00e1cia Hospitalar. A integra\u00e7\u00e3o insere-se no modelo de Resid\u00eancia Farmac\u00eautica, j\u00e1 na quarta edi\u00e7\u00e3o de implementa\u00e7\u00e3o plena.<\/p>\n<p>Este modelo reconhece a especificidade cl\u00ednica da profiss\u00e3o e equipara o percurso de especializa\u00e7\u00e3o ao internato m\u00e9dico, assegurando forma\u00e7\u00e3o estruturada, exigente e orientada para a pr\u00e1tica cl\u00ednica.<\/p>\n<p>O Conselho de Administra\u00e7\u00e3o da ULSVDL e os Servi\u00e7os Farmac\u00eauticos destacam o valor estrat\u00e9gico desta rece\u00e7\u00e3o, refor\u00e7ando o compromisso com a forma\u00e7\u00e3o p\u00f3s-graduada de excel\u00eancia e com a melhoria dos cuidados de sa\u00fade. A resid\u00eancia oferece contacto direto com tecnologia aplicada \u00e0 gest\u00e3o do medicamento.<\/p>\n<p>Os farmac\u00eauticos especialistas em farm\u00e1cia hospitalar manifestam confian\u00e7a no contributo das novas residentes para a din\u00e2mica da unidade, num contexto de desafios crescentes da \u00e1rea. A ULSVDL pretende manter-se como polo de atrac\u00e7\u00e3o de jovens talentos na \u00e1rea da sa\u00fade.<\/p>\n<h3>Estrutura de forma\u00e7\u00e3o e impacto<\/h3>\n<p>Com a integra\u00e7\u00e3o, a ULSVDL refor\u00e7a a aposta no desenvolvimento de compet\u00eancias que impactam a qualidade e a seguran\u00e7a da assist\u00eancia prestada aos utentes da regi\u00e3o. A institui\u00e7\u00e3o vinca o papel de refer\u00eancia na forma\u00e7\u00e3o avan\u00e7ada em Farm\u00e1cia Hospitalar.<\/p>\n","protected":false},"excerpt":{"rendered":"<ul>\n<li>A Unidade Local de Sa\u00fade de Viseu D\u00e3o-Laf\u00f5es (ULSVDL) recebeu quatro novas farmac\u00eauticas residentes para forma\u00e7\u00e3o especializada em Farm\u00e1cia Hospitalar.<\/li>\n<li>A integra\u00e7\u00e3o insere-se no modelo de Resid\u00eancia Farmac\u00eautica, no quarto ano de implementa\u00e7\u00e3o plena, equiparando o percurso \u00e0 forma\u00e7\u00e3o de internato m\u00e9dico.<\/li>\n<li>O Conselho de Administra\u00e7\u00e3o e os Servi\u00e7os Farmac\u00eauticos destacam a import\u00e2ncia estrat\u00e9gica desta rece\u00e7\u00e3o, refor\u00e7ando o compromisso com a forma\u00e7\u00e3o p\u00f3s-graduada de excel\u00eancia.<\/li>\n<li>As residentes v\u00e3o beneficiar de um ambiente de aprendizagem com contacto direto com tecnologia aplicada \u00e0 gest\u00e3o do medicamento.<\/li>\n<li>A ULSVDL refor\u00e7a o seu papel como polo de atra\u00e7\u00e3o de jovens talentos na \u00e1rea da sa\u00fade, visando melhorias na qualidade e seguran\u00e7a da assist\u00eancia aos utentes da regi\u00e3o.<\/li>\n<\/ul>\n","protected":false},"author":2,"featured_media":140709,"comment_status":"closed","ping_status":"closed","sticky":false,"template":"","format":"standard","meta":{"footnotes":""},"categories":[1],"tags":[163,2553,1290,40,172,1171],"class_list":["post-140707","post","type-post","status-publish","format-standard","has-post-thumbnail","hentry","category-noticias","tag-educacao","tag-farmacia-hospitalar","tag-formacao","tag-pessoas","tag-saude","tag-viseu"],"yoast_head":"<!-- This site is optimized with the Yoast SEO plugin v27.2 - https:\/\/yoast.com\/product\/yoast-seo-wordpress\/ -->\n<title>ULS de Viseu D\u00e3o-Laf\u00f5es recebe quatro novas farmac\u00eauticas residentes - Portal Tela Portugal<\/title>\n<meta name=\"robots\" content=\"index, follow, max-snippet:-1, max-image-preview:large, max-video-preview:-1\" \/>\n<meta property=\"og:locale\" content=\"pt_PT\" \/>\n<meta property=\"og:type\" content=\"article\" \/>\n<meta property=\"og:title\" content=\"ULS de Viseu D\u00e3o-Laf\u00f5es recebe quatro novas farmac\u00eauticas residentes - Portal Tela Portugal\" \/>\n<meta property=\"og:description\" content=\"A Unidade Local de Sa\u00fade de Viseu D\u00e3o-Laf\u00f5es (ULSVDL) recebeu quatro novas farmac\u00eauticas residentes para forma\u00e7\u00e3o especializada em Farm\u00e1cia Hospitalar. A integra\u00e7\u00e3o insere-se no modelo de Resid\u00eancia Farmac\u00eautica, no quarto ano de implementa\u00e7\u00e3o plena, equiparando o percurso \u00e0 forma\u00e7\u00e3o de internato m\u00e9dico. O Conselho de Administra\u00e7\u00e3o e os Servi\u00e7os Farmac\u00eauticos destacam a import\u00e2ncia estrat\u00e9gica desta rece\u00e7\u00e3o, refor\u00e7ando o compromisso com a forma\u00e7\u00e3o p\u00f3s-graduada de excel\u00eancia. As residentes v\u00e3o beneficiar de um ambiente de aprendizagem com contacto direto com tecnologia aplicada \u00e0 gest\u00e3o do medicamento. A ULSVDL refor\u00e7a o seu papel como polo de atra\u00e7\u00e3o de jovens talentos na \u00e1rea da sa\u00fade, visando melhorias na qualidade e seguran\u00e7a da assist\u00eancia aos utentes da regi\u00e3o.\" \/>\n<meta property=\"og:url\" content=\"https:\/\/portaltela.pt\/noticias\/2026\/01\/14\/uls-de-viseu-dao-lafoes-recebe-quatro-novas-farmaceuticas-residentes\/\" \/>\n<meta property=\"og:site_name\" content=\"Portal Tela Portugal\" \/>\n<meta property=\"article:published_time\" content=\"2026-01-14T08:55:00+00:00\" \/>\n<meta name=\"author\" content=\"Telinha\" \/>\n<meta name=\"twitter:card\" content=\"summary_large_image\" \/>\n<meta name=\"twitter:label1\" content=\"Escrito por\" \/>\n\t<meta name=\"twitter:data1\" content=\"Telinha\" \/>\n\t<meta name=\"twitter:label2\" content=\"Tempo estimado de leitura\" \/>\n\t<meta name=\"twitter:data2\" content=\"1 minuto\" \/>\n<script type=\"application\/ld+json\" class=\"yoast-schema-graph\">{\"@context\":\"https:\/\/schema.org\",\"@graph\":[{\"@type\":\"Article\",\"@id\":\"https:\/\/portaltela.pt\/noticias\/2026\/01\/14\/uls-de-viseu-dao-lafoes-recebe-quatro-novas-farmaceuticas-residentes\/#article\",\"isPartOf\":{\"@id\":\"https:\/\/portaltela.pt\/noticias\/2026\/01\/14\/uls-de-viseu-dao-lafoes-recebe-quatro-novas-farmaceuticas-residentes\/\"},\"author\":{\"name\":\"Telinha\",\"@id\":\"https:\/\/portaltela.pt\/#\/schema\/person\/c4278d4a6028830caff9ee44b42d32ed\"},\"headline\":\"ULS de Viseu D\u00e3o-Laf\u00f5es recebe quatro novas farmac\u00eauticas residentes\",\"datePublished\":\"2026-01-14T08:55:00+00:00\",\"mainEntityOfPage\":{\"@id\":\"https:\/\/portaltela.pt\/noticias\/2026\/01\/14\/uls-de-viseu-dao-lafoes-recebe-quatro-novas-farmaceuticas-residentes\/\"},\"wordCount\":250,\"image\":{\"@id\":\"https:\/\/portaltela.pt\/noticias\/2026\/01\/14\/uls-de-viseu-dao-lafoes-recebe-quatro-novas-farmaceuticas-residentes\/#primaryimage\"},\"thumbnailUrl\":\"https:\/\/portaltela.pt\/s.01k8rhncp4jt1\/2026\/01\/farmacia-hospital-uls.jpg\",\"keywords\":[\"educa\u00e7\u00e3o\",\"Farm\u00e1cia Hospitalar\",\"forma\u00e7\u00e3o\",\"pessoas\",\"sa\u00fade\",\"Viseu\"],\"articleSection\":[\"Not\u00edcias\"],\"inLanguage\":\"pt-PT\"},{\"@type\":\"WebPage\",\"@id\":\"https:\/\/portaltela.pt\/noticias\/2026\/01\/14\/uls-de-viseu-dao-lafoes-recebe-quatro-novas-farmaceuticas-residentes\/\",\"url\":\"https:\/\/portaltela.pt\/noticias\/2026\/01\/14\/uls-de-viseu-dao-lafoes-recebe-quatro-novas-farmaceuticas-residentes\/\",\"name\":\"ULS de Viseu D\u00e3o-Laf\u00f5es recebe quatro novas farmac\u00eauticas residentes - Portal Tela Portugal\",\"isPartOf\":{\"@id\":\"https:\/\/portaltela.pt\/#website\"},\"primaryImageOfPage\":{\"@id\":\"https:\/\/portaltela.pt\/noticias\/2026\/01\/14\/uls-de-viseu-dao-lafoes-recebe-quatro-novas-farmaceuticas-residentes\/#primaryimage\"},\"image\":{\"@id\":\"https:\/\/portaltela.pt\/noticias\/2026\/01\/14\/uls-de-viseu-dao-lafoes-recebe-quatro-novas-farmaceuticas-residentes\/#primaryimage\"},\"thumbnailUrl\":\"https:\/\/portaltela.pt\/s.01k8rhncp4jt1\/2026\/01\/farmacia-hospital-uls.jpg\",\"datePublished\":\"2026-01-14T08:55:00+00:00\",\"author\":{\"@id\":\"https:\/\/portaltela.pt\/#\/schema\/person\/c4278d4a6028830caff9ee44b42d32ed\"},\"breadcrumb\":{\"@id\":\"https:\/\/portaltela.pt\/noticias\/2026\/01\/14\/uls-de-viseu-dao-lafoes-recebe-quatro-novas-farmaceuticas-residentes\/#breadcrumb\"},\"inLanguage\":\"pt-PT\",\"potentialAction\":[{\"@type\":\"ReadAction\",\"target\":[\"https:\/\/portaltela.pt\/noticias\/2026\/01\/14\/uls-de-viseu-dao-lafoes-recebe-quatro-novas-farmaceuticas-residentes\/\"]}]},{\"@type\":\"ImageObject\",\"inLanguage\":\"pt-PT\",\"@id\":\"https:\/\/portaltela.pt\/noticias\/2026\/01\/14\/uls-de-viseu-dao-lafoes-recebe-quatro-novas-farmaceuticas-residentes\/#primaryimage\",\"url\":\"https:\/\/portaltela.pt\/s.01k8rhncp4jt1\/2026\/01\/farmacia-hospital-uls.jpg\",\"contentUrl\":\"https:\/\/portaltela.pt\/s.01k8rhncp4jt1\/2026\/01\/farmacia-hospital-uls.jpg\",\"width\":796,\"height\":448,\"caption\":\"Viseu: ULS de Viseu D\u00e3o-Laf\u00f5es acolhe quatro novas farmac\u00eauticas residentes\"},{\"@type\":\"BreadcrumbList\",\"@id\":\"https:\/\/portaltela.pt\/noticias\/2026\/01\/14\/uls-de-viseu-dao-lafoes-recebe-quatro-novas-farmaceuticas-residentes\/#breadcrumb\",\"itemListElement\":[{\"@type\":\"ListItem\",\"position\":1,\"name\":\"In\u00edcio\",\"item\":\"https:\/\/portaltela.pt\/\"},{\"@type\":\"ListItem\",\"position\":2,\"name\":\"ULS de Viseu D\u00e3o-Laf\u00f5es recebe quatro novas farmac\u00eauticas residentes\"}]},{\"@type\":\"WebSite\",\"@id\":\"https:\/\/portaltela.pt\/#website\",\"url\":\"https:\/\/portaltela.pt\/\",\"name\":\"Portal Tela Portugal\",\"description\":\"\",\"potentialAction\":[{\"@type\":\"SearchAction\",\"target\":{\"@type\":\"EntryPoint\",\"urlTemplate\":\"https:\/\/portaltela.pt\/?s={search_term_string}\"},\"query-input\":{\"@type\":\"PropertyValueSpecification\",\"valueRequired\":true,\"valueName\":\"search_term_string\"}}],\"inLanguage\":\"pt-PT\"},{\"@type\":\"Person\",\"@id\":\"https:\/\/portaltela.pt\/#\/schema\/person\/c4278d4a6028830caff9ee44b42d32ed\",\"name\":\"Telinha\",\"image\":{\"@type\":\"ImageObject\",\"inLanguage\":\"pt-PT\",\"@id\":\"https:\/\/portaltela.pt\/s.01k8rhncp4jt1\/2025\/11\/talking-bot-125x125.png\",\"url\":\"https:\/\/portaltela.pt\/s.01k8rhncp4jt1\/2025\/11\/talking-bot-125x125.png\",\"contentUrl\":\"https:\/\/portaltela.pt\/s.01k8rhncp4jt1\/2025\/11\/talking-bot-125x125.png\",\"caption\":\"Telinha\"},\"sameAs\":[\"https:\/\/portaltela.pt\/\"],\"url\":\"https:\/\/portaltela.pt\/por\/367410592786\/\"}]}<\/script>\n<!-- \/ Yoast SEO plugin. -->","yoast_head_json":{"title":"ULS de Viseu D\u00e3o-Laf\u00f5es recebe quatro novas farmac\u00eauticas residentes - Portal Tela Portugal","robots":{"index":"index","follow":"follow","max-snippet":"max-snippet:-1","max-image-preview":"max-image-preview:large","max-video-preview":"max-video-preview:-1"},"og_locale":"pt_PT","og_type":"article","og_title":"ULS de Viseu D\u00e3o-Laf\u00f5es recebe quatro novas farmac\u00eauticas residentes - Portal Tela Portugal","og_description":"A Unidade Local de Sa\u00fade de Viseu D\u00e3o-Laf\u00f5es (ULSVDL) recebeu quatro novas farmac\u00eauticas residentes para forma\u00e7\u00e3o especializada em Farm\u00e1cia Hospitalar. A integra\u00e7\u00e3o insere-se no modelo de Resid\u00eancia Farmac\u00eautica, no quarto ano de implementa\u00e7\u00e3o plena, equiparando o percurso \u00e0 forma\u00e7\u00e3o de internato m\u00e9dico. O Conselho de Administra\u00e7\u00e3o e os Servi\u00e7os Farmac\u00eauticos destacam a import\u00e2ncia estrat\u00e9gica desta rece\u00e7\u00e3o, refor\u00e7ando o compromisso com a forma\u00e7\u00e3o p\u00f3s-graduada de excel\u00eancia. As residentes v\u00e3o beneficiar de um ambiente de aprendizagem com contacto direto com tecnologia aplicada \u00e0 gest\u00e3o do medicamento. A ULSVDL refor\u00e7a o seu papel como polo de atra\u00e7\u00e3o de jovens talentos na \u00e1rea da sa\u00fade, visando melhorias na qualidade e seguran\u00e7a da assist\u00eancia aos utentes da regi\u00e3o.","og_url":"https:\/\/portaltela.pt\/noticias\/2026\/01\/14\/uls-de-viseu-dao-lafoes-recebe-quatro-novas-farmaceuticas-residentes\/","og_site_name":"Portal Tela Portugal","article_published_time":"2026-01-14T08:55:00+00:00","author":"Telinha","twitter_card":"summary_large_image","twitter_misc":{"Escrito por":"Telinha","Tempo estimado de leitura":"1 minuto"},"schema":{"@context":"https:\/\/schema.org","@graph":[{"@type":"Article","@id":"https:\/\/portaltela.pt\/noticias\/2026\/01\/14\/uls-de-viseu-dao-lafoes-recebe-quatro-novas-farmaceuticas-residentes\/#article","isPartOf":{"@id":"https:\/\/portaltela.pt\/noticias\/2026\/01\/14\/uls-de-viseu-dao-lafoes-recebe-quatro-novas-farmaceuticas-residentes\/"},"author":{"name":"Telinha","@id":"https:\/\/portaltela.pt\/#\/schema\/person\/c4278d4a6028830caff9ee44b42d32ed"},"headline":"ULS de Viseu D\u00e3o-Laf\u00f5es recebe quatro novas farmac\u00eauticas residentes","datePublished":"2026-01-14T08:55:00+00:00","mainEntityOfPage":{"@id":"https:\/\/portaltela.pt\/noticias\/2026\/01\/14\/uls-de-viseu-dao-lafoes-recebe-quatro-novas-farmaceuticas-residentes\/"},"wordCount":250,"image":{"@id":"https:\/\/portaltela.pt\/noticias\/2026\/01\/14\/uls-de-viseu-dao-lafoes-recebe-quatro-novas-farmaceuticas-residentes\/#primaryimage"},"thumbnailUrl":"https:\/\/portaltela.pt\/s.01k8rhncp4jt1\/2026\/01\/farmacia-hospital-uls.jpg","keywords":["educa\u00e7\u00e3o","Farm\u00e1cia Hospitalar","forma\u00e7\u00e3o","pessoas","sa\u00fade","Viseu"],"articleSection":["Not\u00edcias"],"inLanguage":"pt-PT"},{"@type":"WebPage","@id":"https:\/\/portaltela.pt\/noticias\/2026\/01\/14\/uls-de-viseu-dao-lafoes-recebe-quatro-novas-farmaceuticas-residentes\/","url":"https:\/\/portaltela.pt\/noticias\/2026\/01\/14\/uls-de-viseu-dao-lafoes-recebe-quatro-novas-farmaceuticas-residentes\/","name":"ULS de Viseu D\u00e3o-Laf\u00f5es recebe quatro novas farmac\u00eauticas residentes - Portal Tela Portugal","isPartOf":{"@id":"https:\/\/portaltela.pt\/#website"},"primaryImageOfPage":{"@id":"https:\/\/portaltela.pt\/noticias\/2026\/01\/14\/uls-de-viseu-dao-lafoes-recebe-quatro-novas-farmaceuticas-residentes\/#primaryimage"},"image":{"@id":"https:\/\/portaltela.pt\/noticias\/2026\/01\/14\/uls-de-viseu-dao-lafoes-recebe-quatro-novas-farmaceuticas-residentes\/#primaryimage"},"thumbnailUrl":"https:\/\/portaltela.pt\/s.01k8rhncp4jt1\/2026\/01\/farmacia-hospital-uls.jpg","datePublished":"2026-01-14T08:55:00+00:00","author":{"@id":"https:\/\/portaltela.pt\/#\/schema\/person\/c4278d4a6028830caff9ee44b42d32ed"},"breadcrumb":{"@id":"https:\/\/portaltela.pt\/noticias\/2026\/01\/14\/uls-de-viseu-dao-lafoes-recebe-quatro-novas-farmaceuticas-residentes\/#breadcrumb"},"inLanguage":"pt-PT","potentialAction":[{"@type":"ReadAction","target":["https:\/\/portaltela.pt\/noticias\/2026\/01\/14\/uls-de-viseu-dao-lafoes-recebe-quatro-novas-farmaceuticas-residentes\/"]}]},{"@type":"ImageObject","inLanguage":"pt-PT","@id":"https:\/\/portaltela.pt\/noticias\/2026\/01\/14\/uls-de-viseu-dao-lafoes-recebe-quatro-novas-farmaceuticas-residentes\/#primaryimage","url":"https:\/\/portaltela.pt\/s.01k8rhncp4jt1\/2026\/01\/farmacia-hospital-uls.jpg","contentUrl":"https:\/\/portaltela.pt\/s.01k8rhncp4jt1\/2026\/01\/farmacia-hospital-uls.jpg","width":796,"height":448,"caption":"Viseu: ULS de Viseu D\u00e3o-Laf\u00f5es acolhe quatro novas farmac\u00eauticas residentes"},{"@type":"BreadcrumbList","@id":"https:\/\/portaltela.pt\/noticias\/2026\/01\/14\/uls-de-viseu-dao-lafoes-recebe-quatro-novas-farmaceuticas-residentes\/#breadcrumb","itemListElement":[{"@type":"ListItem","position":1,"name":"In\u00edcio","item":"https:\/\/portaltela.pt\/"},{"@type":"ListItem","position":2,"name":"ULS de Viseu D\u00e3o-Laf\u00f5es recebe quatro novas farmac\u00eauticas residentes"}]},{"@type":"WebSite","@id":"https:\/\/portaltela.pt\/#website","url":"https:\/\/portaltela.pt\/","name":"Portal Tela Portugal","description":"","potentialAction":[{"@type":"SearchAction","target":{"@type":"EntryPoint","urlTemplate":"https:\/\/portaltela.pt\/?s={search_term_string}"},"query-input":{"@type":"PropertyValueSpecification","valueRequired":true,"valueName":"search_term_string"}}],"inLanguage":"pt-PT"},{"@type":"Person","@id":"https:\/\/portaltela.pt\/#\/schema\/person\/c4278d4a6028830caff9ee44b42d32ed","name":"Telinha","image":{"@type":"ImageObject","inLanguage":"pt-PT","@id":"https:\/\/portaltela.pt\/s.01k8rhncp4jt1\/2025\/11\/talking-bot-125x125.png","url":"https:\/\/portaltela.pt\/s.01k8rhncp4jt1\/2025\/11\/talking-bot-125x125.png","contentUrl":"https:\/\/portaltela.pt\/s.01k8rhncp4jt1\/2025\/11\/talking-bot-125x125.png","caption":"Telinha"},"sameAs":["https:\/\/portaltela.pt\/"],"url":"https:\/\/portaltela.pt\/por\/367410592786\/"}]}},"_links":{"self":[{"href":"https:\/\/portaltela.pt\/api\/wp\/v2\/posts\/140707","targetHints":{"allow":["GET"]}}],"collection":[{"href":"https:\/\/portaltela.pt\/api\/wp\/v2\/posts"}],"about":[{"href":"https:\/\/portaltela.pt\/api\/wp\/v2\/types\/post"}],"author":[{"embeddable":true,"href":"https:\/\/portaltela.pt\/api\/wp\/v2\/users\/2"}],"replies":[{"embeddable":true,"href":"https:\/\/portaltela.pt\/api\/wp\/v2\/comments?post=140707"}],"version-history":[{"count":0,"href":"https:\/\/portaltela.pt\/api\/wp\/v2\/posts\/140707\/revisions"}],"wp:featuredmedia":[{"embeddable":true,"href":"https:\/\/portaltela.pt\/api\/wp\/v2\/media\/140709"}],"wp:attachment":[{"href":"https:\/\/portaltela.pt\/api\/wp\/v2\/media?parent=140707"}],"wp:term":[{"taxonomy":"category","embeddable":true,"href":"https:\/\/portaltela.pt\/api\/wp\/v2\/categories?post=140707"},{"taxonomy":"post_tag","embeddable":true,"href":"https:\/\/portaltela.pt\/api\/wp\/v2\/tags?post=140707"}],"curies":[{"name":"wp","href":"https:\/\/api.w.org\/{rel}","templated":true}]}}