{"id":140682,"date":"2026-01-14T06:04:00","date_gmt":"2026-01-14T09:04:00","guid":{"rendered":"https:\/\/portaltela.pt\/noticias\/2026\/01\/14\/vitor-pinto-analisa-opcoes-para-arbitro-do-classico-sugerindo-fabio-verissimo\/"},"modified":"2026-01-14T06:04:00","modified_gmt":"2026-01-14T09:04:00","slug":"vitor-pinto-analisa-opcoes-para-arbitro-do-classico-sugerindo-fabio-verissimo","status":"publish","type":"post","link":"https:\/\/portaltela.pt\/desporto\/futebol\/2026\/01\/14\/vitor-pinto-analisa-opcoes-para-arbitro-do-classico-sugerindo-fabio-verissimo\/","title":{"rendered":"V\u00edtor Pinto analisa op\u00e7\u00f5es para \u00e1rbitro do cl\u00e1ssico, sugerindo F\u00e1bio Ver\u00edssimo"},"content":{"rendered":"<p>O subdiretor de Record, V\u00edtor Pinto, analisa a escolha de F\u00e1bio Ver\u00edssimo para o cl\u00e1ssico FC Porto-Benfica desta quarta-feira. O tema foi destaque no programa Record na Hora, dispon\u00edvel no Now.<\/p>\n<p>Pinto sublinha que, entre seis op\u00e7\u00f5es dispon\u00edveis, \u00e9 preciso pontaria para selecionar Ver\u00edssimo para o encontro.<\/p>\n<p>A discuss\u00e3o, apresentada no contexto da AF Leiria, envolve o embate entre FC Porto e Benfica, com a decis\u00e3o do \u00e1rbitro a gerar debate entre profissionais e p\u00fablico.<\/p>\n<p>A an\u00e1lise busca explicar os crit\u00e9rios que sustentam a nomea\u00e7\u00e3o e como podem impactar a gest\u00e3o do jogo pela equipa de arbitragem.<\/p>\n","protected":false},"excerpt":{"rendered":"<ul>\n<li>V\u00edtor Pinto, subdiretor do Record, analisa a escolha de F\u00e1bio Ver\u00edssimo para o FC Porto-Benfica desta quarta-feira.<\/li>\n<li>O analista destaca que existem seis op\u00e7\u00f5es dispon\u00edveis para a decis\u00e3o de quem apita o cl\u00e1ssico.<\/li>\n<li>A an\u00e1lise foi tema do programa Record na Hora, emitido no Now.<\/li>\n<li>Ver\u00edssimo foi anunciado como \u00e1rbitro para o FC Porto-Benfica, com foco na sele\u00e7\u00e3o entre v\u00e1rias hip\u00f3teses.<\/li>\n<\/ul>\n","protected":false},"author":2,"featured_media":140685,"comment_status":"closed","ping_status":"closed","sticky":false,"template":"","format":"standard","meta":{"footnotes":""},"categories":[21,24],"tags":[3088,1289,1336,1946,2028],"class_list":["post-140682","post","type-post","status-publish","format-standard","has-post-thumbnail","hentry","category-desporto","category-futebol","tag-af-leiria","tag-arbitragem","tag-arbitro","tag-benfica","tag-fc-porto"],"yoast_head":"<!-- This site is optimized with the Yoast SEO plugin v27.2 - https:\/\/yoast.com\/product\/yoast-seo-wordpress\/ -->\n<title>V\u00edtor Pinto analisa op\u00e7\u00f5es para \u00e1rbitro do cl\u00e1ssico, sugerindo F\u00e1bio Ver\u00edssimo - Portal Tela Portugal<\/title>\n<meta name=\"robots\" content=\"index, follow, max-snippet:-1, max-image-preview:large, max-video-preview:-1\" \/>\n<meta property=\"og:locale\" content=\"pt_PT\" \/>\n<meta property=\"og:type\" content=\"article\" \/>\n<meta property=\"og:title\" content=\"V\u00edtor Pinto analisa op\u00e7\u00f5es para \u00e1rbitro do cl\u00e1ssico, sugerindo F\u00e1bio Ver\u00edssimo - Portal Tela Portugal\" \/>\n<meta property=\"og:description\" content=\"V\u00edtor Pinto, subdiretor do Record, analisa a escolha de F\u00e1bio Ver\u00edssimo para o FC Porto-Benfica desta quarta-feira. O analista destaca que existem seis op\u00e7\u00f5es dispon\u00edveis para a decis\u00e3o de quem apita o cl\u00e1ssico. A an\u00e1lise foi tema do programa Record na Hora, emitido no Now. Ver\u00edssimo foi anunciado como \u00e1rbitro para o FC Porto-Benfica, com foco na sele\u00e7\u00e3o entre v\u00e1rias hip\u00f3teses.\" \/>\n<meta property=\"og:url\" content=\"https:\/\/portaltela.pt\/noticias\/2026\/01\/14\/vitor-pinto-analisa-opcoes-para-arbitro-do-classico-sugerindo-fabio-verissimo\/\" \/>\n<meta property=\"og:site_name\" content=\"Portal Tela Portugal\" \/>\n<meta property=\"article:published_time\" content=\"2026-01-14T09:04:00+00:00\" \/>\n<meta name=\"author\" content=\"Telinha\" \/>\n<meta name=\"twitter:card\" content=\"summary_large_image\" \/>\n<meta name=\"twitter:label1\" content=\"Escrito por\" \/>\n\t<meta name=\"twitter:data1\" content=\"Telinha\" \/>\n\t<meta name=\"twitter:label2\" content=\"Tempo estimado de leitura\" \/>\n\t<meta name=\"twitter:data2\" content=\"1 minuto\" \/>\n<script type=\"application\/ld+json\" class=\"yoast-schema-graph\">{\"@context\":\"https:\/\/schema.org\",\"@graph\":[{\"@type\":\"Article\",\"@id\":\"https:\/\/portaltela.pt\/noticias\/2026\/01\/14\/vitor-pinto-analisa-opcoes-para-arbitro-do-classico-sugerindo-fabio-verissimo\/#article\",\"isPartOf\":{\"@id\":\"https:\/\/portaltela.pt\/noticias\/2026\/01\/14\/vitor-pinto-analisa-opcoes-para-arbitro-do-classico-sugerindo-fabio-verissimo\/\"},\"author\":{\"name\":\"Telinha\",\"@id\":\"https:\/\/portaltela.pt\/#\/schema\/person\/c4278d4a6028830caff9ee44b42d32ed\"},\"headline\":\"V\u00edtor Pinto analisa op\u00e7\u00f5es para \u00e1rbitro do cl\u00e1ssico, sugerindo F\u00e1bio Ver\u00edssimo\",\"datePublished\":\"2026-01-14T09:04:00+00:00\",\"mainEntityOfPage\":{\"@id\":\"https:\/\/portaltela.pt\/noticias\/2026\/01\/14\/vitor-pinto-analisa-opcoes-para-arbitro-do-classico-sugerindo-fabio-verissimo\/\"},\"wordCount\":127,\"image\":{\"@id\":\"https:\/\/portaltela.pt\/noticias\/2026\/01\/14\/vitor-pinto-analisa-opcoes-para-arbitro-do-classico-sugerindo-fabio-verissimo\/#primaryimage\"},\"thumbnailUrl\":\"https:\/\/portaltela.pt\/s.01k8rhncp4jt1\/2026\/01\/img_1200x721uu2026-01-13-23-15-38-2414599-1.jpg\",\"keywords\":[\"AF Leiria\",\"arbitragem\",\"\u00e1rbitro\",\"Benfica\",\"FC Porto\"],\"articleSection\":[\"Desporto\",\"Futebol\"],\"inLanguage\":\"pt-PT\"},{\"@type\":\"WebPage\",\"@id\":\"https:\/\/portaltela.pt\/noticias\/2026\/01\/14\/vitor-pinto-analisa-opcoes-para-arbitro-do-classico-sugerindo-fabio-verissimo\/\",\"url\":\"https:\/\/portaltela.pt\/noticias\/2026\/01\/14\/vitor-pinto-analisa-opcoes-para-arbitro-do-classico-sugerindo-fabio-verissimo\/\",\"name\":\"V\u00edtor Pinto analisa op\u00e7\u00f5es para \u00e1rbitro do cl\u00e1ssico, sugerindo F\u00e1bio Ver\u00edssimo - Portal Tela Portugal\",\"isPartOf\":{\"@id\":\"https:\/\/portaltela.pt\/#website\"},\"primaryImageOfPage\":{\"@id\":\"https:\/\/portaltela.pt\/noticias\/2026\/01\/14\/vitor-pinto-analisa-opcoes-para-arbitro-do-classico-sugerindo-fabio-verissimo\/#primaryimage\"},\"image\":{\"@id\":\"https:\/\/portaltela.pt\/noticias\/2026\/01\/14\/vitor-pinto-analisa-opcoes-para-arbitro-do-classico-sugerindo-fabio-verissimo\/#primaryimage\"},\"thumbnailUrl\":\"https:\/\/portaltela.pt\/s.01k8rhncp4jt1\/2026\/01\/img_1200x721uu2026-01-13-23-15-38-2414599-1.jpg\",\"datePublished\":\"2026-01-14T09:04:00+00:00\",\"author\":{\"@id\":\"https:\/\/portaltela.pt\/#\/schema\/person\/c4278d4a6028830caff9ee44b42d32ed\"},\"breadcrumb\":{\"@id\":\"https:\/\/portaltela.pt\/noticias\/2026\/01\/14\/vitor-pinto-analisa-opcoes-para-arbitro-do-classico-sugerindo-fabio-verissimo\/#breadcrumb\"},\"inLanguage\":\"pt-PT\",\"potentialAction\":[{\"@type\":\"ReadAction\",\"target\":[\"https:\/\/portaltela.pt\/noticias\/2026\/01\/14\/vitor-pinto-analisa-opcoes-para-arbitro-do-classico-sugerindo-fabio-verissimo\/\"]}]},{\"@type\":\"ImageObject\",\"inLanguage\":\"pt-PT\",\"@id\":\"https:\/\/portaltela.pt\/noticias\/2026\/01\/14\/vitor-pinto-analisa-opcoes-para-arbitro-do-classico-sugerindo-fabio-verissimo\/#primaryimage\",\"url\":\"https:\/\/portaltela.pt\/s.01k8rhncp4jt1\/2026\/01\/img_1200x721uu2026-01-13-23-15-38-2414599-1.jpg\",\"contentUrl\":\"https:\/\/portaltela.pt\/s.01k8rhncp4jt1\/2026\/01\/img_1200x721uu2026-01-13-23-15-38-2414599-1.jpg\",\"width\":796,\"height\":448,\"caption\":\"V\u00edtor Pinto e o \u00e1rbitro do cl\u00e1ssico: \u00abCom seis op\u00e7\u00f5es dispon\u00edveis, \u00e9 preciso pontaria para escolher F\u00e1bio Ver\u00edssimo\u00bb\"},{\"@type\":\"BreadcrumbList\",\"@id\":\"https:\/\/portaltela.pt\/noticias\/2026\/01\/14\/vitor-pinto-analisa-opcoes-para-arbitro-do-classico-sugerindo-fabio-verissimo\/#breadcrumb\",\"itemListElement\":[{\"@type\":\"ListItem\",\"position\":1,\"name\":\"In\u00edcio\",\"item\":\"https:\/\/portaltela.pt\/\"},{\"@type\":\"ListItem\",\"position\":2,\"name\":\"V\u00edtor Pinto analisa op\u00e7\u00f5es para \u00e1rbitro do cl\u00e1ssico, sugerindo F\u00e1bio Ver\u00edssimo\"}]},{\"@type\":\"WebSite\",\"@id\":\"https:\/\/portaltela.pt\/#website\",\"url\":\"https:\/\/portaltela.pt\/\",\"name\":\"Portal Tela Portugal\",\"description\":\"\",\"potentialAction\":[{\"@type\":\"SearchAction\",\"target\":{\"@type\":\"EntryPoint\",\"urlTemplate\":\"https:\/\/portaltela.pt\/?s={search_term_string}\"},\"query-input\":{\"@type\":\"PropertyValueSpecification\",\"valueRequired\":true,\"valueName\":\"search_term_string\"}}],\"inLanguage\":\"pt-PT\"},{\"@type\":\"Person\",\"@id\":\"https:\/\/portaltela.pt\/#\/schema\/person\/c4278d4a6028830caff9ee44b42d32ed\",\"name\":\"Telinha\",\"image\":{\"@type\":\"ImageObject\",\"inLanguage\":\"pt-PT\",\"@id\":\"https:\/\/portaltela.pt\/s.01k8rhncp4jt1\/2025\/11\/talking-bot-125x125.png\",\"url\":\"https:\/\/portaltela.pt\/s.01k8rhncp4jt1\/2025\/11\/talking-bot-125x125.png\",\"contentUrl\":\"https:\/\/portaltela.pt\/s.01k8rhncp4jt1\/2025\/11\/talking-bot-125x125.png\",\"caption\":\"Telinha\"},\"sameAs\":[\"https:\/\/portaltela.pt\/\"],\"url\":\"https:\/\/portaltela.pt\/por\/367410592786\/\"}]}<\/script>\n<!-- \/ Yoast SEO plugin. -->","yoast_head_json":{"title":"V\u00edtor Pinto analisa op\u00e7\u00f5es para \u00e1rbitro do cl\u00e1ssico, sugerindo F\u00e1bio Ver\u00edssimo - Portal Tela Portugal","robots":{"index":"index","follow":"follow","max-snippet":"max-snippet:-1","max-image-preview":"max-image-preview:large","max-video-preview":"max-video-preview:-1"},"og_locale":"pt_PT","og_type":"article","og_title":"V\u00edtor Pinto analisa op\u00e7\u00f5es para \u00e1rbitro do cl\u00e1ssico, sugerindo F\u00e1bio Ver\u00edssimo - Portal Tela Portugal","og_description":"V\u00edtor Pinto, subdiretor do Record, analisa a escolha de F\u00e1bio Ver\u00edssimo para o FC Porto-Benfica desta quarta-feira. O analista destaca que existem seis op\u00e7\u00f5es dispon\u00edveis para a decis\u00e3o de quem apita o cl\u00e1ssico. A an\u00e1lise foi tema do programa Record na Hora, emitido no Now. Ver\u00edssimo foi anunciado como \u00e1rbitro para o FC Porto-Benfica, com foco na sele\u00e7\u00e3o entre v\u00e1rias hip\u00f3teses.","og_url":"https:\/\/portaltela.pt\/noticias\/2026\/01\/14\/vitor-pinto-analisa-opcoes-para-arbitro-do-classico-sugerindo-fabio-verissimo\/","og_site_name":"Portal Tela Portugal","article_published_time":"2026-01-14T09:04:00+00:00","author":"Telinha","twitter_card":"summary_large_image","twitter_misc":{"Escrito por":"Telinha","Tempo estimado de leitura":"1 minuto"},"schema":{"@context":"https:\/\/schema.org","@graph":[{"@type":"Article","@id":"https:\/\/portaltela.pt\/noticias\/2026\/01\/14\/vitor-pinto-analisa-opcoes-para-arbitro-do-classico-sugerindo-fabio-verissimo\/#article","isPartOf":{"@id":"https:\/\/portaltela.pt\/noticias\/2026\/01\/14\/vitor-pinto-analisa-opcoes-para-arbitro-do-classico-sugerindo-fabio-verissimo\/"},"author":{"name":"Telinha","@id":"https:\/\/portaltela.pt\/#\/schema\/person\/c4278d4a6028830caff9ee44b42d32ed"},"headline":"V\u00edtor Pinto analisa op\u00e7\u00f5es para \u00e1rbitro do cl\u00e1ssico, sugerindo F\u00e1bio Ver\u00edssimo","datePublished":"2026-01-14T09:04:00+00:00","mainEntityOfPage":{"@id":"https:\/\/portaltela.pt\/noticias\/2026\/01\/14\/vitor-pinto-analisa-opcoes-para-arbitro-do-classico-sugerindo-fabio-verissimo\/"},"wordCount":127,"image":{"@id":"https:\/\/portaltela.pt\/noticias\/2026\/01\/14\/vitor-pinto-analisa-opcoes-para-arbitro-do-classico-sugerindo-fabio-verissimo\/#primaryimage"},"thumbnailUrl":"https:\/\/portaltela.pt\/s.01k8rhncp4jt1\/2026\/01\/img_1200x721uu2026-01-13-23-15-38-2414599-1.jpg","keywords":["AF Leiria","arbitragem","\u00e1rbitro","Benfica","FC Porto"],"articleSection":["Desporto","Futebol"],"inLanguage":"pt-PT"},{"@type":"WebPage","@id":"https:\/\/portaltela.pt\/noticias\/2026\/01\/14\/vitor-pinto-analisa-opcoes-para-arbitro-do-classico-sugerindo-fabio-verissimo\/","url":"https:\/\/portaltela.pt\/noticias\/2026\/01\/14\/vitor-pinto-analisa-opcoes-para-arbitro-do-classico-sugerindo-fabio-verissimo\/","name":"V\u00edtor Pinto analisa op\u00e7\u00f5es para \u00e1rbitro do cl\u00e1ssico, sugerindo F\u00e1bio Ver\u00edssimo - Portal Tela Portugal","isPartOf":{"@id":"https:\/\/portaltela.pt\/#website"},"primaryImageOfPage":{"@id":"https:\/\/portaltela.pt\/noticias\/2026\/01\/14\/vitor-pinto-analisa-opcoes-para-arbitro-do-classico-sugerindo-fabio-verissimo\/#primaryimage"},"image":{"@id":"https:\/\/portaltela.pt\/noticias\/2026\/01\/14\/vitor-pinto-analisa-opcoes-para-arbitro-do-classico-sugerindo-fabio-verissimo\/#primaryimage"},"thumbnailUrl":"https:\/\/portaltela.pt\/s.01k8rhncp4jt1\/2026\/01\/img_1200x721uu2026-01-13-23-15-38-2414599-1.jpg","datePublished":"2026-01-14T09:04:00+00:00","author":{"@id":"https:\/\/portaltela.pt\/#\/schema\/person\/c4278d4a6028830caff9ee44b42d32ed"},"breadcrumb":{"@id":"https:\/\/portaltela.pt\/noticias\/2026\/01\/14\/vitor-pinto-analisa-opcoes-para-arbitro-do-classico-sugerindo-fabio-verissimo\/#breadcrumb"},"inLanguage":"pt-PT","potentialAction":[{"@type":"ReadAction","target":["https:\/\/portaltela.pt\/noticias\/2026\/01\/14\/vitor-pinto-analisa-opcoes-para-arbitro-do-classico-sugerindo-fabio-verissimo\/"]}]},{"@type":"ImageObject","inLanguage":"pt-PT","@id":"https:\/\/portaltela.pt\/noticias\/2026\/01\/14\/vitor-pinto-analisa-opcoes-para-arbitro-do-classico-sugerindo-fabio-verissimo\/#primaryimage","url":"https:\/\/portaltela.pt\/s.01k8rhncp4jt1\/2026\/01\/img_1200x721uu2026-01-13-23-15-38-2414599-1.jpg","contentUrl":"https:\/\/portaltela.pt\/s.01k8rhncp4jt1\/2026\/01\/img_1200x721uu2026-01-13-23-15-38-2414599-1.jpg","width":796,"height":448,"caption":"V\u00edtor Pinto e o \u00e1rbitro do cl\u00e1ssico: \u00abCom seis op\u00e7\u00f5es dispon\u00edveis, \u00e9 preciso pontaria para escolher F\u00e1bio Ver\u00edssimo\u00bb"},{"@type":"BreadcrumbList","@id":"https:\/\/portaltela.pt\/noticias\/2026\/01\/14\/vitor-pinto-analisa-opcoes-para-arbitro-do-classico-sugerindo-fabio-verissimo\/#breadcrumb","itemListElement":[{"@type":"ListItem","position":1,"name":"In\u00edcio","item":"https:\/\/portaltela.pt\/"},{"@type":"ListItem","position":2,"name":"V\u00edtor Pinto analisa op\u00e7\u00f5es para \u00e1rbitro do cl\u00e1ssico, sugerindo F\u00e1bio Ver\u00edssimo"}]},{"@type":"WebSite","@id":"https:\/\/portaltela.pt\/#website","url":"https:\/\/portaltela.pt\/","name":"Portal Tela Portugal","description":"","potentialAction":[{"@type":"SearchAction","target":{"@type":"EntryPoint","urlTemplate":"https:\/\/portaltela.pt\/?s={search_term_string}"},"query-input":{"@type":"PropertyValueSpecification","valueRequired":true,"valueName":"search_term_string"}}],"inLanguage":"pt-PT"},{"@type":"Person","@id":"https:\/\/portaltela.pt\/#\/schema\/person\/c4278d4a6028830caff9ee44b42d32ed","name":"Telinha","image":{"@type":"ImageObject","inLanguage":"pt-PT","@id":"https:\/\/portaltela.pt\/s.01k8rhncp4jt1\/2025\/11\/talking-bot-125x125.png","url":"https:\/\/portaltela.pt\/s.01k8rhncp4jt1\/2025\/11\/talking-bot-125x125.png","contentUrl":"https:\/\/portaltela.pt\/s.01k8rhncp4jt1\/2025\/11\/talking-bot-125x125.png","caption":"Telinha"},"sameAs":["https:\/\/portaltela.pt\/"],"url":"https:\/\/portaltela.pt\/por\/367410592786\/"}]}},"_links":{"self":[{"href":"https:\/\/portaltela.pt\/api\/wp\/v2\/posts\/140682","targetHints":{"allow":["GET"]}}],"collection":[{"href":"https:\/\/portaltela.pt\/api\/wp\/v2\/posts"}],"about":[{"href":"https:\/\/portaltela.pt\/api\/wp\/v2\/types\/post"}],"author":[{"embeddable":true,"href":"https:\/\/portaltela.pt\/api\/wp\/v2\/users\/2"}],"replies":[{"embeddable":true,"href":"https:\/\/portaltela.pt\/api\/wp\/v2\/comments?post=140682"}],"version-history":[{"count":0,"href":"https:\/\/portaltela.pt\/api\/wp\/v2\/posts\/140682\/revisions"}],"wp:featuredmedia":[{"embeddable":true,"href":"https:\/\/portaltela.pt\/api\/wp\/v2\/media\/140685"}],"wp:attachment":[{"href":"https:\/\/portaltela.pt\/api\/wp\/v2\/media?parent=140682"}],"wp:term":[{"taxonomy":"category","embeddable":true,"href":"https:\/\/portaltela.pt\/api\/wp\/v2\/categories?post=140682"},{"taxonomy":"post_tag","embeddable":true,"href":"https:\/\/portaltela.pt\/api\/wp\/v2\/tags?post=140682"}],"curies":[{"name":"wp","href":"https:\/\/api.w.org\/{rel}","templated":true}]}}