{"id":140664,"date":"2026-01-14T05:44:00","date_gmt":"2026-01-14T08:44:00","guid":{"rendered":"https:\/\/portaltela.pt\/noticias\/2026\/01\/14\/croas-e-aspa-reforcam-protecao-e-bem-estar-animal-em-santarem\/"},"modified":"2026-01-14T05:44:00","modified_gmt":"2026-01-14T08:44:00","slug":"croas-e-aspa-reforcam-protecao-e-bem-estar-animal-em-santarem","status":"publish","type":"post","link":"https:\/\/portaltela.pt\/noticias\/2026\/01\/14\/croas-e-aspa-reforcam-protecao-e-bem-estar-animal-em-santarem\/","title":{"rendered":"CROAS e ASPA refor\u00e7am prote\u00e7\u00e3o e bem-estar animal em Santar\u00e9m"},"content":{"rendered":"<p>O Munic\u00edpio de Santar\u00e9m refor\u00e7a a prote\u00e7\u00e3o animal com uma visita ao Centro de Recolha Oficial de Animais (CROAS) e \u00e0 ASPA, estruturas que tratam de c\u00e3es e gatos abandonados no concelho. A iniciativa visa promover o bem-estar animal e apoiar as \u00e1reas t\u00e9cnicas municipais.<\/p>\n<p>O CROAS, que integra o Gabinete de Sanidade, Higiene P\u00fablica e Veterin\u00e1ria, conta com seis t\u00e9cnicos e procura aumentar recursos para melhorar a resposta. Em 2025, o servi\u00e7o efetuou cerca de 3000 interven\u00e7\u00f5es veterin\u00e1rias, incluindo cirurgias, desparasita\u00e7\u00f5es e vacinas.<\/p>\n<p>Durante a visita, o vice-presidente da C\u00e2mara, Emanuel Campos, reconheceu o empenho de profissionais e volunt\u00e1rios, sublinhando a import\u00e2ncia das duas entidades para a prote\u00e7\u00e3o animal no concelho. A prioridade \u00e9 refor\u00e7ar o apoio a quem cuida dos animais diariamente.<\/p>\n<h3>A\u00e7\u00f5es e Resultados<\/h3>\n<p>O CROAS tem observado aumentos no acolhimento de animais. Entre c\u00e3es, o registo passou de 184 em 2023 para 299 em 2025; nos gatos, de 266 para 751 no mesmo periodo, com reflexos em ado\u00e7\u00f5es, devolu\u00e7\u00f5es a col\u00f3nias ou aos detentores. A lista de cuidados inclui actualmente 75 c\u00e3es e 20 gatos.<\/p>\n<p>O Projecto CED (Captura, Esteriliza\u00e7\u00e3o e Devolu\u00e7\u00e3o) j\u00e1 intervencionou 673 gatos em 76 col\u00f3nias, com 20 abrigos instalados em espa\u00e7o p\u00fablico sob monitoriza\u00e7\u00e3o t\u00e9cnica e de voluntariado. Em 2026, est\u00e1 previsto ampliar a rede de abrigos e manter as a\u00e7\u00f5es em terreno.<\/p>\n<p>A ASPA continua a desempenhar um papel central, assente no voluntariado, e gere 160 c\u00e3es e 14 gatos. A rela\u00e7\u00e3o entre CROAS e ASPA fortalece o apoio aos animais abandonados no munic\u00edpio.<\/p>\n<h3>Vis\u00e3o para 2026 e Voluntariado<\/h3>\n<p>Est\u00e1 prevista a implementa\u00e7\u00e3o de um programa estruturado de voluntariado, a apresentar no in\u00edcio do ano, para aumentar a participa\u00e7\u00e3o comunit\u00e1ria nas a\u00e7\u00f5es do CROAS. O objetivo \u00e9 organizar de forma mais eficiente o envolvimento dos mun\u00edcipes.<\/p>\n<p>O autarca reiterou que a prote\u00e7\u00e3o animal \u00e9 prioridade municipal e que se pretende ampliar o servi\u00e7o veterin\u00e1rio \u00e0 comunidade, mantendo o foco em bem-estar e qualidade de vida para os animais acolhidos.<\/p>\n<p>O conjunto de iniciativas reafirma o compromisso de Santar\u00e9m com pol\u00edticas p\u00fablicas de bem-estar animal, participa\u00e7\u00e3o comunit\u00e1ria e servi\u00e7os veterin\u00e1rios de qualidade.<\/p>\n","protected":false},"excerpt":{"rendered":"<ul>\n<li>O CROAS e a ASPA realizaram uma visita institucional a Santar\u00e9m para refor\u00e7ar o bem-estar animal no concelho.<\/li>\n<li>O CROAS, que faz parte do Gabinete de Sanidade, Higiene P\u00fablica e Veterin\u00e1ria da C\u00e2mara, tem uma equipa de seis t\u00e9cnicos e est\u00e1 a refor\u00e7ar recursos humanos para aumentar a capacidade de resposta; em 2025 realizou cerca de tr\u00eas mil interven\u00e7\u00f5es veterin\u00e1rias.<\/li>\n<li>Entre 2023 e 2025 houve aumentos nos animais acolhidos: c\u00e3es de 184 para 299 e gatos de 266 para 751, com sa\u00eddas por ado\u00e7\u00f5es, devolu\u00e7\u00f5es a col\u00f3nias ou detentores, ou falecimentos.<\/li>\n<li>O CROAS cuida de 75 c\u00e3es e 20 gatos atualmente, e o Projeto CED (Captura, Esteriliza\u00e7\u00e3o e Devolu\u00e7\u00e3o) j\u00e1 intervencionou 673 gatos em 76 col\u00f3nias, com 20 abrigos instalados em espa\u00e7o p\u00fablico.<\/li>\n<li>Para 2026 est\u00e1 previsto expandir a rede de abrigos, manter a\u00e7\u00f5es no terreno e lan\u00e7ar um programa estruturado de voluntariado; a ASPA continua a apoiar com base no voluntariado, responsabilizando 160 c\u00e3es e 14 gatos.<\/li>\n<\/ul>\n","protected":false},"author":2,"featured_media":140670,"comment_status":"closed","ping_status":"closed","sticky":false,"template":"","format":"standard","meta":{"footnotes":""},"categories":[1],"tags":[3094,2865,3091,3093,3092,898],"class_list":["post-140664","post","type-post","status-publish","format-standard","has-post-thumbnail","hentry","category-noticias","tag-abrigos","tag-adocao","tag-animais","tag-colonias","tag-desparasitacoes","tag-santarem"],"yoast_head":"<!-- This site is optimized with the Yoast SEO plugin v27.2 - https:\/\/yoast.com\/product\/yoast-seo-wordpress\/ -->\n<title>CROAS e ASPA refor\u00e7am prote\u00e7\u00e3o e bem-estar animal em Santar\u00e9m - Portal Tela Portugal<\/title>\n<meta name=\"robots\" content=\"index, follow, max-snippet:-1, max-image-preview:large, max-video-preview:-1\" \/>\n<meta property=\"og:locale\" content=\"pt_PT\" \/>\n<meta property=\"og:type\" content=\"article\" \/>\n<meta property=\"og:title\" content=\"CROAS e ASPA refor\u00e7am prote\u00e7\u00e3o e bem-estar animal em Santar\u00e9m - Portal Tela Portugal\" \/>\n<meta property=\"og:description\" content=\"O CROAS e a ASPA realizaram uma visita institucional a Santar\u00e9m para refor\u00e7ar o bem-estar animal no concelho. O CROAS, que faz parte do Gabinete de Sanidade, Higiene P\u00fablica e Veterin\u00e1ria da C\u00e2mara, tem uma equipa de seis t\u00e9cnicos e est\u00e1 a refor\u00e7ar recursos humanos para aumentar a capacidade de resposta; em 2025 realizou cerca de tr\u00eas mil interven\u00e7\u00f5es veterin\u00e1rias. Entre 2023 e 2025 houve aumentos nos animais acolhidos: c\u00e3es de 184 para 299 e gatos de 266 para 751, com sa\u00eddas por ado\u00e7\u00f5es, devolu\u00e7\u00f5es a col\u00f3nias ou detentores, ou falecimentos. O CROAS cuida de 75 c\u00e3es e 20 gatos atualmente, e o Projeto CED (Captura, Esteriliza\u00e7\u00e3o e Devolu\u00e7\u00e3o) j\u00e1 intervencionou 673 gatos em 76 col\u00f3nias, com 20 abrigos instalados em espa\u00e7o p\u00fablico. Para 2026 est\u00e1 previsto expandir a rede de abrigos, manter a\u00e7\u00f5es no terreno e lan\u00e7ar um programa estruturado de voluntariado; a ASPA continua a apoiar com base no voluntariado, responsabilizando 160 c\u00e3es e 14 gatos.\" \/>\n<meta property=\"og:url\" content=\"https:\/\/portaltela.pt\/noticias\/2026\/01\/14\/croas-e-aspa-reforcam-protecao-e-bem-estar-animal-em-santarem\/\" \/>\n<meta property=\"og:site_name\" content=\"Portal Tela Portugal\" \/>\n<meta property=\"article:published_time\" content=\"2026-01-14T08:44:00+00:00\" \/>\n<meta name=\"author\" content=\"Telinha\" \/>\n<meta name=\"twitter:card\" content=\"summary_large_image\" \/>\n<meta name=\"twitter:label1\" content=\"Escrito por\" \/>\n\t<meta name=\"twitter:data1\" content=\"Telinha\" \/>\n\t<meta name=\"twitter:label2\" content=\"Tempo estimado de leitura\" \/>\n\t<meta name=\"twitter:data2\" content=\"2 minutos\" \/>\n<script type=\"application\/ld+json\" class=\"yoast-schema-graph\">{\"@context\":\"https:\/\/schema.org\",\"@graph\":[{\"@type\":\"Article\",\"@id\":\"https:\/\/portaltela.pt\/noticias\/2026\/01\/14\/croas-e-aspa-reforcam-protecao-e-bem-estar-animal-em-santarem\/#article\",\"isPartOf\":{\"@id\":\"https:\/\/portaltela.pt\/noticias\/2026\/01\/14\/croas-e-aspa-reforcam-protecao-e-bem-estar-animal-em-santarem\/\"},\"author\":{\"name\":\"Telinha\",\"@id\":\"https:\/\/portaltela.pt\/#\/schema\/person\/c4278d4a6028830caff9ee44b42d32ed\"},\"headline\":\"CROAS e ASPA refor\u00e7am prote\u00e7\u00e3o e bem-estar animal em Santar\u00e9m\",\"datePublished\":\"2026-01-14T08:44:00+00:00\",\"mainEntityOfPage\":{\"@id\":\"https:\/\/portaltela.pt\/noticias\/2026\/01\/14\/croas-e-aspa-reforcam-protecao-e-bem-estar-animal-em-santarem\/\"},\"wordCount\":393,\"image\":{\"@id\":\"https:\/\/portaltela.pt\/noticias\/2026\/01\/14\/croas-e-aspa-reforcam-protecao-e-bem-estar-animal-em-santarem\/#primaryimage\"},\"thumbnailUrl\":\"https:\/\/portaltela.pt\/s.01k8rhncp4jt1\/2026\/01\/unnamed-file-2890.jpg\",\"keywords\":[\"abrigos\",\"ado\u00e7\u00e3o\",\"animais\",\"col\u00f3nias\",\"desparasita\u00e7\u00f5es\",\"Santar\u00e9m\"],\"articleSection\":[\"Not\u00edcias\"],\"inLanguage\":\"pt-PT\"},{\"@type\":\"WebPage\",\"@id\":\"https:\/\/portaltela.pt\/noticias\/2026\/01\/14\/croas-e-aspa-reforcam-protecao-e-bem-estar-animal-em-santarem\/\",\"url\":\"https:\/\/portaltela.pt\/noticias\/2026\/01\/14\/croas-e-aspa-reforcam-protecao-e-bem-estar-animal-em-santarem\/\",\"name\":\"CROAS e ASPA refor\u00e7am prote\u00e7\u00e3o e bem-estar animal em Santar\u00e9m - Portal Tela Portugal\",\"isPartOf\":{\"@id\":\"https:\/\/portaltela.pt\/#website\"},\"primaryImageOfPage\":{\"@id\":\"https:\/\/portaltela.pt\/noticias\/2026\/01\/14\/croas-e-aspa-reforcam-protecao-e-bem-estar-animal-em-santarem\/#primaryimage\"},\"image\":{\"@id\":\"https:\/\/portaltela.pt\/noticias\/2026\/01\/14\/croas-e-aspa-reforcam-protecao-e-bem-estar-animal-em-santarem\/#primaryimage\"},\"thumbnailUrl\":\"https:\/\/portaltela.pt\/s.01k8rhncp4jt1\/2026\/01\/unnamed-file-2890.jpg\",\"datePublished\":\"2026-01-14T08:44:00+00:00\",\"author\":{\"@id\":\"https:\/\/portaltela.pt\/#\/schema\/person\/c4278d4a6028830caff9ee44b42d32ed\"},\"breadcrumb\":{\"@id\":\"https:\/\/portaltela.pt\/noticias\/2026\/01\/14\/croas-e-aspa-reforcam-protecao-e-bem-estar-animal-em-santarem\/#breadcrumb\"},\"inLanguage\":\"pt-PT\",\"potentialAction\":[{\"@type\":\"ReadAction\",\"target\":[\"https:\/\/portaltela.pt\/noticias\/2026\/01\/14\/croas-e-aspa-reforcam-protecao-e-bem-estar-animal-em-santarem\/\"]}]},{\"@type\":\"ImageObject\",\"inLanguage\":\"pt-PT\",\"@id\":\"https:\/\/portaltela.pt\/noticias\/2026\/01\/14\/croas-e-aspa-reforcam-protecao-e-bem-estar-animal-em-santarem\/#primaryimage\",\"url\":\"https:\/\/portaltela.pt\/s.01k8rhncp4jt1\/2026\/01\/unnamed-file-2890.jpg\",\"contentUrl\":\"https:\/\/portaltela.pt\/s.01k8rhncp4jt1\/2026\/01\/unnamed-file-2890.jpg\",\"width\":796,\"height\":448,\"caption\":\"Trabalho conjunto do CROAS e da ASPA fortalece a prote\u00e7\u00e3o e o bem-estar animal em Santar\u00e9m\"},{\"@type\":\"BreadcrumbList\",\"@id\":\"https:\/\/portaltela.pt\/noticias\/2026\/01\/14\/croas-e-aspa-reforcam-protecao-e-bem-estar-animal-em-santarem\/#breadcrumb\",\"itemListElement\":[{\"@type\":\"ListItem\",\"position\":1,\"name\":\"In\u00edcio\",\"item\":\"https:\/\/portaltela.pt\/\"},{\"@type\":\"ListItem\",\"position\":2,\"name\":\"CROAS e ASPA refor\u00e7am prote\u00e7\u00e3o e bem-estar animal em Santar\u00e9m\"}]},{\"@type\":\"WebSite\",\"@id\":\"https:\/\/portaltela.pt\/#website\",\"url\":\"https:\/\/portaltela.pt\/\",\"name\":\"Portal Tela Portugal\",\"description\":\"\",\"potentialAction\":[{\"@type\":\"SearchAction\",\"target\":{\"@type\":\"EntryPoint\",\"urlTemplate\":\"https:\/\/portaltela.pt\/?s={search_term_string}\"},\"query-input\":{\"@type\":\"PropertyValueSpecification\",\"valueRequired\":true,\"valueName\":\"search_term_string\"}}],\"inLanguage\":\"pt-PT\"},{\"@type\":\"Person\",\"@id\":\"https:\/\/portaltela.pt\/#\/schema\/person\/c4278d4a6028830caff9ee44b42d32ed\",\"name\":\"Telinha\",\"image\":{\"@type\":\"ImageObject\",\"inLanguage\":\"pt-PT\",\"@id\":\"https:\/\/portaltela.pt\/s.01k8rhncp4jt1\/2025\/11\/talking-bot-125x125.png\",\"url\":\"https:\/\/portaltela.pt\/s.01k8rhncp4jt1\/2025\/11\/talking-bot-125x125.png\",\"contentUrl\":\"https:\/\/portaltela.pt\/s.01k8rhncp4jt1\/2025\/11\/talking-bot-125x125.png\",\"caption\":\"Telinha\"},\"sameAs\":[\"https:\/\/portaltela.pt\/\"],\"url\":\"https:\/\/portaltela.pt\/por\/367410592786\/\"}]}<\/script>\n<!-- \/ Yoast SEO plugin. -->","yoast_head_json":{"title":"CROAS e ASPA refor\u00e7am prote\u00e7\u00e3o e bem-estar animal em Santar\u00e9m - Portal Tela Portugal","robots":{"index":"index","follow":"follow","max-snippet":"max-snippet:-1","max-image-preview":"max-image-preview:large","max-video-preview":"max-video-preview:-1"},"og_locale":"pt_PT","og_type":"article","og_title":"CROAS e ASPA refor\u00e7am prote\u00e7\u00e3o e bem-estar animal em Santar\u00e9m - Portal Tela Portugal","og_description":"O CROAS e a ASPA realizaram uma visita institucional a Santar\u00e9m para refor\u00e7ar o bem-estar animal no concelho. O CROAS, que faz parte do Gabinete de Sanidade, Higiene P\u00fablica e Veterin\u00e1ria da C\u00e2mara, tem uma equipa de seis t\u00e9cnicos e est\u00e1 a refor\u00e7ar recursos humanos para aumentar a capacidade de resposta; em 2025 realizou cerca de tr\u00eas mil interven\u00e7\u00f5es veterin\u00e1rias. Entre 2023 e 2025 houve aumentos nos animais acolhidos: c\u00e3es de 184 para 299 e gatos de 266 para 751, com sa\u00eddas por ado\u00e7\u00f5es, devolu\u00e7\u00f5es a col\u00f3nias ou detentores, ou falecimentos. O CROAS cuida de 75 c\u00e3es e 20 gatos atualmente, e o Projeto CED (Captura, Esteriliza\u00e7\u00e3o e Devolu\u00e7\u00e3o) j\u00e1 intervencionou 673 gatos em 76 col\u00f3nias, com 20 abrigos instalados em espa\u00e7o p\u00fablico. Para 2026 est\u00e1 previsto expandir a rede de abrigos, manter a\u00e7\u00f5es no terreno e lan\u00e7ar um programa estruturado de voluntariado; a ASPA continua a apoiar com base no voluntariado, responsabilizando 160 c\u00e3es e 14 gatos.","og_url":"https:\/\/portaltela.pt\/noticias\/2026\/01\/14\/croas-e-aspa-reforcam-protecao-e-bem-estar-animal-em-santarem\/","og_site_name":"Portal Tela Portugal","article_published_time":"2026-01-14T08:44:00+00:00","author":"Telinha","twitter_card":"summary_large_image","twitter_misc":{"Escrito por":"Telinha","Tempo estimado de leitura":"2 minutos"},"schema":{"@context":"https:\/\/schema.org","@graph":[{"@type":"Article","@id":"https:\/\/portaltela.pt\/noticias\/2026\/01\/14\/croas-e-aspa-reforcam-protecao-e-bem-estar-animal-em-santarem\/#article","isPartOf":{"@id":"https:\/\/portaltela.pt\/noticias\/2026\/01\/14\/croas-e-aspa-reforcam-protecao-e-bem-estar-animal-em-santarem\/"},"author":{"name":"Telinha","@id":"https:\/\/portaltela.pt\/#\/schema\/person\/c4278d4a6028830caff9ee44b42d32ed"},"headline":"CROAS e ASPA refor\u00e7am prote\u00e7\u00e3o e bem-estar animal em Santar\u00e9m","datePublished":"2026-01-14T08:44:00+00:00","mainEntityOfPage":{"@id":"https:\/\/portaltela.pt\/noticias\/2026\/01\/14\/croas-e-aspa-reforcam-protecao-e-bem-estar-animal-em-santarem\/"},"wordCount":393,"image":{"@id":"https:\/\/portaltela.pt\/noticias\/2026\/01\/14\/croas-e-aspa-reforcam-protecao-e-bem-estar-animal-em-santarem\/#primaryimage"},"thumbnailUrl":"https:\/\/portaltela.pt\/s.01k8rhncp4jt1\/2026\/01\/unnamed-file-2890.jpg","keywords":["abrigos","ado\u00e7\u00e3o","animais","col\u00f3nias","desparasita\u00e7\u00f5es","Santar\u00e9m"],"articleSection":["Not\u00edcias"],"inLanguage":"pt-PT"},{"@type":"WebPage","@id":"https:\/\/portaltela.pt\/noticias\/2026\/01\/14\/croas-e-aspa-reforcam-protecao-e-bem-estar-animal-em-santarem\/","url":"https:\/\/portaltela.pt\/noticias\/2026\/01\/14\/croas-e-aspa-reforcam-protecao-e-bem-estar-animal-em-santarem\/","name":"CROAS e ASPA refor\u00e7am prote\u00e7\u00e3o e bem-estar animal em Santar\u00e9m - Portal Tela Portugal","isPartOf":{"@id":"https:\/\/portaltela.pt\/#website"},"primaryImageOfPage":{"@id":"https:\/\/portaltela.pt\/noticias\/2026\/01\/14\/croas-e-aspa-reforcam-protecao-e-bem-estar-animal-em-santarem\/#primaryimage"},"image":{"@id":"https:\/\/portaltela.pt\/noticias\/2026\/01\/14\/croas-e-aspa-reforcam-protecao-e-bem-estar-animal-em-santarem\/#primaryimage"},"thumbnailUrl":"https:\/\/portaltela.pt\/s.01k8rhncp4jt1\/2026\/01\/unnamed-file-2890.jpg","datePublished":"2026-01-14T08:44:00+00:00","author":{"@id":"https:\/\/portaltela.pt\/#\/schema\/person\/c4278d4a6028830caff9ee44b42d32ed"},"breadcrumb":{"@id":"https:\/\/portaltela.pt\/noticias\/2026\/01\/14\/croas-e-aspa-reforcam-protecao-e-bem-estar-animal-em-santarem\/#breadcrumb"},"inLanguage":"pt-PT","potentialAction":[{"@type":"ReadAction","target":["https:\/\/portaltela.pt\/noticias\/2026\/01\/14\/croas-e-aspa-reforcam-protecao-e-bem-estar-animal-em-santarem\/"]}]},{"@type":"ImageObject","inLanguage":"pt-PT","@id":"https:\/\/portaltela.pt\/noticias\/2026\/01\/14\/croas-e-aspa-reforcam-protecao-e-bem-estar-animal-em-santarem\/#primaryimage","url":"https:\/\/portaltela.pt\/s.01k8rhncp4jt1\/2026\/01\/unnamed-file-2890.jpg","contentUrl":"https:\/\/portaltela.pt\/s.01k8rhncp4jt1\/2026\/01\/unnamed-file-2890.jpg","width":796,"height":448,"caption":"Trabalho conjunto do CROAS e da ASPA fortalece a prote\u00e7\u00e3o e o bem-estar animal em Santar\u00e9m"},{"@type":"BreadcrumbList","@id":"https:\/\/portaltela.pt\/noticias\/2026\/01\/14\/croas-e-aspa-reforcam-protecao-e-bem-estar-animal-em-santarem\/#breadcrumb","itemListElement":[{"@type":"ListItem","position":1,"name":"In\u00edcio","item":"https:\/\/portaltela.pt\/"},{"@type":"ListItem","position":2,"name":"CROAS e ASPA refor\u00e7am prote\u00e7\u00e3o e bem-estar animal em Santar\u00e9m"}]},{"@type":"WebSite","@id":"https:\/\/portaltela.pt\/#website","url":"https:\/\/portaltela.pt\/","name":"Portal Tela Portugal","description":"","potentialAction":[{"@type":"SearchAction","target":{"@type":"EntryPoint","urlTemplate":"https:\/\/portaltela.pt\/?s={search_term_string}"},"query-input":{"@type":"PropertyValueSpecification","valueRequired":true,"valueName":"search_term_string"}}],"inLanguage":"pt-PT"},{"@type":"Person","@id":"https:\/\/portaltela.pt\/#\/schema\/person\/c4278d4a6028830caff9ee44b42d32ed","name":"Telinha","image":{"@type":"ImageObject","inLanguage":"pt-PT","@id":"https:\/\/portaltela.pt\/s.01k8rhncp4jt1\/2025\/11\/talking-bot-125x125.png","url":"https:\/\/portaltela.pt\/s.01k8rhncp4jt1\/2025\/11\/talking-bot-125x125.png","contentUrl":"https:\/\/portaltela.pt\/s.01k8rhncp4jt1\/2025\/11\/talking-bot-125x125.png","caption":"Telinha"},"sameAs":["https:\/\/portaltela.pt\/"],"url":"https:\/\/portaltela.pt\/por\/367410592786\/"}]}},"_links":{"self":[{"href":"https:\/\/portaltela.pt\/api\/wp\/v2\/posts\/140664","targetHints":{"allow":["GET"]}}],"collection":[{"href":"https:\/\/portaltela.pt\/api\/wp\/v2\/posts"}],"about":[{"href":"https:\/\/portaltela.pt\/api\/wp\/v2\/types\/post"}],"author":[{"embeddable":true,"href":"https:\/\/portaltela.pt\/api\/wp\/v2\/users\/2"}],"replies":[{"embeddable":true,"href":"https:\/\/portaltela.pt\/api\/wp\/v2\/comments?post=140664"}],"version-history":[{"count":0,"href":"https:\/\/portaltela.pt\/api\/wp\/v2\/posts\/140664\/revisions"}],"wp:featuredmedia":[{"embeddable":true,"href":"https:\/\/portaltela.pt\/api\/wp\/v2\/media\/140670"}],"wp:attachment":[{"href":"https:\/\/portaltela.pt\/api\/wp\/v2\/media?parent=140664"}],"wp:term":[{"taxonomy":"category","embeddable":true,"href":"https:\/\/portaltela.pt\/api\/wp\/v2\/categories?post=140664"},{"taxonomy":"post_tag","embeddable":true,"href":"https:\/\/portaltela.pt\/api\/wp\/v2\/tags?post=140664"}],"curies":[{"name":"wp","href":"https:\/\/api.w.org\/{rel}","templated":true}]}}