{"id":140604,"date":"2026-01-14T05:13:00","date_gmt":"2026-01-14T08:13:00","guid":{"rendered":"https:\/\/portaltela.pt\/noticias\/2026\/01\/14\/gnr-levantou-1-634-autos-em-tres-anos-465-por-falta-de-limpeza-de-terrenos\/"},"modified":"2026-01-14T05:13:00","modified_gmt":"2026-01-14T08:13:00","slug":"gnr-levantou-1-634-autos-em-tres-anos-465-por-falta-de-limpeza-de-terrenos","status":"publish","type":"post","link":"https:\/\/portaltela.pt\/noticias\/2026\/01\/14\/gnr-levantou-1-634-autos-em-tres-anos-465-por-falta-de-limpeza-de-terrenos\/","title":{"rendered":"GNR levantou 1.634 autos em tr\u00eas anos, 465 por falta de limpeza de terrenos"},"content":{"rendered":"<p>A Guarda Nacional Republicana (GNR) revelou que, entre 2023 e 2025, foram levantados 1.634 autos de contraordena\u00e7\u00e3o contra entidades, com 465 deles dirigidos a c\u00e2maras municipais. A maioria das autua\u00e7\u00f5es prende-se \u00e0 aus\u00eancia de limpeza de terrenos, no \u00e2mbito de medidas de preven\u00e7\u00e3o de fogos rurais.<\/p>\n<p>Segundo dados enviados \u00e0 Lusa, das contraordena\u00e7\u00f5es contra entidades, 1.374 referem-se ao incumprimento das obriga\u00e7\u00f5es relativas \u00e0 gest\u00e3o de combust\u00edvel. Destas, 465 foram contra c\u00e2maras municipais e 46 contra juntas de freguesia. Al\u00e9m disso, houve san\u00e7\u00f5es por uso indevido de maquinaria agr\u00edcola em per\u00edodos de elevado risco.<\/p>\n<p>No conjunto de 2023 a 2025, as autarquias acumularam 221 autos em 2023, 123 em 2024 e 121 em 2025, enquanto as juntas de freguesia registaram 17, 16 e 13 autos respetivamente. Em contrapartida, o relat\u00f3rio aponta 304 autos contra entidades privadas e gestoras de redes nacionais em 2023, 265 em 2024 e 294 em 2025.<\/p>\n<p>A gera\u00e7\u00e3o de autos por falta de limpeza de terrenos tem vindo a diminuir ao longo dos anos, com 4.737 ocorr\u00eancias em 2020, 3.207 em 2022, 2.288 em 2023 e valores interligados at\u00e9 2025, ainda que com sinaliza\u00e7\u00f5es de terreno em 2025 acima de 10 mil. A GNR explica que tende a recorrer primeiro \u00e0 sensibiliza\u00e7\u00e3o e \u00e0 comunica\u00e7\u00e3o com os propriet\u00e1rios, recorrendo aos autos apenas como \u00faltimo recurso.<\/p>\n<p>Ainda em 2025, at\u00e9 28 de setembro, a GNR registou 3.115 autos de contraordena\u00e7\u00e3o a particulares, com 2.507 por gest\u00e3o de combust\u00edvel, 460 por uso indevido de fogo e 37 por condicionamento de acessos. O objetivo, segundo o SEPNA, \u00e9 aumentar a consciencializa\u00e7\u00e3o p\u00fablica sobre a gest\u00e3o de combust\u00edvel e corrigir situa\u00e7\u00f5es prec\u00e1rias antes de abrir processos.<\/p>\n<p>A reparti\u00e7\u00e3o governamental n\u00e3o divulgou, por raz\u00e3o de prote\u00e7\u00e3o de dados, a identifica\u00e7\u00e3o das autarquias ou das entidades gestoras de redes autuadas. A maioria das autua\u00e7\u00f5es a entidades ocorreu nas regi\u00f5es centro e norte do pa\u00eds, conforme o recorte estat\u00edstico da GNR.<\/p>\n","protected":false},"excerpt":{"rendered":"<ul>\n<li>Entre 2023 e 2025, a GNR levantou 1.634 autos de contraordena\u00e7\u00e3o a entidades, sendo 465 a c\u00e2maras municipais, maioritariamente por falta de limpeza de terrenos.<\/li>\n<li>Do total, 1.374 autos dizem respeito ao incumprimento da gest\u00e3o de combust\u00edvel, com 465 a c\u00e2maras municipais e 46 a juntas de freguesia.<\/li>\n<li>Al\u00e9m disso, houve multas por uso indevido de maquinaria agr\u00edcola em per\u00edodos de alto risco de inc\u00eandios florestais.<\/li>\n<li>No que diz respeito \u00e0 gest\u00e3o de combust\u00edvel, as c\u00e2maras municipais tiveram 221 autos em 2023, 123 em 2024 e 121 em 2025; as juntas de freguesia registaram 17, 16 e 13 autos, respetivamente.<\/li>\n<li>Outras entidades coletivas (gestoras privadas e de redes) sumaram 304 autos em 2023, 265 em 2024 e 294 em 2025; a maioria ocorreu nas regi\u00f5es centro e norte do pa\u00eds.<\/li>\n<\/ul>\n","protected":false},"author":2,"featured_media":140620,"comment_status":"closed","ping_status":"closed","sticky":false,"template":"","format":"standard","meta":{"footnotes":""},"categories":[1],"tags":[167,1926,713,3074,320,250],"class_list":["post-140604","post","type-post","status-publish","format-standard","has-post-thumbnail","hentry","category-noticias","tag-ambiente","tag-contraordenacoes","tag-fogos","tag-gestao-de-combustivel","tag-protecao-civil","tag-seguranca-publica"],"yoast_head":"<!-- This site is optimized with the Yoast SEO plugin v27.2 - https:\/\/yoast.com\/product\/yoast-seo-wordpress\/ -->\n<title>GNR levantou 1.634 autos em tr\u00eas anos, 465 por falta de limpeza de terrenos - Portal Tela Portugal<\/title>\n<meta name=\"robots\" content=\"index, follow, max-snippet:-1, max-image-preview:large, max-video-preview:-1\" \/>\n<meta property=\"og:locale\" content=\"pt_PT\" \/>\n<meta property=\"og:type\" content=\"article\" \/>\n<meta property=\"og:title\" content=\"GNR levantou 1.634 autos em tr\u00eas anos, 465 por falta de limpeza de terrenos - Portal Tela Portugal\" \/>\n<meta property=\"og:description\" content=\"Entre 2023 e 2025, a GNR levantou 1.634 autos de contraordena\u00e7\u00e3o a entidades, sendo 465 a c\u00e2maras municipais, maioritariamente por falta de limpeza de terrenos. Do total, 1.374 autos dizem respeito ao incumprimento da gest\u00e3o de combust\u00edvel, com 465 a c\u00e2maras municipais e 46 a juntas de freguesia. Al\u00e9m disso, houve multas por uso indevido de maquinaria agr\u00edcola em per\u00edodos de alto risco de inc\u00eandios florestais. No que diz respeito \u00e0 gest\u00e3o de combust\u00edvel, as c\u00e2maras municipais tiveram 221 autos em 2023, 123 em 2024 e 121 em 2025; as juntas de freguesia registaram 17, 16 e 13 autos, respetivamente. Outras entidades coletivas (gestoras privadas e de redes) sumaram 304 autos em 2023, 265 em 2024 e 294 em 2025; a maioria ocorreu nas regi\u00f5es centro e norte do pa\u00eds.\" \/>\n<meta property=\"og:url\" content=\"https:\/\/portaltela.pt\/noticias\/2026\/01\/14\/gnr-levantou-1-634-autos-em-tres-anos-465-por-falta-de-limpeza-de-terrenos\/\" \/>\n<meta property=\"og:site_name\" content=\"Portal Tela Portugal\" \/>\n<meta property=\"article:published_time\" content=\"2026-01-14T08:13:00+00:00\" \/>\n<meta name=\"author\" content=\"Telinha\" \/>\n<meta name=\"twitter:card\" content=\"summary_large_image\" \/>\n<meta name=\"twitter:label1\" content=\"Escrito por\" \/>\n\t<meta name=\"twitter:data1\" content=\"Telinha\" \/>\n\t<meta name=\"twitter:label2\" content=\"Tempo estimado de leitura\" \/>\n\t<meta name=\"twitter:data2\" content=\"2 minutos\" \/>\n<script type=\"application\/ld+json\" class=\"yoast-schema-graph\">{\"@context\":\"https:\/\/schema.org\",\"@graph\":[{\"@type\":\"Article\",\"@id\":\"https:\/\/portaltela.pt\/noticias\/2026\/01\/14\/gnr-levantou-1-634-autos-em-tres-anos-465-por-falta-de-limpeza-de-terrenos\/#article\",\"isPartOf\":{\"@id\":\"https:\/\/portaltela.pt\/noticias\/2026\/01\/14\/gnr-levantou-1-634-autos-em-tres-anos-465-por-falta-de-limpeza-de-terrenos\/\"},\"author\":{\"name\":\"Telinha\",\"@id\":\"https:\/\/portaltela.pt\/#\/schema\/person\/c4278d4a6028830caff9ee44b42d32ed\"},\"headline\":\"GNR levantou 1.634 autos em tr\u00eas anos, 465 por falta de limpeza de terrenos\",\"datePublished\":\"2026-01-14T08:13:00+00:00\",\"mainEntityOfPage\":{\"@id\":\"https:\/\/portaltela.pt\/noticias\/2026\/01\/14\/gnr-levantou-1-634-autos-em-tres-anos-465-por-falta-de-limpeza-de-terrenos\/\"},\"wordCount\":324,\"image\":{\"@id\":\"https:\/\/portaltela.pt\/noticias\/2026\/01\/14\/gnr-levantou-1-634-autos-em-tres-anos-465-por-falta-de-limpeza-de-terrenos\/#primaryimage\"},\"thumbnailUrl\":\"https:\/\/portaltela.pt\/s.01k8rhncp4jt1\/2026\/01\/GNR-SEPNA-Campanha-Floresta-Segura-25.jpg\",\"keywords\":[\"ambiente\",\"contraordena\u00e7\u00f5es\",\"fogos\",\"gest\u00e3o de combust\u00edvel\",\"prote\u00e7\u00e3o civil\",\"seguran\u00e7a p\u00fablica\"],\"articleSection\":[\"Not\u00edcias\"],\"inLanguage\":\"pt-PT\"},{\"@type\":\"WebPage\",\"@id\":\"https:\/\/portaltela.pt\/noticias\/2026\/01\/14\/gnr-levantou-1-634-autos-em-tres-anos-465-por-falta-de-limpeza-de-terrenos\/\",\"url\":\"https:\/\/portaltela.pt\/noticias\/2026\/01\/14\/gnr-levantou-1-634-autos-em-tres-anos-465-por-falta-de-limpeza-de-terrenos\/\",\"name\":\"GNR levantou 1.634 autos em tr\u00eas anos, 465 por falta de limpeza de terrenos - Portal Tela Portugal\",\"isPartOf\":{\"@id\":\"https:\/\/portaltela.pt\/#website\"},\"primaryImageOfPage\":{\"@id\":\"https:\/\/portaltela.pt\/noticias\/2026\/01\/14\/gnr-levantou-1-634-autos-em-tres-anos-465-por-falta-de-limpeza-de-terrenos\/#primaryimage\"},\"image\":{\"@id\":\"https:\/\/portaltela.pt\/noticias\/2026\/01\/14\/gnr-levantou-1-634-autos-em-tres-anos-465-por-falta-de-limpeza-de-terrenos\/#primaryimage\"},\"thumbnailUrl\":\"https:\/\/portaltela.pt\/s.01k8rhncp4jt1\/2026\/01\/GNR-SEPNA-Campanha-Floresta-Segura-25.jpg\",\"datePublished\":\"2026-01-14T08:13:00+00:00\",\"author\":{\"@id\":\"https:\/\/portaltela.pt\/#\/schema\/person\/c4278d4a6028830caff9ee44b42d32ed\"},\"breadcrumb\":{\"@id\":\"https:\/\/portaltela.pt\/noticias\/2026\/01\/14\/gnr-levantou-1-634-autos-em-tres-anos-465-por-falta-de-limpeza-de-terrenos\/#breadcrumb\"},\"inLanguage\":\"pt-PT\",\"potentialAction\":[{\"@type\":\"ReadAction\",\"target\":[\"https:\/\/portaltela.pt\/noticias\/2026\/01\/14\/gnr-levantou-1-634-autos-em-tres-anos-465-por-falta-de-limpeza-de-terrenos\/\"]}]},{\"@type\":\"ImageObject\",\"inLanguage\":\"pt-PT\",\"@id\":\"https:\/\/portaltela.pt\/noticias\/2026\/01\/14\/gnr-levantou-1-634-autos-em-tres-anos-465-por-falta-de-limpeza-de-terrenos\/#primaryimage\",\"url\":\"https:\/\/portaltela.pt\/s.01k8rhncp4jt1\/2026\/01\/GNR-SEPNA-Campanha-Floresta-Segura-25.jpg\",\"contentUrl\":\"https:\/\/portaltela.pt\/s.01k8rhncp4jt1\/2026\/01\/GNR-SEPNA-Campanha-Floresta-Segura-25.jpg\",\"width\":796,\"height\":448,\"caption\":\"GNR refor\u00e7a vigil\u00e2ncia das florestas contra inc\u00eandios e j\u00e1 deteve 18 pessoas\"},{\"@type\":\"BreadcrumbList\",\"@id\":\"https:\/\/portaltela.pt\/noticias\/2026\/01\/14\/gnr-levantou-1-634-autos-em-tres-anos-465-por-falta-de-limpeza-de-terrenos\/#breadcrumb\",\"itemListElement\":[{\"@type\":\"ListItem\",\"position\":1,\"name\":\"In\u00edcio\",\"item\":\"https:\/\/portaltela.pt\/\"},{\"@type\":\"ListItem\",\"position\":2,\"name\":\"GNR levantou 1.634 autos em tr\u00eas anos, 465 por falta de limpeza de terrenos\"}]},{\"@type\":\"WebSite\",\"@id\":\"https:\/\/portaltela.pt\/#website\",\"url\":\"https:\/\/portaltela.pt\/\",\"name\":\"Portal Tela Portugal\",\"description\":\"\",\"potentialAction\":[{\"@type\":\"SearchAction\",\"target\":{\"@type\":\"EntryPoint\",\"urlTemplate\":\"https:\/\/portaltela.pt\/?s={search_term_string}\"},\"query-input\":{\"@type\":\"PropertyValueSpecification\",\"valueRequired\":true,\"valueName\":\"search_term_string\"}}],\"inLanguage\":\"pt-PT\"},{\"@type\":\"Person\",\"@id\":\"https:\/\/portaltela.pt\/#\/schema\/person\/c4278d4a6028830caff9ee44b42d32ed\",\"name\":\"Telinha\",\"image\":{\"@type\":\"ImageObject\",\"inLanguage\":\"pt-PT\",\"@id\":\"https:\/\/portaltela.pt\/s.01k8rhncp4jt1\/2025\/11\/talking-bot-125x125.png\",\"url\":\"https:\/\/portaltela.pt\/s.01k8rhncp4jt1\/2025\/11\/talking-bot-125x125.png\",\"contentUrl\":\"https:\/\/portaltela.pt\/s.01k8rhncp4jt1\/2025\/11\/talking-bot-125x125.png\",\"caption\":\"Telinha\"},\"sameAs\":[\"https:\/\/portaltela.pt\/\"],\"url\":\"https:\/\/portaltela.pt\/por\/367410592786\/\"}]}<\/script>\n<!-- \/ Yoast SEO plugin. -->","yoast_head_json":{"title":"GNR levantou 1.634 autos em tr\u00eas anos, 465 por falta de limpeza de terrenos - Portal Tela Portugal","robots":{"index":"index","follow":"follow","max-snippet":"max-snippet:-1","max-image-preview":"max-image-preview:large","max-video-preview":"max-video-preview:-1"},"og_locale":"pt_PT","og_type":"article","og_title":"GNR levantou 1.634 autos em tr\u00eas anos, 465 por falta de limpeza de terrenos - Portal Tela Portugal","og_description":"Entre 2023 e 2025, a GNR levantou 1.634 autos de contraordena\u00e7\u00e3o a entidades, sendo 465 a c\u00e2maras municipais, maioritariamente por falta de limpeza de terrenos. Do total, 1.374 autos dizem respeito ao incumprimento da gest\u00e3o de combust\u00edvel, com 465 a c\u00e2maras municipais e 46 a juntas de freguesia. Al\u00e9m disso, houve multas por uso indevido de maquinaria agr\u00edcola em per\u00edodos de alto risco de inc\u00eandios florestais. No que diz respeito \u00e0 gest\u00e3o de combust\u00edvel, as c\u00e2maras municipais tiveram 221 autos em 2023, 123 em 2024 e 121 em 2025; as juntas de freguesia registaram 17, 16 e 13 autos, respetivamente. Outras entidades coletivas (gestoras privadas e de redes) sumaram 304 autos em 2023, 265 em 2024 e 294 em 2025; a maioria ocorreu nas regi\u00f5es centro e norte do pa\u00eds.","og_url":"https:\/\/portaltela.pt\/noticias\/2026\/01\/14\/gnr-levantou-1-634-autos-em-tres-anos-465-por-falta-de-limpeza-de-terrenos\/","og_site_name":"Portal Tela Portugal","article_published_time":"2026-01-14T08:13:00+00:00","author":"Telinha","twitter_card":"summary_large_image","twitter_misc":{"Escrito por":"Telinha","Tempo estimado de leitura":"2 minutos"},"schema":{"@context":"https:\/\/schema.org","@graph":[{"@type":"Article","@id":"https:\/\/portaltela.pt\/noticias\/2026\/01\/14\/gnr-levantou-1-634-autos-em-tres-anos-465-por-falta-de-limpeza-de-terrenos\/#article","isPartOf":{"@id":"https:\/\/portaltela.pt\/noticias\/2026\/01\/14\/gnr-levantou-1-634-autos-em-tres-anos-465-por-falta-de-limpeza-de-terrenos\/"},"author":{"name":"Telinha","@id":"https:\/\/portaltela.pt\/#\/schema\/person\/c4278d4a6028830caff9ee44b42d32ed"},"headline":"GNR levantou 1.634 autos em tr\u00eas anos, 465 por falta de limpeza de terrenos","datePublished":"2026-01-14T08:13:00+00:00","mainEntityOfPage":{"@id":"https:\/\/portaltela.pt\/noticias\/2026\/01\/14\/gnr-levantou-1-634-autos-em-tres-anos-465-por-falta-de-limpeza-de-terrenos\/"},"wordCount":324,"image":{"@id":"https:\/\/portaltela.pt\/noticias\/2026\/01\/14\/gnr-levantou-1-634-autos-em-tres-anos-465-por-falta-de-limpeza-de-terrenos\/#primaryimage"},"thumbnailUrl":"https:\/\/portaltela.pt\/s.01k8rhncp4jt1\/2026\/01\/GNR-SEPNA-Campanha-Floresta-Segura-25.jpg","keywords":["ambiente","contraordena\u00e7\u00f5es","fogos","gest\u00e3o de combust\u00edvel","prote\u00e7\u00e3o civil","seguran\u00e7a p\u00fablica"],"articleSection":["Not\u00edcias"],"inLanguage":"pt-PT"},{"@type":"WebPage","@id":"https:\/\/portaltela.pt\/noticias\/2026\/01\/14\/gnr-levantou-1-634-autos-em-tres-anos-465-por-falta-de-limpeza-de-terrenos\/","url":"https:\/\/portaltela.pt\/noticias\/2026\/01\/14\/gnr-levantou-1-634-autos-em-tres-anos-465-por-falta-de-limpeza-de-terrenos\/","name":"GNR levantou 1.634 autos em tr\u00eas anos, 465 por falta de limpeza de terrenos - Portal Tela Portugal","isPartOf":{"@id":"https:\/\/portaltela.pt\/#website"},"primaryImageOfPage":{"@id":"https:\/\/portaltela.pt\/noticias\/2026\/01\/14\/gnr-levantou-1-634-autos-em-tres-anos-465-por-falta-de-limpeza-de-terrenos\/#primaryimage"},"image":{"@id":"https:\/\/portaltela.pt\/noticias\/2026\/01\/14\/gnr-levantou-1-634-autos-em-tres-anos-465-por-falta-de-limpeza-de-terrenos\/#primaryimage"},"thumbnailUrl":"https:\/\/portaltela.pt\/s.01k8rhncp4jt1\/2026\/01\/GNR-SEPNA-Campanha-Floresta-Segura-25.jpg","datePublished":"2026-01-14T08:13:00+00:00","author":{"@id":"https:\/\/portaltela.pt\/#\/schema\/person\/c4278d4a6028830caff9ee44b42d32ed"},"breadcrumb":{"@id":"https:\/\/portaltela.pt\/noticias\/2026\/01\/14\/gnr-levantou-1-634-autos-em-tres-anos-465-por-falta-de-limpeza-de-terrenos\/#breadcrumb"},"inLanguage":"pt-PT","potentialAction":[{"@type":"ReadAction","target":["https:\/\/portaltela.pt\/noticias\/2026\/01\/14\/gnr-levantou-1-634-autos-em-tres-anos-465-por-falta-de-limpeza-de-terrenos\/"]}]},{"@type":"ImageObject","inLanguage":"pt-PT","@id":"https:\/\/portaltela.pt\/noticias\/2026\/01\/14\/gnr-levantou-1-634-autos-em-tres-anos-465-por-falta-de-limpeza-de-terrenos\/#primaryimage","url":"https:\/\/portaltela.pt\/s.01k8rhncp4jt1\/2026\/01\/GNR-SEPNA-Campanha-Floresta-Segura-25.jpg","contentUrl":"https:\/\/portaltela.pt\/s.01k8rhncp4jt1\/2026\/01\/GNR-SEPNA-Campanha-Floresta-Segura-25.jpg","width":796,"height":448,"caption":"GNR refor\u00e7a vigil\u00e2ncia das florestas contra inc\u00eandios e j\u00e1 deteve 18 pessoas"},{"@type":"BreadcrumbList","@id":"https:\/\/portaltela.pt\/noticias\/2026\/01\/14\/gnr-levantou-1-634-autos-em-tres-anos-465-por-falta-de-limpeza-de-terrenos\/#breadcrumb","itemListElement":[{"@type":"ListItem","position":1,"name":"In\u00edcio","item":"https:\/\/portaltela.pt\/"},{"@type":"ListItem","position":2,"name":"GNR levantou 1.634 autos em tr\u00eas anos, 465 por falta de limpeza de terrenos"}]},{"@type":"WebSite","@id":"https:\/\/portaltela.pt\/#website","url":"https:\/\/portaltela.pt\/","name":"Portal Tela Portugal","description":"","potentialAction":[{"@type":"SearchAction","target":{"@type":"EntryPoint","urlTemplate":"https:\/\/portaltela.pt\/?s={search_term_string}"},"query-input":{"@type":"PropertyValueSpecification","valueRequired":true,"valueName":"search_term_string"}}],"inLanguage":"pt-PT"},{"@type":"Person","@id":"https:\/\/portaltela.pt\/#\/schema\/person\/c4278d4a6028830caff9ee44b42d32ed","name":"Telinha","image":{"@type":"ImageObject","inLanguage":"pt-PT","@id":"https:\/\/portaltela.pt\/s.01k8rhncp4jt1\/2025\/11\/talking-bot-125x125.png","url":"https:\/\/portaltela.pt\/s.01k8rhncp4jt1\/2025\/11\/talking-bot-125x125.png","contentUrl":"https:\/\/portaltela.pt\/s.01k8rhncp4jt1\/2025\/11\/talking-bot-125x125.png","caption":"Telinha"},"sameAs":["https:\/\/portaltela.pt\/"],"url":"https:\/\/portaltela.pt\/por\/367410592786\/"}]}},"_links":{"self":[{"href":"https:\/\/portaltela.pt\/api\/wp\/v2\/posts\/140604","targetHints":{"allow":["GET"]}}],"collection":[{"href":"https:\/\/portaltela.pt\/api\/wp\/v2\/posts"}],"about":[{"href":"https:\/\/portaltela.pt\/api\/wp\/v2\/types\/post"}],"author":[{"embeddable":true,"href":"https:\/\/portaltela.pt\/api\/wp\/v2\/users\/2"}],"replies":[{"embeddable":true,"href":"https:\/\/portaltela.pt\/api\/wp\/v2\/comments?post=140604"}],"version-history":[{"count":0,"href":"https:\/\/portaltela.pt\/api\/wp\/v2\/posts\/140604\/revisions"}],"wp:featuredmedia":[{"embeddable":true,"href":"https:\/\/portaltela.pt\/api\/wp\/v2\/media\/140620"}],"wp:attachment":[{"href":"https:\/\/portaltela.pt\/api\/wp\/v2\/media?parent=140604"}],"wp:term":[{"taxonomy":"category","embeddable":true,"href":"https:\/\/portaltela.pt\/api\/wp\/v2\/categories?post=140604"},{"taxonomy":"post_tag","embeddable":true,"href":"https:\/\/portaltela.pt\/api\/wp\/v2\/tags?post=140604"}],"curies":[{"name":"wp","href":"https:\/\/api.w.org\/{rel}","templated":true}]}}