{"id":140593,"date":"2026-01-14T05:26:47","date_gmt":"2026-01-14T08:26:47","guid":{"rendered":"https:\/\/portaltela.pt\/noticias\/2026\/01\/14\/rui-pinto-impede-entrada-no-japao-e-lamenta-falhas-da-embaixada\/"},"modified":"2026-01-14T05:26:47","modified_gmt":"2026-01-14T08:26:47","slug":"rui-pinto-impede-entrada-no-japao-e-lamenta-falhas-da-embaixada","status":"publish","type":"post","link":"https:\/\/portaltela.pt\/noticias\/2026\/01\/14\/rui-pinto-impede-entrada-no-japao-e-lamenta-falhas-da-embaixada\/","title":{"rendered":"Rui Pinto impede entrada no Jap\u00e3o e lamenta falhas da Embaixada"},"content":{"rendered":"<p>Rui Pinto foi impedido de entrar no Jap\u00e3o durante uma viagem a T\u00f3quio. O hacker portugu\u00eas foi condenado a quatro anos de pris\u00e3o com pena suspensa no \u00e2mbito do processo Football Leaks, o que motivou a recusa de entrada no territ\u00f3rio japon\u00eas.<\/p>\n<p>Segundo declara\u00e7\u00f5es atribu\u00eddas ao pr\u00f3prio Pinto, aterrou hoje em T\u00f3quio e n\u00e3o lhe foi permitida a entrada por j\u00e1 ter sido condenado em Portugal. O interveniente afirmou que nem a Embaixada do Jap\u00e3o em Lisboa, nem os Servi\u00e7os de Imigra\u00e7\u00e3o de T\u00f3quio esclareceram atempadamente a exist\u00eancia de entraves \u00e0 sua entrada, apesar de ter contactado previamente as autoridades.<\/p>\n<h3>Contexto do Processo Football Leaks<\/h3>\n<p>O caso Football Leaks envolve den\u00fancias de fugas de informa\u00e7\u00e3o relacionadas com o futebol europeu. Rui Pinto foi condenado em Portugal a quatro anos de pris\u00e3o, com pena suspensa, pelos crimes de divulga\u00e7\u00e3o de informa\u00e7\u00f5es confidenciais e outros delitos conexos. A decis\u00e3o ocorreu no \u00e2mbito do referido processo, que ganhou notoriedade internacional. A entrada no Jap\u00e3o foi negada com base na condena\u00e7\u00e3o mencionada.<\/p>\n","protected":false},"excerpt":{"rendered":"<ul>\n<li>Rui Pinto foi impedido de entrar no Jap\u00e3o numa viagem a T\u00f3quio.<\/li>\n<li>O hacker portugu\u00eas tem uma condena\u00e7\u00e3o de quatro anos de pris\u00e3o com pena suspensa no processo Football Leaks.<\/li>\n<li>Alega que a Embaixada do Jap\u00e3o em Lisboa e os Servi\u00e7os de Imigra\u00e7\u00e3o de T\u00f3quio n\u00e3o esclareceram atempadamente os entraves \u00e0 sua entrada.<\/li>\n<li>Disse ter contactado previamente para perceber a exist\u00eancia de obst\u00e1culos, o que, segundo ele, teria evitado a viagem.<\/li>\n<\/ul>\n","protected":false},"author":2,"featured_media":140609,"comment_status":"closed","ping_status":"closed","sticky":false,"template":"","format":"standard","meta":{"footnotes":""},"categories":[1],"tags":[1384,147,32,712,217,1014],"class_list":["post-140593","post","type-post","status-publish","format-standard","has-post-thumbnail","hentry","category-noticias","tag-condenacoes-internacionais","tag-crime","tag-futebol","tag-imigracao","tag-investigacao-criminal","tag-portugal"],"yoast_head":"<!-- This site is optimized with the Yoast SEO plugin v27.2 - https:\/\/yoast.com\/product\/yoast-seo-wordpress\/ -->\n<title>Rui Pinto impede entrada no Jap\u00e3o e lamenta falhas da Embaixada - Portal Tela Portugal<\/title>\n<meta name=\"robots\" content=\"index, follow, max-snippet:-1, max-image-preview:large, max-video-preview:-1\" \/>\n<meta property=\"og:locale\" content=\"pt_PT\" \/>\n<meta property=\"og:type\" content=\"article\" \/>\n<meta property=\"og:title\" content=\"Rui Pinto impede entrada no Jap\u00e3o e lamenta falhas da Embaixada - Portal Tela Portugal\" \/>\n<meta property=\"og:description\" content=\"Rui Pinto foi impedido de entrar no Jap\u00e3o numa viagem a T\u00f3quio. O hacker portugu\u00eas tem uma condena\u00e7\u00e3o de quatro anos de pris\u00e3o com pena suspensa no processo Football Leaks. Alega que a Embaixada do Jap\u00e3o em Lisboa e os Servi\u00e7os de Imigra\u00e7\u00e3o de T\u00f3quio n\u00e3o esclareceram atempadamente os entraves \u00e0 sua entrada. Disse ter contactado previamente para perceber a exist\u00eancia de obst\u00e1culos, o que, segundo ele, teria evitado a viagem.\" \/>\n<meta property=\"og:url\" content=\"https:\/\/portaltela.pt\/noticias\/2026\/01\/14\/rui-pinto-impede-entrada-no-japao-e-lamenta-falhas-da-embaixada\/\" \/>\n<meta property=\"og:site_name\" content=\"Portal Tela Portugal\" \/>\n<meta property=\"article:published_time\" content=\"2026-01-14T08:26:47+00:00\" \/>\n<meta name=\"author\" content=\"Telinha\" \/>\n<meta name=\"twitter:card\" content=\"summary_large_image\" \/>\n<meta name=\"twitter:label1\" content=\"Escrito por\" \/>\n\t<meta name=\"twitter:data1\" content=\"Telinha\" \/>\n\t<meta name=\"twitter:label2\" content=\"Tempo estimado de leitura\" \/>\n\t<meta name=\"twitter:data2\" content=\"1 minuto\" \/>\n<script type=\"application\/ld+json\" class=\"yoast-schema-graph\">{\"@context\":\"https:\/\/schema.org\",\"@graph\":[{\"@type\":\"Article\",\"@id\":\"https:\/\/portaltela.pt\/noticias\/2026\/01\/14\/rui-pinto-impede-entrada-no-japao-e-lamenta-falhas-da-embaixada\/#article\",\"isPartOf\":{\"@id\":\"https:\/\/portaltela.pt\/noticias\/2026\/01\/14\/rui-pinto-impede-entrada-no-japao-e-lamenta-falhas-da-embaixada\/\"},\"author\":{\"name\":\"Telinha\",\"@id\":\"https:\/\/portaltela.pt\/#\/schema\/person\/c4278d4a6028830caff9ee44b42d32ed\"},\"headline\":\"Rui Pinto impede entrada no Jap\u00e3o e lamenta falhas da Embaixada\",\"datePublished\":\"2026-01-14T08:26:47+00:00\",\"mainEntityOfPage\":{\"@id\":\"https:\/\/portaltela.pt\/noticias\/2026\/01\/14\/rui-pinto-impede-entrada-no-japao-e-lamenta-falhas-da-embaixada\/\"},\"wordCount\":203,\"image\":{\"@id\":\"https:\/\/portaltela.pt\/noticias\/2026\/01\/14\/rui-pinto-impede-entrada-no-japao-e-lamenta-falhas-da-embaixada\/#primaryimage\"},\"thumbnailUrl\":\"https:\/\/portaltela.pt\/s.01k8rhncp4jt1\/2026\/01\/img_920x518uu2025-05-16-12-25-49-2362950.jpg\",\"keywords\":[\"condena\u00e7\u00f5es internacionais\",\"crime\",\"futebol\",\"imigra\u00e7\u00e3o\",\"investiga\u00e7\u00e3o criminal\",\"Portugal\"],\"articleSection\":[\"Not\u00edcias\"],\"inLanguage\":\"pt-PT\"},{\"@type\":\"WebPage\",\"@id\":\"https:\/\/portaltela.pt\/noticias\/2026\/01\/14\/rui-pinto-impede-entrada-no-japao-e-lamenta-falhas-da-embaixada\/\",\"url\":\"https:\/\/portaltela.pt\/noticias\/2026\/01\/14\/rui-pinto-impede-entrada-no-japao-e-lamenta-falhas-da-embaixada\/\",\"name\":\"Rui Pinto impede entrada no Jap\u00e3o e lamenta falhas da Embaixada - Portal Tela Portugal\",\"isPartOf\":{\"@id\":\"https:\/\/portaltela.pt\/#website\"},\"primaryImageOfPage\":{\"@id\":\"https:\/\/portaltela.pt\/noticias\/2026\/01\/14\/rui-pinto-impede-entrada-no-japao-e-lamenta-falhas-da-embaixada\/#primaryimage\"},\"image\":{\"@id\":\"https:\/\/portaltela.pt\/noticias\/2026\/01\/14\/rui-pinto-impede-entrada-no-japao-e-lamenta-falhas-da-embaixada\/#primaryimage\"},\"thumbnailUrl\":\"https:\/\/portaltela.pt\/s.01k8rhncp4jt1\/2026\/01\/img_920x518uu2025-05-16-12-25-49-2362950.jpg\",\"datePublished\":\"2026-01-14T08:26:47+00:00\",\"author\":{\"@id\":\"https:\/\/portaltela.pt\/#\/schema\/person\/c4278d4a6028830caff9ee44b42d32ed\"},\"breadcrumb\":{\"@id\":\"https:\/\/portaltela.pt\/noticias\/2026\/01\/14\/rui-pinto-impede-entrada-no-japao-e-lamenta-falhas-da-embaixada\/#breadcrumb\"},\"inLanguage\":\"pt-PT\",\"potentialAction\":[{\"@type\":\"ReadAction\",\"target\":[\"https:\/\/portaltela.pt\/noticias\/2026\/01\/14\/rui-pinto-impede-entrada-no-japao-e-lamenta-falhas-da-embaixada\/\"]}]},{\"@type\":\"ImageObject\",\"inLanguage\":\"pt-PT\",\"@id\":\"https:\/\/portaltela.pt\/noticias\/2026\/01\/14\/rui-pinto-impede-entrada-no-japao-e-lamenta-falhas-da-embaixada\/#primaryimage\",\"url\":\"https:\/\/portaltela.pt\/s.01k8rhncp4jt1\/2026\/01\/img_920x518uu2025-05-16-12-25-49-2362950.jpg\",\"contentUrl\":\"https:\/\/portaltela.pt\/s.01k8rhncp4jt1\/2026\/01\/img_920x518uu2025-05-16-12-25-49-2362950.jpg\",\"width\":796,\"height\":448,\"caption\":\"Rui Pinto\"},{\"@type\":\"BreadcrumbList\",\"@id\":\"https:\/\/portaltela.pt\/noticias\/2026\/01\/14\/rui-pinto-impede-entrada-no-japao-e-lamenta-falhas-da-embaixada\/#breadcrumb\",\"itemListElement\":[{\"@type\":\"ListItem\",\"position\":1,\"name\":\"In\u00edcio\",\"item\":\"https:\/\/portaltela.pt\/\"},{\"@type\":\"ListItem\",\"position\":2,\"name\":\"Rui Pinto impede entrada no Jap\u00e3o e lamenta falhas da Embaixada\"}]},{\"@type\":\"WebSite\",\"@id\":\"https:\/\/portaltela.pt\/#website\",\"url\":\"https:\/\/portaltela.pt\/\",\"name\":\"Portal Tela Portugal\",\"description\":\"\",\"potentialAction\":[{\"@type\":\"SearchAction\",\"target\":{\"@type\":\"EntryPoint\",\"urlTemplate\":\"https:\/\/portaltela.pt\/?s={search_term_string}\"},\"query-input\":{\"@type\":\"PropertyValueSpecification\",\"valueRequired\":true,\"valueName\":\"search_term_string\"}}],\"inLanguage\":\"pt-PT\"},{\"@type\":\"Person\",\"@id\":\"https:\/\/portaltela.pt\/#\/schema\/person\/c4278d4a6028830caff9ee44b42d32ed\",\"name\":\"Telinha\",\"image\":{\"@type\":\"ImageObject\",\"inLanguage\":\"pt-PT\",\"@id\":\"https:\/\/portaltela.pt\/s.01k8rhncp4jt1\/2025\/11\/talking-bot-125x125.png\",\"url\":\"https:\/\/portaltela.pt\/s.01k8rhncp4jt1\/2025\/11\/talking-bot-125x125.png\",\"contentUrl\":\"https:\/\/portaltela.pt\/s.01k8rhncp4jt1\/2025\/11\/talking-bot-125x125.png\",\"caption\":\"Telinha\"},\"sameAs\":[\"https:\/\/portaltela.pt\/\"],\"url\":\"https:\/\/portaltela.pt\/por\/367410592786\/\"}]}<\/script>\n<!-- \/ Yoast SEO plugin. -->","yoast_head_json":{"title":"Rui Pinto impede entrada no Jap\u00e3o e lamenta falhas da Embaixada - Portal Tela Portugal","robots":{"index":"index","follow":"follow","max-snippet":"max-snippet:-1","max-image-preview":"max-image-preview:large","max-video-preview":"max-video-preview:-1"},"og_locale":"pt_PT","og_type":"article","og_title":"Rui Pinto impede entrada no Jap\u00e3o e lamenta falhas da Embaixada - Portal Tela Portugal","og_description":"Rui Pinto foi impedido de entrar no Jap\u00e3o numa viagem a T\u00f3quio. O hacker portugu\u00eas tem uma condena\u00e7\u00e3o de quatro anos de pris\u00e3o com pena suspensa no processo Football Leaks. Alega que a Embaixada do Jap\u00e3o em Lisboa e os Servi\u00e7os de Imigra\u00e7\u00e3o de T\u00f3quio n\u00e3o esclareceram atempadamente os entraves \u00e0 sua entrada. Disse ter contactado previamente para perceber a exist\u00eancia de obst\u00e1culos, o que, segundo ele, teria evitado a viagem.","og_url":"https:\/\/portaltela.pt\/noticias\/2026\/01\/14\/rui-pinto-impede-entrada-no-japao-e-lamenta-falhas-da-embaixada\/","og_site_name":"Portal Tela Portugal","article_published_time":"2026-01-14T08:26:47+00:00","author":"Telinha","twitter_card":"summary_large_image","twitter_misc":{"Escrito por":"Telinha","Tempo estimado de leitura":"1 minuto"},"schema":{"@context":"https:\/\/schema.org","@graph":[{"@type":"Article","@id":"https:\/\/portaltela.pt\/noticias\/2026\/01\/14\/rui-pinto-impede-entrada-no-japao-e-lamenta-falhas-da-embaixada\/#article","isPartOf":{"@id":"https:\/\/portaltela.pt\/noticias\/2026\/01\/14\/rui-pinto-impede-entrada-no-japao-e-lamenta-falhas-da-embaixada\/"},"author":{"name":"Telinha","@id":"https:\/\/portaltela.pt\/#\/schema\/person\/c4278d4a6028830caff9ee44b42d32ed"},"headline":"Rui Pinto impede entrada no Jap\u00e3o e lamenta falhas da Embaixada","datePublished":"2026-01-14T08:26:47+00:00","mainEntityOfPage":{"@id":"https:\/\/portaltela.pt\/noticias\/2026\/01\/14\/rui-pinto-impede-entrada-no-japao-e-lamenta-falhas-da-embaixada\/"},"wordCount":203,"image":{"@id":"https:\/\/portaltela.pt\/noticias\/2026\/01\/14\/rui-pinto-impede-entrada-no-japao-e-lamenta-falhas-da-embaixada\/#primaryimage"},"thumbnailUrl":"https:\/\/portaltela.pt\/s.01k8rhncp4jt1\/2026\/01\/img_920x518uu2025-05-16-12-25-49-2362950.jpg","keywords":["condena\u00e7\u00f5es internacionais","crime","futebol","imigra\u00e7\u00e3o","investiga\u00e7\u00e3o criminal","Portugal"],"articleSection":["Not\u00edcias"],"inLanguage":"pt-PT"},{"@type":"WebPage","@id":"https:\/\/portaltela.pt\/noticias\/2026\/01\/14\/rui-pinto-impede-entrada-no-japao-e-lamenta-falhas-da-embaixada\/","url":"https:\/\/portaltela.pt\/noticias\/2026\/01\/14\/rui-pinto-impede-entrada-no-japao-e-lamenta-falhas-da-embaixada\/","name":"Rui Pinto impede entrada no Jap\u00e3o e lamenta falhas da Embaixada - Portal Tela Portugal","isPartOf":{"@id":"https:\/\/portaltela.pt\/#website"},"primaryImageOfPage":{"@id":"https:\/\/portaltela.pt\/noticias\/2026\/01\/14\/rui-pinto-impede-entrada-no-japao-e-lamenta-falhas-da-embaixada\/#primaryimage"},"image":{"@id":"https:\/\/portaltela.pt\/noticias\/2026\/01\/14\/rui-pinto-impede-entrada-no-japao-e-lamenta-falhas-da-embaixada\/#primaryimage"},"thumbnailUrl":"https:\/\/portaltela.pt\/s.01k8rhncp4jt1\/2026\/01\/img_920x518uu2025-05-16-12-25-49-2362950.jpg","datePublished":"2026-01-14T08:26:47+00:00","author":{"@id":"https:\/\/portaltela.pt\/#\/schema\/person\/c4278d4a6028830caff9ee44b42d32ed"},"breadcrumb":{"@id":"https:\/\/portaltela.pt\/noticias\/2026\/01\/14\/rui-pinto-impede-entrada-no-japao-e-lamenta-falhas-da-embaixada\/#breadcrumb"},"inLanguage":"pt-PT","potentialAction":[{"@type":"ReadAction","target":["https:\/\/portaltela.pt\/noticias\/2026\/01\/14\/rui-pinto-impede-entrada-no-japao-e-lamenta-falhas-da-embaixada\/"]}]},{"@type":"ImageObject","inLanguage":"pt-PT","@id":"https:\/\/portaltela.pt\/noticias\/2026\/01\/14\/rui-pinto-impede-entrada-no-japao-e-lamenta-falhas-da-embaixada\/#primaryimage","url":"https:\/\/portaltela.pt\/s.01k8rhncp4jt1\/2026\/01\/img_920x518uu2025-05-16-12-25-49-2362950.jpg","contentUrl":"https:\/\/portaltela.pt\/s.01k8rhncp4jt1\/2026\/01\/img_920x518uu2025-05-16-12-25-49-2362950.jpg","width":796,"height":448,"caption":"Rui Pinto"},{"@type":"BreadcrumbList","@id":"https:\/\/portaltela.pt\/noticias\/2026\/01\/14\/rui-pinto-impede-entrada-no-japao-e-lamenta-falhas-da-embaixada\/#breadcrumb","itemListElement":[{"@type":"ListItem","position":1,"name":"In\u00edcio","item":"https:\/\/portaltela.pt\/"},{"@type":"ListItem","position":2,"name":"Rui Pinto impede entrada no Jap\u00e3o e lamenta falhas da Embaixada"}]},{"@type":"WebSite","@id":"https:\/\/portaltela.pt\/#website","url":"https:\/\/portaltela.pt\/","name":"Portal Tela Portugal","description":"","potentialAction":[{"@type":"SearchAction","target":{"@type":"EntryPoint","urlTemplate":"https:\/\/portaltela.pt\/?s={search_term_string}"},"query-input":{"@type":"PropertyValueSpecification","valueRequired":true,"valueName":"search_term_string"}}],"inLanguage":"pt-PT"},{"@type":"Person","@id":"https:\/\/portaltela.pt\/#\/schema\/person\/c4278d4a6028830caff9ee44b42d32ed","name":"Telinha","image":{"@type":"ImageObject","inLanguage":"pt-PT","@id":"https:\/\/portaltela.pt\/s.01k8rhncp4jt1\/2025\/11\/talking-bot-125x125.png","url":"https:\/\/portaltela.pt\/s.01k8rhncp4jt1\/2025\/11\/talking-bot-125x125.png","contentUrl":"https:\/\/portaltela.pt\/s.01k8rhncp4jt1\/2025\/11\/talking-bot-125x125.png","caption":"Telinha"},"sameAs":["https:\/\/portaltela.pt\/"],"url":"https:\/\/portaltela.pt\/por\/367410592786\/"}]}},"_links":{"self":[{"href":"https:\/\/portaltela.pt\/api\/wp\/v2\/posts\/140593","targetHints":{"allow":["GET"]}}],"collection":[{"href":"https:\/\/portaltela.pt\/api\/wp\/v2\/posts"}],"about":[{"href":"https:\/\/portaltela.pt\/api\/wp\/v2\/types\/post"}],"author":[{"embeddable":true,"href":"https:\/\/portaltela.pt\/api\/wp\/v2\/users\/2"}],"replies":[{"embeddable":true,"href":"https:\/\/portaltela.pt\/api\/wp\/v2\/comments?post=140593"}],"version-history":[{"count":0,"href":"https:\/\/portaltela.pt\/api\/wp\/v2\/posts\/140593\/revisions"}],"wp:featuredmedia":[{"embeddable":true,"href":"https:\/\/portaltela.pt\/api\/wp\/v2\/media\/140609"}],"wp:attachment":[{"href":"https:\/\/portaltela.pt\/api\/wp\/v2\/media?parent=140593"}],"wp:term":[{"taxonomy":"category","embeddable":true,"href":"https:\/\/portaltela.pt\/api\/wp\/v2\/categories?post=140593"},{"taxonomy":"post_tag","embeddable":true,"href":"https:\/\/portaltela.pt\/api\/wp\/v2\/tags?post=140593"}],"curies":[{"name":"wp","href":"https:\/\/api.w.org\/{rel}","templated":true}]}}