{"id":140502,"date":"2026-01-14T04:28:00","date_gmt":"2026-01-14T07:28:00","guid":{"rendered":"https:\/\/portaltela.pt\/noticias\/2026\/01\/14\/julgamento-de-elon-musk-contra-openai-comeca-em-abril\/"},"modified":"2026-01-14T04:28:00","modified_gmt":"2026-01-14T07:28:00","slug":"julgamento-de-elon-musk-contra-openai-comeca-em-abril","status":"publish","type":"post","link":"https:\/\/portaltela.pt\/noticias\/2026\/01\/14\/julgamento-de-elon-musk-contra-openai-comeca-em-abril\/","title":{"rendered":"Julgamento de Elon Musk contra OpenAI come\u00e7a em abril"},"content":{"rendered":"<p>Elon Musk avan\u00e7ou com uma a\u00e7\u00e3o contra a OpenAI e dois dos seus l\u00edderes, em que acusa a organiza\u00e7\u00e3o de ter desviado da sua miss\u00e3o original. O processo tem in\u00edcio marcado para o dia 27 de abril, numa corte federal de Oakland, Calif\u00f3rnia, com o julgamento previsto para come\u00e7ar nesse dia.<\/p>\n<p>De acordo com o processo, Musk afirma que Greg Brockman e Sam Altman alteraram os estatutos da OpenAI em 2025 para transformar a empresa numa entidade privada com fins lucrativos, afastando-a do modelo inicial de organiza\u00e7\u00e3o sem fins lucrativos. O objetivo, segundo o queixa, foi facilitar a capta\u00e7\u00e3o de fundos e ampliar o controlo de acionistas.<\/p>\n<p>Musk co-fundou a OpenAI em 2015 e afastou-se da co-presid\u00eancia em 2018, mantendo contactos com a dire\u00e7\u00e3o. O empres\u00e1rio contesta a mudan\u00e7a de estrat\u00e9gia, que incluiu a passagem de uma filosofia de c\u00f3digo aberto at\u00e9 modelos fechados, com menos acesso ao c\u00f3digo-fonte.<\/p>\n<h3>Contexto do caso<\/h3>\n<p>O processo alega que a ideia do nome OpenAI refletia uma miss\u00e3o de IA ben\u00e9fica para a humanidade, em contraste com interesses lucrativos. O incidente hist\u00f3rico envolve tamb\u00e9m a cr\u00edtica de Musk \u00e0 nova dire\u00e7\u00e3o, e a subsequente cria\u00e7\u00e3o da sua pr\u00f3pria empresa, a xAI, com fins lucrativos, ap\u00f3s a mudan\u00e7a de curso da OpenAI.<\/p>\n<p>O documento judicial indica ainda que a lideran\u00e7a enfrentou d\u00favidas sobre transpar\u00eancia em novembro de 2023, com a demiss\u00e3o tempor\u00e1ria de Altman e subsequente reintegro sob press\u00e3o de funcion\u00e1rios. O tribunal dever\u00e1 esclarecer a gest\u00e3o da OpenAI sob a lideran\u00e7a atual.<\/p>\n<p>O desfecho do caso poder\u00e1 esclarecer a rela\u00e7\u00e3o entre a miss\u00e3o original da OpenAI e a sua evolu\u00e7\u00e3o para uma estrutura mais permissiva a investimentos privados, bem como o papel de Altman na dire\u00e7\u00e3o da empresa. As partes envolvidas n\u00e3o comentaram de forma p\u00fablica antes do julgamento.<\/p>\n","protected":false},"excerpt":{"rendered":"<ul>\n<li>O julgamento do processo de Elon Musk contra a OpenAI e dois dos seus dirigentes come\u00e7a a 27 de abril, em Oakland, Calif\u00f3rnia.<\/li>\n<li>Musk acusa Greg Brockman e Sam Altman de desviarem a OpenAI da sua miss\u00e3o de entidade sem fins lucrativos ao alterarem os estatutos em 2025.<\/li>\n<li>A OpenAI foi criada em 2015; Musk afastou-se da co-presid\u00eancia em 2018, mantendo contactos e oferecendo milh\u00f5es de d\u00f3lares \u00e0 empresa.<\/li>\n<li>Musk afirma ter tido a ideia do nome OpenAI, pretendendo simbolizar uma IA ben\u00e9fica para a humanidade e fomentar c\u00f3digo aberto at\u00e9 a GPT\u20112 em 2019; a empresa passou a manter modelos fechados.<\/li>\n<li>Em 2025, os estatutos foram alterados para uma public benefit corporation, facilitando financiamento privado; Sam Altman foi demitido em novembro de 2023 e reintegrado dias depois, ap\u00f3s apoio de funcion\u00e1rios.<\/li>\n<\/ul>\n","protected":false},"author":2,"featured_media":140510,"comment_status":"closed","ping_status":"closed","sticky":false,"template":"","format":"standard","meta":{"footnotes":""},"categories":[1],"tags":[739,33,136,49,153,332],"class_list":["post-140502","post","type-post","status-publish","format-standard","has-post-thumbnail","hentry","category-noticias","tag-agente-ia","tag-inovacao","tag-organizacoes","tag-startups","tag-tecnologia","tag-transparencia"],"yoast_head":"<!-- This site is optimized with the Yoast SEO plugin v27.2 - https:\/\/yoast.com\/product\/yoast-seo-wordpress\/ -->\n<title>Julgamento de Elon Musk contra OpenAI come\u00e7a em abril - Portal Tela Portugal<\/title>\n<meta name=\"robots\" content=\"index, follow, max-snippet:-1, max-image-preview:large, max-video-preview:-1\" \/>\n<meta property=\"og:locale\" content=\"pt_PT\" \/>\n<meta property=\"og:type\" content=\"article\" \/>\n<meta property=\"og:title\" content=\"Julgamento de Elon Musk contra OpenAI come\u00e7a em abril - Portal Tela Portugal\" \/>\n<meta property=\"og:description\" content=\"O julgamento do processo de Elon Musk contra a OpenAI e dois dos seus dirigentes come\u00e7a a 27 de abril, em Oakland, Calif\u00f3rnia. Musk acusa Greg Brockman e Sam Altman de desviarem a OpenAI da sua miss\u00e3o de entidade sem fins lucrativos ao alterarem os estatutos em 2025. A OpenAI foi criada em 2015; Musk afastou-se da co-presid\u00eancia em 2018, mantendo contactos e oferecendo milh\u00f5es de d\u00f3lares \u00e0 empresa. Musk afirma ter tido a ideia do nome OpenAI, pretendendo simbolizar uma IA ben\u00e9fica para a humanidade e fomentar c\u00f3digo aberto at\u00e9 a GPT\u20112 em 2019; a empresa passou a manter modelos fechados. Em 2025, os estatutos foram alterados para uma public benefit corporation, facilitando financiamento privado; Sam Altman foi demitido em novembro de 2023 e reintegrado dias depois, ap\u00f3s apoio de funcion\u00e1rios.\" \/>\n<meta property=\"og:url\" content=\"https:\/\/portaltela.pt\/noticias\/2026\/01\/14\/julgamento-de-elon-musk-contra-openai-comeca-em-abril\/\" \/>\n<meta property=\"og:site_name\" content=\"Portal Tela Portugal\" \/>\n<meta property=\"article:published_time\" content=\"2026-01-14T07:28:00+00:00\" \/>\n<meta name=\"author\" content=\"Telinha\" \/>\n<meta name=\"twitter:card\" content=\"summary_large_image\" \/>\n<meta name=\"twitter:label1\" content=\"Escrito por\" \/>\n\t<meta name=\"twitter:data1\" content=\"Telinha\" \/>\n\t<meta name=\"twitter:label2\" content=\"Tempo estimado de leitura\" \/>\n\t<meta name=\"twitter:data2\" content=\"2 minutos\" \/>\n<script type=\"application\/ld+json\" class=\"yoast-schema-graph\">{\"@context\":\"https:\/\/schema.org\",\"@graph\":[{\"@type\":\"Article\",\"@id\":\"https:\/\/portaltela.pt\/noticias\/2026\/01\/14\/julgamento-de-elon-musk-contra-openai-comeca-em-abril\/#article\",\"isPartOf\":{\"@id\":\"https:\/\/portaltela.pt\/noticias\/2026\/01\/14\/julgamento-de-elon-musk-contra-openai-comeca-em-abril\/\"},\"author\":{\"name\":\"Telinha\",\"@id\":\"https:\/\/portaltela.pt\/#\/schema\/person\/c4278d4a6028830caff9ee44b42d32ed\"},\"headline\":\"Julgamento de Elon Musk contra OpenAI come\u00e7a em abril\",\"datePublished\":\"2026-01-14T07:28:00+00:00\",\"mainEntityOfPage\":{\"@id\":\"https:\/\/portaltela.pt\/noticias\/2026\/01\/14\/julgamento-de-elon-musk-contra-openai-comeca-em-abril\/\"},\"wordCount\":341,\"image\":{\"@id\":\"https:\/\/portaltela.pt\/noticias\/2026\/01\/14\/julgamento-de-elon-musk-contra-openai-comeca-em-abril\/#primaryimage\"},\"thumbnailUrl\":\"https:\/\/portaltela.pt\/s.01k8rhncp4jt1\/2026\/01\/unnamed-file-2874.jpg\",\"keywords\":[\"Agente IA\",\"inova\u00e7\u00e3o\",\"organiza\u00e7\u00f5es\",\"startups\",\"tecnologia\",\"transpar\u00eancia\"],\"articleSection\":[\"Not\u00edcias\"],\"inLanguage\":\"pt-PT\"},{\"@type\":\"WebPage\",\"@id\":\"https:\/\/portaltela.pt\/noticias\/2026\/01\/14\/julgamento-de-elon-musk-contra-openai-comeca-em-abril\/\",\"url\":\"https:\/\/portaltela.pt\/noticias\/2026\/01\/14\/julgamento-de-elon-musk-contra-openai-comeca-em-abril\/\",\"name\":\"Julgamento de Elon Musk contra OpenAI come\u00e7a em abril - Portal Tela Portugal\",\"isPartOf\":{\"@id\":\"https:\/\/portaltela.pt\/#website\"},\"primaryImageOfPage\":{\"@id\":\"https:\/\/portaltela.pt\/noticias\/2026\/01\/14\/julgamento-de-elon-musk-contra-openai-comeca-em-abril\/#primaryimage\"},\"image\":{\"@id\":\"https:\/\/portaltela.pt\/noticias\/2026\/01\/14\/julgamento-de-elon-musk-contra-openai-comeca-em-abril\/#primaryimage\"},\"thumbnailUrl\":\"https:\/\/portaltela.pt\/s.01k8rhncp4jt1\/2026\/01\/unnamed-file-2874.jpg\",\"datePublished\":\"2026-01-14T07:28:00+00:00\",\"author\":{\"@id\":\"https:\/\/portaltela.pt\/#\/schema\/person\/c4278d4a6028830caff9ee44b42d32ed\"},\"breadcrumb\":{\"@id\":\"https:\/\/portaltela.pt\/noticias\/2026\/01\/14\/julgamento-de-elon-musk-contra-openai-comeca-em-abril\/#breadcrumb\"},\"inLanguage\":\"pt-PT\",\"potentialAction\":[{\"@type\":\"ReadAction\",\"target\":[\"https:\/\/portaltela.pt\/noticias\/2026\/01\/14\/julgamento-de-elon-musk-contra-openai-comeca-em-abril\/\"]}]},{\"@type\":\"ImageObject\",\"inLanguage\":\"pt-PT\",\"@id\":\"https:\/\/portaltela.pt\/noticias\/2026\/01\/14\/julgamento-de-elon-musk-contra-openai-comeca-em-abril\/#primaryimage\",\"url\":\"https:\/\/portaltela.pt\/s.01k8rhncp4jt1\/2026\/01\/unnamed-file-2874.jpg\",\"contentUrl\":\"https:\/\/portaltela.pt\/s.01k8rhncp4jt1\/2026\/01\/unnamed-file-2874.jpg\",\"width\":796,\"height\":448,\"caption\":\"Julgamento do processo de Elon Musk contra a OpenAI come\u00e7a em abril\"},{\"@type\":\"BreadcrumbList\",\"@id\":\"https:\/\/portaltela.pt\/noticias\/2026\/01\/14\/julgamento-de-elon-musk-contra-openai-comeca-em-abril\/#breadcrumb\",\"itemListElement\":[{\"@type\":\"ListItem\",\"position\":1,\"name\":\"In\u00edcio\",\"item\":\"https:\/\/portaltela.pt\/\"},{\"@type\":\"ListItem\",\"position\":2,\"name\":\"Julgamento de Elon Musk contra OpenAI come\u00e7a em abril\"}]},{\"@type\":\"WebSite\",\"@id\":\"https:\/\/portaltela.pt\/#website\",\"url\":\"https:\/\/portaltela.pt\/\",\"name\":\"Portal Tela Portugal\",\"description\":\"\",\"potentialAction\":[{\"@type\":\"SearchAction\",\"target\":{\"@type\":\"EntryPoint\",\"urlTemplate\":\"https:\/\/portaltela.pt\/?s={search_term_string}\"},\"query-input\":{\"@type\":\"PropertyValueSpecification\",\"valueRequired\":true,\"valueName\":\"search_term_string\"}}],\"inLanguage\":\"pt-PT\"},{\"@type\":\"Person\",\"@id\":\"https:\/\/portaltela.pt\/#\/schema\/person\/c4278d4a6028830caff9ee44b42d32ed\",\"name\":\"Telinha\",\"image\":{\"@type\":\"ImageObject\",\"inLanguage\":\"pt-PT\",\"@id\":\"https:\/\/portaltela.pt\/s.01k8rhncp4jt1\/2025\/11\/talking-bot-125x125.png\",\"url\":\"https:\/\/portaltela.pt\/s.01k8rhncp4jt1\/2025\/11\/talking-bot-125x125.png\",\"contentUrl\":\"https:\/\/portaltela.pt\/s.01k8rhncp4jt1\/2025\/11\/talking-bot-125x125.png\",\"caption\":\"Telinha\"},\"sameAs\":[\"https:\/\/portaltela.pt\/\"],\"url\":\"https:\/\/portaltela.pt\/por\/367410592786\/\"}]}<\/script>\n<!-- \/ Yoast SEO plugin. -->","yoast_head_json":{"title":"Julgamento de Elon Musk contra OpenAI come\u00e7a em abril - Portal Tela Portugal","robots":{"index":"index","follow":"follow","max-snippet":"max-snippet:-1","max-image-preview":"max-image-preview:large","max-video-preview":"max-video-preview:-1"},"og_locale":"pt_PT","og_type":"article","og_title":"Julgamento de Elon Musk contra OpenAI come\u00e7a em abril - Portal Tela Portugal","og_description":"O julgamento do processo de Elon Musk contra a OpenAI e dois dos seus dirigentes come\u00e7a a 27 de abril, em Oakland, Calif\u00f3rnia. Musk acusa Greg Brockman e Sam Altman de desviarem a OpenAI da sua miss\u00e3o de entidade sem fins lucrativos ao alterarem os estatutos em 2025. A OpenAI foi criada em 2015; Musk afastou-se da co-presid\u00eancia em 2018, mantendo contactos e oferecendo milh\u00f5es de d\u00f3lares \u00e0 empresa. Musk afirma ter tido a ideia do nome OpenAI, pretendendo simbolizar uma IA ben\u00e9fica para a humanidade e fomentar c\u00f3digo aberto at\u00e9 a GPT\u20112 em 2019; a empresa passou a manter modelos fechados. Em 2025, os estatutos foram alterados para uma public benefit corporation, facilitando financiamento privado; Sam Altman foi demitido em novembro de 2023 e reintegrado dias depois, ap\u00f3s apoio de funcion\u00e1rios.","og_url":"https:\/\/portaltela.pt\/noticias\/2026\/01\/14\/julgamento-de-elon-musk-contra-openai-comeca-em-abril\/","og_site_name":"Portal Tela Portugal","article_published_time":"2026-01-14T07:28:00+00:00","author":"Telinha","twitter_card":"summary_large_image","twitter_misc":{"Escrito por":"Telinha","Tempo estimado de leitura":"2 minutos"},"schema":{"@context":"https:\/\/schema.org","@graph":[{"@type":"Article","@id":"https:\/\/portaltela.pt\/noticias\/2026\/01\/14\/julgamento-de-elon-musk-contra-openai-comeca-em-abril\/#article","isPartOf":{"@id":"https:\/\/portaltela.pt\/noticias\/2026\/01\/14\/julgamento-de-elon-musk-contra-openai-comeca-em-abril\/"},"author":{"name":"Telinha","@id":"https:\/\/portaltela.pt\/#\/schema\/person\/c4278d4a6028830caff9ee44b42d32ed"},"headline":"Julgamento de Elon Musk contra OpenAI come\u00e7a em abril","datePublished":"2026-01-14T07:28:00+00:00","mainEntityOfPage":{"@id":"https:\/\/portaltela.pt\/noticias\/2026\/01\/14\/julgamento-de-elon-musk-contra-openai-comeca-em-abril\/"},"wordCount":341,"image":{"@id":"https:\/\/portaltela.pt\/noticias\/2026\/01\/14\/julgamento-de-elon-musk-contra-openai-comeca-em-abril\/#primaryimage"},"thumbnailUrl":"https:\/\/portaltela.pt\/s.01k8rhncp4jt1\/2026\/01\/unnamed-file-2874.jpg","keywords":["Agente IA","inova\u00e7\u00e3o","organiza\u00e7\u00f5es","startups","tecnologia","transpar\u00eancia"],"articleSection":["Not\u00edcias"],"inLanguage":"pt-PT"},{"@type":"WebPage","@id":"https:\/\/portaltela.pt\/noticias\/2026\/01\/14\/julgamento-de-elon-musk-contra-openai-comeca-em-abril\/","url":"https:\/\/portaltela.pt\/noticias\/2026\/01\/14\/julgamento-de-elon-musk-contra-openai-comeca-em-abril\/","name":"Julgamento de Elon Musk contra OpenAI come\u00e7a em abril - Portal Tela Portugal","isPartOf":{"@id":"https:\/\/portaltela.pt\/#website"},"primaryImageOfPage":{"@id":"https:\/\/portaltela.pt\/noticias\/2026\/01\/14\/julgamento-de-elon-musk-contra-openai-comeca-em-abril\/#primaryimage"},"image":{"@id":"https:\/\/portaltela.pt\/noticias\/2026\/01\/14\/julgamento-de-elon-musk-contra-openai-comeca-em-abril\/#primaryimage"},"thumbnailUrl":"https:\/\/portaltela.pt\/s.01k8rhncp4jt1\/2026\/01\/unnamed-file-2874.jpg","datePublished":"2026-01-14T07:28:00+00:00","author":{"@id":"https:\/\/portaltela.pt\/#\/schema\/person\/c4278d4a6028830caff9ee44b42d32ed"},"breadcrumb":{"@id":"https:\/\/portaltela.pt\/noticias\/2026\/01\/14\/julgamento-de-elon-musk-contra-openai-comeca-em-abril\/#breadcrumb"},"inLanguage":"pt-PT","potentialAction":[{"@type":"ReadAction","target":["https:\/\/portaltela.pt\/noticias\/2026\/01\/14\/julgamento-de-elon-musk-contra-openai-comeca-em-abril\/"]}]},{"@type":"ImageObject","inLanguage":"pt-PT","@id":"https:\/\/portaltela.pt\/noticias\/2026\/01\/14\/julgamento-de-elon-musk-contra-openai-comeca-em-abril\/#primaryimage","url":"https:\/\/portaltela.pt\/s.01k8rhncp4jt1\/2026\/01\/unnamed-file-2874.jpg","contentUrl":"https:\/\/portaltela.pt\/s.01k8rhncp4jt1\/2026\/01\/unnamed-file-2874.jpg","width":796,"height":448,"caption":"Julgamento do processo de Elon Musk contra a OpenAI come\u00e7a em abril"},{"@type":"BreadcrumbList","@id":"https:\/\/portaltela.pt\/noticias\/2026\/01\/14\/julgamento-de-elon-musk-contra-openai-comeca-em-abril\/#breadcrumb","itemListElement":[{"@type":"ListItem","position":1,"name":"In\u00edcio","item":"https:\/\/portaltela.pt\/"},{"@type":"ListItem","position":2,"name":"Julgamento de Elon Musk contra OpenAI come\u00e7a em abril"}]},{"@type":"WebSite","@id":"https:\/\/portaltela.pt\/#website","url":"https:\/\/portaltela.pt\/","name":"Portal Tela Portugal","description":"","potentialAction":[{"@type":"SearchAction","target":{"@type":"EntryPoint","urlTemplate":"https:\/\/portaltela.pt\/?s={search_term_string}"},"query-input":{"@type":"PropertyValueSpecification","valueRequired":true,"valueName":"search_term_string"}}],"inLanguage":"pt-PT"},{"@type":"Person","@id":"https:\/\/portaltela.pt\/#\/schema\/person\/c4278d4a6028830caff9ee44b42d32ed","name":"Telinha","image":{"@type":"ImageObject","inLanguage":"pt-PT","@id":"https:\/\/portaltela.pt\/s.01k8rhncp4jt1\/2025\/11\/talking-bot-125x125.png","url":"https:\/\/portaltela.pt\/s.01k8rhncp4jt1\/2025\/11\/talking-bot-125x125.png","contentUrl":"https:\/\/portaltela.pt\/s.01k8rhncp4jt1\/2025\/11\/talking-bot-125x125.png","caption":"Telinha"},"sameAs":["https:\/\/portaltela.pt\/"],"url":"https:\/\/portaltela.pt\/por\/367410592786\/"}]}},"_links":{"self":[{"href":"https:\/\/portaltela.pt\/api\/wp\/v2\/posts\/140502","targetHints":{"allow":["GET"]}}],"collection":[{"href":"https:\/\/portaltela.pt\/api\/wp\/v2\/posts"}],"about":[{"href":"https:\/\/portaltela.pt\/api\/wp\/v2\/types\/post"}],"author":[{"embeddable":true,"href":"https:\/\/portaltela.pt\/api\/wp\/v2\/users\/2"}],"replies":[{"embeddable":true,"href":"https:\/\/portaltela.pt\/api\/wp\/v2\/comments?post=140502"}],"version-history":[{"count":0,"href":"https:\/\/portaltela.pt\/api\/wp\/v2\/posts\/140502\/revisions"}],"wp:featuredmedia":[{"embeddable":true,"href":"https:\/\/portaltela.pt\/api\/wp\/v2\/media\/140510"}],"wp:attachment":[{"href":"https:\/\/portaltela.pt\/api\/wp\/v2\/media?parent=140502"}],"wp:term":[{"taxonomy":"category","embeddable":true,"href":"https:\/\/portaltela.pt\/api\/wp\/v2\/categories?post=140502"},{"taxonomy":"post_tag","embeddable":true,"href":"https:\/\/portaltela.pt\/api\/wp\/v2\/tags?post=140502"}],"curies":[{"name":"wp","href":"https:\/\/api.w.org\/{rel}","templated":true}]}}