{"id":140411,"date":"2026-01-14T04:04:00","date_gmt":"2026-01-14T07:04:00","guid":{"rendered":"https:\/\/portaltela.pt\/noticias\/2026\/01\/14\/grupo-de-arraiolos-leva-a-voz-de-presidentes-sem-poder-executivo-a-europa\/"},"modified":"2026-01-14T04:04:00","modified_gmt":"2026-01-14T07:04:00","slug":"grupo-de-arraiolos-leva-a-voz-de-presidentes-sem-poder-executivo-a-europa","status":"publish","type":"post","link":"https:\/\/portaltela.pt\/noticias\/internacional\/2026\/01\/14\/grupo-de-arraiolos-leva-a-voz-de-presidentes-sem-poder-executivo-a-europa\/","title":{"rendered":"Grupo de Arraiolos leva a voz de presidentes sem poder executivo \u00e0 Europa"},"content":{"rendered":"<p>O Grupo de Arraiolos nasceu em 2003, em Arraiolos, no Alentejo, criado por Jorge Sampaio. Surgiu como um espa\u00e7o informal de di\u00e1logo entre presidentes de rep\u00fablicas sem poderes executivos. Passou a ser foco de debate pol\u00edtico em 2026, com o objetivo de fortalecer a Uni\u00e3o Europeia.<\/p>\n<p>Este foro re\u00fane chefes de Estado de pa\u00edses com sistemas parlamentares ou semipresidenciais, incluindo Austr\u00eda, Bulg\u00e1ria, Cro\u00e1cia, Est\u00f3nia, Eslov\u00e1quia, Finl\u00e2ndia, Alemanha, Gr\u00e9cia, Hungria, Irlanda, It\u00e1lia, Let\u00f3nia, Malta, Pol\u00f3nia, Portugal e Eslov\u00e9nia. Os presidentes t\u00eam fun\u00e7\u00f5es institucionais, sem poder executivo direto.<\/p>\n<h3>Evolu\u00e7\u00e3o hist\u00f3rica<\/h3>\n<p>A primeira cimeira ocorreu em outubro de 2003, para debater o alargamento da UE e a poss\u00edvel Constitui\u00e7\u00e3o Europeia. Houve a cimeira de Hels\u00ednquia, em 2005, onde sete presidentes redigiram o artigo Unidos pela Europa, publicado em jornais nacionais. A reuni\u00e3o \u00e9 anual, com exce\u00e7\u00e3o de 2020, devido \u00e0 pandemia.<\/p>\n<p>Em 2021, o Presidente Marcelo Rebelo de Sousa anunciou a inten\u00e7\u00e3o de celebrar os 20 anos do grupo em Portugal, o que ocorreu em 2023. Desde ent\u00e3o, foram realizadas oito cimeiras presididas por Rebelo de Sousa: Bulgarian 2016, Malta 2017, Let\u00f3nia 2018, Gr\u00e9cia 2019, It\u00e1lia 2021, Malta 2022 e Porto 2023. A \u00faltima reuni\u00e3o ocorreu em Tallin, Est\u00f3nia, em outubro de 2025, com foco na guerra na Ucr\u00e2nia, no M\u00e9dio Oriente e na Intelig\u00eancia Artificial.<\/p>\n<h3>Perspectivas na atualidade<\/h3>\n<p>O grupo ganhou relev\u00e2ncia na campanha para as Presidenciais de 2026. O candidato Jorge Pinto, apoiado pelo Livre, sugeriu potential uso do f\u00f3rum para conter a influ\u00eancia de figuras digitais internacionais, e defendeu regula\u00e7\u00e3o de algoritmos num quadro europeu, reconhecendo que o Presidente n\u00e3o tem poder legislativo. O Grupo de Arraiolos foi apontado como espa\u00e7o de discuss\u00e3o sobre quest\u00f5es tecnol\u00f3gicas ao mais alto n\u00edvel europeu.<\/p>\n<p>Ant\u00f3nio Jos\u00e9 Seguro tamb\u00e9m destacou a import\u00e2ncia do f\u00f3rum para revitalizar o projeto europeu, defendendo que, atrav\u00e9s do grupo, chefes de Estado sem poderes executivos possam contribuir para um novo impulso da Europa, com lideran\u00e7as capazes de compreender os tempos atuais. Seguro participa de debates relacionados com o tema.<\/p>\n<h3>Pr\u00f3xima reuni\u00e3o<\/h3>\n<p>A pr\u00f3xima reuni\u00e3o est\u00e1 marcada para 2026, na Hungria, com a participa\u00e7\u00e3o do Presidente eleito nas elei\u00e7\u00f5es marcadas para o pr\u00f3ximo domingo, 18 de janeiro, refor\u00e7ando a continuidade do f\u00f3rum no panorama europeu.<\/p>\n","protected":false},"excerpt":{"rendered":"<ul>\n<li>O Grupo de Arraiolos foi criado em 2003 por Jorge Sampaio, reunindo presidentes sem poderes executivos para discutir a UE, e hoje re\u00fane chefes de Estado de v\u00e1rios pa\u00edses europeus com sistemas parlamentares ou semipresidenciais.<\/li>\n<li>Re\u00fane presidentes da \u00c1ustria, Bulg\u00e1ria, Cro\u00e1cia, Est\u00f3nia, Eslov\u00e1quia, Finl\u00e2ndia, Alemanha, Gr\u00e9cia, Hungria, Irlanda, It\u00e1lia, Let\u00f3nia, Malta, Pol\u00f3nia, Portugal e Eslov\u00e9nia, com fun\u00e7\u00f5es essencialmente representativas.<\/li>\n<li>A cimeira de 2003 centrou-se no alargamento da UE e na futura Constitui\u00e7\u00e3o Europeia; em 2005 saiu o artigo conjunto Unidos pela Europa, publicado nos jornais dos pa\u00edses.<\/li>\n<li>A reuni\u00e3o \u00e9 anual, com exce\u00e7\u00e3o de 2020 devido \u00e0 pandemia; as \u00faltimas edi\u00e7\u00f5es inclu\u00edram Portugal em 2023 e a \u00faltima em Tallinn, outubro de 2025, refor\u00e7ando consensos sobre Ucr\u00e2nia, M\u00e9dio Oriente e IA.<\/li>\n<li>Na campanha para as Presidenciais de 2026, Jorge Pinto prop\u00f4s usar o Grupo de Arraiolos para conter influ\u00eancias digitais globais, enquanto Ant\u00f3nio Jos\u00e9 Seguro destacou o papel estrat\u00e9gico do f\u00f3rum para revitalizar o projeto europeu. A pr\u00f3xima reuni\u00e3o est\u00e1 marcada para 2026 na Hungria.<\/li>\n<\/ul>\n","protected":false},"author":2,"featured_media":140422,"comment_status":"closed","ping_status":"closed","sticky":false,"template":"","format":"standard","meta":{"footnotes":""},"categories":[4],"tags":[1938,2487,2832,1014,3001,2055],"class_list":["post-140411","post","type-post","status-publish","format-standard","has-post-thumbnail","hentry","category-internacional","tag-arraiolos","tag-europa","tag-politica","tag-portugal","tag-presidenciais","tag-uniao-europeia"],"yoast_head":"<!-- This site is optimized with the Yoast SEO plugin v27.2 - https:\/\/yoast.com\/product\/yoast-seo-wordpress\/ -->\n<title>Grupo de Arraiolos leva a voz de presidentes sem poder executivo \u00e0 Europa - Portal Tela Portugal<\/title>\n<meta name=\"robots\" content=\"index, follow, max-snippet:-1, max-image-preview:large, max-video-preview:-1\" \/>\n<meta property=\"og:locale\" content=\"pt_PT\" \/>\n<meta property=\"og:type\" content=\"article\" \/>\n<meta property=\"og:title\" content=\"Grupo de Arraiolos leva a voz de presidentes sem poder executivo \u00e0 Europa - Portal Tela Portugal\" \/>\n<meta property=\"og:description\" content=\"O Grupo de Arraiolos foi criado em 2003 por Jorge Sampaio, reunindo presidentes sem poderes executivos para discutir a UE, e hoje re\u00fane chefes de Estado de v\u00e1rios pa\u00edses europeus com sistemas parlamentares ou semipresidenciais. Re\u00fane presidentes da \u00c1ustria, Bulg\u00e1ria, Cro\u00e1cia, Est\u00f3nia, Eslov\u00e1quia, Finl\u00e2ndia, Alemanha, Gr\u00e9cia, Hungria, Irlanda, It\u00e1lia, Let\u00f3nia, Malta, Pol\u00f3nia, Portugal e Eslov\u00e9nia, com fun\u00e7\u00f5es essencialmente representativas. A cimeira de 2003 centrou-se no alargamento da UE e na futura Constitui\u00e7\u00e3o Europeia; em 2005 saiu o artigo conjunto Unidos pela Europa, publicado nos jornais dos pa\u00edses. A reuni\u00e3o \u00e9 anual, com exce\u00e7\u00e3o de 2020 devido \u00e0 pandemia; as \u00faltimas edi\u00e7\u00f5es inclu\u00edram Portugal em 2023 e a \u00faltima em Tallinn, outubro de 2025, refor\u00e7ando consensos sobre Ucr\u00e2nia, M\u00e9dio Oriente e IA. Na campanha para as Presidenciais de 2026, Jorge Pinto prop\u00f4s usar o Grupo de Arraiolos para conter influ\u00eancias digitais globais, enquanto Ant\u00f3nio Jos\u00e9 Seguro destacou o papel estrat\u00e9gico do f\u00f3rum para revitalizar o projeto europeu. A pr\u00f3xima reuni\u00e3o est\u00e1 marcada para 2026 na Hungria.\" \/>\n<meta property=\"og:url\" content=\"https:\/\/portaltela.pt\/noticias\/2026\/01\/14\/grupo-de-arraiolos-leva-a-voz-de-presidentes-sem-poder-executivo-a-europa\/\" \/>\n<meta property=\"og:site_name\" content=\"Portal Tela Portugal\" \/>\n<meta property=\"article:published_time\" content=\"2026-01-14T07:04:00+00:00\" \/>\n<meta name=\"author\" content=\"Telinha\" \/>\n<meta name=\"twitter:card\" content=\"summary_large_image\" \/>\n<meta name=\"twitter:label1\" content=\"Escrito por\" \/>\n\t<meta name=\"twitter:data1\" content=\"Telinha\" \/>\n\t<meta name=\"twitter:label2\" content=\"Tempo estimado de leitura\" \/>\n\t<meta name=\"twitter:data2\" content=\"2 minutos\" \/>\n<script type=\"application\/ld+json\" class=\"yoast-schema-graph\">{\"@context\":\"https:\/\/schema.org\",\"@graph\":[{\"@type\":\"Article\",\"@id\":\"https:\/\/portaltela.pt\/noticias\/2026\/01\/14\/grupo-de-arraiolos-leva-a-voz-de-presidentes-sem-poder-executivo-a-europa\/#article\",\"isPartOf\":{\"@id\":\"https:\/\/portaltela.pt\/noticias\/2026\/01\/14\/grupo-de-arraiolos-leva-a-voz-de-presidentes-sem-poder-executivo-a-europa\/\"},\"author\":{\"name\":\"Telinha\",\"@id\":\"https:\/\/portaltela.pt\/#\/schema\/person\/c4278d4a6028830caff9ee44b42d32ed\"},\"headline\":\"Grupo de Arraiolos leva a voz de presidentes sem poder executivo \u00e0 Europa\",\"datePublished\":\"2026-01-14T07:04:00+00:00\",\"mainEntityOfPage\":{\"@id\":\"https:\/\/portaltela.pt\/noticias\/2026\/01\/14\/grupo-de-arraiolos-leva-a-voz-de-presidentes-sem-poder-executivo-a-europa\/\"},\"wordCount\":418,\"image\":{\"@id\":\"https:\/\/portaltela.pt\/noticias\/2026\/01\/14\/grupo-de-arraiolos-leva-a-voz-de-presidentes-sem-poder-executivo-a-europa\/#primaryimage\"},\"thumbnailUrl\":\"https:\/\/portaltela.pt\/s.01k8rhncp4jt1\/2026\/01\/unnamed-file-2860.jpg\",\"keywords\":[\"Arraiolos\",\"Europa\",\"pol\u00edtica\",\"Portugal\",\"Presidenciais\",\"Uni\u00e3o Europeia\"],\"articleSection\":[\"Internacional\"],\"inLanguage\":\"pt-PT\"},{\"@type\":\"WebPage\",\"@id\":\"https:\/\/portaltela.pt\/noticias\/2026\/01\/14\/grupo-de-arraiolos-leva-a-voz-de-presidentes-sem-poder-executivo-a-europa\/\",\"url\":\"https:\/\/portaltela.pt\/noticias\/2026\/01\/14\/grupo-de-arraiolos-leva-a-voz-de-presidentes-sem-poder-executivo-a-europa\/\",\"name\":\"Grupo de Arraiolos leva a voz de presidentes sem poder executivo \u00e0 Europa - Portal Tela Portugal\",\"isPartOf\":{\"@id\":\"https:\/\/portaltela.pt\/#website\"},\"primaryImageOfPage\":{\"@id\":\"https:\/\/portaltela.pt\/noticias\/2026\/01\/14\/grupo-de-arraiolos-leva-a-voz-de-presidentes-sem-poder-executivo-a-europa\/#primaryimage\"},\"image\":{\"@id\":\"https:\/\/portaltela.pt\/noticias\/2026\/01\/14\/grupo-de-arraiolos-leva-a-voz-de-presidentes-sem-poder-executivo-a-europa\/#primaryimage\"},\"thumbnailUrl\":\"https:\/\/portaltela.pt\/s.01k8rhncp4jt1\/2026\/01\/unnamed-file-2860.jpg\",\"datePublished\":\"2026-01-14T07:04:00+00:00\",\"author\":{\"@id\":\"https:\/\/portaltela.pt\/#\/schema\/person\/c4278d4a6028830caff9ee44b42d32ed\"},\"breadcrumb\":{\"@id\":\"https:\/\/portaltela.pt\/noticias\/2026\/01\/14\/grupo-de-arraiolos-leva-a-voz-de-presidentes-sem-poder-executivo-a-europa\/#breadcrumb\"},\"inLanguage\":\"pt-PT\",\"potentialAction\":[{\"@type\":\"ReadAction\",\"target\":[\"https:\/\/portaltela.pt\/noticias\/2026\/01\/14\/grupo-de-arraiolos-leva-a-voz-de-presidentes-sem-poder-executivo-a-europa\/\"]}]},{\"@type\":\"ImageObject\",\"inLanguage\":\"pt-PT\",\"@id\":\"https:\/\/portaltela.pt\/noticias\/2026\/01\/14\/grupo-de-arraiolos-leva-a-voz-de-presidentes-sem-poder-executivo-a-europa\/#primaryimage\",\"url\":\"https:\/\/portaltela.pt\/s.01k8rhncp4jt1\/2026\/01\/unnamed-file-2860.jpg\",\"contentUrl\":\"https:\/\/portaltela.pt\/s.01k8rhncp4jt1\/2026\/01\/unnamed-file-2860.jpg\",\"width\":796,\"height\":448,\"caption\":\"Grupo de Arraiolos, do Alentejo para a Europa. A voz dos presidentes sem poder executivo\"},{\"@type\":\"BreadcrumbList\",\"@id\":\"https:\/\/portaltela.pt\/noticias\/2026\/01\/14\/grupo-de-arraiolos-leva-a-voz-de-presidentes-sem-poder-executivo-a-europa\/#breadcrumb\",\"itemListElement\":[{\"@type\":\"ListItem\",\"position\":1,\"name\":\"In\u00edcio\",\"item\":\"https:\/\/portaltela.pt\/\"},{\"@type\":\"ListItem\",\"position\":2,\"name\":\"Grupo de Arraiolos leva a voz de presidentes sem poder executivo \u00e0 Europa\"}]},{\"@type\":\"WebSite\",\"@id\":\"https:\/\/portaltela.pt\/#website\",\"url\":\"https:\/\/portaltela.pt\/\",\"name\":\"Portal Tela Portugal\",\"description\":\"\",\"potentialAction\":[{\"@type\":\"SearchAction\",\"target\":{\"@type\":\"EntryPoint\",\"urlTemplate\":\"https:\/\/portaltela.pt\/?s={search_term_string}\"},\"query-input\":{\"@type\":\"PropertyValueSpecification\",\"valueRequired\":true,\"valueName\":\"search_term_string\"}}],\"inLanguage\":\"pt-PT\"},{\"@type\":\"Person\",\"@id\":\"https:\/\/portaltela.pt\/#\/schema\/person\/c4278d4a6028830caff9ee44b42d32ed\",\"name\":\"Telinha\",\"image\":{\"@type\":\"ImageObject\",\"inLanguage\":\"pt-PT\",\"@id\":\"https:\/\/portaltela.pt\/s.01k8rhncp4jt1\/2025\/11\/talking-bot-125x125.png\",\"url\":\"https:\/\/portaltela.pt\/s.01k8rhncp4jt1\/2025\/11\/talking-bot-125x125.png\",\"contentUrl\":\"https:\/\/portaltela.pt\/s.01k8rhncp4jt1\/2025\/11\/talking-bot-125x125.png\",\"caption\":\"Telinha\"},\"sameAs\":[\"https:\/\/portaltela.pt\/\"],\"url\":\"https:\/\/portaltela.pt\/por\/367410592786\/\"}]}<\/script>\n<!-- \/ Yoast SEO plugin. -->","yoast_head_json":{"title":"Grupo de Arraiolos leva a voz de presidentes sem poder executivo \u00e0 Europa - Portal Tela Portugal","robots":{"index":"index","follow":"follow","max-snippet":"max-snippet:-1","max-image-preview":"max-image-preview:large","max-video-preview":"max-video-preview:-1"},"og_locale":"pt_PT","og_type":"article","og_title":"Grupo de Arraiolos leva a voz de presidentes sem poder executivo \u00e0 Europa - Portal Tela Portugal","og_description":"O Grupo de Arraiolos foi criado em 2003 por Jorge Sampaio, reunindo presidentes sem poderes executivos para discutir a UE, e hoje re\u00fane chefes de Estado de v\u00e1rios pa\u00edses europeus com sistemas parlamentares ou semipresidenciais. Re\u00fane presidentes da \u00c1ustria, Bulg\u00e1ria, Cro\u00e1cia, Est\u00f3nia, Eslov\u00e1quia, Finl\u00e2ndia, Alemanha, Gr\u00e9cia, Hungria, Irlanda, It\u00e1lia, Let\u00f3nia, Malta, Pol\u00f3nia, Portugal e Eslov\u00e9nia, com fun\u00e7\u00f5es essencialmente representativas. A cimeira de 2003 centrou-se no alargamento da UE e na futura Constitui\u00e7\u00e3o Europeia; em 2005 saiu o artigo conjunto Unidos pela Europa, publicado nos jornais dos pa\u00edses. A reuni\u00e3o \u00e9 anual, com exce\u00e7\u00e3o de 2020 devido \u00e0 pandemia; as \u00faltimas edi\u00e7\u00f5es inclu\u00edram Portugal em 2023 e a \u00faltima em Tallinn, outubro de 2025, refor\u00e7ando consensos sobre Ucr\u00e2nia, M\u00e9dio Oriente e IA. Na campanha para as Presidenciais de 2026, Jorge Pinto prop\u00f4s usar o Grupo de Arraiolos para conter influ\u00eancias digitais globais, enquanto Ant\u00f3nio Jos\u00e9 Seguro destacou o papel estrat\u00e9gico do f\u00f3rum para revitalizar o projeto europeu. A pr\u00f3xima reuni\u00e3o est\u00e1 marcada para 2026 na Hungria.","og_url":"https:\/\/portaltela.pt\/noticias\/2026\/01\/14\/grupo-de-arraiolos-leva-a-voz-de-presidentes-sem-poder-executivo-a-europa\/","og_site_name":"Portal Tela Portugal","article_published_time":"2026-01-14T07:04:00+00:00","author":"Telinha","twitter_card":"summary_large_image","twitter_misc":{"Escrito por":"Telinha","Tempo estimado de leitura":"2 minutos"},"schema":{"@context":"https:\/\/schema.org","@graph":[{"@type":"Article","@id":"https:\/\/portaltela.pt\/noticias\/2026\/01\/14\/grupo-de-arraiolos-leva-a-voz-de-presidentes-sem-poder-executivo-a-europa\/#article","isPartOf":{"@id":"https:\/\/portaltela.pt\/noticias\/2026\/01\/14\/grupo-de-arraiolos-leva-a-voz-de-presidentes-sem-poder-executivo-a-europa\/"},"author":{"name":"Telinha","@id":"https:\/\/portaltela.pt\/#\/schema\/person\/c4278d4a6028830caff9ee44b42d32ed"},"headline":"Grupo de Arraiolos leva a voz de presidentes sem poder executivo \u00e0 Europa","datePublished":"2026-01-14T07:04:00+00:00","mainEntityOfPage":{"@id":"https:\/\/portaltela.pt\/noticias\/2026\/01\/14\/grupo-de-arraiolos-leva-a-voz-de-presidentes-sem-poder-executivo-a-europa\/"},"wordCount":418,"image":{"@id":"https:\/\/portaltela.pt\/noticias\/2026\/01\/14\/grupo-de-arraiolos-leva-a-voz-de-presidentes-sem-poder-executivo-a-europa\/#primaryimage"},"thumbnailUrl":"https:\/\/portaltela.pt\/s.01k8rhncp4jt1\/2026\/01\/unnamed-file-2860.jpg","keywords":["Arraiolos","Europa","pol\u00edtica","Portugal","Presidenciais","Uni\u00e3o Europeia"],"articleSection":["Internacional"],"inLanguage":"pt-PT"},{"@type":"WebPage","@id":"https:\/\/portaltela.pt\/noticias\/2026\/01\/14\/grupo-de-arraiolos-leva-a-voz-de-presidentes-sem-poder-executivo-a-europa\/","url":"https:\/\/portaltela.pt\/noticias\/2026\/01\/14\/grupo-de-arraiolos-leva-a-voz-de-presidentes-sem-poder-executivo-a-europa\/","name":"Grupo de Arraiolos leva a voz de presidentes sem poder executivo \u00e0 Europa - Portal Tela Portugal","isPartOf":{"@id":"https:\/\/portaltela.pt\/#website"},"primaryImageOfPage":{"@id":"https:\/\/portaltela.pt\/noticias\/2026\/01\/14\/grupo-de-arraiolos-leva-a-voz-de-presidentes-sem-poder-executivo-a-europa\/#primaryimage"},"image":{"@id":"https:\/\/portaltela.pt\/noticias\/2026\/01\/14\/grupo-de-arraiolos-leva-a-voz-de-presidentes-sem-poder-executivo-a-europa\/#primaryimage"},"thumbnailUrl":"https:\/\/portaltela.pt\/s.01k8rhncp4jt1\/2026\/01\/unnamed-file-2860.jpg","datePublished":"2026-01-14T07:04:00+00:00","author":{"@id":"https:\/\/portaltela.pt\/#\/schema\/person\/c4278d4a6028830caff9ee44b42d32ed"},"breadcrumb":{"@id":"https:\/\/portaltela.pt\/noticias\/2026\/01\/14\/grupo-de-arraiolos-leva-a-voz-de-presidentes-sem-poder-executivo-a-europa\/#breadcrumb"},"inLanguage":"pt-PT","potentialAction":[{"@type":"ReadAction","target":["https:\/\/portaltela.pt\/noticias\/2026\/01\/14\/grupo-de-arraiolos-leva-a-voz-de-presidentes-sem-poder-executivo-a-europa\/"]}]},{"@type":"ImageObject","inLanguage":"pt-PT","@id":"https:\/\/portaltela.pt\/noticias\/2026\/01\/14\/grupo-de-arraiolos-leva-a-voz-de-presidentes-sem-poder-executivo-a-europa\/#primaryimage","url":"https:\/\/portaltela.pt\/s.01k8rhncp4jt1\/2026\/01\/unnamed-file-2860.jpg","contentUrl":"https:\/\/portaltela.pt\/s.01k8rhncp4jt1\/2026\/01\/unnamed-file-2860.jpg","width":796,"height":448,"caption":"Grupo de Arraiolos, do Alentejo para a Europa. A voz dos presidentes sem poder executivo"},{"@type":"BreadcrumbList","@id":"https:\/\/portaltela.pt\/noticias\/2026\/01\/14\/grupo-de-arraiolos-leva-a-voz-de-presidentes-sem-poder-executivo-a-europa\/#breadcrumb","itemListElement":[{"@type":"ListItem","position":1,"name":"In\u00edcio","item":"https:\/\/portaltela.pt\/"},{"@type":"ListItem","position":2,"name":"Grupo de Arraiolos leva a voz de presidentes sem poder executivo \u00e0 Europa"}]},{"@type":"WebSite","@id":"https:\/\/portaltela.pt\/#website","url":"https:\/\/portaltela.pt\/","name":"Portal Tela Portugal","description":"","potentialAction":[{"@type":"SearchAction","target":{"@type":"EntryPoint","urlTemplate":"https:\/\/portaltela.pt\/?s={search_term_string}"},"query-input":{"@type":"PropertyValueSpecification","valueRequired":true,"valueName":"search_term_string"}}],"inLanguage":"pt-PT"},{"@type":"Person","@id":"https:\/\/portaltela.pt\/#\/schema\/person\/c4278d4a6028830caff9ee44b42d32ed","name":"Telinha","image":{"@type":"ImageObject","inLanguage":"pt-PT","@id":"https:\/\/portaltela.pt\/s.01k8rhncp4jt1\/2025\/11\/talking-bot-125x125.png","url":"https:\/\/portaltela.pt\/s.01k8rhncp4jt1\/2025\/11\/talking-bot-125x125.png","contentUrl":"https:\/\/portaltela.pt\/s.01k8rhncp4jt1\/2025\/11\/talking-bot-125x125.png","caption":"Telinha"},"sameAs":["https:\/\/portaltela.pt\/"],"url":"https:\/\/portaltela.pt\/por\/367410592786\/"}]}},"_links":{"self":[{"href":"https:\/\/portaltela.pt\/api\/wp\/v2\/posts\/140411","targetHints":{"allow":["GET"]}}],"collection":[{"href":"https:\/\/portaltela.pt\/api\/wp\/v2\/posts"}],"about":[{"href":"https:\/\/portaltela.pt\/api\/wp\/v2\/types\/post"}],"author":[{"embeddable":true,"href":"https:\/\/portaltela.pt\/api\/wp\/v2\/users\/2"}],"replies":[{"embeddable":true,"href":"https:\/\/portaltela.pt\/api\/wp\/v2\/comments?post=140411"}],"version-history":[{"count":0,"href":"https:\/\/portaltela.pt\/api\/wp\/v2\/posts\/140411\/revisions"}],"wp:featuredmedia":[{"embeddable":true,"href":"https:\/\/portaltela.pt\/api\/wp\/v2\/media\/140422"}],"wp:attachment":[{"href":"https:\/\/portaltela.pt\/api\/wp\/v2\/media?parent=140411"}],"wp:term":[{"taxonomy":"category","embeddable":true,"href":"https:\/\/portaltela.pt\/api\/wp\/v2\/categories?post=140411"},{"taxonomy":"post_tag","embeddable":true,"href":"https:\/\/portaltela.pt\/api\/wp\/v2\/tags?post=140411"}],"curies":[{"name":"wp","href":"https:\/\/api.w.org\/{rel}","templated":true}]}}