{"id":140297,"date":"2026-01-13T21:00:00","date_gmt":"2026-01-14T00:00:00","guid":{"rendered":"https:\/\/portaltela.pt\/noticias\/2026\/01\/13\/as-noticias-das-4h-apresentam-os-principais-acontecimentos\/"},"modified":"2026-01-13T21:00:00","modified_gmt":"2026-01-14T00:00:00","slug":"as-noticias-das-4h-apresentam-os-principais-acontecimentos","status":"publish","type":"post","link":"https:\/\/portaltela.pt\/noticias\/politica\/2026\/01\/13\/as-noticias-das-4h-apresentam-os-principais-acontecimentos\/","title":{"rendered":"As not\u00edcias das 4h apresentam os principais acontecimentos"},"content":{"rendered":"<p>Na madrugada de 14 de janeiro de 2026, o governo anunciou que vai analisar a expans\u00e3o do Aeroporto do Porto, em rece\u00e7\u00e3o a eventual aumento de capacidade e melhoria de acessibilidades. A not\u00edcia sugere um estudo t\u00e9cnico para avaliar custos, benef\u00edcios e prazos.<\/p>\n<p>Paralelamente, o Ir\u00e3o volta a ocupar a agenda internacional, com a afirma\u00e7\u00e3o de que os EUA utilizam o mesmo gui\u00e3o para uma poss\u00edvel interven\u00e7\u00e3o militar. A reda\u00e7\u00e3o frontal refere-se a uma leitura comum entre Washington e parceiros sobre op\u00e7\u00f5es de resposta na regi\u00e3o.<\/p>\n<p>No \u00e2mbito pol\u00edtico nacional, Cotrim afirmou que Marques Mendes \u201cest\u00e1 fora da corrida\u201d, mantendo o tom de lideran\u00e7a em torno do processo de escolha de candidatos. A declara\u00e7\u00e3o surge numa conjuntura marcada por v\u00e1rias movimenta\u00e7\u00f5es no tabuleiro.<\/p>\n<h3>Presidenciais: sondagens, candidaturas e estrat\u00e9gias<\/h3>\n<p>\u00c0s 23h, Seguro pretende ser o candidato com mais votos na primeira volta, enquanto, \u00e0s 22h, Gouveia e Melo desvaloriza sondagens sobre as pr\u00f3ximas fases da elei\u00e7\u00e3o.<\/p>\n<p>\u00c0s 21h, Ventura surge na primeira posi\u00e7\u00e3o numa sondagem recente, refletindo o pulso dos eleitores.<\/p>\n<p>\u00c0s 20h, analistas salientam que em 2025 houve menos tempo de espera em servi\u00e7os de urg\u00eancia, tema que acompanha cr\u00edticas ao funcionamento p\u00fablico.<\/p>\n<p>Martins comenta uma campanha anti-hot\u00e9is, ligada \u00e0 esfera da lideran\u00e7a da esquerda, com foco em pol\u00edticas tur\u00edsticas e habita\u00e7\u00e3o.<\/p>\n<p>Usa o lema de Passos enquanto reafirma: \u201cMarques Mendes est\u00e1 fora\u201d, consolidando uma narrativa de substitui\u00e7\u00e3o no processo.<\/p>\n<p>Seguro e Ventura discutem cen\u00e1rio prov\u00e1vel de segunda volta, com o objetivo de chegar em primeiro lugar na primeira vota\u00e7\u00e3o.<\/p>\n<p>Mendes fala sobre a primeira-dama e as dificuldades associadas \u00e0s sondagens, mantendo o tom cr\u00edtico em rela\u00e7\u00e3o aos resultados recentes.<\/p>\n<p>Gouveia e Melo faz refer\u00eancia a Ramalho Eanes pela primeira vez, numa leitura hist\u00f3rica da presid\u00eancia, ao analizarem o papel institucional.<\/p>\n","protected":false},"excerpt":{"rendered":"<ul>\n<li>Governo vai analisar a expans\u00e3o do Aeroporto do Porto.<\/li>\n<li>EUA usam o mesmo gui\u00e3o para interven\u00e7\u00e3o militar no Ir\u00e3o.<\/li>\n<li>Cotrim afirma que Marques Mendes est\u00e1 fora da corrida.<\/li>\n<li>Ventura aparece em 1.\u00ba lugar na mais recente sondagem; Gouveia e Melo desvaloriza as sondagens.<\/li>\n<li>Seguro quer liderar a primeira volta e ficar em primeiro lugar.<\/li>\n<\/ul>\n","protected":false},"author":2,"featured_media":140298,"comment_status":"closed","ping_status":"closed","sticky":false,"template":"","format":"standard","meta":{"footnotes":""},"categories":[1,5],"tags":[68,2890,2450,2832,3001,3086],"class_list":["post-140297","post","type-post","status-publish","format-standard","has-post-thumbnail","hentry","category-noticias","category-politica","tag-eleicoes","tag-gouveia-e-melo","tag-marques-mendes","tag-politica","tag-presidenciais","tag-ramalho-eanes"],"yoast_head":"<!-- This site is optimized with the Yoast SEO plugin v27.2 - https:\/\/yoast.com\/product\/yoast-seo-wordpress\/ -->\n<title>As not\u00edcias das 4h apresentam os principais acontecimentos - Portal Tela Portugal<\/title>\n<meta name=\"robots\" content=\"index, follow, max-snippet:-1, max-image-preview:large, max-video-preview:-1\" \/>\n<meta property=\"og:locale\" content=\"pt_PT\" \/>\n<meta property=\"og:type\" content=\"article\" \/>\n<meta property=\"og:title\" content=\"As not\u00edcias das 4h apresentam os principais acontecimentos - Portal Tela Portugal\" \/>\n<meta property=\"og:description\" content=\"Governo vai analisar a expans\u00e3o do Aeroporto do Porto. EUA usam o mesmo gui\u00e3o para interven\u00e7\u00e3o militar no Ir\u00e3o. Cotrim afirma que Marques Mendes est\u00e1 fora da corrida. Ventura aparece em 1.\u00ba lugar na mais recente sondagem; Gouveia e Melo desvaloriza as sondagens. Seguro quer liderar a primeira volta e ficar em primeiro lugar.\" \/>\n<meta property=\"og:url\" content=\"https:\/\/portaltela.pt\/noticias\/2026\/01\/13\/as-noticias-das-4h-apresentam-os-principais-acontecimentos\/\" \/>\n<meta property=\"og:site_name\" content=\"Portal Tela Portugal\" \/>\n<meta property=\"article:published_time\" content=\"2026-01-14T00:00:00+00:00\" \/>\n<meta name=\"author\" content=\"Telinha\" \/>\n<meta name=\"twitter:card\" content=\"summary_large_image\" \/>\n<meta name=\"twitter:label1\" content=\"Escrito por\" \/>\n\t<meta name=\"twitter:data1\" content=\"Telinha\" \/>\n\t<meta name=\"twitter:label2\" content=\"Tempo estimado de leitura\" \/>\n\t<meta name=\"twitter:data2\" content=\"2 minutos\" \/>\n<script type=\"application\/ld+json\" class=\"yoast-schema-graph\">{\"@context\":\"https:\/\/schema.org\",\"@graph\":[{\"@type\":\"Article\",\"@id\":\"https:\/\/portaltela.pt\/noticias\/2026\/01\/13\/as-noticias-das-4h-apresentam-os-principais-acontecimentos\/#article\",\"isPartOf\":{\"@id\":\"https:\/\/portaltela.pt\/noticias\/2026\/01\/13\/as-noticias-das-4h-apresentam-os-principais-acontecimentos\/\"},\"author\":{\"name\":\"Telinha\",\"@id\":\"https:\/\/portaltela.pt\/#\/schema\/person\/c4278d4a6028830caff9ee44b42d32ed\"},\"headline\":\"As not\u00edcias das 4h apresentam os principais acontecimentos\",\"datePublished\":\"2026-01-14T00:00:00+00:00\",\"mainEntityOfPage\":{\"@id\":\"https:\/\/portaltela.pt\/noticias\/2026\/01\/13\/as-noticias-das-4h-apresentam-os-principais-acontecimentos\/\"},\"wordCount\":336,\"image\":{\"@id\":\"https:\/\/portaltela.pt\/noticias\/2026\/01\/13\/as-noticias-das-4h-apresentam-os-principais-acontecimentos\/#primaryimage\"},\"thumbnailUrl\":\"https:\/\/portaltela.pt\/s.01k8rhncp4jt1\/2026\/01\/770-podcast-noticiario-196.jpg\",\"keywords\":[\"elei\u00e7\u00f5es\",\"Gouveia e Melo\",\"Marques Mendes\",\"pol\u00edtica\",\"Presidenciais\",\"Ramalho Eanes\"],\"articleSection\":[\"Not\u00edcias\",\"Pol\u00edtica\"],\"inLanguage\":\"pt-PT\"},{\"@type\":\"WebPage\",\"@id\":\"https:\/\/portaltela.pt\/noticias\/2026\/01\/13\/as-noticias-das-4h-apresentam-os-principais-acontecimentos\/\",\"url\":\"https:\/\/portaltela.pt\/noticias\/2026\/01\/13\/as-noticias-das-4h-apresentam-os-principais-acontecimentos\/\",\"name\":\"As not\u00edcias das 4h apresentam os principais acontecimentos - Portal Tela Portugal\",\"isPartOf\":{\"@id\":\"https:\/\/portaltela.pt\/#website\"},\"primaryImageOfPage\":{\"@id\":\"https:\/\/portaltela.pt\/noticias\/2026\/01\/13\/as-noticias-das-4h-apresentam-os-principais-acontecimentos\/#primaryimage\"},\"image\":{\"@id\":\"https:\/\/portaltela.pt\/noticias\/2026\/01\/13\/as-noticias-das-4h-apresentam-os-principais-acontecimentos\/#primaryimage\"},\"thumbnailUrl\":\"https:\/\/portaltela.pt\/s.01k8rhncp4jt1\/2026\/01\/770-podcast-noticiario-196.jpg\",\"datePublished\":\"2026-01-14T00:00:00+00:00\",\"author\":{\"@id\":\"https:\/\/portaltela.pt\/#\/schema\/person\/c4278d4a6028830caff9ee44b42d32ed\"},\"breadcrumb\":{\"@id\":\"https:\/\/portaltela.pt\/noticias\/2026\/01\/13\/as-noticias-das-4h-apresentam-os-principais-acontecimentos\/#breadcrumb\"},\"inLanguage\":\"pt-PT\",\"potentialAction\":[{\"@type\":\"ReadAction\",\"target\":[\"https:\/\/portaltela.pt\/noticias\/2026\/01\/13\/as-noticias-das-4h-apresentam-os-principais-acontecimentos\/\"]}]},{\"@type\":\"ImageObject\",\"inLanguage\":\"pt-PT\",\"@id\":\"https:\/\/portaltela.pt\/noticias\/2026\/01\/13\/as-noticias-das-4h-apresentam-os-principais-acontecimentos\/#primaryimage\",\"url\":\"https:\/\/portaltela.pt\/s.01k8rhncp4jt1\/2026\/01\/770-podcast-noticiario-196.jpg\",\"contentUrl\":\"https:\/\/portaltela.pt\/s.01k8rhncp4jt1\/2026\/01\/770-podcast-noticiario-196.jpg\",\"width\":796,\"height\":448,\"caption\":\"Capa do programa\"},{\"@type\":\"BreadcrumbList\",\"@id\":\"https:\/\/portaltela.pt\/noticias\/2026\/01\/13\/as-noticias-das-4h-apresentam-os-principais-acontecimentos\/#breadcrumb\",\"itemListElement\":[{\"@type\":\"ListItem\",\"position\":1,\"name\":\"In\u00edcio\",\"item\":\"https:\/\/portaltela.pt\/\"},{\"@type\":\"ListItem\",\"position\":2,\"name\":\"As not\u00edcias das 4h apresentam os principais acontecimentos\"}]},{\"@type\":\"WebSite\",\"@id\":\"https:\/\/portaltela.pt\/#website\",\"url\":\"https:\/\/portaltela.pt\/\",\"name\":\"Portal Tela Portugal\",\"description\":\"\",\"potentialAction\":[{\"@type\":\"SearchAction\",\"target\":{\"@type\":\"EntryPoint\",\"urlTemplate\":\"https:\/\/portaltela.pt\/?s={search_term_string}\"},\"query-input\":{\"@type\":\"PropertyValueSpecification\",\"valueRequired\":true,\"valueName\":\"search_term_string\"}}],\"inLanguage\":\"pt-PT\"},{\"@type\":\"Person\",\"@id\":\"https:\/\/portaltela.pt\/#\/schema\/person\/c4278d4a6028830caff9ee44b42d32ed\",\"name\":\"Telinha\",\"image\":{\"@type\":\"ImageObject\",\"inLanguage\":\"pt-PT\",\"@id\":\"https:\/\/portaltela.pt\/s.01k8rhncp4jt1\/2025\/11\/talking-bot-125x125.png\",\"url\":\"https:\/\/portaltela.pt\/s.01k8rhncp4jt1\/2025\/11\/talking-bot-125x125.png\",\"contentUrl\":\"https:\/\/portaltela.pt\/s.01k8rhncp4jt1\/2025\/11\/talking-bot-125x125.png\",\"caption\":\"Telinha\"},\"sameAs\":[\"https:\/\/portaltela.pt\/\"],\"url\":\"https:\/\/portaltela.pt\/por\/367410592786\/\"}]}<\/script>\n<!-- \/ Yoast SEO plugin. -->","yoast_head_json":{"title":"As not\u00edcias das 4h apresentam os principais acontecimentos - Portal Tela Portugal","robots":{"index":"index","follow":"follow","max-snippet":"max-snippet:-1","max-image-preview":"max-image-preview:large","max-video-preview":"max-video-preview:-1"},"og_locale":"pt_PT","og_type":"article","og_title":"As not\u00edcias das 4h apresentam os principais acontecimentos - Portal Tela Portugal","og_description":"Governo vai analisar a expans\u00e3o do Aeroporto do Porto. EUA usam o mesmo gui\u00e3o para interven\u00e7\u00e3o militar no Ir\u00e3o. Cotrim afirma que Marques Mendes est\u00e1 fora da corrida. Ventura aparece em 1.\u00ba lugar na mais recente sondagem; Gouveia e Melo desvaloriza as sondagens. Seguro quer liderar a primeira volta e ficar em primeiro lugar.","og_url":"https:\/\/portaltela.pt\/noticias\/2026\/01\/13\/as-noticias-das-4h-apresentam-os-principais-acontecimentos\/","og_site_name":"Portal Tela Portugal","article_published_time":"2026-01-14T00:00:00+00:00","author":"Telinha","twitter_card":"summary_large_image","twitter_misc":{"Escrito por":"Telinha","Tempo estimado de leitura":"2 minutos"},"schema":{"@context":"https:\/\/schema.org","@graph":[{"@type":"Article","@id":"https:\/\/portaltela.pt\/noticias\/2026\/01\/13\/as-noticias-das-4h-apresentam-os-principais-acontecimentos\/#article","isPartOf":{"@id":"https:\/\/portaltela.pt\/noticias\/2026\/01\/13\/as-noticias-das-4h-apresentam-os-principais-acontecimentos\/"},"author":{"name":"Telinha","@id":"https:\/\/portaltela.pt\/#\/schema\/person\/c4278d4a6028830caff9ee44b42d32ed"},"headline":"As not\u00edcias das 4h apresentam os principais acontecimentos","datePublished":"2026-01-14T00:00:00+00:00","mainEntityOfPage":{"@id":"https:\/\/portaltela.pt\/noticias\/2026\/01\/13\/as-noticias-das-4h-apresentam-os-principais-acontecimentos\/"},"wordCount":336,"image":{"@id":"https:\/\/portaltela.pt\/noticias\/2026\/01\/13\/as-noticias-das-4h-apresentam-os-principais-acontecimentos\/#primaryimage"},"thumbnailUrl":"https:\/\/portaltela.pt\/s.01k8rhncp4jt1\/2026\/01\/770-podcast-noticiario-196.jpg","keywords":["elei\u00e7\u00f5es","Gouveia e Melo","Marques Mendes","pol\u00edtica","Presidenciais","Ramalho Eanes"],"articleSection":["Not\u00edcias","Pol\u00edtica"],"inLanguage":"pt-PT"},{"@type":"WebPage","@id":"https:\/\/portaltela.pt\/noticias\/2026\/01\/13\/as-noticias-das-4h-apresentam-os-principais-acontecimentos\/","url":"https:\/\/portaltela.pt\/noticias\/2026\/01\/13\/as-noticias-das-4h-apresentam-os-principais-acontecimentos\/","name":"As not\u00edcias das 4h apresentam os principais acontecimentos - Portal Tela Portugal","isPartOf":{"@id":"https:\/\/portaltela.pt\/#website"},"primaryImageOfPage":{"@id":"https:\/\/portaltela.pt\/noticias\/2026\/01\/13\/as-noticias-das-4h-apresentam-os-principais-acontecimentos\/#primaryimage"},"image":{"@id":"https:\/\/portaltela.pt\/noticias\/2026\/01\/13\/as-noticias-das-4h-apresentam-os-principais-acontecimentos\/#primaryimage"},"thumbnailUrl":"https:\/\/portaltela.pt\/s.01k8rhncp4jt1\/2026\/01\/770-podcast-noticiario-196.jpg","datePublished":"2026-01-14T00:00:00+00:00","author":{"@id":"https:\/\/portaltela.pt\/#\/schema\/person\/c4278d4a6028830caff9ee44b42d32ed"},"breadcrumb":{"@id":"https:\/\/portaltela.pt\/noticias\/2026\/01\/13\/as-noticias-das-4h-apresentam-os-principais-acontecimentos\/#breadcrumb"},"inLanguage":"pt-PT","potentialAction":[{"@type":"ReadAction","target":["https:\/\/portaltela.pt\/noticias\/2026\/01\/13\/as-noticias-das-4h-apresentam-os-principais-acontecimentos\/"]}]},{"@type":"ImageObject","inLanguage":"pt-PT","@id":"https:\/\/portaltela.pt\/noticias\/2026\/01\/13\/as-noticias-das-4h-apresentam-os-principais-acontecimentos\/#primaryimage","url":"https:\/\/portaltela.pt\/s.01k8rhncp4jt1\/2026\/01\/770-podcast-noticiario-196.jpg","contentUrl":"https:\/\/portaltela.pt\/s.01k8rhncp4jt1\/2026\/01\/770-podcast-noticiario-196.jpg","width":796,"height":448,"caption":"Capa do programa"},{"@type":"BreadcrumbList","@id":"https:\/\/portaltela.pt\/noticias\/2026\/01\/13\/as-noticias-das-4h-apresentam-os-principais-acontecimentos\/#breadcrumb","itemListElement":[{"@type":"ListItem","position":1,"name":"In\u00edcio","item":"https:\/\/portaltela.pt\/"},{"@type":"ListItem","position":2,"name":"As not\u00edcias das 4h apresentam os principais acontecimentos"}]},{"@type":"WebSite","@id":"https:\/\/portaltela.pt\/#website","url":"https:\/\/portaltela.pt\/","name":"Portal Tela Portugal","description":"","potentialAction":[{"@type":"SearchAction","target":{"@type":"EntryPoint","urlTemplate":"https:\/\/portaltela.pt\/?s={search_term_string}"},"query-input":{"@type":"PropertyValueSpecification","valueRequired":true,"valueName":"search_term_string"}}],"inLanguage":"pt-PT"},{"@type":"Person","@id":"https:\/\/portaltela.pt\/#\/schema\/person\/c4278d4a6028830caff9ee44b42d32ed","name":"Telinha","image":{"@type":"ImageObject","inLanguage":"pt-PT","@id":"https:\/\/portaltela.pt\/s.01k8rhncp4jt1\/2025\/11\/talking-bot-125x125.png","url":"https:\/\/portaltela.pt\/s.01k8rhncp4jt1\/2025\/11\/talking-bot-125x125.png","contentUrl":"https:\/\/portaltela.pt\/s.01k8rhncp4jt1\/2025\/11\/talking-bot-125x125.png","caption":"Telinha"},"sameAs":["https:\/\/portaltela.pt\/"],"url":"https:\/\/portaltela.pt\/por\/367410592786\/"}]}},"_links":{"self":[{"href":"https:\/\/portaltela.pt\/api\/wp\/v2\/posts\/140297","targetHints":{"allow":["GET"]}}],"collection":[{"href":"https:\/\/portaltela.pt\/api\/wp\/v2\/posts"}],"about":[{"href":"https:\/\/portaltela.pt\/api\/wp\/v2\/types\/post"}],"author":[{"embeddable":true,"href":"https:\/\/portaltela.pt\/api\/wp\/v2\/users\/2"}],"replies":[{"embeddable":true,"href":"https:\/\/portaltela.pt\/api\/wp\/v2\/comments?post=140297"}],"version-history":[{"count":0,"href":"https:\/\/portaltela.pt\/api\/wp\/v2\/posts\/140297\/revisions"}],"wp:featuredmedia":[{"embeddable":true,"href":"https:\/\/portaltela.pt\/api\/wp\/v2\/media\/140298"}],"wp:attachment":[{"href":"https:\/\/portaltela.pt\/api\/wp\/v2\/media?parent=140297"}],"wp:term":[{"taxonomy":"category","embeddable":true,"href":"https:\/\/portaltela.pt\/api\/wp\/v2\/categories?post=140297"},{"taxonomy":"post_tag","embeddable":true,"href":"https:\/\/portaltela.pt\/api\/wp\/v2\/tags?post=140297"}],"curies":[{"name":"wp","href":"https:\/\/api.w.org\/{rel}","templated":true}]}}