{"id":140274,"date":"2026-01-13T23:22:00","date_gmt":"2026-01-14T02:22:00","guid":{"rendered":"https:\/\/portaltela.pt\/noticias\/2026\/01\/13\/desinformacao-atinge-mais-de-77-milhoes-de-visualizacoes\/"},"modified":"2026-01-13T23:22:00","modified_gmt":"2026-01-14T02:22:00","slug":"desinformacao-atinge-mais-de-77-milhoes-de-visualizacoes","status":"publish","type":"post","link":"https:\/\/portaltela.pt\/noticias\/politica\/2026\/01\/13\/desinformacao-atinge-mais-de-77-milhoes-de-visualizacoes\/","title":{"rendered":"Desinforma\u00e7\u00e3o atinge mais de 7,7 milh\u00f5es de visualiza\u00e7\u00f5es"},"content":{"rendered":"<p>A desinforma\u00e7\u00e3o relacionada com as presidenciais soma mais de 7,7 milh\u00f5es de visualiza\u00e7\u00f5es nas redes sociais desde novembro de 2025. O estudo do LabCom, do ODEPOL, aponta que Andr\u00e9 Ventura concentra 85,7% dos casos. A investiga\u00e7\u00e3o \u00e9 da Universidade da Beira Interior.<\/p>\n<p>O monitoramento acompanha a presen\u00e7a digital de pr\u00e9-candidatos em Facebook, Instagram, X, TikTok, Threads e YouTube. Come\u00e7ou em 17 de novembro de 2025, dia do primeiro frente a frente televisivo entre Ventura e Ant\u00f3nio Jos\u00e9 Seguro.<\/p>\n<p>No total, os investigadores contabilizam 7.712.000 visualiza\u00e7\u00f5es, 324.555 reac\u00e7\u00f5es, 51.922 coment\u00e1rios e 24.543 partilhas. Jo\u00e3o Canavilhas e Branco Di F\u00e1tima destacam o elevado envolvimento dos utilizadores com conte\u00fados desinformativos.<\/p>\n<h3>Casos e formatos<\/h3>\n<p>Durante quatro semanas de pr\u00e9-campanha e campanha, foram identificados 14 casos de desinforma\u00e7\u00e3o. Ventura \u00e9 respons\u00e1vel por 85,7% dos casos, com outros envolvendo pr\u00e9-candidatos n\u00e3o aceites pelo TC, como Joana Amaral Dias.<\/p>\n<p>O v\u00eddeo \u00e9 o formato dominante, presente em 71,4% dos casos; fotografias representam 28,6%. Entre os tipos, destacam-se descredibiliza\u00e7\u00e3o de media\/jornalistas (42,9%), conte\u00fado manipulado (28,6%) e uso de contexto falso (7,1%).<\/p>\n<p>A plataforma X concentra 92,9% dos casos, seguida por TikTok (21%) e Threads (28,6%). Um v\u00eddeo partilhado por Ventura no 1 de janeiro obteve mais de um milh\u00e3o de visualiza\u00e7\u00f5es, com destaque para o Instagram.<\/p>\n<p>O v\u00eddeo associado a OK Di\u00e1rio mostrou um inc\u00eandio na Igreja de Vondelkerk, em Amesterd\u00e3o, atribu\u00eddo \u00e0 \u201cislamiza\u00e7\u00e3o da Europa\u201d. Os investigadores apontam que o conte\u00fado foi manipulado para criar liga\u00e7\u00e3o com a comunidade mu\u00e7ulmana.<\/p>\n<p>O material gerou 1.028.534 visualiza\u00e7\u00f5es, 40.250 coment\u00e1rios, 6.197 reac\u00e7\u00f5es, 3.487 partilhas e alcance estimado de 436.167 contas. O relat\u00f3rio analisa a moldura ideol\u00f3gica como fator de amplifica\u00e7\u00e3o.<\/p>\n<p>Os investigadores sublinham a necessidade de monitoriza\u00e7\u00e3o cont\u00ednua ao longo de todo o processo eleitoral. O OK Di\u00e1rio n\u00e3o tinha liga\u00e7\u00e3o com comunidades mu\u00e7ulmanas, situa\u00e7\u00e3o corrigida ap\u00f3s cr\u00edticas.<\/p>\n<p>As elei\u00e7\u00f5es presidenciais, com um n\u00famero recorde de candidatos, est\u00e3o marcadas para domingo.<\/p>\n","protected":false},"excerpt":{"rendered":"<ul>\n<li>Em quatro semanas de pr\u00e9-campanha e elei\u00e7\u00e3o, a desinforma\u00e7\u00e3o associada \u00e0s presidenciais soma 7.712.000 visualiza\u00e7\u00f5es nas redes sociais, com Andr\u00e9 Ventura a responder por 85,7% dos casos.<\/li>\n<li>Ao todo, foram registadas 324.555 reac\u00e7\u00f5es, 51.922 coment\u00e1rios e 24.543 partilhas, segundo o LabCom da Universidade da Beira Interior.<\/li>\n<li>O v\u00eddeo \u00e9 o formato predominante (71,4% dos casos), seguido de fotografias (28,6%), com descredibiliza\u00e7\u00e3o de meios de comunica\u00e7\u00e3o e jornalistas (42,9%) a ocupar o maior tipo de desinforma\u00e7\u00e3o.<\/li>\n<li>A plataforma X concentrou 92,9% dos casos, TikTok 21% e Threads 28,6%, com Ventura a liderar 14 casos identificados.<\/li>\n<li>Um caso de maior impacto envolveu um v\u00eddeo partilhado pelo l\u00edder do Chega a 1 de janeiro, com mais de 1 milh\u00e3o de visualiza\u00e7\u00f5es no Instagram, ligando um inc\u00eandio em Amesterd\u00e3o \u00e0 \u201cislamiza\u00e7\u00e3o da Europa\u201d (falso enquadramento).<\/li>\n<\/ul>\n","protected":false},"author":2,"featured_media":140276,"comment_status":"closed","ping_status":"closed","sticky":false,"template":"","format":"standard","meta":{"footnotes":""},"categories":[1,5],"tags":[2453,1469,68,2669,3001,88],"class_list":["post-140274","post","type-post","status-publish","format-standard","has-post-thumbnail","hentry","category-noticias","category-politica","tag-andre-ventura","tag-desinformacao","tag-eleicoes","tag-joana-amaral-dias","tag-presidenciais","tag-redes-sociais"],"yoast_head":"<!-- This site is optimized with the Yoast SEO plugin v27.2 - https:\/\/yoast.com\/product\/yoast-seo-wordpress\/ -->\n<title>Desinforma\u00e7\u00e3o atinge mais de 7,7 milh\u00f5es de visualiza\u00e7\u00f5es - Portal Tela Portugal<\/title>\n<meta name=\"robots\" content=\"index, follow, max-snippet:-1, max-image-preview:large, max-video-preview:-1\" \/>\n<meta property=\"og:locale\" content=\"pt_PT\" \/>\n<meta property=\"og:type\" content=\"article\" \/>\n<meta property=\"og:title\" content=\"Desinforma\u00e7\u00e3o atinge mais de 7,7 milh\u00f5es de visualiza\u00e7\u00f5es - Portal Tela Portugal\" \/>\n<meta property=\"og:description\" content=\"Em quatro semanas de pr\u00e9-campanha e elei\u00e7\u00e3o, a desinforma\u00e7\u00e3o associada \u00e0s presidenciais soma 7.712.000 visualiza\u00e7\u00f5es nas redes sociais, com Andr\u00e9 Ventura a responder por 85,7% dos casos. Ao todo, foram registadas 324.555 reac\u00e7\u00f5es, 51.922 coment\u00e1rios e 24.543 partilhas, segundo o LabCom da Universidade da Beira Interior. O v\u00eddeo \u00e9 o formato predominante (71,4% dos casos), seguido de fotografias (28,6%), com descredibiliza\u00e7\u00e3o de meios de comunica\u00e7\u00e3o e jornalistas (42,9%) a ocupar o maior tipo de desinforma\u00e7\u00e3o. A plataforma X concentrou 92,9% dos casos, TikTok 21% e Threads 28,6%, com Ventura a liderar 14 casos identificados. Um caso de maior impacto envolveu um v\u00eddeo partilhado pelo l\u00edder do Chega a 1 de janeiro, com mais de 1 milh\u00e3o de visualiza\u00e7\u00f5es no Instagram, ligando um inc\u00eandio em Amesterd\u00e3o \u00e0 \u201cislamiza\u00e7\u00e3o da Europa\u201d (falso enquadramento).\" \/>\n<meta property=\"og:url\" content=\"https:\/\/portaltela.pt\/noticias\/2026\/01\/13\/desinformacao-atinge-mais-de-77-milhoes-de-visualizacoes\/\" \/>\n<meta property=\"og:site_name\" content=\"Portal Tela Portugal\" \/>\n<meta property=\"article:published_time\" content=\"2026-01-14T02:22:00+00:00\" \/>\n<meta name=\"author\" content=\"Telinha\" \/>\n<meta name=\"twitter:card\" content=\"summary_large_image\" \/>\n<meta name=\"twitter:label1\" content=\"Escrito por\" \/>\n\t<meta name=\"twitter:data1\" content=\"Telinha\" \/>\n\t<meta name=\"twitter:label2\" content=\"Tempo estimado de leitura\" \/>\n\t<meta name=\"twitter:data2\" content=\"2 minutos\" \/>\n<script type=\"application\/ld+json\" class=\"yoast-schema-graph\">{\"@context\":\"https:\/\/schema.org\",\"@graph\":[{\"@type\":\"Article\",\"@id\":\"https:\/\/portaltela.pt\/noticias\/2026\/01\/13\/desinformacao-atinge-mais-de-77-milhoes-de-visualizacoes\/#article\",\"isPartOf\":{\"@id\":\"https:\/\/portaltela.pt\/noticias\/2026\/01\/13\/desinformacao-atinge-mais-de-77-milhoes-de-visualizacoes\/\"},\"author\":{\"name\":\"Telinha\",\"@id\":\"https:\/\/portaltela.pt\/#\/schema\/person\/c4278d4a6028830caff9ee44b42d32ed\"},\"headline\":\"Desinforma\u00e7\u00e3o atinge mais de 7,7 milh\u00f5es de visualiza\u00e7\u00f5es\",\"datePublished\":\"2026-01-14T02:22:00+00:00\",\"mainEntityOfPage\":{\"@id\":\"https:\/\/portaltela.pt\/noticias\/2026\/01\/13\/desinformacao-atinge-mais-de-77-milhoes-de-visualizacoes\/\"},\"wordCount\":345,\"image\":{\"@id\":\"https:\/\/portaltela.pt\/noticias\/2026\/01\/13\/desinformacao-atinge-mais-de-77-milhoes-de-visualizacoes\/#primaryimage\"},\"thumbnailUrl\":\"https:\/\/portaltela.pt\/s.01k8rhncp4jt1\/2026\/01\/unnamed-file-2847.jpg\",\"keywords\":[\"Andr\u00e9 Ventura\",\"desinforma\u00e7\u00e3o\",\"elei\u00e7\u00f5es\",\"Joana Amaral Dias\",\"Presidenciais\",\"redes sociais\"],\"articleSection\":[\"Not\u00edcias\",\"Pol\u00edtica\"],\"inLanguage\":\"pt-PT\"},{\"@type\":\"WebPage\",\"@id\":\"https:\/\/portaltela.pt\/noticias\/2026\/01\/13\/desinformacao-atinge-mais-de-77-milhoes-de-visualizacoes\/\",\"url\":\"https:\/\/portaltela.pt\/noticias\/2026\/01\/13\/desinformacao-atinge-mais-de-77-milhoes-de-visualizacoes\/\",\"name\":\"Desinforma\u00e7\u00e3o atinge mais de 7,7 milh\u00f5es de visualiza\u00e7\u00f5es - Portal Tela Portugal\",\"isPartOf\":{\"@id\":\"https:\/\/portaltela.pt\/#website\"},\"primaryImageOfPage\":{\"@id\":\"https:\/\/portaltela.pt\/noticias\/2026\/01\/13\/desinformacao-atinge-mais-de-77-milhoes-de-visualizacoes\/#primaryimage\"},\"image\":{\"@id\":\"https:\/\/portaltela.pt\/noticias\/2026\/01\/13\/desinformacao-atinge-mais-de-77-milhoes-de-visualizacoes\/#primaryimage\"},\"thumbnailUrl\":\"https:\/\/portaltela.pt\/s.01k8rhncp4jt1\/2026\/01\/unnamed-file-2847.jpg\",\"datePublished\":\"2026-01-14T02:22:00+00:00\",\"author\":{\"@id\":\"https:\/\/portaltela.pt\/#\/schema\/person\/c4278d4a6028830caff9ee44b42d32ed\"},\"breadcrumb\":{\"@id\":\"https:\/\/portaltela.pt\/noticias\/2026\/01\/13\/desinformacao-atinge-mais-de-77-milhoes-de-visualizacoes\/#breadcrumb\"},\"inLanguage\":\"pt-PT\",\"potentialAction\":[{\"@type\":\"ReadAction\",\"target\":[\"https:\/\/portaltela.pt\/noticias\/2026\/01\/13\/desinformacao-atinge-mais-de-77-milhoes-de-visualizacoes\/\"]}]},{\"@type\":\"ImageObject\",\"inLanguage\":\"pt-PT\",\"@id\":\"https:\/\/portaltela.pt\/noticias\/2026\/01\/13\/desinformacao-atinge-mais-de-77-milhoes-de-visualizacoes\/#primaryimage\",\"url\":\"https:\/\/portaltela.pt\/s.01k8rhncp4jt1\/2026\/01\/unnamed-file-2847.jpg\",\"contentUrl\":\"https:\/\/portaltela.pt\/s.01k8rhncp4jt1\/2026\/01\/unnamed-file-2847.jpg\",\"width\":796,\"height\":448,\"caption\":\"Desinforma\u00e7\u00e3o atinge mais de 7,7 milh\u00f5es de visualiza\u00e7\u00f5es\"},{\"@type\":\"BreadcrumbList\",\"@id\":\"https:\/\/portaltela.pt\/noticias\/2026\/01\/13\/desinformacao-atinge-mais-de-77-milhoes-de-visualizacoes\/#breadcrumb\",\"itemListElement\":[{\"@type\":\"ListItem\",\"position\":1,\"name\":\"In\u00edcio\",\"item\":\"https:\/\/portaltela.pt\/\"},{\"@type\":\"ListItem\",\"position\":2,\"name\":\"Desinforma\u00e7\u00e3o atinge mais de 7,7 milh\u00f5es de visualiza\u00e7\u00f5es\"}]},{\"@type\":\"WebSite\",\"@id\":\"https:\/\/portaltela.pt\/#website\",\"url\":\"https:\/\/portaltela.pt\/\",\"name\":\"Portal Tela Portugal\",\"description\":\"\",\"potentialAction\":[{\"@type\":\"SearchAction\",\"target\":{\"@type\":\"EntryPoint\",\"urlTemplate\":\"https:\/\/portaltela.pt\/?s={search_term_string}\"},\"query-input\":{\"@type\":\"PropertyValueSpecification\",\"valueRequired\":true,\"valueName\":\"search_term_string\"}}],\"inLanguage\":\"pt-PT\"},{\"@type\":\"Person\",\"@id\":\"https:\/\/portaltela.pt\/#\/schema\/person\/c4278d4a6028830caff9ee44b42d32ed\",\"name\":\"Telinha\",\"image\":{\"@type\":\"ImageObject\",\"inLanguage\":\"pt-PT\",\"@id\":\"https:\/\/portaltela.pt\/s.01k8rhncp4jt1\/2025\/11\/talking-bot-125x125.png\",\"url\":\"https:\/\/portaltela.pt\/s.01k8rhncp4jt1\/2025\/11\/talking-bot-125x125.png\",\"contentUrl\":\"https:\/\/portaltela.pt\/s.01k8rhncp4jt1\/2025\/11\/talking-bot-125x125.png\",\"caption\":\"Telinha\"},\"sameAs\":[\"https:\/\/portaltela.pt\/\"],\"url\":\"https:\/\/portaltela.pt\/por\/367410592786\/\"}]}<\/script>\n<!-- \/ Yoast SEO plugin. -->","yoast_head_json":{"title":"Desinforma\u00e7\u00e3o atinge mais de 7,7 milh\u00f5es de visualiza\u00e7\u00f5es - Portal Tela Portugal","robots":{"index":"index","follow":"follow","max-snippet":"max-snippet:-1","max-image-preview":"max-image-preview:large","max-video-preview":"max-video-preview:-1"},"og_locale":"pt_PT","og_type":"article","og_title":"Desinforma\u00e7\u00e3o atinge mais de 7,7 milh\u00f5es de visualiza\u00e7\u00f5es - Portal Tela Portugal","og_description":"Em quatro semanas de pr\u00e9-campanha e elei\u00e7\u00e3o, a desinforma\u00e7\u00e3o associada \u00e0s presidenciais soma 7.712.000 visualiza\u00e7\u00f5es nas redes sociais, com Andr\u00e9 Ventura a responder por 85,7% dos casos. Ao todo, foram registadas 324.555 reac\u00e7\u00f5es, 51.922 coment\u00e1rios e 24.543 partilhas, segundo o LabCom da Universidade da Beira Interior. O v\u00eddeo \u00e9 o formato predominante (71,4% dos casos), seguido de fotografias (28,6%), com descredibiliza\u00e7\u00e3o de meios de comunica\u00e7\u00e3o e jornalistas (42,9%) a ocupar o maior tipo de desinforma\u00e7\u00e3o. A plataforma X concentrou 92,9% dos casos, TikTok 21% e Threads 28,6%, com Ventura a liderar 14 casos identificados. Um caso de maior impacto envolveu um v\u00eddeo partilhado pelo l\u00edder do Chega a 1 de janeiro, com mais de 1 milh\u00e3o de visualiza\u00e7\u00f5es no Instagram, ligando um inc\u00eandio em Amesterd\u00e3o \u00e0 \u201cislamiza\u00e7\u00e3o da Europa\u201d (falso enquadramento).","og_url":"https:\/\/portaltela.pt\/noticias\/2026\/01\/13\/desinformacao-atinge-mais-de-77-milhoes-de-visualizacoes\/","og_site_name":"Portal Tela Portugal","article_published_time":"2026-01-14T02:22:00+00:00","author":"Telinha","twitter_card":"summary_large_image","twitter_misc":{"Escrito por":"Telinha","Tempo estimado de leitura":"2 minutos"},"schema":{"@context":"https:\/\/schema.org","@graph":[{"@type":"Article","@id":"https:\/\/portaltela.pt\/noticias\/2026\/01\/13\/desinformacao-atinge-mais-de-77-milhoes-de-visualizacoes\/#article","isPartOf":{"@id":"https:\/\/portaltela.pt\/noticias\/2026\/01\/13\/desinformacao-atinge-mais-de-77-milhoes-de-visualizacoes\/"},"author":{"name":"Telinha","@id":"https:\/\/portaltela.pt\/#\/schema\/person\/c4278d4a6028830caff9ee44b42d32ed"},"headline":"Desinforma\u00e7\u00e3o atinge mais de 7,7 milh\u00f5es de visualiza\u00e7\u00f5es","datePublished":"2026-01-14T02:22:00+00:00","mainEntityOfPage":{"@id":"https:\/\/portaltela.pt\/noticias\/2026\/01\/13\/desinformacao-atinge-mais-de-77-milhoes-de-visualizacoes\/"},"wordCount":345,"image":{"@id":"https:\/\/portaltela.pt\/noticias\/2026\/01\/13\/desinformacao-atinge-mais-de-77-milhoes-de-visualizacoes\/#primaryimage"},"thumbnailUrl":"https:\/\/portaltela.pt\/s.01k8rhncp4jt1\/2026\/01\/unnamed-file-2847.jpg","keywords":["Andr\u00e9 Ventura","desinforma\u00e7\u00e3o","elei\u00e7\u00f5es","Joana Amaral Dias","Presidenciais","redes sociais"],"articleSection":["Not\u00edcias","Pol\u00edtica"],"inLanguage":"pt-PT"},{"@type":"WebPage","@id":"https:\/\/portaltela.pt\/noticias\/2026\/01\/13\/desinformacao-atinge-mais-de-77-milhoes-de-visualizacoes\/","url":"https:\/\/portaltela.pt\/noticias\/2026\/01\/13\/desinformacao-atinge-mais-de-77-milhoes-de-visualizacoes\/","name":"Desinforma\u00e7\u00e3o atinge mais de 7,7 milh\u00f5es de visualiza\u00e7\u00f5es - Portal Tela Portugal","isPartOf":{"@id":"https:\/\/portaltela.pt\/#website"},"primaryImageOfPage":{"@id":"https:\/\/portaltela.pt\/noticias\/2026\/01\/13\/desinformacao-atinge-mais-de-77-milhoes-de-visualizacoes\/#primaryimage"},"image":{"@id":"https:\/\/portaltela.pt\/noticias\/2026\/01\/13\/desinformacao-atinge-mais-de-77-milhoes-de-visualizacoes\/#primaryimage"},"thumbnailUrl":"https:\/\/portaltela.pt\/s.01k8rhncp4jt1\/2026\/01\/unnamed-file-2847.jpg","datePublished":"2026-01-14T02:22:00+00:00","author":{"@id":"https:\/\/portaltela.pt\/#\/schema\/person\/c4278d4a6028830caff9ee44b42d32ed"},"breadcrumb":{"@id":"https:\/\/portaltela.pt\/noticias\/2026\/01\/13\/desinformacao-atinge-mais-de-77-milhoes-de-visualizacoes\/#breadcrumb"},"inLanguage":"pt-PT","potentialAction":[{"@type":"ReadAction","target":["https:\/\/portaltela.pt\/noticias\/2026\/01\/13\/desinformacao-atinge-mais-de-77-milhoes-de-visualizacoes\/"]}]},{"@type":"ImageObject","inLanguage":"pt-PT","@id":"https:\/\/portaltela.pt\/noticias\/2026\/01\/13\/desinformacao-atinge-mais-de-77-milhoes-de-visualizacoes\/#primaryimage","url":"https:\/\/portaltela.pt\/s.01k8rhncp4jt1\/2026\/01\/unnamed-file-2847.jpg","contentUrl":"https:\/\/portaltela.pt\/s.01k8rhncp4jt1\/2026\/01\/unnamed-file-2847.jpg","width":796,"height":448,"caption":"Desinforma\u00e7\u00e3o atinge mais de 7,7 milh\u00f5es de visualiza\u00e7\u00f5es"},{"@type":"BreadcrumbList","@id":"https:\/\/portaltela.pt\/noticias\/2026\/01\/13\/desinformacao-atinge-mais-de-77-milhoes-de-visualizacoes\/#breadcrumb","itemListElement":[{"@type":"ListItem","position":1,"name":"In\u00edcio","item":"https:\/\/portaltela.pt\/"},{"@type":"ListItem","position":2,"name":"Desinforma\u00e7\u00e3o atinge mais de 7,7 milh\u00f5es de visualiza\u00e7\u00f5es"}]},{"@type":"WebSite","@id":"https:\/\/portaltela.pt\/#website","url":"https:\/\/portaltela.pt\/","name":"Portal Tela Portugal","description":"","potentialAction":[{"@type":"SearchAction","target":{"@type":"EntryPoint","urlTemplate":"https:\/\/portaltela.pt\/?s={search_term_string}"},"query-input":{"@type":"PropertyValueSpecification","valueRequired":true,"valueName":"search_term_string"}}],"inLanguage":"pt-PT"},{"@type":"Person","@id":"https:\/\/portaltela.pt\/#\/schema\/person\/c4278d4a6028830caff9ee44b42d32ed","name":"Telinha","image":{"@type":"ImageObject","inLanguage":"pt-PT","@id":"https:\/\/portaltela.pt\/s.01k8rhncp4jt1\/2025\/11\/talking-bot-125x125.png","url":"https:\/\/portaltela.pt\/s.01k8rhncp4jt1\/2025\/11\/talking-bot-125x125.png","contentUrl":"https:\/\/portaltela.pt\/s.01k8rhncp4jt1\/2025\/11\/talking-bot-125x125.png","caption":"Telinha"},"sameAs":["https:\/\/portaltela.pt\/"],"url":"https:\/\/portaltela.pt\/por\/367410592786\/"}]}},"_links":{"self":[{"href":"https:\/\/portaltela.pt\/api\/wp\/v2\/posts\/140274","targetHints":{"allow":["GET"]}}],"collection":[{"href":"https:\/\/portaltela.pt\/api\/wp\/v2\/posts"}],"about":[{"href":"https:\/\/portaltela.pt\/api\/wp\/v2\/types\/post"}],"author":[{"embeddable":true,"href":"https:\/\/portaltela.pt\/api\/wp\/v2\/users\/2"}],"replies":[{"embeddable":true,"href":"https:\/\/portaltela.pt\/api\/wp\/v2\/comments?post=140274"}],"version-history":[{"count":0,"href":"https:\/\/portaltela.pt\/api\/wp\/v2\/posts\/140274\/revisions"}],"wp:featuredmedia":[{"embeddable":true,"href":"https:\/\/portaltela.pt\/api\/wp\/v2\/media\/140276"}],"wp:attachment":[{"href":"https:\/\/portaltela.pt\/api\/wp\/v2\/media?parent=140274"}],"wp:term":[{"taxonomy":"category","embeddable":true,"href":"https:\/\/portaltela.pt\/api\/wp\/v2\/categories?post=140274"},{"taxonomy":"post_tag","embeddable":true,"href":"https:\/\/portaltela.pt\/api\/wp\/v2\/tags?post=140274"}],"curies":[{"name":"wp","href":"https:\/\/api.w.org\/{rel}","templated":true}]}}