{"id":140192,"date":"2026-01-13T21:00:00","date_gmt":"2026-01-14T00:00:00","guid":{"rendered":"https:\/\/portaltela.pt\/noticias\/2026\/01\/13\/declaracao-de-voto-analisa-o-posicionamento-dos-eleitores\/"},"modified":"2026-01-13T21:00:00","modified_gmt":"2026-01-14T00:00:00","slug":"declaracao-de-voto-analisa-o-posicionamento-dos-eleitores","status":"publish","type":"post","link":"https:\/\/portaltela.pt\/noticias\/2026\/01\/13\/declaracao-de-voto-analisa-o-posicionamento-dos-eleitores\/","title":{"rendered":"Declara\u00e7\u00e3o de Voto analisa o posicionamento dos eleitores"},"content":{"rendered":"<p>A not\u00edcia destaca a declara\u00e7\u00e3o de voto de Joana Amaral Dias durante o atual ciclo eleitoral. A ativista dirige-se aos indecisos e aos votantes que anseiam por clareza, afirmando votar com exig\u00eancia, n\u00e3o por desinteresse. A comunica\u00e7\u00e3o \u00e9 apresentada como um protesto contra a falta de vis\u00e3o.<\/p>\n<p>A autora refere que existem onze nomes admitidos no boletim de voto, mas considera que nenhum candidato re\u00fane condi\u00e7\u00f5es para enfrentar os desafios do pa\u00eds. A fragmenta\u00e7\u00e3o de propostas \u00e9 apontada como indicadora de fragilidade na lideran\u00e7a.<\/p>\n<p>Joana Amaral Dias analisa criticamente v\u00e1rios nomes em cena. Gouveia e Melo \u00e9 descrito com uma leitura negativa por alegadas falhas em pol\u00edticas de sa\u00fade. Marques Mendes \u00e9 visto como facilitador de contactos p\u00fablicos com retorno financeiro. Cotrim de Figueiredo \u00e9 apresentado como defensor de agendas tecnocr\u00e1ticas europeias.<\/p>\n<p>A autora tamb\u00e9m critica Andr\u00e9 Ventura, apontando falhas nas propostas sobre imigra\u00e7\u00e3o e soberania. Ant\u00f3nio Jos\u00e9 Seguro \u00e9 descrito como inst\u00e1vel por posi\u00e7\u00f5es indefinidas. Catarina Martins e outros representantes s\u00e3o vistos como figuras de nicho sem projeto claro.<\/p>\n<p>O texto menciona ainda Humberto Correia e Manuel Jo\u00e3o Vieira de forma ir\u00f3nica, sugerindo que o humor n\u00e3o consolida uma presid\u00eancia. O ausente \u00e9 referido como figura de peso ausente no debate p\u00fablico, incapaz de apresentar um projeto claro para o pa\u00eds.<\/p>\n<p>Conclui-se com a decis\u00e3o de votar nulo, apresentado como forma de protesto contra o que considera degeneresc\u00eancia do regime e a presen\u00e7a de candidatos considerados pouco consistentes. A autora classifica a situa\u00e7\u00e3o como sintom\u00e1tica da crise institucional.<\/p>\n<p>Fonte: declara\u00e7\u00e3o publicada no SAPO Cortexfrontal, assinada pela ativista Joana Amaral Dias, com envio por e-mail.<\/p>\n","protected":false},"excerpt":{"rendered":"<ul>\n<li>Joana Amaral Dias declara voto nulo nas presidenciais, dirigindo-se aos indecisos e aos votos brancos\/nulos.<\/li>\n<li>Observa onze nomes no boletim, mas diz n\u00e3o ver um presidente \u00e0 altura dos desafios, apontando fragmenta\u00e7\u00e3o nas sondagens.<\/li>\n<li>critica Gouveia e Melo pela pol\u00edtica com fardas e pela perce\u00e7\u00e3o de resultados ruins em sa\u00fade; considera-o pouco est\u00e1vel politicamente.<\/li>\n<li>critica Marques Mendes, Cotrim de Figueiredo e Andr\u00e9 Ventura por comportamentos ou propostas que considera inadequados para Bel\u00e9m; rejeita as liga\u00e7\u00f5es a interesses externos ou de terceiros.<\/li>\n<li>afirma que faltam os demais candidatos e um projeto de pa\u00eds, conclui que votar nulo \u00e9 um protesto contra \u201ccandidatos fantasma\u201d e a degeneresc\u00eancia do regime.<\/li>\n<\/ul>\n","protected":false},"author":2,"featured_media":140199,"comment_status":"closed","ping_status":"closed","sticky":false,"template":"","format":"standard","meta":{"footnotes":""},"categories":[1],"tags":[2453,2578,68,712,2669,2832],"class_list":["post-140192","post","type-post","status-publish","format-standard","has-post-thumbnail","hentry","category-noticias","tag-andre-ventura","tag-catarina-martins","tag-eleicoes","tag-imigracao","tag-joana-amaral-dias","tag-politica"],"yoast_head":"<!-- This site is optimized with the Yoast SEO plugin v27.2 - https:\/\/yoast.com\/product\/yoast-seo-wordpress\/ -->\n<title>Declara\u00e7\u00e3o de Voto analisa o posicionamento dos eleitores - Portal Tela Portugal<\/title>\n<meta name=\"robots\" content=\"index, follow, max-snippet:-1, max-image-preview:large, max-video-preview:-1\" \/>\n<meta property=\"og:locale\" content=\"pt_PT\" \/>\n<meta property=\"og:type\" content=\"article\" \/>\n<meta property=\"og:title\" content=\"Declara\u00e7\u00e3o de Voto analisa o posicionamento dos eleitores - Portal Tela Portugal\" \/>\n<meta property=\"og:description\" content=\"Joana Amaral Dias declara voto nulo nas presidenciais, dirigindo-se aos indecisos e aos votos brancos\/nulos. Observa onze nomes no boletim, mas diz n\u00e3o ver um presidente \u00e0 altura dos desafios, apontando fragmenta\u00e7\u00e3o nas sondagens. critica Gouveia e Melo pela pol\u00edtica com fardas e pela perce\u00e7\u00e3o de resultados ruins em sa\u00fade; considera-o pouco est\u00e1vel politicamente. critica Marques Mendes, Cotrim de Figueiredo e Andr\u00e9 Ventura por comportamentos ou propostas que considera inadequados para Bel\u00e9m; rejeita as liga\u00e7\u00f5es a interesses externos ou de terceiros. afirma que faltam os demais candidatos e um projeto de pa\u00eds, conclui que votar nulo \u00e9 um protesto contra \u201ccandidatos fantasma\u201d e a degeneresc\u00eancia do regime.\" \/>\n<meta property=\"og:url\" content=\"https:\/\/portaltela.pt\/noticias\/2026\/01\/13\/declaracao-de-voto-analisa-o-posicionamento-dos-eleitores\/\" \/>\n<meta property=\"og:site_name\" content=\"Portal Tela Portugal\" \/>\n<meta property=\"article:published_time\" content=\"2026-01-14T00:00:00+00:00\" \/>\n<meta name=\"author\" content=\"Telinha\" \/>\n<meta name=\"twitter:card\" content=\"summary_large_image\" \/>\n<meta name=\"twitter:label1\" content=\"Escrito por\" \/>\n\t<meta name=\"twitter:data1\" content=\"Telinha\" \/>\n\t<meta name=\"twitter:label2\" content=\"Tempo estimado de leitura\" \/>\n\t<meta name=\"twitter:data2\" content=\"1 minuto\" \/>\n<script type=\"application\/ld+json\" class=\"yoast-schema-graph\">{\"@context\":\"https:\/\/schema.org\",\"@graph\":[{\"@type\":\"Article\",\"@id\":\"https:\/\/portaltela.pt\/noticias\/2026\/01\/13\/declaracao-de-voto-analisa-o-posicionamento-dos-eleitores\/#article\",\"isPartOf\":{\"@id\":\"https:\/\/portaltela.pt\/noticias\/2026\/01\/13\/declaracao-de-voto-analisa-o-posicionamento-dos-eleitores\/\"},\"author\":{\"name\":\"Telinha\",\"@id\":\"https:\/\/portaltela.pt\/#\/schema\/person\/c4278d4a6028830caff9ee44b42d32ed\"},\"headline\":\"Declara\u00e7\u00e3o de Voto analisa o posicionamento dos eleitores\",\"datePublished\":\"2026-01-14T00:00:00+00:00\",\"mainEntityOfPage\":{\"@id\":\"https:\/\/portaltela.pt\/noticias\/2026\/01\/13\/declaracao-de-voto-analisa-o-posicionamento-dos-eleitores\/\"},\"wordCount\":301,\"image\":{\"@id\":\"https:\/\/portaltela.pt\/noticias\/2026\/01\/13\/declaracao-de-voto-analisa-o-posicionamento-dos-eleitores\/#primaryimage\"},\"thumbnailUrl\":\"https:\/\/portaltela.pt\/s.01k8rhncp4jt1\/2026\/01\/62c87abe5098afaa5a04abeefa4221d2a1856ab6.jpg\",\"keywords\":[\"Andr\u00e9 Ventura\",\"Catarina Martins\",\"elei\u00e7\u00f5es\",\"imigra\u00e7\u00e3o\",\"Joana Amaral Dias\",\"pol\u00edtica\"],\"articleSection\":[\"Not\u00edcias\"],\"inLanguage\":\"pt-PT\"},{\"@type\":\"WebPage\",\"@id\":\"https:\/\/portaltela.pt\/noticias\/2026\/01\/13\/declaracao-de-voto-analisa-o-posicionamento-dos-eleitores\/\",\"url\":\"https:\/\/portaltela.pt\/noticias\/2026\/01\/13\/declaracao-de-voto-analisa-o-posicionamento-dos-eleitores\/\",\"name\":\"Declara\u00e7\u00e3o de Voto analisa o posicionamento dos eleitores - Portal Tela Portugal\",\"isPartOf\":{\"@id\":\"https:\/\/portaltela.pt\/#website\"},\"primaryImageOfPage\":{\"@id\":\"https:\/\/portaltela.pt\/noticias\/2026\/01\/13\/declaracao-de-voto-analisa-o-posicionamento-dos-eleitores\/#primaryimage\"},\"image\":{\"@id\":\"https:\/\/portaltela.pt\/noticias\/2026\/01\/13\/declaracao-de-voto-analisa-o-posicionamento-dos-eleitores\/#primaryimage\"},\"thumbnailUrl\":\"https:\/\/portaltela.pt\/s.01k8rhncp4jt1\/2026\/01\/62c87abe5098afaa5a04abeefa4221d2a1856ab6.jpg\",\"datePublished\":\"2026-01-14T00:00:00+00:00\",\"author\":{\"@id\":\"https:\/\/portaltela.pt\/#\/schema\/person\/c4278d4a6028830caff9ee44b42d32ed\"},\"breadcrumb\":{\"@id\":\"https:\/\/portaltela.pt\/noticias\/2026\/01\/13\/declaracao-de-voto-analisa-o-posicionamento-dos-eleitores\/#breadcrumb\"},\"inLanguage\":\"pt-PT\",\"potentialAction\":[{\"@type\":\"ReadAction\",\"target\":[\"https:\/\/portaltela.pt\/noticias\/2026\/01\/13\/declaracao-de-voto-analisa-o-posicionamento-dos-eleitores\/\"]}]},{\"@type\":\"ImageObject\",\"inLanguage\":\"pt-PT\",\"@id\":\"https:\/\/portaltela.pt\/noticias\/2026\/01\/13\/declaracao-de-voto-analisa-o-posicionamento-dos-eleitores\/#primaryimage\",\"url\":\"https:\/\/portaltela.pt\/s.01k8rhncp4jt1\/2026\/01\/62c87abe5098afaa5a04abeefa4221d2a1856ab6.jpg\",\"contentUrl\":\"https:\/\/portaltela.pt\/s.01k8rhncp4jt1\/2026\/01\/62c87abe5098afaa5a04abeefa4221d2a1856ab6.jpg\",\"width\":796,\"height\":448,\"caption\":\"Photo\"},{\"@type\":\"BreadcrumbList\",\"@id\":\"https:\/\/portaltela.pt\/noticias\/2026\/01\/13\/declaracao-de-voto-analisa-o-posicionamento-dos-eleitores\/#breadcrumb\",\"itemListElement\":[{\"@type\":\"ListItem\",\"position\":1,\"name\":\"In\u00edcio\",\"item\":\"https:\/\/portaltela.pt\/\"},{\"@type\":\"ListItem\",\"position\":2,\"name\":\"Declara\u00e7\u00e3o de Voto analisa o posicionamento dos eleitores\"}]},{\"@type\":\"WebSite\",\"@id\":\"https:\/\/portaltela.pt\/#website\",\"url\":\"https:\/\/portaltela.pt\/\",\"name\":\"Portal Tela Portugal\",\"description\":\"\",\"potentialAction\":[{\"@type\":\"SearchAction\",\"target\":{\"@type\":\"EntryPoint\",\"urlTemplate\":\"https:\/\/portaltela.pt\/?s={search_term_string}\"},\"query-input\":{\"@type\":\"PropertyValueSpecification\",\"valueRequired\":true,\"valueName\":\"search_term_string\"}}],\"inLanguage\":\"pt-PT\"},{\"@type\":\"Person\",\"@id\":\"https:\/\/portaltela.pt\/#\/schema\/person\/c4278d4a6028830caff9ee44b42d32ed\",\"name\":\"Telinha\",\"image\":{\"@type\":\"ImageObject\",\"inLanguage\":\"pt-PT\",\"@id\":\"https:\/\/portaltela.pt\/s.01k8rhncp4jt1\/2025\/11\/talking-bot-125x125.png\",\"url\":\"https:\/\/portaltela.pt\/s.01k8rhncp4jt1\/2025\/11\/talking-bot-125x125.png\",\"contentUrl\":\"https:\/\/portaltela.pt\/s.01k8rhncp4jt1\/2025\/11\/talking-bot-125x125.png\",\"caption\":\"Telinha\"},\"sameAs\":[\"https:\/\/portaltela.pt\/\"],\"url\":\"https:\/\/portaltela.pt\/por\/367410592786\/\"}]}<\/script>\n<!-- \/ Yoast SEO plugin. -->","yoast_head_json":{"title":"Declara\u00e7\u00e3o de Voto analisa o posicionamento dos eleitores - Portal Tela Portugal","robots":{"index":"index","follow":"follow","max-snippet":"max-snippet:-1","max-image-preview":"max-image-preview:large","max-video-preview":"max-video-preview:-1"},"og_locale":"pt_PT","og_type":"article","og_title":"Declara\u00e7\u00e3o de Voto analisa o posicionamento dos eleitores - Portal Tela Portugal","og_description":"Joana Amaral Dias declara voto nulo nas presidenciais, dirigindo-se aos indecisos e aos votos brancos\/nulos. Observa onze nomes no boletim, mas diz n\u00e3o ver um presidente \u00e0 altura dos desafios, apontando fragmenta\u00e7\u00e3o nas sondagens. critica Gouveia e Melo pela pol\u00edtica com fardas e pela perce\u00e7\u00e3o de resultados ruins em sa\u00fade; considera-o pouco est\u00e1vel politicamente. critica Marques Mendes, Cotrim de Figueiredo e Andr\u00e9 Ventura por comportamentos ou propostas que considera inadequados para Bel\u00e9m; rejeita as liga\u00e7\u00f5es a interesses externos ou de terceiros. afirma que faltam os demais candidatos e um projeto de pa\u00eds, conclui que votar nulo \u00e9 um protesto contra \u201ccandidatos fantasma\u201d e a degeneresc\u00eancia do regime.","og_url":"https:\/\/portaltela.pt\/noticias\/2026\/01\/13\/declaracao-de-voto-analisa-o-posicionamento-dos-eleitores\/","og_site_name":"Portal Tela Portugal","article_published_time":"2026-01-14T00:00:00+00:00","author":"Telinha","twitter_card":"summary_large_image","twitter_misc":{"Escrito por":"Telinha","Tempo estimado de leitura":"1 minuto"},"schema":{"@context":"https:\/\/schema.org","@graph":[{"@type":"Article","@id":"https:\/\/portaltela.pt\/noticias\/2026\/01\/13\/declaracao-de-voto-analisa-o-posicionamento-dos-eleitores\/#article","isPartOf":{"@id":"https:\/\/portaltela.pt\/noticias\/2026\/01\/13\/declaracao-de-voto-analisa-o-posicionamento-dos-eleitores\/"},"author":{"name":"Telinha","@id":"https:\/\/portaltela.pt\/#\/schema\/person\/c4278d4a6028830caff9ee44b42d32ed"},"headline":"Declara\u00e7\u00e3o de Voto analisa o posicionamento dos eleitores","datePublished":"2026-01-14T00:00:00+00:00","mainEntityOfPage":{"@id":"https:\/\/portaltela.pt\/noticias\/2026\/01\/13\/declaracao-de-voto-analisa-o-posicionamento-dos-eleitores\/"},"wordCount":301,"image":{"@id":"https:\/\/portaltela.pt\/noticias\/2026\/01\/13\/declaracao-de-voto-analisa-o-posicionamento-dos-eleitores\/#primaryimage"},"thumbnailUrl":"https:\/\/portaltela.pt\/s.01k8rhncp4jt1\/2026\/01\/62c87abe5098afaa5a04abeefa4221d2a1856ab6.jpg","keywords":["Andr\u00e9 Ventura","Catarina Martins","elei\u00e7\u00f5es","imigra\u00e7\u00e3o","Joana Amaral Dias","pol\u00edtica"],"articleSection":["Not\u00edcias"],"inLanguage":"pt-PT"},{"@type":"WebPage","@id":"https:\/\/portaltela.pt\/noticias\/2026\/01\/13\/declaracao-de-voto-analisa-o-posicionamento-dos-eleitores\/","url":"https:\/\/portaltela.pt\/noticias\/2026\/01\/13\/declaracao-de-voto-analisa-o-posicionamento-dos-eleitores\/","name":"Declara\u00e7\u00e3o de Voto analisa o posicionamento dos eleitores - Portal Tela Portugal","isPartOf":{"@id":"https:\/\/portaltela.pt\/#website"},"primaryImageOfPage":{"@id":"https:\/\/portaltela.pt\/noticias\/2026\/01\/13\/declaracao-de-voto-analisa-o-posicionamento-dos-eleitores\/#primaryimage"},"image":{"@id":"https:\/\/portaltela.pt\/noticias\/2026\/01\/13\/declaracao-de-voto-analisa-o-posicionamento-dos-eleitores\/#primaryimage"},"thumbnailUrl":"https:\/\/portaltela.pt\/s.01k8rhncp4jt1\/2026\/01\/62c87abe5098afaa5a04abeefa4221d2a1856ab6.jpg","datePublished":"2026-01-14T00:00:00+00:00","author":{"@id":"https:\/\/portaltela.pt\/#\/schema\/person\/c4278d4a6028830caff9ee44b42d32ed"},"breadcrumb":{"@id":"https:\/\/portaltela.pt\/noticias\/2026\/01\/13\/declaracao-de-voto-analisa-o-posicionamento-dos-eleitores\/#breadcrumb"},"inLanguage":"pt-PT","potentialAction":[{"@type":"ReadAction","target":["https:\/\/portaltela.pt\/noticias\/2026\/01\/13\/declaracao-de-voto-analisa-o-posicionamento-dos-eleitores\/"]}]},{"@type":"ImageObject","inLanguage":"pt-PT","@id":"https:\/\/portaltela.pt\/noticias\/2026\/01\/13\/declaracao-de-voto-analisa-o-posicionamento-dos-eleitores\/#primaryimage","url":"https:\/\/portaltela.pt\/s.01k8rhncp4jt1\/2026\/01\/62c87abe5098afaa5a04abeefa4221d2a1856ab6.jpg","contentUrl":"https:\/\/portaltela.pt\/s.01k8rhncp4jt1\/2026\/01\/62c87abe5098afaa5a04abeefa4221d2a1856ab6.jpg","width":796,"height":448,"caption":"Photo"},{"@type":"BreadcrumbList","@id":"https:\/\/portaltela.pt\/noticias\/2026\/01\/13\/declaracao-de-voto-analisa-o-posicionamento-dos-eleitores\/#breadcrumb","itemListElement":[{"@type":"ListItem","position":1,"name":"In\u00edcio","item":"https:\/\/portaltela.pt\/"},{"@type":"ListItem","position":2,"name":"Declara\u00e7\u00e3o de Voto analisa o posicionamento dos eleitores"}]},{"@type":"WebSite","@id":"https:\/\/portaltela.pt\/#website","url":"https:\/\/portaltela.pt\/","name":"Portal Tela Portugal","description":"","potentialAction":[{"@type":"SearchAction","target":{"@type":"EntryPoint","urlTemplate":"https:\/\/portaltela.pt\/?s={search_term_string}"},"query-input":{"@type":"PropertyValueSpecification","valueRequired":true,"valueName":"search_term_string"}}],"inLanguage":"pt-PT"},{"@type":"Person","@id":"https:\/\/portaltela.pt\/#\/schema\/person\/c4278d4a6028830caff9ee44b42d32ed","name":"Telinha","image":{"@type":"ImageObject","inLanguage":"pt-PT","@id":"https:\/\/portaltela.pt\/s.01k8rhncp4jt1\/2025\/11\/talking-bot-125x125.png","url":"https:\/\/portaltela.pt\/s.01k8rhncp4jt1\/2025\/11\/talking-bot-125x125.png","contentUrl":"https:\/\/portaltela.pt\/s.01k8rhncp4jt1\/2025\/11\/talking-bot-125x125.png","caption":"Telinha"},"sameAs":["https:\/\/portaltela.pt\/"],"url":"https:\/\/portaltela.pt\/por\/367410592786\/"}]}},"_links":{"self":[{"href":"https:\/\/portaltela.pt\/api\/wp\/v2\/posts\/140192","targetHints":{"allow":["GET"]}}],"collection":[{"href":"https:\/\/portaltela.pt\/api\/wp\/v2\/posts"}],"about":[{"href":"https:\/\/portaltela.pt\/api\/wp\/v2\/types\/post"}],"author":[{"embeddable":true,"href":"https:\/\/portaltela.pt\/api\/wp\/v2\/users\/2"}],"replies":[{"embeddable":true,"href":"https:\/\/portaltela.pt\/api\/wp\/v2\/comments?post=140192"}],"version-history":[{"count":0,"href":"https:\/\/portaltela.pt\/api\/wp\/v2\/posts\/140192\/revisions"}],"wp:featuredmedia":[{"embeddable":true,"href":"https:\/\/portaltela.pt\/api\/wp\/v2\/media\/140199"}],"wp:attachment":[{"href":"https:\/\/portaltela.pt\/api\/wp\/v2\/media?parent=140192"}],"wp:term":[{"taxonomy":"category","embeddable":true,"href":"https:\/\/portaltela.pt\/api\/wp\/v2\/categories?post=140192"},{"taxonomy":"post_tag","embeddable":true,"href":"https:\/\/portaltela.pt\/api\/wp\/v2\/tags?post=140192"}],"curies":[{"name":"wp","href":"https:\/\/api.w.org\/{rel}","templated":true}]}}