{"id":140119,"date":"2026-01-13T20:49:05","date_gmt":"2026-01-13T23:49:05","guid":{"rendered":"https:\/\/portaltela.pt\/noticias\/2026\/01\/13\/cessar-fogo-em-alepo-e-rompido-por-ataques-entre-exercito-sirio-e-forcas-curdas\/"},"modified":"2026-01-13T20:49:05","modified_gmt":"2026-01-13T23:49:05","slug":"cessar-fogo-em-alepo-e-rompido-por-ataques-entre-exercito-sirio-e-forcas-curdas","status":"publish","type":"post","link":"https:\/\/portaltela.pt\/noticias\/2026\/01\/13\/cessar-fogo-em-alepo-e-rompido-por-ataques-entre-exercito-sirio-e-forcas-curdas\/","title":{"rendered":"Cessar-fogo em Alepo \u00e9 rompido por ataques entre ex\u00e9rcito s\u00edrio e for\u00e7as curdas"},"content":{"rendered":"<p>O cessar-fogo acordado h\u00e1 tr\u00eas dias na prov\u00edncia de Alepo foi quebrado por ataques entre o Ex\u00e9rcito s\u00edrio e as For\u00e7as Democr\u00e1ticas S\u00edrias (FDS), lideradas pelos curdos, nesta ter\u00e7a-feira. Os confrontos ocorreram na regi\u00e3o de Deir Hafir, no noroeste da S\u00edria.<\/p>\n<p>As FDS relataram ataques de artilharia contra a cidade de Deir Hafir, numa \u00e1rea que o Ex\u00e9rcito s\u00edrio tinha declarado como zona militar fechada. O Ex\u00e9rcito afirmou ter recebido refor\u00e7os na regi\u00e3o para repelir a a\u00e7\u00e3o.<\/p>\n<p>Em comunicado, as for\u00e7as curdas afirmaram que as tropas do Governo s\u00edrio atacaram casas de civis nas aldeias de Rasm Krum e Imam, localizadas a nordeste de Deir Hafir. Segundo as informa\u00e7\u00f5es, as aldeias foram alvo com armamento pesado e houve dois ataques com drones suicidas.<\/p>\n<h3>Acusa\u00e7\u00f5es rec\u00edprocas<\/h3>\n<p>N\u00e3o houve confirma\u00e7\u00e3o imediata por parte do Governo s\u00edrio sobre as alega\u00e7\u00f5es das FDS. O epis\u00f3dio representa uma escalada em plena quebra do cessar-fogo na regi\u00e3o, com impactos potenciais para civis e opera\u00e7\u00f5es humanit\u00e1rias.<\/p>\n","protected":false},"excerpt":{"rendered":"<ul>\n<li>Cessar-fogo em Alepo, S\u00edria, foi quebrado por ataques entre as for\u00e7as do governo e as For\u00e7as Democr\u00e1ticas S\u00edrias (FDS) lideradas pelos curdos, tr\u00eas dias ap\u00f3s o acordo ter entrado em vigor na regi\u00e3o.<\/li>\n<li>As FDS relataram ataques de artilharia \u00e0 cidade de Deir Hafir, numa \u00e1rea que o Ex\u00e9rcito s\u00edrio havia declarado como zona militar fechada.<\/li>\n<li>O Ex\u00e9rcito s\u00edrio acusou os curdos de enviarem refor\u00e7os para a regi\u00e3o de Deir Hafir.<\/li>\n<li>Os curdos s\u00edrios afirmaram que, no \u00e2mbito da escalada, for\u00e7as do governo atacaram casas de civis nas aldeias de Rasm Krum e Imam, localizadas a nordeste de Deir Hafir.<\/li>\n<li>Segundo os curdos, as aldeias foram visadas com armamento pesado, incluindo dois ataques com drones suicidas.<\/li>\n<\/ul>\n","protected":false},"author":2,"featured_media":140133,"comment_status":"closed","ping_status":"closed","sticky":false,"template":"","format":"standard","meta":{"footnotes":""},"categories":[1],"tags":[165,416,254,1779,40,2066],"class_list":["post-140119","post","type-post","status-publish","format-standard","has-post-thumbnail","hentry","category-noticias","tag-armamento","tag-artilharia","tag-conflito","tag-forcas-armadas","tag-pessoas","tag-siria"],"yoast_head":"<!-- This site is optimized with the Yoast SEO plugin v27.2 - https:\/\/yoast.com\/product\/yoast-seo-wordpress\/ -->\n<title>Cessar-fogo em Alepo \u00e9 rompido por ataques entre ex\u00e9rcito s\u00edrio e for\u00e7as curdas - Portal Tela Portugal<\/title>\n<meta name=\"robots\" content=\"index, follow, max-snippet:-1, max-image-preview:large, max-video-preview:-1\" \/>\n<meta property=\"og:locale\" content=\"pt_PT\" \/>\n<meta property=\"og:type\" content=\"article\" \/>\n<meta property=\"og:title\" content=\"Cessar-fogo em Alepo \u00e9 rompido por ataques entre ex\u00e9rcito s\u00edrio e for\u00e7as curdas - Portal Tela Portugal\" \/>\n<meta property=\"og:description\" content=\"Cessar-fogo em Alepo, S\u00edria, foi quebrado por ataques entre as for\u00e7as do governo e as For\u00e7as Democr\u00e1ticas S\u00edrias (FDS) lideradas pelos curdos, tr\u00eas dias ap\u00f3s o acordo ter entrado em vigor na regi\u00e3o. As FDS relataram ataques de artilharia \u00e0 cidade de Deir Hafir, numa \u00e1rea que o Ex\u00e9rcito s\u00edrio havia declarado como zona militar fechada. O Ex\u00e9rcito s\u00edrio acusou os curdos de enviarem refor\u00e7os para a regi\u00e3o de Deir Hafir. Os curdos s\u00edrios afirmaram que, no \u00e2mbito da escalada, for\u00e7as do governo atacaram casas de civis nas aldeias de Rasm Krum e Imam, localizadas a nordeste de Deir Hafir. Segundo os curdos, as aldeias foram visadas com armamento pesado, incluindo dois ataques com drones suicidas.\" \/>\n<meta property=\"og:url\" content=\"https:\/\/portaltela.pt\/noticias\/2026\/01\/13\/cessar-fogo-em-alepo-e-rompido-por-ataques-entre-exercito-sirio-e-forcas-curdas\/\" \/>\n<meta property=\"og:site_name\" content=\"Portal Tela Portugal\" \/>\n<meta property=\"article:published_time\" content=\"2026-01-13T23:49:05+00:00\" \/>\n<meta name=\"author\" content=\"Telinha\" \/>\n<meta name=\"twitter:card\" content=\"summary_large_image\" \/>\n<meta name=\"twitter:label1\" content=\"Escrito por\" \/>\n\t<meta name=\"twitter:data1\" content=\"Telinha\" \/>\n\t<meta name=\"twitter:label2\" content=\"Tempo estimado de leitura\" \/>\n\t<meta name=\"twitter:data2\" content=\"1 minuto\" \/>\n<script type=\"application\/ld+json\" class=\"yoast-schema-graph\">{\"@context\":\"https:\/\/schema.org\",\"@graph\":[{\"@type\":\"Article\",\"@id\":\"https:\/\/portaltela.pt\/noticias\/2026\/01\/13\/cessar-fogo-em-alepo-e-rompido-por-ataques-entre-exercito-sirio-e-forcas-curdas\/#article\",\"isPartOf\":{\"@id\":\"https:\/\/portaltela.pt\/noticias\/2026\/01\/13\/cessar-fogo-em-alepo-e-rompido-por-ataques-entre-exercito-sirio-e-forcas-curdas\/\"},\"author\":{\"name\":\"Telinha\",\"@id\":\"https:\/\/portaltela.pt\/#\/schema\/person\/c4278d4a6028830caff9ee44b42d32ed\"},\"headline\":\"Cessar-fogo em Alepo \u00e9 rompido por ataques entre ex\u00e9rcito s\u00edrio e for\u00e7as curdas\",\"datePublished\":\"2026-01-13T23:49:05+00:00\",\"mainEntityOfPage\":{\"@id\":\"https:\/\/portaltela.pt\/noticias\/2026\/01\/13\/cessar-fogo-em-alepo-e-rompido-por-ataques-entre-exercito-sirio-e-forcas-curdas\/\"},\"wordCount\":203,\"image\":{\"@id\":\"https:\/\/portaltela.pt\/noticias\/2026\/01\/13\/cessar-fogo-em-alepo-e-rompido-por-ataques-entre-exercito-sirio-e-forcas-curdas\/#primaryimage\"},\"thumbnailUrl\":\"https:\/\/portaltela.pt\/s.01k8rhncp4jt1\/2026\/01\/img_1500x1000uu2024-11-30-12-21-21-2180268.jpg\",\"keywords\":[\"armamento\",\"artilharia\",\"conflito\",\"For\u00e7as Armadas\",\"pessoas\",\"S\u00edria\"],\"articleSection\":[\"Not\u00edcias\"],\"inLanguage\":\"pt-PT\"},{\"@type\":\"WebPage\",\"@id\":\"https:\/\/portaltela.pt\/noticias\/2026\/01\/13\/cessar-fogo-em-alepo-e-rompido-por-ataques-entre-exercito-sirio-e-forcas-curdas\/\",\"url\":\"https:\/\/portaltela.pt\/noticias\/2026\/01\/13\/cessar-fogo-em-alepo-e-rompido-por-ataques-entre-exercito-sirio-e-forcas-curdas\/\",\"name\":\"Cessar-fogo em Alepo \u00e9 rompido por ataques entre ex\u00e9rcito s\u00edrio e for\u00e7as curdas - Portal Tela Portugal\",\"isPartOf\":{\"@id\":\"https:\/\/portaltela.pt\/#website\"},\"primaryImageOfPage\":{\"@id\":\"https:\/\/portaltela.pt\/noticias\/2026\/01\/13\/cessar-fogo-em-alepo-e-rompido-por-ataques-entre-exercito-sirio-e-forcas-curdas\/#primaryimage\"},\"image\":{\"@id\":\"https:\/\/portaltela.pt\/noticias\/2026\/01\/13\/cessar-fogo-em-alepo-e-rompido-por-ataques-entre-exercito-sirio-e-forcas-curdas\/#primaryimage\"},\"thumbnailUrl\":\"https:\/\/portaltela.pt\/s.01k8rhncp4jt1\/2026\/01\/img_1500x1000uu2024-11-30-12-21-21-2180268.jpg\",\"datePublished\":\"2026-01-13T23:49:05+00:00\",\"author\":{\"@id\":\"https:\/\/portaltela.pt\/#\/schema\/person\/c4278d4a6028830caff9ee44b42d32ed\"},\"breadcrumb\":{\"@id\":\"https:\/\/portaltela.pt\/noticias\/2026\/01\/13\/cessar-fogo-em-alepo-e-rompido-por-ataques-entre-exercito-sirio-e-forcas-curdas\/#breadcrumb\"},\"inLanguage\":\"pt-PT\",\"potentialAction\":[{\"@type\":\"ReadAction\",\"target\":[\"https:\/\/portaltela.pt\/noticias\/2026\/01\/13\/cessar-fogo-em-alepo-e-rompido-por-ataques-entre-exercito-sirio-e-forcas-curdas\/\"]}]},{\"@type\":\"ImageObject\",\"inLanguage\":\"pt-PT\",\"@id\":\"https:\/\/portaltela.pt\/noticias\/2026\/01\/13\/cessar-fogo-em-alepo-e-rompido-por-ataques-entre-exercito-sirio-e-forcas-curdas\/#primaryimage\",\"url\":\"https:\/\/portaltela.pt\/s.01k8rhncp4jt1\/2026\/01\/img_1500x1000uu2024-11-30-12-21-21-2180268.jpg\",\"contentUrl\":\"https:\/\/portaltela.pt\/s.01k8rhncp4jt1\/2026\/01\/img_1500x1000uu2024-11-30-12-21-21-2180268.jpg\",\"width\":796,\"height\":448,\"caption\":\"Tens\u00e3o separatista continua em v\u00e1rias zonas da S\u00edria\"},{\"@type\":\"BreadcrumbList\",\"@id\":\"https:\/\/portaltela.pt\/noticias\/2026\/01\/13\/cessar-fogo-em-alepo-e-rompido-por-ataques-entre-exercito-sirio-e-forcas-curdas\/#breadcrumb\",\"itemListElement\":[{\"@type\":\"ListItem\",\"position\":1,\"name\":\"In\u00edcio\",\"item\":\"https:\/\/portaltela.pt\/\"},{\"@type\":\"ListItem\",\"position\":2,\"name\":\"Cessar-fogo em Alepo \u00e9 rompido por ataques entre ex\u00e9rcito s\u00edrio e for\u00e7as curdas\"}]},{\"@type\":\"WebSite\",\"@id\":\"https:\/\/portaltela.pt\/#website\",\"url\":\"https:\/\/portaltela.pt\/\",\"name\":\"Portal Tela Portugal\",\"description\":\"\",\"potentialAction\":[{\"@type\":\"SearchAction\",\"target\":{\"@type\":\"EntryPoint\",\"urlTemplate\":\"https:\/\/portaltela.pt\/?s={search_term_string}\"},\"query-input\":{\"@type\":\"PropertyValueSpecification\",\"valueRequired\":true,\"valueName\":\"search_term_string\"}}],\"inLanguage\":\"pt-PT\"},{\"@type\":\"Person\",\"@id\":\"https:\/\/portaltela.pt\/#\/schema\/person\/c4278d4a6028830caff9ee44b42d32ed\",\"name\":\"Telinha\",\"image\":{\"@type\":\"ImageObject\",\"inLanguage\":\"pt-PT\",\"@id\":\"https:\/\/portaltela.pt\/s.01k8rhncp4jt1\/2025\/11\/talking-bot-125x125.png\",\"url\":\"https:\/\/portaltela.pt\/s.01k8rhncp4jt1\/2025\/11\/talking-bot-125x125.png\",\"contentUrl\":\"https:\/\/portaltela.pt\/s.01k8rhncp4jt1\/2025\/11\/talking-bot-125x125.png\",\"caption\":\"Telinha\"},\"sameAs\":[\"https:\/\/portaltela.pt\/\"],\"url\":\"https:\/\/portaltela.pt\/por\/367410592786\/\"}]}<\/script>\n<!-- \/ Yoast SEO plugin. -->","yoast_head_json":{"title":"Cessar-fogo em Alepo \u00e9 rompido por ataques entre ex\u00e9rcito s\u00edrio e for\u00e7as curdas - Portal Tela Portugal","robots":{"index":"index","follow":"follow","max-snippet":"max-snippet:-1","max-image-preview":"max-image-preview:large","max-video-preview":"max-video-preview:-1"},"og_locale":"pt_PT","og_type":"article","og_title":"Cessar-fogo em Alepo \u00e9 rompido por ataques entre ex\u00e9rcito s\u00edrio e for\u00e7as curdas - Portal Tela Portugal","og_description":"Cessar-fogo em Alepo, S\u00edria, foi quebrado por ataques entre as for\u00e7as do governo e as For\u00e7as Democr\u00e1ticas S\u00edrias (FDS) lideradas pelos curdos, tr\u00eas dias ap\u00f3s o acordo ter entrado em vigor na regi\u00e3o. As FDS relataram ataques de artilharia \u00e0 cidade de Deir Hafir, numa \u00e1rea que o Ex\u00e9rcito s\u00edrio havia declarado como zona militar fechada. O Ex\u00e9rcito s\u00edrio acusou os curdos de enviarem refor\u00e7os para a regi\u00e3o de Deir Hafir. Os curdos s\u00edrios afirmaram que, no \u00e2mbito da escalada, for\u00e7as do governo atacaram casas de civis nas aldeias de Rasm Krum e Imam, localizadas a nordeste de Deir Hafir. Segundo os curdos, as aldeias foram visadas com armamento pesado, incluindo dois ataques com drones suicidas.","og_url":"https:\/\/portaltela.pt\/noticias\/2026\/01\/13\/cessar-fogo-em-alepo-e-rompido-por-ataques-entre-exercito-sirio-e-forcas-curdas\/","og_site_name":"Portal Tela Portugal","article_published_time":"2026-01-13T23:49:05+00:00","author":"Telinha","twitter_card":"summary_large_image","twitter_misc":{"Escrito por":"Telinha","Tempo estimado de leitura":"1 minuto"},"schema":{"@context":"https:\/\/schema.org","@graph":[{"@type":"Article","@id":"https:\/\/portaltela.pt\/noticias\/2026\/01\/13\/cessar-fogo-em-alepo-e-rompido-por-ataques-entre-exercito-sirio-e-forcas-curdas\/#article","isPartOf":{"@id":"https:\/\/portaltela.pt\/noticias\/2026\/01\/13\/cessar-fogo-em-alepo-e-rompido-por-ataques-entre-exercito-sirio-e-forcas-curdas\/"},"author":{"name":"Telinha","@id":"https:\/\/portaltela.pt\/#\/schema\/person\/c4278d4a6028830caff9ee44b42d32ed"},"headline":"Cessar-fogo em Alepo \u00e9 rompido por ataques entre ex\u00e9rcito s\u00edrio e for\u00e7as curdas","datePublished":"2026-01-13T23:49:05+00:00","mainEntityOfPage":{"@id":"https:\/\/portaltela.pt\/noticias\/2026\/01\/13\/cessar-fogo-em-alepo-e-rompido-por-ataques-entre-exercito-sirio-e-forcas-curdas\/"},"wordCount":203,"image":{"@id":"https:\/\/portaltela.pt\/noticias\/2026\/01\/13\/cessar-fogo-em-alepo-e-rompido-por-ataques-entre-exercito-sirio-e-forcas-curdas\/#primaryimage"},"thumbnailUrl":"https:\/\/portaltela.pt\/s.01k8rhncp4jt1\/2026\/01\/img_1500x1000uu2024-11-30-12-21-21-2180268.jpg","keywords":["armamento","artilharia","conflito","For\u00e7as Armadas","pessoas","S\u00edria"],"articleSection":["Not\u00edcias"],"inLanguage":"pt-PT"},{"@type":"WebPage","@id":"https:\/\/portaltela.pt\/noticias\/2026\/01\/13\/cessar-fogo-em-alepo-e-rompido-por-ataques-entre-exercito-sirio-e-forcas-curdas\/","url":"https:\/\/portaltela.pt\/noticias\/2026\/01\/13\/cessar-fogo-em-alepo-e-rompido-por-ataques-entre-exercito-sirio-e-forcas-curdas\/","name":"Cessar-fogo em Alepo \u00e9 rompido por ataques entre ex\u00e9rcito s\u00edrio e for\u00e7as curdas - Portal Tela Portugal","isPartOf":{"@id":"https:\/\/portaltela.pt\/#website"},"primaryImageOfPage":{"@id":"https:\/\/portaltela.pt\/noticias\/2026\/01\/13\/cessar-fogo-em-alepo-e-rompido-por-ataques-entre-exercito-sirio-e-forcas-curdas\/#primaryimage"},"image":{"@id":"https:\/\/portaltela.pt\/noticias\/2026\/01\/13\/cessar-fogo-em-alepo-e-rompido-por-ataques-entre-exercito-sirio-e-forcas-curdas\/#primaryimage"},"thumbnailUrl":"https:\/\/portaltela.pt\/s.01k8rhncp4jt1\/2026\/01\/img_1500x1000uu2024-11-30-12-21-21-2180268.jpg","datePublished":"2026-01-13T23:49:05+00:00","author":{"@id":"https:\/\/portaltela.pt\/#\/schema\/person\/c4278d4a6028830caff9ee44b42d32ed"},"breadcrumb":{"@id":"https:\/\/portaltela.pt\/noticias\/2026\/01\/13\/cessar-fogo-em-alepo-e-rompido-por-ataques-entre-exercito-sirio-e-forcas-curdas\/#breadcrumb"},"inLanguage":"pt-PT","potentialAction":[{"@type":"ReadAction","target":["https:\/\/portaltela.pt\/noticias\/2026\/01\/13\/cessar-fogo-em-alepo-e-rompido-por-ataques-entre-exercito-sirio-e-forcas-curdas\/"]}]},{"@type":"ImageObject","inLanguage":"pt-PT","@id":"https:\/\/portaltela.pt\/noticias\/2026\/01\/13\/cessar-fogo-em-alepo-e-rompido-por-ataques-entre-exercito-sirio-e-forcas-curdas\/#primaryimage","url":"https:\/\/portaltela.pt\/s.01k8rhncp4jt1\/2026\/01\/img_1500x1000uu2024-11-30-12-21-21-2180268.jpg","contentUrl":"https:\/\/portaltela.pt\/s.01k8rhncp4jt1\/2026\/01\/img_1500x1000uu2024-11-30-12-21-21-2180268.jpg","width":796,"height":448,"caption":"Tens\u00e3o separatista continua em v\u00e1rias zonas da S\u00edria"},{"@type":"BreadcrumbList","@id":"https:\/\/portaltela.pt\/noticias\/2026\/01\/13\/cessar-fogo-em-alepo-e-rompido-por-ataques-entre-exercito-sirio-e-forcas-curdas\/#breadcrumb","itemListElement":[{"@type":"ListItem","position":1,"name":"In\u00edcio","item":"https:\/\/portaltela.pt\/"},{"@type":"ListItem","position":2,"name":"Cessar-fogo em Alepo \u00e9 rompido por ataques entre ex\u00e9rcito s\u00edrio e for\u00e7as curdas"}]},{"@type":"WebSite","@id":"https:\/\/portaltela.pt\/#website","url":"https:\/\/portaltela.pt\/","name":"Portal Tela Portugal","description":"","potentialAction":[{"@type":"SearchAction","target":{"@type":"EntryPoint","urlTemplate":"https:\/\/portaltela.pt\/?s={search_term_string}"},"query-input":{"@type":"PropertyValueSpecification","valueRequired":true,"valueName":"search_term_string"}}],"inLanguage":"pt-PT"},{"@type":"Person","@id":"https:\/\/portaltela.pt\/#\/schema\/person\/c4278d4a6028830caff9ee44b42d32ed","name":"Telinha","image":{"@type":"ImageObject","inLanguage":"pt-PT","@id":"https:\/\/portaltela.pt\/s.01k8rhncp4jt1\/2025\/11\/talking-bot-125x125.png","url":"https:\/\/portaltela.pt\/s.01k8rhncp4jt1\/2025\/11\/talking-bot-125x125.png","contentUrl":"https:\/\/portaltela.pt\/s.01k8rhncp4jt1\/2025\/11\/talking-bot-125x125.png","caption":"Telinha"},"sameAs":["https:\/\/portaltela.pt\/"],"url":"https:\/\/portaltela.pt\/por\/367410592786\/"}]}},"_links":{"self":[{"href":"https:\/\/portaltela.pt\/api\/wp\/v2\/posts\/140119","targetHints":{"allow":["GET"]}}],"collection":[{"href":"https:\/\/portaltela.pt\/api\/wp\/v2\/posts"}],"about":[{"href":"https:\/\/portaltela.pt\/api\/wp\/v2\/types\/post"}],"author":[{"embeddable":true,"href":"https:\/\/portaltela.pt\/api\/wp\/v2\/users\/2"}],"replies":[{"embeddable":true,"href":"https:\/\/portaltela.pt\/api\/wp\/v2\/comments?post=140119"}],"version-history":[{"count":0,"href":"https:\/\/portaltela.pt\/api\/wp\/v2\/posts\/140119\/revisions"}],"wp:featuredmedia":[{"embeddable":true,"href":"https:\/\/portaltela.pt\/api\/wp\/v2\/media\/140133"}],"wp:attachment":[{"href":"https:\/\/portaltela.pt\/api\/wp\/v2\/media?parent=140119"}],"wp:term":[{"taxonomy":"category","embeddable":true,"href":"https:\/\/portaltela.pt\/api\/wp\/v2\/categories?post=140119"},{"taxonomy":"post_tag","embeddable":true,"href":"https:\/\/portaltela.pt\/api\/wp\/v2\/tags?post=140119"}],"curies":[{"name":"wp","href":"https:\/\/api.w.org\/{rel}","templated":true}]}}