{"id":140080,"date":"2026-01-13T19:58:10","date_gmt":"2026-01-13T22:58:10","guid":{"rendered":"https:\/\/portaltela.pt\/noticias\/2026\/01\/13\/dakar-alexandre-pinto-abandona-a-corrida-por-problemas-mecanicos-2\/"},"modified":"2026-01-13T19:58:10","modified_gmt":"2026-01-13T22:58:10","slug":"dakar-alexandre-pinto-abandona-a-corrida-por-problemas-mecanicos-2","status":"publish","type":"post","link":"https:\/\/portaltela.pt\/desporto\/2026\/01\/13\/dakar-alexandre-pinto-abandona-a-corrida-por-problemas-mecanicos-2\/","title":{"rendered":"Dakar: Alexandre Pinto abandona a corrida por problemas mec\u00e2nicos"},"content":{"rendered":"<p>Na 48.\u00aa edi\u00e7\u00e3o do Dakar, em Ar\u00e1bia Saudita, Alexandre Pinto, campe\u00e3o mundial de todo-o-terreno, abandonou a nona etapa da prova. A dupla portuguesa, composta por Pinto e o navegador Bernardo Oliveira, enfrentou uma falha mec\u00e2nica na suspens\u00e3o do seu SSV Polaris.<\/p>\n<p>A equipa Old Friends Rally Team informou que a dupla decidiu interromper a participa\u00e7\u00e3o esta ter\u00e7a-feira, ap\u00f3s v\u00e1rios contratempos ao longo da edi\u00e7\u00e3o. Pinto chegou a liderar parte da nona etapa, disputada na regi\u00e3o de Bisha, mas a suspens\u00e3o cedeu novamente a cerca de 10 km do final, quando seguia na frente e tinha hip\u00f3teses de vencer a primeira parte da etapa maratona.<\/p>\n<h3>Abandono e contexto<\/h3>\n<p>Segundo a Old Friends, a decis\u00e3o seguiu uma an\u00e1lise aos v\u00e1rios contratempos que afetaram a edi\u00e7\u00e3o, n\u00e3o reunindo as condi\u00e7\u00f5es para continuar a prova. A dupla Campe\u00e3 do Mundo sai de cabe\u00e7a erguida, conforme o comunicado, mantendo a confian\u00e7a nas suas capacidades para futuras participa\u00e7\u00f5es.<\/p>\n<h3>Pr\u00f3xima etapa<\/h3>\n<p>A quarta-feira marca a segunda parte da etapa maratona da edi\u00e7\u00e3o, com 368 quil\u00f3metros cronometrados para as motas e 420 para os autom\u00f3veis. A prova mant\u00e9m o formato de assist\u00eancia externa suspensa para esta fase entre os concorrentes.<\/p>\n","protected":false},"excerpt":{"rendered":"<ul>\n<li>O piloto Alexandre Pinto e Bernardo Oliveira abandonaram o Dakar na nona etapa da 48.\u00aa edi\u00e7\u00e3o, na Ar\u00e1bia Saudita, devido a uma falha na suspens\u00e3o do SSV Polaris.<\/li>\n<li>A dupla estava na frente da primeira parte da etapa maratona, quando parou a cerca de dez quil\u00f3metros do final.<\/li>\n<li>A Old Friends Rally Team informou ainda que Pedro Pinheiro j\u00e1 tinha ficado pelo caminho no domingo por les\u00e3o.<\/li>\n<li>Ap\u00f3s v\u00e1rios contratempos mec\u00e2nicos, a equipa disse n\u00e3o haver condi\u00e7\u00f5es para continuar, e a dupla Campe\u00e3 do Mundo saiu de cabe\u00e7a erguida.<\/li>\n<li>A segunda parte da etapa maratona disputa-se quarta-feira, com 368 quil\u00f3metros cronometrados para motos e 420 para autom\u00f3veis.<\/li>\n<\/ul>\n","protected":false},"author":2,"featured_media":140085,"comment_status":"closed","ping_status":"closed","sticky":false,"template":"","format":"standard","meta":{"footnotes":""},"categories":[21],"tags":[1016,2371,152,186,1014,2012],"class_list":["post-140080","post","type-post","status-publish","format-standard","has-post-thumbnail","hentry","category-desporto","tag-arabia-saudita","tag-automoveis","tag-desporto","tag-desportos","tag-portugal","tag-todo-o-terreno"],"yoast_head":"<!-- This site is optimized with the Yoast SEO plugin v27.2 - https:\/\/yoast.com\/product\/yoast-seo-wordpress\/ -->\n<title>Dakar: Alexandre Pinto abandona a corrida por problemas mec\u00e2nicos - Portal Tela Portugal<\/title>\n<meta name=\"robots\" content=\"index, follow, max-snippet:-1, max-image-preview:large, max-video-preview:-1\" \/>\n<meta property=\"og:locale\" content=\"pt_PT\" \/>\n<meta property=\"og:type\" content=\"article\" \/>\n<meta property=\"og:title\" content=\"Dakar: Alexandre Pinto abandona a corrida por problemas mec\u00e2nicos - Portal Tela Portugal\" \/>\n<meta property=\"og:description\" content=\"O piloto Alexandre Pinto e Bernardo Oliveira abandonaram o Dakar na nona etapa da 48.\u00aa edi\u00e7\u00e3o, na Ar\u00e1bia Saudita, devido a uma falha na suspens\u00e3o do SSV Polaris. A dupla estava na frente da primeira parte da etapa maratona, quando parou a cerca de dez quil\u00f3metros do final. A Old Friends Rally Team informou ainda que Pedro Pinheiro j\u00e1 tinha ficado pelo caminho no domingo por les\u00e3o. Ap\u00f3s v\u00e1rios contratempos mec\u00e2nicos, a equipa disse n\u00e3o haver condi\u00e7\u00f5es para continuar, e a dupla Campe\u00e3 do Mundo saiu de cabe\u00e7a erguida. A segunda parte da etapa maratona disputa-se quarta-feira, com 368 quil\u00f3metros cronometrados para motos e 420 para autom\u00f3veis.\" \/>\n<meta property=\"og:url\" content=\"https:\/\/portaltela.pt\/noticias\/2026\/01\/13\/dakar-alexandre-pinto-abandona-a-corrida-por-problemas-mecanicos-2\/\" \/>\n<meta property=\"og:site_name\" content=\"Portal Tela Portugal\" \/>\n<meta property=\"article:published_time\" content=\"2026-01-13T22:58:10+00:00\" \/>\n<meta name=\"author\" content=\"Telinha\" \/>\n<meta name=\"twitter:card\" content=\"summary_large_image\" \/>\n<meta name=\"twitter:label1\" content=\"Escrito por\" \/>\n\t<meta name=\"twitter:data1\" content=\"Telinha\" \/>\n\t<meta name=\"twitter:label2\" content=\"Tempo estimado de leitura\" \/>\n\t<meta name=\"twitter:data2\" content=\"1 minuto\" \/>\n<script type=\"application\/ld+json\" class=\"yoast-schema-graph\">{\"@context\":\"https:\/\/schema.org\",\"@graph\":[{\"@type\":\"Article\",\"@id\":\"https:\/\/portaltela.pt\/noticias\/2026\/01\/13\/dakar-alexandre-pinto-abandona-a-corrida-por-problemas-mecanicos-2\/#article\",\"isPartOf\":{\"@id\":\"https:\/\/portaltela.pt\/noticias\/2026\/01\/13\/dakar-alexandre-pinto-abandona-a-corrida-por-problemas-mecanicos-2\/\"},\"author\":{\"name\":\"Telinha\",\"@id\":\"https:\/\/portaltela.pt\/#\/schema\/person\/c4278d4a6028830caff9ee44b42d32ed\"},\"headline\":\"Dakar: Alexandre Pinto abandona a corrida por problemas mec\u00e2nicos\",\"datePublished\":\"2026-01-13T22:58:10+00:00\",\"mainEntityOfPage\":{\"@id\":\"https:\/\/portaltela.pt\/noticias\/2026\/01\/13\/dakar-alexandre-pinto-abandona-a-corrida-por-problemas-mecanicos-2\/\"},\"wordCount\":226,\"image\":{\"@id\":\"https:\/\/portaltela.pt\/noticias\/2026\/01\/13\/dakar-alexandre-pinto-abandona-a-corrida-por-problemas-mecanicos-2\/#primaryimage\"},\"thumbnailUrl\":\"https:\/\/portaltela.pt\/s.01k8rhncp4jt1\/2026\/01\/44188606-1.jpg\",\"keywords\":[\"Ar\u00e1bia Saudita\",\"Autom\u00f3veis\",\"desporto\",\"desportos\",\"Portugal\",\"todo-o-terreno\"],\"articleSection\":[\"Desporto\"],\"inLanguage\":\"pt-PT\"},{\"@type\":\"WebPage\",\"@id\":\"https:\/\/portaltela.pt\/noticias\/2026\/01\/13\/dakar-alexandre-pinto-abandona-a-corrida-por-problemas-mecanicos-2\/\",\"url\":\"https:\/\/portaltela.pt\/noticias\/2026\/01\/13\/dakar-alexandre-pinto-abandona-a-corrida-por-problemas-mecanicos-2\/\",\"name\":\"Dakar: Alexandre Pinto abandona a corrida por problemas mec\u00e2nicos - Portal Tela Portugal\",\"isPartOf\":{\"@id\":\"https:\/\/portaltela.pt\/#website\"},\"primaryImageOfPage\":{\"@id\":\"https:\/\/portaltela.pt\/noticias\/2026\/01\/13\/dakar-alexandre-pinto-abandona-a-corrida-por-problemas-mecanicos-2\/#primaryimage\"},\"image\":{\"@id\":\"https:\/\/portaltela.pt\/noticias\/2026\/01\/13\/dakar-alexandre-pinto-abandona-a-corrida-por-problemas-mecanicos-2\/#primaryimage\"},\"thumbnailUrl\":\"https:\/\/portaltela.pt\/s.01k8rhncp4jt1\/2026\/01\/44188606-1.jpg\",\"datePublished\":\"2026-01-13T22:58:10+00:00\",\"author\":{\"@id\":\"https:\/\/portaltela.pt\/#\/schema\/person\/c4278d4a6028830caff9ee44b42d32ed\"},\"breadcrumb\":{\"@id\":\"https:\/\/portaltela.pt\/noticias\/2026\/01\/13\/dakar-alexandre-pinto-abandona-a-corrida-por-problemas-mecanicos-2\/#breadcrumb\"},\"inLanguage\":\"pt-PT\",\"potentialAction\":[{\"@type\":\"ReadAction\",\"target\":[\"https:\/\/portaltela.pt\/noticias\/2026\/01\/13\/dakar-alexandre-pinto-abandona-a-corrida-por-problemas-mecanicos-2\/\"]}]},{\"@type\":\"ImageObject\",\"inLanguage\":\"pt-PT\",\"@id\":\"https:\/\/portaltela.pt\/noticias\/2026\/01\/13\/dakar-alexandre-pinto-abandona-a-corrida-por-problemas-mecanicos-2\/#primaryimage\",\"url\":\"https:\/\/portaltela.pt\/s.01k8rhncp4jt1\/2026\/01\/44188606-1.jpg\",\"contentUrl\":\"https:\/\/portaltela.pt\/s.01k8rhncp4jt1\/2026\/01\/44188606-1.jpg\",\"width\":796,\"height\":448,\"caption\":\"Quarta-feira corre-se a segunda parte da etapa maratona \u2014 368 quil\u00f3metros para as motas e 420 para os autom\u00f3veis\"},{\"@type\":\"BreadcrumbList\",\"@id\":\"https:\/\/portaltela.pt\/noticias\/2026\/01\/13\/dakar-alexandre-pinto-abandona-a-corrida-por-problemas-mecanicos-2\/#breadcrumb\",\"itemListElement\":[{\"@type\":\"ListItem\",\"position\":1,\"name\":\"In\u00edcio\",\"item\":\"https:\/\/portaltela.pt\/\"},{\"@type\":\"ListItem\",\"position\":2,\"name\":\"Dakar: Alexandre Pinto abandona a corrida por problemas mec\u00e2nicos\"}]},{\"@type\":\"WebSite\",\"@id\":\"https:\/\/portaltela.pt\/#website\",\"url\":\"https:\/\/portaltela.pt\/\",\"name\":\"Portal Tela Portugal\",\"description\":\"\",\"potentialAction\":[{\"@type\":\"SearchAction\",\"target\":{\"@type\":\"EntryPoint\",\"urlTemplate\":\"https:\/\/portaltela.pt\/?s={search_term_string}\"},\"query-input\":{\"@type\":\"PropertyValueSpecification\",\"valueRequired\":true,\"valueName\":\"search_term_string\"}}],\"inLanguage\":\"pt-PT\"},{\"@type\":\"Person\",\"@id\":\"https:\/\/portaltela.pt\/#\/schema\/person\/c4278d4a6028830caff9ee44b42d32ed\",\"name\":\"Telinha\",\"image\":{\"@type\":\"ImageObject\",\"inLanguage\":\"pt-PT\",\"@id\":\"https:\/\/portaltela.pt\/s.01k8rhncp4jt1\/2025\/11\/talking-bot-125x125.png\",\"url\":\"https:\/\/portaltela.pt\/s.01k8rhncp4jt1\/2025\/11\/talking-bot-125x125.png\",\"contentUrl\":\"https:\/\/portaltela.pt\/s.01k8rhncp4jt1\/2025\/11\/talking-bot-125x125.png\",\"caption\":\"Telinha\"},\"sameAs\":[\"https:\/\/portaltela.pt\/\"],\"url\":\"https:\/\/portaltela.pt\/por\/367410592786\/\"}]}<\/script>\n<!-- \/ Yoast SEO plugin. -->","yoast_head_json":{"title":"Dakar: Alexandre Pinto abandona a corrida por problemas mec\u00e2nicos - Portal Tela Portugal","robots":{"index":"index","follow":"follow","max-snippet":"max-snippet:-1","max-image-preview":"max-image-preview:large","max-video-preview":"max-video-preview:-1"},"og_locale":"pt_PT","og_type":"article","og_title":"Dakar: Alexandre Pinto abandona a corrida por problemas mec\u00e2nicos - Portal Tela Portugal","og_description":"O piloto Alexandre Pinto e Bernardo Oliveira abandonaram o Dakar na nona etapa da 48.\u00aa edi\u00e7\u00e3o, na Ar\u00e1bia Saudita, devido a uma falha na suspens\u00e3o do SSV Polaris. A dupla estava na frente da primeira parte da etapa maratona, quando parou a cerca de dez quil\u00f3metros do final. A Old Friends Rally Team informou ainda que Pedro Pinheiro j\u00e1 tinha ficado pelo caminho no domingo por les\u00e3o. Ap\u00f3s v\u00e1rios contratempos mec\u00e2nicos, a equipa disse n\u00e3o haver condi\u00e7\u00f5es para continuar, e a dupla Campe\u00e3 do Mundo saiu de cabe\u00e7a erguida. A segunda parte da etapa maratona disputa-se quarta-feira, com 368 quil\u00f3metros cronometrados para motos e 420 para autom\u00f3veis.","og_url":"https:\/\/portaltela.pt\/noticias\/2026\/01\/13\/dakar-alexandre-pinto-abandona-a-corrida-por-problemas-mecanicos-2\/","og_site_name":"Portal Tela Portugal","article_published_time":"2026-01-13T22:58:10+00:00","author":"Telinha","twitter_card":"summary_large_image","twitter_misc":{"Escrito por":"Telinha","Tempo estimado de leitura":"1 minuto"},"schema":{"@context":"https:\/\/schema.org","@graph":[{"@type":"Article","@id":"https:\/\/portaltela.pt\/noticias\/2026\/01\/13\/dakar-alexandre-pinto-abandona-a-corrida-por-problemas-mecanicos-2\/#article","isPartOf":{"@id":"https:\/\/portaltela.pt\/noticias\/2026\/01\/13\/dakar-alexandre-pinto-abandona-a-corrida-por-problemas-mecanicos-2\/"},"author":{"name":"Telinha","@id":"https:\/\/portaltela.pt\/#\/schema\/person\/c4278d4a6028830caff9ee44b42d32ed"},"headline":"Dakar: Alexandre Pinto abandona a corrida por problemas mec\u00e2nicos","datePublished":"2026-01-13T22:58:10+00:00","mainEntityOfPage":{"@id":"https:\/\/portaltela.pt\/noticias\/2026\/01\/13\/dakar-alexandre-pinto-abandona-a-corrida-por-problemas-mecanicos-2\/"},"wordCount":226,"image":{"@id":"https:\/\/portaltela.pt\/noticias\/2026\/01\/13\/dakar-alexandre-pinto-abandona-a-corrida-por-problemas-mecanicos-2\/#primaryimage"},"thumbnailUrl":"https:\/\/portaltela.pt\/s.01k8rhncp4jt1\/2026\/01\/44188606-1.jpg","keywords":["Ar\u00e1bia Saudita","Autom\u00f3veis","desporto","desportos","Portugal","todo-o-terreno"],"articleSection":["Desporto"],"inLanguage":"pt-PT"},{"@type":"WebPage","@id":"https:\/\/portaltela.pt\/noticias\/2026\/01\/13\/dakar-alexandre-pinto-abandona-a-corrida-por-problemas-mecanicos-2\/","url":"https:\/\/portaltela.pt\/noticias\/2026\/01\/13\/dakar-alexandre-pinto-abandona-a-corrida-por-problemas-mecanicos-2\/","name":"Dakar: Alexandre Pinto abandona a corrida por problemas mec\u00e2nicos - Portal Tela Portugal","isPartOf":{"@id":"https:\/\/portaltela.pt\/#website"},"primaryImageOfPage":{"@id":"https:\/\/portaltela.pt\/noticias\/2026\/01\/13\/dakar-alexandre-pinto-abandona-a-corrida-por-problemas-mecanicos-2\/#primaryimage"},"image":{"@id":"https:\/\/portaltela.pt\/noticias\/2026\/01\/13\/dakar-alexandre-pinto-abandona-a-corrida-por-problemas-mecanicos-2\/#primaryimage"},"thumbnailUrl":"https:\/\/portaltela.pt\/s.01k8rhncp4jt1\/2026\/01\/44188606-1.jpg","datePublished":"2026-01-13T22:58:10+00:00","author":{"@id":"https:\/\/portaltela.pt\/#\/schema\/person\/c4278d4a6028830caff9ee44b42d32ed"},"breadcrumb":{"@id":"https:\/\/portaltela.pt\/noticias\/2026\/01\/13\/dakar-alexandre-pinto-abandona-a-corrida-por-problemas-mecanicos-2\/#breadcrumb"},"inLanguage":"pt-PT","potentialAction":[{"@type":"ReadAction","target":["https:\/\/portaltela.pt\/noticias\/2026\/01\/13\/dakar-alexandre-pinto-abandona-a-corrida-por-problemas-mecanicos-2\/"]}]},{"@type":"ImageObject","inLanguage":"pt-PT","@id":"https:\/\/portaltela.pt\/noticias\/2026\/01\/13\/dakar-alexandre-pinto-abandona-a-corrida-por-problemas-mecanicos-2\/#primaryimage","url":"https:\/\/portaltela.pt\/s.01k8rhncp4jt1\/2026\/01\/44188606-1.jpg","contentUrl":"https:\/\/portaltela.pt\/s.01k8rhncp4jt1\/2026\/01\/44188606-1.jpg","width":796,"height":448,"caption":"Quarta-feira corre-se a segunda parte da etapa maratona \u2014 368 quil\u00f3metros para as motas e 420 para os autom\u00f3veis"},{"@type":"BreadcrumbList","@id":"https:\/\/portaltela.pt\/noticias\/2026\/01\/13\/dakar-alexandre-pinto-abandona-a-corrida-por-problemas-mecanicos-2\/#breadcrumb","itemListElement":[{"@type":"ListItem","position":1,"name":"In\u00edcio","item":"https:\/\/portaltela.pt\/"},{"@type":"ListItem","position":2,"name":"Dakar: Alexandre Pinto abandona a corrida por problemas mec\u00e2nicos"}]},{"@type":"WebSite","@id":"https:\/\/portaltela.pt\/#website","url":"https:\/\/portaltela.pt\/","name":"Portal Tela Portugal","description":"","potentialAction":[{"@type":"SearchAction","target":{"@type":"EntryPoint","urlTemplate":"https:\/\/portaltela.pt\/?s={search_term_string}"},"query-input":{"@type":"PropertyValueSpecification","valueRequired":true,"valueName":"search_term_string"}}],"inLanguage":"pt-PT"},{"@type":"Person","@id":"https:\/\/portaltela.pt\/#\/schema\/person\/c4278d4a6028830caff9ee44b42d32ed","name":"Telinha","image":{"@type":"ImageObject","inLanguage":"pt-PT","@id":"https:\/\/portaltela.pt\/s.01k8rhncp4jt1\/2025\/11\/talking-bot-125x125.png","url":"https:\/\/portaltela.pt\/s.01k8rhncp4jt1\/2025\/11\/talking-bot-125x125.png","contentUrl":"https:\/\/portaltela.pt\/s.01k8rhncp4jt1\/2025\/11\/talking-bot-125x125.png","caption":"Telinha"},"sameAs":["https:\/\/portaltela.pt\/"],"url":"https:\/\/portaltela.pt\/por\/367410592786\/"}]}},"_links":{"self":[{"href":"https:\/\/portaltela.pt\/api\/wp\/v2\/posts\/140080","targetHints":{"allow":["GET"]}}],"collection":[{"href":"https:\/\/portaltela.pt\/api\/wp\/v2\/posts"}],"about":[{"href":"https:\/\/portaltela.pt\/api\/wp\/v2\/types\/post"}],"author":[{"embeddable":true,"href":"https:\/\/portaltela.pt\/api\/wp\/v2\/users\/2"}],"replies":[{"embeddable":true,"href":"https:\/\/portaltela.pt\/api\/wp\/v2\/comments?post=140080"}],"version-history":[{"count":0,"href":"https:\/\/portaltela.pt\/api\/wp\/v2\/posts\/140080\/revisions"}],"wp:featuredmedia":[{"embeddable":true,"href":"https:\/\/portaltela.pt\/api\/wp\/v2\/media\/140085"}],"wp:attachment":[{"href":"https:\/\/portaltela.pt\/api\/wp\/v2\/media?parent=140080"}],"wp:term":[{"taxonomy":"category","embeddable":true,"href":"https:\/\/portaltela.pt\/api\/wp\/v2\/categories?post=140080"},{"taxonomy":"post_tag","embeddable":true,"href":"https:\/\/portaltela.pt\/api\/wp\/v2\/tags?post=140080"}],"curies":[{"name":"wp","href":"https:\/\/api.w.org\/{rel}","templated":true}]}}