{"id":140058,"date":"2026-01-13T19:28:52","date_gmt":"2026-01-13T22:28:52","guid":{"rendered":"https:\/\/portaltela.pt\/noticias\/2026\/01\/13\/cessar-fogo-em-alepo-e-violado-por-ataques-entre-exercito-sirio-e-forcas-curdas\/"},"modified":"2026-01-13T19:28:52","modified_gmt":"2026-01-13T22:28:52","slug":"cessar-fogo-em-alepo-e-violado-por-ataques-entre-exercito-sirio-e-forcas-curdas","status":"publish","type":"post","link":"https:\/\/portaltela.pt\/noticias\/2026\/01\/13\/cessar-fogo-em-alepo-e-violado-por-ataques-entre-exercito-sirio-e-forcas-curdas\/","title":{"rendered":"Cessar-fogo em Alepo \u00e9 violado por ataques entre ex\u00e9rcito s\u00edrio e for\u00e7as curdas"},"content":{"rendered":"<p>Na prov\u00edncia de Alepo, no noroeste da S\u00edria, o cessar-fogo de tr\u00eas dias foi rompido por ataques entre o Ex\u00e9rcito S\u00edrio e as For\u00e7as Democr\u00e1ticas S\u00edrias, apoiadas pela coaliz\u00e3o curda. As hostilidades ocorreram hoje, em meio a acusa\u00e7\u00e3o m\u00fatua de disparos de artilharia e ataques com drones.<\/p>\n<p>As FDS reportaram ataques de artilharia em Deir Hafir, numa \u00e1rea que o Governo considerou inicialmente zona militar fechada. Os curdos alegam tamb\u00e9m ataques a casas de civis nas aldeias de Rasm Krum e Imam, nordeste de Deir Hafir, com armamento pesado e two ataques com drones suicidas.<\/p>\n<p>Fontes curdas indicam envio de drones com bombas perto da barragem de Tishrin, que tamb\u00e9m foi alvo de artilharia. Uma aldeia ao sul de Deir Hafir foi atingida por foguetes, segundo a parte curda. O Ex\u00e9rcito s\u00edrio confirmou ter usado artilharia perto de Deir Hafir, em resposta a a\u00e7\u00f5es da alian\u00e7a curda.<\/p>\n<p>A SANA citou uma fonte militar n\u00e3o identificada, afirmando que as For\u00e7as Democr\u00e1ticas S\u00edrias tentaram detonar uma ponte entre duas aldeias, sem sucesso. As informa\u00e7\u00f5es oficiais destacam que a retalia\u00e7\u00e3o foi motivada por a\u00e7\u00f5es anteriores da alian\u00e7a curda.<\/p>\n<p>As FDS anunciaram a retirada de dois distritos que controlavam em Alepo, ap\u00f3s d\u00edas de combates com as for\u00e7as governamentais. O balan\u00e7o diplom\u00e1tico aponta para media\u00e7\u00e3o internacional como tentativa de cessar fogo e de evitar viola\u00e7\u00f5es contra civis.<\/p>\n<p>No fim de semana, Damasco transferiu combatentes entrenchidos no bairro curdo Sheikh Maqsoud para a zona aut\u00f3noma curda mais a leste, ap\u00f3s alega\u00e7\u00e3o de controlo do bairro. O Governo acusou as YPG de viola\u00e7\u00f5es de acordos de seguran\u00e7a de 2015.<\/p>\n<p>As negocia\u00e7\u00f5es para integrar as for\u00e7as da alian\u00e7a curda no ex\u00e9rcito s\u00edrio continuam lentas, com impasse atual. Um acordo de 10 de mar\u00e7o de 2025 visava solu\u00e7\u00e3o para zonas aut\u00f3nomas no nordeste, ainda sem consolida\u00e7\u00e3o.<\/p>\n","protected":false},"excerpt":{"rendered":"<ul>\n<li>Cessar-fogo em Alepo foi violado com ataques entre as for\u00e7as do governo s\u00edrio e as For\u00e7as Democr\u00e1ticas S\u00edrias (FDS) lideradas pelos curdos, tr\u00eas dias depois de um acordo na capital regional.<\/li>\n<li>As FDS relataram artilharia contra a cidade de Deir Hafir, ap\u00f3s o Ex\u00e9rcito s\u00edrio declarar a \u00e1rea como zona militar fechada, acusando os curdos de enviarem refor\u00e7os.<\/li>\n<li>Grupos curdos indicaram ataques a aldeias nordeste de Deir Hafir com armamento pesado e dois ataques com drones suicidas; tamb\u00e9m houve fogo de artilharia perto da barragem de Tishrin.<\/li>\n<li>O Ex\u00e9rcito s\u00edrio admitiu ter atacado posi\u00e7\u00f5es das FDS perto de Deir Hafir em retalia\u00e7\u00e3o a a\u00e7\u00f5es anteriores da alian\u00e7a curda perto de Hamima; as FDS tentaram deter a ponte entre duas aldeias, sem sucesso.<\/li>\n<li>Desde ter\u00e7a-feira, morreram pelo menos 21 civis e cerca de 155 mil pessoas deslocaram-se; as FDS anunciaram retirada de dois distritos de Alepo, em meio a media\u00e7\u00e3o internacional para p\u00f4r fim aos ataques.<\/li>\n<\/ul>\n","protected":false},"author":2,"featured_media":140072,"comment_status":"closed","ping_status":"closed","sticky":false,"template":"","format":"standard","meta":{"footnotes":""},"categories":[1],"tags":[165,182,416,254,62,2066],"class_list":["post-140058","post","type-post","status-publish","format-standard","has-post-thumbnail","hentry","category-noticias","tag-armamento","tag-armas","tag-artilharia","tag-conflito","tag-guerra","tag-siria"],"yoast_head":"<!-- This site is optimized with the Yoast SEO plugin v27.2 - https:\/\/yoast.com\/product\/yoast-seo-wordpress\/ -->\n<title>Cessar-fogo em Alepo \u00e9 violado por ataques entre ex\u00e9rcito s\u00edrio e for\u00e7as curdas - Portal Tela Portugal<\/title>\n<meta name=\"robots\" content=\"index, follow, max-snippet:-1, max-image-preview:large, max-video-preview:-1\" \/>\n<meta property=\"og:locale\" content=\"pt_PT\" \/>\n<meta property=\"og:type\" content=\"article\" \/>\n<meta property=\"og:title\" content=\"Cessar-fogo em Alepo \u00e9 violado por ataques entre ex\u00e9rcito s\u00edrio e for\u00e7as curdas - Portal Tela Portugal\" \/>\n<meta property=\"og:description\" content=\"Cessar-fogo em Alepo foi violado com ataques entre as for\u00e7as do governo s\u00edrio e as For\u00e7as Democr\u00e1ticas S\u00edrias (FDS) lideradas pelos curdos, tr\u00eas dias depois de um acordo na capital regional. As FDS relataram artilharia contra a cidade de Deir Hafir, ap\u00f3s o Ex\u00e9rcito s\u00edrio declarar a \u00e1rea como zona militar fechada, acusando os curdos de enviarem refor\u00e7os. Grupos curdos indicaram ataques a aldeias nordeste de Deir Hafir com armamento pesado e dois ataques com drones suicidas; tamb\u00e9m houve fogo de artilharia perto da barragem de Tishrin. O Ex\u00e9rcito s\u00edrio admitiu ter atacado posi\u00e7\u00f5es das FDS perto de Deir Hafir em retalia\u00e7\u00e3o a a\u00e7\u00f5es anteriores da alian\u00e7a curda perto de Hamima; as FDS tentaram deter a ponte entre duas aldeias, sem sucesso. Desde ter\u00e7a-feira, morreram pelo menos 21 civis e cerca de 155 mil pessoas deslocaram-se; as FDS anunciaram retirada de dois distritos de Alepo, em meio a media\u00e7\u00e3o internacional para p\u00f4r fim aos ataques.\" \/>\n<meta property=\"og:url\" content=\"https:\/\/portaltela.pt\/noticias\/2026\/01\/13\/cessar-fogo-em-alepo-e-violado-por-ataques-entre-exercito-sirio-e-forcas-curdas\/\" \/>\n<meta property=\"og:site_name\" content=\"Portal Tela Portugal\" \/>\n<meta property=\"article:published_time\" content=\"2026-01-13T22:28:52+00:00\" \/>\n<meta name=\"author\" content=\"Telinha\" \/>\n<meta name=\"twitter:card\" content=\"summary_large_image\" \/>\n<meta name=\"twitter:label1\" content=\"Escrito por\" \/>\n\t<meta name=\"twitter:data1\" content=\"Telinha\" \/>\n\t<meta name=\"twitter:label2\" content=\"Tempo estimado de leitura\" \/>\n\t<meta name=\"twitter:data2\" content=\"2 minutos\" \/>\n<script type=\"application\/ld+json\" class=\"yoast-schema-graph\">{\"@context\":\"https:\/\/schema.org\",\"@graph\":[{\"@type\":\"Article\",\"@id\":\"https:\/\/portaltela.pt\/noticias\/2026\/01\/13\/cessar-fogo-em-alepo-e-violado-por-ataques-entre-exercito-sirio-e-forcas-curdas\/#article\",\"isPartOf\":{\"@id\":\"https:\/\/portaltela.pt\/noticias\/2026\/01\/13\/cessar-fogo-em-alepo-e-violado-por-ataques-entre-exercito-sirio-e-forcas-curdas\/\"},\"author\":{\"name\":\"Telinha\",\"@id\":\"https:\/\/portaltela.pt\/#\/schema\/person\/c4278d4a6028830caff9ee44b42d32ed\"},\"headline\":\"Cessar-fogo em Alepo \u00e9 violado por ataques entre ex\u00e9rcito s\u00edrio e for\u00e7as curdas\",\"datePublished\":\"2026-01-13T22:28:52+00:00\",\"mainEntityOfPage\":{\"@id\":\"https:\/\/portaltela.pt\/noticias\/2026\/01\/13\/cessar-fogo-em-alepo-e-violado-por-ataques-entre-exercito-sirio-e-forcas-curdas\/\"},\"wordCount\":356,\"image\":{\"@id\":\"https:\/\/portaltela.pt\/noticias\/2026\/01\/13\/cessar-fogo-em-alepo-e-violado-por-ataques-entre-exercito-sirio-e-forcas-curdas\/#primaryimage\"},\"thumbnailUrl\":\"https:\/\/portaltela.pt\/s.01k8rhncp4jt1\/2026\/01\/unnamed-file-2829.jpg\",\"keywords\":[\"armamento\",\"armas\",\"artilharia\",\"conflito\",\"guerra\",\"S\u00edria\"],\"articleSection\":[\"Not\u00edcias\"],\"inLanguage\":\"pt-PT\"},{\"@type\":\"WebPage\",\"@id\":\"https:\/\/portaltela.pt\/noticias\/2026\/01\/13\/cessar-fogo-em-alepo-e-violado-por-ataques-entre-exercito-sirio-e-forcas-curdas\/\",\"url\":\"https:\/\/portaltela.pt\/noticias\/2026\/01\/13\/cessar-fogo-em-alepo-e-violado-por-ataques-entre-exercito-sirio-e-forcas-curdas\/\",\"name\":\"Cessar-fogo em Alepo \u00e9 violado por ataques entre ex\u00e9rcito s\u00edrio e for\u00e7as curdas - Portal Tela Portugal\",\"isPartOf\":{\"@id\":\"https:\/\/portaltela.pt\/#website\"},\"primaryImageOfPage\":{\"@id\":\"https:\/\/portaltela.pt\/noticias\/2026\/01\/13\/cessar-fogo-em-alepo-e-violado-por-ataques-entre-exercito-sirio-e-forcas-curdas\/#primaryimage\"},\"image\":{\"@id\":\"https:\/\/portaltela.pt\/noticias\/2026\/01\/13\/cessar-fogo-em-alepo-e-violado-por-ataques-entre-exercito-sirio-e-forcas-curdas\/#primaryimage\"},\"thumbnailUrl\":\"https:\/\/portaltela.pt\/s.01k8rhncp4jt1\/2026\/01\/unnamed-file-2829.jpg\",\"datePublished\":\"2026-01-13T22:28:52+00:00\",\"author\":{\"@id\":\"https:\/\/portaltela.pt\/#\/schema\/person\/c4278d4a6028830caff9ee44b42d32ed\"},\"breadcrumb\":{\"@id\":\"https:\/\/portaltela.pt\/noticias\/2026\/01\/13\/cessar-fogo-em-alepo-e-violado-por-ataques-entre-exercito-sirio-e-forcas-curdas\/#breadcrumb\"},\"inLanguage\":\"pt-PT\",\"potentialAction\":[{\"@type\":\"ReadAction\",\"target\":[\"https:\/\/portaltela.pt\/noticias\/2026\/01\/13\/cessar-fogo-em-alepo-e-violado-por-ataques-entre-exercito-sirio-e-forcas-curdas\/\"]}]},{\"@type\":\"ImageObject\",\"inLanguage\":\"pt-PT\",\"@id\":\"https:\/\/portaltela.pt\/noticias\/2026\/01\/13\/cessar-fogo-em-alepo-e-violado-por-ataques-entre-exercito-sirio-e-forcas-curdas\/#primaryimage\",\"url\":\"https:\/\/portaltela.pt\/s.01k8rhncp4jt1\/2026\/01\/unnamed-file-2829.jpg\",\"contentUrl\":\"https:\/\/portaltela.pt\/s.01k8rhncp4jt1\/2026\/01\/unnamed-file-2829.jpg\",\"width\":796,\"height\":448,\"caption\":\"Cessar-fogo em Alepo quebrado por ataques entre ex\u00e9rcito e for\u00e7as curdas\"},{\"@type\":\"BreadcrumbList\",\"@id\":\"https:\/\/portaltela.pt\/noticias\/2026\/01\/13\/cessar-fogo-em-alepo-e-violado-por-ataques-entre-exercito-sirio-e-forcas-curdas\/#breadcrumb\",\"itemListElement\":[{\"@type\":\"ListItem\",\"position\":1,\"name\":\"In\u00edcio\",\"item\":\"https:\/\/portaltela.pt\/\"},{\"@type\":\"ListItem\",\"position\":2,\"name\":\"Cessar-fogo em Alepo \u00e9 violado por ataques entre ex\u00e9rcito s\u00edrio e for\u00e7as curdas\"}]},{\"@type\":\"WebSite\",\"@id\":\"https:\/\/portaltela.pt\/#website\",\"url\":\"https:\/\/portaltela.pt\/\",\"name\":\"Portal Tela Portugal\",\"description\":\"\",\"potentialAction\":[{\"@type\":\"SearchAction\",\"target\":{\"@type\":\"EntryPoint\",\"urlTemplate\":\"https:\/\/portaltela.pt\/?s={search_term_string}\"},\"query-input\":{\"@type\":\"PropertyValueSpecification\",\"valueRequired\":true,\"valueName\":\"search_term_string\"}}],\"inLanguage\":\"pt-PT\"},{\"@type\":\"Person\",\"@id\":\"https:\/\/portaltela.pt\/#\/schema\/person\/c4278d4a6028830caff9ee44b42d32ed\",\"name\":\"Telinha\",\"image\":{\"@type\":\"ImageObject\",\"inLanguage\":\"pt-PT\",\"@id\":\"https:\/\/portaltela.pt\/s.01k8rhncp4jt1\/2025\/11\/talking-bot-125x125.png\",\"url\":\"https:\/\/portaltela.pt\/s.01k8rhncp4jt1\/2025\/11\/talking-bot-125x125.png\",\"contentUrl\":\"https:\/\/portaltela.pt\/s.01k8rhncp4jt1\/2025\/11\/talking-bot-125x125.png\",\"caption\":\"Telinha\"},\"sameAs\":[\"https:\/\/portaltela.pt\/\"],\"url\":\"https:\/\/portaltela.pt\/por\/367410592786\/\"}]}<\/script>\n<!-- \/ Yoast SEO plugin. -->","yoast_head_json":{"title":"Cessar-fogo em Alepo \u00e9 violado por ataques entre ex\u00e9rcito s\u00edrio e for\u00e7as curdas - Portal Tela Portugal","robots":{"index":"index","follow":"follow","max-snippet":"max-snippet:-1","max-image-preview":"max-image-preview:large","max-video-preview":"max-video-preview:-1"},"og_locale":"pt_PT","og_type":"article","og_title":"Cessar-fogo em Alepo \u00e9 violado por ataques entre ex\u00e9rcito s\u00edrio e for\u00e7as curdas - Portal Tela Portugal","og_description":"Cessar-fogo em Alepo foi violado com ataques entre as for\u00e7as do governo s\u00edrio e as For\u00e7as Democr\u00e1ticas S\u00edrias (FDS) lideradas pelos curdos, tr\u00eas dias depois de um acordo na capital regional. As FDS relataram artilharia contra a cidade de Deir Hafir, ap\u00f3s o Ex\u00e9rcito s\u00edrio declarar a \u00e1rea como zona militar fechada, acusando os curdos de enviarem refor\u00e7os. Grupos curdos indicaram ataques a aldeias nordeste de Deir Hafir com armamento pesado e dois ataques com drones suicidas; tamb\u00e9m houve fogo de artilharia perto da barragem de Tishrin. O Ex\u00e9rcito s\u00edrio admitiu ter atacado posi\u00e7\u00f5es das FDS perto de Deir Hafir em retalia\u00e7\u00e3o a a\u00e7\u00f5es anteriores da alian\u00e7a curda perto de Hamima; as FDS tentaram deter a ponte entre duas aldeias, sem sucesso. Desde ter\u00e7a-feira, morreram pelo menos 21 civis e cerca de 155 mil pessoas deslocaram-se; as FDS anunciaram retirada de dois distritos de Alepo, em meio a media\u00e7\u00e3o internacional para p\u00f4r fim aos ataques.","og_url":"https:\/\/portaltela.pt\/noticias\/2026\/01\/13\/cessar-fogo-em-alepo-e-violado-por-ataques-entre-exercito-sirio-e-forcas-curdas\/","og_site_name":"Portal Tela Portugal","article_published_time":"2026-01-13T22:28:52+00:00","author":"Telinha","twitter_card":"summary_large_image","twitter_misc":{"Escrito por":"Telinha","Tempo estimado de leitura":"2 minutos"},"schema":{"@context":"https:\/\/schema.org","@graph":[{"@type":"Article","@id":"https:\/\/portaltela.pt\/noticias\/2026\/01\/13\/cessar-fogo-em-alepo-e-violado-por-ataques-entre-exercito-sirio-e-forcas-curdas\/#article","isPartOf":{"@id":"https:\/\/portaltela.pt\/noticias\/2026\/01\/13\/cessar-fogo-em-alepo-e-violado-por-ataques-entre-exercito-sirio-e-forcas-curdas\/"},"author":{"name":"Telinha","@id":"https:\/\/portaltela.pt\/#\/schema\/person\/c4278d4a6028830caff9ee44b42d32ed"},"headline":"Cessar-fogo em Alepo \u00e9 violado por ataques entre ex\u00e9rcito s\u00edrio e for\u00e7as curdas","datePublished":"2026-01-13T22:28:52+00:00","mainEntityOfPage":{"@id":"https:\/\/portaltela.pt\/noticias\/2026\/01\/13\/cessar-fogo-em-alepo-e-violado-por-ataques-entre-exercito-sirio-e-forcas-curdas\/"},"wordCount":356,"image":{"@id":"https:\/\/portaltela.pt\/noticias\/2026\/01\/13\/cessar-fogo-em-alepo-e-violado-por-ataques-entre-exercito-sirio-e-forcas-curdas\/#primaryimage"},"thumbnailUrl":"https:\/\/portaltela.pt\/s.01k8rhncp4jt1\/2026\/01\/unnamed-file-2829.jpg","keywords":["armamento","armas","artilharia","conflito","guerra","S\u00edria"],"articleSection":["Not\u00edcias"],"inLanguage":"pt-PT"},{"@type":"WebPage","@id":"https:\/\/portaltela.pt\/noticias\/2026\/01\/13\/cessar-fogo-em-alepo-e-violado-por-ataques-entre-exercito-sirio-e-forcas-curdas\/","url":"https:\/\/portaltela.pt\/noticias\/2026\/01\/13\/cessar-fogo-em-alepo-e-violado-por-ataques-entre-exercito-sirio-e-forcas-curdas\/","name":"Cessar-fogo em Alepo \u00e9 violado por ataques entre ex\u00e9rcito s\u00edrio e for\u00e7as curdas - Portal Tela Portugal","isPartOf":{"@id":"https:\/\/portaltela.pt\/#website"},"primaryImageOfPage":{"@id":"https:\/\/portaltela.pt\/noticias\/2026\/01\/13\/cessar-fogo-em-alepo-e-violado-por-ataques-entre-exercito-sirio-e-forcas-curdas\/#primaryimage"},"image":{"@id":"https:\/\/portaltela.pt\/noticias\/2026\/01\/13\/cessar-fogo-em-alepo-e-violado-por-ataques-entre-exercito-sirio-e-forcas-curdas\/#primaryimage"},"thumbnailUrl":"https:\/\/portaltela.pt\/s.01k8rhncp4jt1\/2026\/01\/unnamed-file-2829.jpg","datePublished":"2026-01-13T22:28:52+00:00","author":{"@id":"https:\/\/portaltela.pt\/#\/schema\/person\/c4278d4a6028830caff9ee44b42d32ed"},"breadcrumb":{"@id":"https:\/\/portaltela.pt\/noticias\/2026\/01\/13\/cessar-fogo-em-alepo-e-violado-por-ataques-entre-exercito-sirio-e-forcas-curdas\/#breadcrumb"},"inLanguage":"pt-PT","potentialAction":[{"@type":"ReadAction","target":["https:\/\/portaltela.pt\/noticias\/2026\/01\/13\/cessar-fogo-em-alepo-e-violado-por-ataques-entre-exercito-sirio-e-forcas-curdas\/"]}]},{"@type":"ImageObject","inLanguage":"pt-PT","@id":"https:\/\/portaltela.pt\/noticias\/2026\/01\/13\/cessar-fogo-em-alepo-e-violado-por-ataques-entre-exercito-sirio-e-forcas-curdas\/#primaryimage","url":"https:\/\/portaltela.pt\/s.01k8rhncp4jt1\/2026\/01\/unnamed-file-2829.jpg","contentUrl":"https:\/\/portaltela.pt\/s.01k8rhncp4jt1\/2026\/01\/unnamed-file-2829.jpg","width":796,"height":448,"caption":"Cessar-fogo em Alepo quebrado por ataques entre ex\u00e9rcito e for\u00e7as curdas"},{"@type":"BreadcrumbList","@id":"https:\/\/portaltela.pt\/noticias\/2026\/01\/13\/cessar-fogo-em-alepo-e-violado-por-ataques-entre-exercito-sirio-e-forcas-curdas\/#breadcrumb","itemListElement":[{"@type":"ListItem","position":1,"name":"In\u00edcio","item":"https:\/\/portaltela.pt\/"},{"@type":"ListItem","position":2,"name":"Cessar-fogo em Alepo \u00e9 violado por ataques entre ex\u00e9rcito s\u00edrio e for\u00e7as curdas"}]},{"@type":"WebSite","@id":"https:\/\/portaltela.pt\/#website","url":"https:\/\/portaltela.pt\/","name":"Portal Tela Portugal","description":"","potentialAction":[{"@type":"SearchAction","target":{"@type":"EntryPoint","urlTemplate":"https:\/\/portaltela.pt\/?s={search_term_string}"},"query-input":{"@type":"PropertyValueSpecification","valueRequired":true,"valueName":"search_term_string"}}],"inLanguage":"pt-PT"},{"@type":"Person","@id":"https:\/\/portaltela.pt\/#\/schema\/person\/c4278d4a6028830caff9ee44b42d32ed","name":"Telinha","image":{"@type":"ImageObject","inLanguage":"pt-PT","@id":"https:\/\/portaltela.pt\/s.01k8rhncp4jt1\/2025\/11\/talking-bot-125x125.png","url":"https:\/\/portaltela.pt\/s.01k8rhncp4jt1\/2025\/11\/talking-bot-125x125.png","contentUrl":"https:\/\/portaltela.pt\/s.01k8rhncp4jt1\/2025\/11\/talking-bot-125x125.png","caption":"Telinha"},"sameAs":["https:\/\/portaltela.pt\/"],"url":"https:\/\/portaltela.pt\/por\/367410592786\/"}]}},"_links":{"self":[{"href":"https:\/\/portaltela.pt\/api\/wp\/v2\/posts\/140058","targetHints":{"allow":["GET"]}}],"collection":[{"href":"https:\/\/portaltela.pt\/api\/wp\/v2\/posts"}],"about":[{"href":"https:\/\/portaltela.pt\/api\/wp\/v2\/types\/post"}],"author":[{"embeddable":true,"href":"https:\/\/portaltela.pt\/api\/wp\/v2\/users\/2"}],"replies":[{"embeddable":true,"href":"https:\/\/portaltela.pt\/api\/wp\/v2\/comments?post=140058"}],"version-history":[{"count":0,"href":"https:\/\/portaltela.pt\/api\/wp\/v2\/posts\/140058\/revisions"}],"wp:featuredmedia":[{"embeddable":true,"href":"https:\/\/portaltela.pt\/api\/wp\/v2\/media\/140072"}],"wp:attachment":[{"href":"https:\/\/portaltela.pt\/api\/wp\/v2\/media?parent=140058"}],"wp:term":[{"taxonomy":"category","embeddable":true,"href":"https:\/\/portaltela.pt\/api\/wp\/v2\/categories?post=140058"},{"taxonomy":"post_tag","embeddable":true,"href":"https:\/\/portaltela.pt\/api\/wp\/v2\/tags?post=140058"}],"curies":[{"name":"wp","href":"https:\/\/api.w.org\/{rel}","templated":true}]}}