{"id":139955,"date":"2026-01-13T18:54:00","date_gmt":"2026-01-13T21:54:00","guid":{"rendered":"https:\/\/portaltela.pt\/noticias\/2026\/01\/13\/ator-procurado-por-abuso-de-menores-entrega-se-a-justica\/"},"modified":"2026-01-13T18:54:00","modified_gmt":"2026-01-13T21:54:00","slug":"ator-procurado-por-abuso-de-menores-entrega-se-a-justica","status":"publish","type":"post","link":"https:\/\/portaltela.pt\/noticias\/2026\/01\/13\/ator-procurado-por-abuso-de-menores-entrega-se-a-justica\/","title":{"rendered":"Ator procurado por abuso de menores entrega-se \u00e0 justi\u00e7a"},"content":{"rendered":"<p>Timothy Busfield, ator norte-americano conhecido por The West Wing, entregou-se \u00e0s autoridades de Albuquerque, Novo M\u00e9xico. O mandado de captura emitido na sexta-feira levou-o a apresentar-se na pol\u00edcia na ter\u00e7a-feira. A acusa\u00e7\u00e3o envolve abuso sexual de menores entre 2022 e 2024.<\/p>\n<p>Antes de se entregar, Busfield gravou um v\u00eddeo divulgado pelo TMZ, no qual recusa as acusa\u00e7\u00f5es e afirma lutar contra as alega\u00e7\u00f5es com uma equipa jur\u00eddica. O ator de 68 anos diz ainda que espera ficar liberto e voltar ao trabalho em breve.<\/p>\n<p>O v\u00eddeo revela que recebeu o contacto policial na sexta-feira, tendo sa\u00eddo do estado para entregar-se. O ator j\u00e1 contratou advogados e colaborou com as autoridades durante a investiga\u00e7\u00e3o, iniciada em novembro de 2024.<\/p>\n<h3>Acusa\u00e7\u00f5es e v\u00edtimas<\/h3>\n<p>Segundo o mandado citado pelo Guardian, Busfield enfrenta dois crimes de contacto sexual com menor. As supostas v\u00edtimas s\u00e3o dois irm\u00e3os g\u00e9meos com quem trabalhou na s\u00e9rie The Cleaning Lady.<\/p>\n<p>As alegadas agress\u00f5es teriam ocorrido entre novembro de 2022 e a primavera de 2024. Uma das crian\u00e7as sofreu transtorno de stress p\u00f3s-traum\u00e1tico e ansiedade, com relatos de pesadelos associados ao ator.<\/p>\n<h3>Contexto da investiga\u00e7\u00e3o<\/h3>\n<p>A investiga\u00e7\u00e3o teve in\u00edcio ap\u00f3s uma den\u00fancia feita por m\u00e9dicos, com base em informa\u00e7\u00f5es fornecidas pelos pais das crian\u00e7as. A m\u00e3e descreveu que os abusos tiveram continuidade ao longo de v\u00e1rios meses.<\/p>\n<p>Durante o processo, a fam\u00edlia indicou que as crian\u00e7as chamavam Busfield de \u201cTio Tim\u201d no ambiente de produ\u00e7\u00e3o. Em novembro do ano passado, Busfield negou as acusa\u00e7\u00f5es, sugerindo que a m\u00e3e procurava vingan\u00e7a pela substitui\u00e7\u00e3o de atores na s\u00e9rie.<\/p>\n","protected":false},"excerpt":{"rendered":"<ul>\n<li>O ator Timothy Busfield entregou-se \u00e0 pol\u00edcia de Albuquerque, no Novo M\u00e9xico, na ter\u00e7a-feira, ap\u00f3s a emiss\u00e3o de um mandado de captura em seu nome.<\/li>\n<li>Est\u00e1 a ser acusado de dois crimes de contacto sexual com um menor, com alegadas ocorr\u00eancias entre 2022 e 2024 junto de dois irm\u00e3os g\u00e9meos com quem trabalhou na s\u00e9rie The Cleaning Lady.<\/li>\n<li>As den\u00fancias referem que o primeiro toque ocorreu em novembro de 2022, quando o menino tinha sete anos, com toques repetidos noutras ocasi\u00f5es quando tinha oito anos.<\/li>\n<li>A investiga\u00e7\u00e3o come\u00e7ou em novembro de 2024, ap\u00f3s uma den\u00fancia feita por um m\u00e9dico aos pais das crian\u00e7as; uma das v\u00edtimas apresentava transtorno de stress p\u00f3s-traum\u00e1tico e ansiedade.<\/li>\n<li>Busfield gravou um v\u00eddeo, tornado p\u00fablico pelo TMZ, no qual nega as acusa\u00e7\u00f5es e afirma que vai enfrentar as mentiras, tendo dito que viajou para Albuquerque para proceder \u00e0 entrega com a ajuda de um advogado.<\/li>\n<\/ul>\n","protected":false},"author":2,"featured_media":139982,"comment_status":"closed","ping_status":"closed","sticky":false,"template":"","format":"standard","meta":{"footnotes":""},"categories":[1],"tags":[208,2998,657,1600,217,803],"class_list":["post-139955","post","type-post","status-publish","format-standard","has-post-thumbnail","hentry","category-noticias","tag-abuso-de-menores-dependentes","tag-abuso-de-sexual-de-menor-dependente","tag-abuso-de-sexual-de-menor-dependente-ou-em-situacao-vulneravel","tag-estados-unidos","tag-investigacao-criminal","tag-justica"],"yoast_head":"<!-- This site is optimized with the Yoast SEO plugin v27.2 - https:\/\/yoast.com\/product\/yoast-seo-wordpress\/ -->\n<title>Ator procurado por abuso de menores entrega-se \u00e0 justi\u00e7a - Portal Tela Portugal<\/title>\n<meta name=\"robots\" content=\"index, follow, max-snippet:-1, max-image-preview:large, max-video-preview:-1\" \/>\n<meta property=\"og:locale\" content=\"pt_PT\" \/>\n<meta property=\"og:type\" content=\"article\" \/>\n<meta property=\"og:title\" content=\"Ator procurado por abuso de menores entrega-se \u00e0 justi\u00e7a - Portal Tela Portugal\" \/>\n<meta property=\"og:description\" content=\"O ator Timothy Busfield entregou-se \u00e0 pol\u00edcia de Albuquerque, no Novo M\u00e9xico, na ter\u00e7a-feira, ap\u00f3s a emiss\u00e3o de um mandado de captura em seu nome. Est\u00e1 a ser acusado de dois crimes de contacto sexual com um menor, com alegadas ocorr\u00eancias entre 2022 e 2024 junto de dois irm\u00e3os g\u00e9meos com quem trabalhou na s\u00e9rie The Cleaning Lady. As den\u00fancias referem que o primeiro toque ocorreu em novembro de 2022, quando o menino tinha sete anos, com toques repetidos noutras ocasi\u00f5es quando tinha oito anos. A investiga\u00e7\u00e3o come\u00e7ou em novembro de 2024, ap\u00f3s uma den\u00fancia feita por um m\u00e9dico aos pais das crian\u00e7as; uma das v\u00edtimas apresentava transtorno de stress p\u00f3s-traum\u00e1tico e ansiedade. Busfield gravou um v\u00eddeo, tornado p\u00fablico pelo TMZ, no qual nega as acusa\u00e7\u00f5es e afirma que vai enfrentar as mentiras, tendo dito que viajou para Albuquerque para proceder \u00e0 entrega com a ajuda de um advogado.\" \/>\n<meta property=\"og:url\" content=\"https:\/\/portaltela.pt\/noticias\/2026\/01\/13\/ator-procurado-por-abuso-de-menores-entrega-se-a-justica\/\" \/>\n<meta property=\"og:site_name\" content=\"Portal Tela Portugal\" \/>\n<meta property=\"article:published_time\" content=\"2026-01-13T21:54:00+00:00\" \/>\n<meta name=\"author\" content=\"Telinha\" \/>\n<meta name=\"twitter:card\" content=\"summary_large_image\" \/>\n<meta name=\"twitter:label1\" content=\"Escrito por\" \/>\n\t<meta name=\"twitter:data1\" content=\"Telinha\" \/>\n\t<meta name=\"twitter:label2\" content=\"Tempo estimado de leitura\" \/>\n\t<meta name=\"twitter:data2\" content=\"1 minuto\" \/>\n<script type=\"application\/ld+json\" class=\"yoast-schema-graph\">{\"@context\":\"https:\/\/schema.org\",\"@graph\":[{\"@type\":\"Article\",\"@id\":\"https:\/\/portaltela.pt\/noticias\/2026\/01\/13\/ator-procurado-por-abuso-de-menores-entrega-se-a-justica\/#article\",\"isPartOf\":{\"@id\":\"https:\/\/portaltela.pt\/noticias\/2026\/01\/13\/ator-procurado-por-abuso-de-menores-entrega-se-a-justica\/\"},\"author\":{\"name\":\"Telinha\",\"@id\":\"https:\/\/portaltela.pt\/#\/schema\/person\/c4278d4a6028830caff9ee44b42d32ed\"},\"headline\":\"Ator procurado por abuso de menores entrega-se \u00e0 justi\u00e7a\",\"datePublished\":\"2026-01-13T21:54:00+00:00\",\"mainEntityOfPage\":{\"@id\":\"https:\/\/portaltela.pt\/noticias\/2026\/01\/13\/ator-procurado-por-abuso-de-menores-entrega-se-a-justica\/\"},\"wordCount\":299,\"image\":{\"@id\":\"https:\/\/portaltela.pt\/noticias\/2026\/01\/13\/ator-procurado-por-abuso-de-menores-entrega-se-a-justica\/#primaryimage\"},\"thumbnailUrl\":\"https:\/\/portaltela.pt\/s.01k8rhncp4jt1\/2026\/01\/unnamed-file-2821.jpg\",\"keywords\":[\"abuso de menores dependentes\",\"abuso de sexual de menor dependente\",\"abuso de sexual de menor dependente ou em situa\u00e7\u00e3o vulner\u00e1vel\",\"Estados Unidos\",\"investiga\u00e7\u00e3o criminal\",\"justi\u00e7a\"],\"articleSection\":[\"Not\u00edcias\"],\"inLanguage\":\"pt-PT\"},{\"@type\":\"WebPage\",\"@id\":\"https:\/\/portaltela.pt\/noticias\/2026\/01\/13\/ator-procurado-por-abuso-de-menores-entrega-se-a-justica\/\",\"url\":\"https:\/\/portaltela.pt\/noticias\/2026\/01\/13\/ator-procurado-por-abuso-de-menores-entrega-se-a-justica\/\",\"name\":\"Ator procurado por abuso de menores entrega-se \u00e0 justi\u00e7a - Portal Tela Portugal\",\"isPartOf\":{\"@id\":\"https:\/\/portaltela.pt\/#website\"},\"primaryImageOfPage\":{\"@id\":\"https:\/\/portaltela.pt\/noticias\/2026\/01\/13\/ator-procurado-por-abuso-de-menores-entrega-se-a-justica\/#primaryimage\"},\"image\":{\"@id\":\"https:\/\/portaltela.pt\/noticias\/2026\/01\/13\/ator-procurado-por-abuso-de-menores-entrega-se-a-justica\/#primaryimage\"},\"thumbnailUrl\":\"https:\/\/portaltela.pt\/s.01k8rhncp4jt1\/2026\/01\/unnamed-file-2821.jpg\",\"datePublished\":\"2026-01-13T21:54:00+00:00\",\"author\":{\"@id\":\"https:\/\/portaltela.pt\/#\/schema\/person\/c4278d4a6028830caff9ee44b42d32ed\"},\"breadcrumb\":{\"@id\":\"https:\/\/portaltela.pt\/noticias\/2026\/01\/13\/ator-procurado-por-abuso-de-menores-entrega-se-a-justica\/#breadcrumb\"},\"inLanguage\":\"pt-PT\",\"potentialAction\":[{\"@type\":\"ReadAction\",\"target\":[\"https:\/\/portaltela.pt\/noticias\/2026\/01\/13\/ator-procurado-por-abuso-de-menores-entrega-se-a-justica\/\"]}]},{\"@type\":\"ImageObject\",\"inLanguage\":\"pt-PT\",\"@id\":\"https:\/\/portaltela.pt\/noticias\/2026\/01\/13\/ator-procurado-por-abuso-de-menores-entrega-se-a-justica\/#primaryimage\",\"url\":\"https:\/\/portaltela.pt\/s.01k8rhncp4jt1\/2026\/01\/unnamed-file-2821.jpg\",\"contentUrl\":\"https:\/\/portaltela.pt\/s.01k8rhncp4jt1\/2026\/01\/unnamed-file-2821.jpg\",\"width\":796,\"height\":448,\"caption\":\"O ator ganhou em Emmy em 1991 pelo seu papel na s\u00e9rie Thirtysomething\"},{\"@type\":\"BreadcrumbList\",\"@id\":\"https:\/\/portaltela.pt\/noticias\/2026\/01\/13\/ator-procurado-por-abuso-de-menores-entrega-se-a-justica\/#breadcrumb\",\"itemListElement\":[{\"@type\":\"ListItem\",\"position\":1,\"name\":\"In\u00edcio\",\"item\":\"https:\/\/portaltela.pt\/\"},{\"@type\":\"ListItem\",\"position\":2,\"name\":\"Ator procurado por abuso de menores entrega-se \u00e0 justi\u00e7a\"}]},{\"@type\":\"WebSite\",\"@id\":\"https:\/\/portaltela.pt\/#website\",\"url\":\"https:\/\/portaltela.pt\/\",\"name\":\"Portal Tela Portugal\",\"description\":\"\",\"potentialAction\":[{\"@type\":\"SearchAction\",\"target\":{\"@type\":\"EntryPoint\",\"urlTemplate\":\"https:\/\/portaltela.pt\/?s={search_term_string}\"},\"query-input\":{\"@type\":\"PropertyValueSpecification\",\"valueRequired\":true,\"valueName\":\"search_term_string\"}}],\"inLanguage\":\"pt-PT\"},{\"@type\":\"Person\",\"@id\":\"https:\/\/portaltela.pt\/#\/schema\/person\/c4278d4a6028830caff9ee44b42d32ed\",\"name\":\"Telinha\",\"image\":{\"@type\":\"ImageObject\",\"inLanguage\":\"pt-PT\",\"@id\":\"https:\/\/portaltela.pt\/s.01k8rhncp4jt1\/2025\/11\/talking-bot-125x125.png\",\"url\":\"https:\/\/portaltela.pt\/s.01k8rhncp4jt1\/2025\/11\/talking-bot-125x125.png\",\"contentUrl\":\"https:\/\/portaltela.pt\/s.01k8rhncp4jt1\/2025\/11\/talking-bot-125x125.png\",\"caption\":\"Telinha\"},\"sameAs\":[\"https:\/\/portaltela.pt\/\"],\"url\":\"https:\/\/portaltela.pt\/por\/367410592786\/\"}]}<\/script>\n<!-- \/ Yoast SEO plugin. -->","yoast_head_json":{"title":"Ator procurado por abuso de menores entrega-se \u00e0 justi\u00e7a - Portal Tela Portugal","robots":{"index":"index","follow":"follow","max-snippet":"max-snippet:-1","max-image-preview":"max-image-preview:large","max-video-preview":"max-video-preview:-1"},"og_locale":"pt_PT","og_type":"article","og_title":"Ator procurado por abuso de menores entrega-se \u00e0 justi\u00e7a - Portal Tela Portugal","og_description":"O ator Timothy Busfield entregou-se \u00e0 pol\u00edcia de Albuquerque, no Novo M\u00e9xico, na ter\u00e7a-feira, ap\u00f3s a emiss\u00e3o de um mandado de captura em seu nome. Est\u00e1 a ser acusado de dois crimes de contacto sexual com um menor, com alegadas ocorr\u00eancias entre 2022 e 2024 junto de dois irm\u00e3os g\u00e9meos com quem trabalhou na s\u00e9rie The Cleaning Lady. As den\u00fancias referem que o primeiro toque ocorreu em novembro de 2022, quando o menino tinha sete anos, com toques repetidos noutras ocasi\u00f5es quando tinha oito anos. A investiga\u00e7\u00e3o come\u00e7ou em novembro de 2024, ap\u00f3s uma den\u00fancia feita por um m\u00e9dico aos pais das crian\u00e7as; uma das v\u00edtimas apresentava transtorno de stress p\u00f3s-traum\u00e1tico e ansiedade. Busfield gravou um v\u00eddeo, tornado p\u00fablico pelo TMZ, no qual nega as acusa\u00e7\u00f5es e afirma que vai enfrentar as mentiras, tendo dito que viajou para Albuquerque para proceder \u00e0 entrega com a ajuda de um advogado.","og_url":"https:\/\/portaltela.pt\/noticias\/2026\/01\/13\/ator-procurado-por-abuso-de-menores-entrega-se-a-justica\/","og_site_name":"Portal Tela Portugal","article_published_time":"2026-01-13T21:54:00+00:00","author":"Telinha","twitter_card":"summary_large_image","twitter_misc":{"Escrito por":"Telinha","Tempo estimado de leitura":"1 minuto"},"schema":{"@context":"https:\/\/schema.org","@graph":[{"@type":"Article","@id":"https:\/\/portaltela.pt\/noticias\/2026\/01\/13\/ator-procurado-por-abuso-de-menores-entrega-se-a-justica\/#article","isPartOf":{"@id":"https:\/\/portaltela.pt\/noticias\/2026\/01\/13\/ator-procurado-por-abuso-de-menores-entrega-se-a-justica\/"},"author":{"name":"Telinha","@id":"https:\/\/portaltela.pt\/#\/schema\/person\/c4278d4a6028830caff9ee44b42d32ed"},"headline":"Ator procurado por abuso de menores entrega-se \u00e0 justi\u00e7a","datePublished":"2026-01-13T21:54:00+00:00","mainEntityOfPage":{"@id":"https:\/\/portaltela.pt\/noticias\/2026\/01\/13\/ator-procurado-por-abuso-de-menores-entrega-se-a-justica\/"},"wordCount":299,"image":{"@id":"https:\/\/portaltela.pt\/noticias\/2026\/01\/13\/ator-procurado-por-abuso-de-menores-entrega-se-a-justica\/#primaryimage"},"thumbnailUrl":"https:\/\/portaltela.pt\/s.01k8rhncp4jt1\/2026\/01\/unnamed-file-2821.jpg","keywords":["abuso de menores dependentes","abuso de sexual de menor dependente","abuso de sexual de menor dependente ou em situa\u00e7\u00e3o vulner\u00e1vel","Estados Unidos","investiga\u00e7\u00e3o criminal","justi\u00e7a"],"articleSection":["Not\u00edcias"],"inLanguage":"pt-PT"},{"@type":"WebPage","@id":"https:\/\/portaltela.pt\/noticias\/2026\/01\/13\/ator-procurado-por-abuso-de-menores-entrega-se-a-justica\/","url":"https:\/\/portaltela.pt\/noticias\/2026\/01\/13\/ator-procurado-por-abuso-de-menores-entrega-se-a-justica\/","name":"Ator procurado por abuso de menores entrega-se \u00e0 justi\u00e7a - Portal Tela Portugal","isPartOf":{"@id":"https:\/\/portaltela.pt\/#website"},"primaryImageOfPage":{"@id":"https:\/\/portaltela.pt\/noticias\/2026\/01\/13\/ator-procurado-por-abuso-de-menores-entrega-se-a-justica\/#primaryimage"},"image":{"@id":"https:\/\/portaltela.pt\/noticias\/2026\/01\/13\/ator-procurado-por-abuso-de-menores-entrega-se-a-justica\/#primaryimage"},"thumbnailUrl":"https:\/\/portaltela.pt\/s.01k8rhncp4jt1\/2026\/01\/unnamed-file-2821.jpg","datePublished":"2026-01-13T21:54:00+00:00","author":{"@id":"https:\/\/portaltela.pt\/#\/schema\/person\/c4278d4a6028830caff9ee44b42d32ed"},"breadcrumb":{"@id":"https:\/\/portaltela.pt\/noticias\/2026\/01\/13\/ator-procurado-por-abuso-de-menores-entrega-se-a-justica\/#breadcrumb"},"inLanguage":"pt-PT","potentialAction":[{"@type":"ReadAction","target":["https:\/\/portaltela.pt\/noticias\/2026\/01\/13\/ator-procurado-por-abuso-de-menores-entrega-se-a-justica\/"]}]},{"@type":"ImageObject","inLanguage":"pt-PT","@id":"https:\/\/portaltela.pt\/noticias\/2026\/01\/13\/ator-procurado-por-abuso-de-menores-entrega-se-a-justica\/#primaryimage","url":"https:\/\/portaltela.pt\/s.01k8rhncp4jt1\/2026\/01\/unnamed-file-2821.jpg","contentUrl":"https:\/\/portaltela.pt\/s.01k8rhncp4jt1\/2026\/01\/unnamed-file-2821.jpg","width":796,"height":448,"caption":"O ator ganhou em Emmy em 1991 pelo seu papel na s\u00e9rie Thirtysomething"},{"@type":"BreadcrumbList","@id":"https:\/\/portaltela.pt\/noticias\/2026\/01\/13\/ator-procurado-por-abuso-de-menores-entrega-se-a-justica\/#breadcrumb","itemListElement":[{"@type":"ListItem","position":1,"name":"In\u00edcio","item":"https:\/\/portaltela.pt\/"},{"@type":"ListItem","position":2,"name":"Ator procurado por abuso de menores entrega-se \u00e0 justi\u00e7a"}]},{"@type":"WebSite","@id":"https:\/\/portaltela.pt\/#website","url":"https:\/\/portaltela.pt\/","name":"Portal Tela Portugal","description":"","potentialAction":[{"@type":"SearchAction","target":{"@type":"EntryPoint","urlTemplate":"https:\/\/portaltela.pt\/?s={search_term_string}"},"query-input":{"@type":"PropertyValueSpecification","valueRequired":true,"valueName":"search_term_string"}}],"inLanguage":"pt-PT"},{"@type":"Person","@id":"https:\/\/portaltela.pt\/#\/schema\/person\/c4278d4a6028830caff9ee44b42d32ed","name":"Telinha","image":{"@type":"ImageObject","inLanguage":"pt-PT","@id":"https:\/\/portaltela.pt\/s.01k8rhncp4jt1\/2025\/11\/talking-bot-125x125.png","url":"https:\/\/portaltela.pt\/s.01k8rhncp4jt1\/2025\/11\/talking-bot-125x125.png","contentUrl":"https:\/\/portaltela.pt\/s.01k8rhncp4jt1\/2025\/11\/talking-bot-125x125.png","caption":"Telinha"},"sameAs":["https:\/\/portaltela.pt\/"],"url":"https:\/\/portaltela.pt\/por\/367410592786\/"}]}},"_links":{"self":[{"href":"https:\/\/portaltela.pt\/api\/wp\/v2\/posts\/139955","targetHints":{"allow":["GET"]}}],"collection":[{"href":"https:\/\/portaltela.pt\/api\/wp\/v2\/posts"}],"about":[{"href":"https:\/\/portaltela.pt\/api\/wp\/v2\/types\/post"}],"author":[{"embeddable":true,"href":"https:\/\/portaltela.pt\/api\/wp\/v2\/users\/2"}],"replies":[{"embeddable":true,"href":"https:\/\/portaltela.pt\/api\/wp\/v2\/comments?post=139955"}],"version-history":[{"count":0,"href":"https:\/\/portaltela.pt\/api\/wp\/v2\/posts\/139955\/revisions"}],"wp:featuredmedia":[{"embeddable":true,"href":"https:\/\/portaltela.pt\/api\/wp\/v2\/media\/139982"}],"wp:attachment":[{"href":"https:\/\/portaltela.pt\/api\/wp\/v2\/media?parent=139955"}],"wp:term":[{"taxonomy":"category","embeddable":true,"href":"https:\/\/portaltela.pt\/api\/wp\/v2\/categories?post=139955"},{"taxonomy":"post_tag","embeddable":true,"href":"https:\/\/portaltela.pt\/api\/wp\/v2\/tags?post=139955"}],"curies":[{"name":"wp","href":"https:\/\/api.w.org\/{rel}","templated":true}]}}