{"id":139906,"date":"2026-01-13T18:54:00","date_gmt":"2026-01-13T21:54:00","guid":{"rendered":"https:\/\/portaltela.pt\/noticias\/2026\/01\/13\/ator-timothy-busfield-entrega-se-a-policia-e-nega-acusacoes-de-abuso-de-menores\/"},"modified":"2026-01-13T18:54:00","modified_gmt":"2026-01-13T21:54:00","slug":"ator-timothy-busfield-entrega-se-a-policia-e-nega-acusacoes-de-abuso-de-menores","status":"publish","type":"post","link":"https:\/\/portaltela.pt\/noticias\/2026\/01\/13\/ator-timothy-busfield-entrega-se-a-policia-e-nega-acusacoes-de-abuso-de-menores\/","title":{"rendered":"Ator Timothy Busfield entrega-se \u00e0 pol\u00edcia e nega acusa\u00e7\u00f5es de abuso de menores"},"content":{"rendered":"<p>Timothy Busfield, ator norte-americano conhecido por The West Wing e vencedor de um Emmy em 1991 por Thirtysomething, entregou-se na pol\u00edcia de Albuquerque, Novo M\u00e9xico, ap\u00f3s ter sido emitido um mandado de captura na sexta-feira. A acusa\u00e7\u00e3o envolve abusos sexuais de menores ocorridos entre 2022 e 2024.<\/p>\n<p>Antes da entrega, o ator gravou um v\u00eddeo, tornado p\u00fablico pelo site TMZ, no qual contesta as acusa\u00e7\u00f5es e afirma que ir\u00e1 enfrentar o que descreve como mentiras. Afirmou que n\u00e3o cometeu os crimes e que contar\u00e1 com uma equipa para provar a sua inoc\u00eancia, agradecendo o apoio de f\u00e3s.<\/p>\n<p>No v\u00eddeo, Busfield explica ter sido contatado pela pol\u00edcia na sexta e ter viajado para Albuquerque no fim de semana. O mandado pede a localiza\u00e7\u00e3o do artista, que tamb\u00e9m ter\u00e1 contactado um advogado durante as quatro dias que decorreram desde a emiss\u00e3o da ordem.<\/p>\n<h3>Detalhes do caso<\/h3>\n<p>Busfield, de 68 anos, \u00e9 acusado de dois crimes de contacto sexual com um menor, conforme o mandado citado pelo Guardian. As alegadas v\u00edtimas s\u00e3o dois irm\u00e3os g\u00e9meos com quem trabalhou nas grava\u00e7\u00f5es da s\u00e9rie The Cleaning Lady.<\/p>\n<p>As den\u00fancias remontam a novembro de 2022, quando, segundo a acusa\u00e7\u00e3o, o primeiro incidente ter\u00e1 ocorrido com um menor de sete anos. Os supostos abusos teriam repetido ao longo de 2023 e in\u00edcio de 2024, com relatos de sofrimento emocional em uma das crian\u00e7as, diagnosticada com PTSD e ansiedade.<\/p>\n<p>A investiga\u00e7\u00e3o come\u00e7ou em novembro de 2024, ap\u00f3s den\u00fancia de um m\u00e9dico por parte dos pais das crian\u00e7as. A m\u00e3e das v\u00edtimas afirmou que os abusos prolongaram-se at\u00e9 a primavera de 2024, e uma assistente social descreveu pesadelos da crian\u00e7a com o contacto do realizador.<\/p>\n<p>Busfield j\u00e1 havia rejeitado as acusa\u00e7\u00f5es em novembro do ano passado, alegando que a m\u00e3e das crian\u00e7as procurava vingar-se ap\u00f3s a substitui\u00e7\u00e3o dos filhos por outros atores na s\u00e9rie da Fox. O caso continua em andamento, com a avalia\u00e7\u00e3o de evid\u00eancias e depoimentos pelas autoridades.<\/p>\n","protected":false},"excerpt":{"rendered":"<ul>\n<li>O ator Timothy Busfield entregou-se \u00e0 pol\u00edcia de Albuquerque, Novo M\u00e9xico, na ter\u00e7a-feira, ap\u00f3s um mandado de captura emitido na sexta anterior.<\/li>\n<li>Antes de se entregar, gravou um v\u00eddeo em que nega as acusa\u00e7\u00f5es de abuso sexual de menores, dizendo que s\u00e3o mentiras e que vai enfrentar a situa\u00e7\u00e3o com a ajuda da sua equipa.<\/li>\n<li>O mandado de captura aponta dois crimes de contacto sexual com um menor, alegadamente envolvendo dois irm\u00e3os g\u00e9meos com quem trabalhou na s\u00e9rie The Cleaning Lady.<\/li>\n<li>A investiga\u00e7\u00e3o arrancou em novembro de 2024, ap\u00f3s den\u00fancia de um m\u00e9dico, com os abusos alegadamente ocorridos entre novembro de 2022 e primavera de 2024; uma das v\u00edtimas foi diagnosticada com transtorno de stress p\u00f3s-traum\u00e1tico e ansiedade.<\/li>\n<li>Em novembro do ano passado, Busfield j\u00e1 rejeitava as acusa\u00e7\u00f5es, dizendo que a m\u00e3e das crian\u00e7as procurava vingan\u00e7a por os filhos terem sido substitu\u00eddos por outros atores na s\u00e9rie da Fox.<\/li>\n<\/ul>\n","protected":false},"author":2,"featured_media":139924,"comment_status":"closed","ping_status":"closed","sticky":false,"template":"","format":"standard","meta":{"footnotes":""},"categories":[12,1],"tags":[1455,2998,657,147,1600,217],"class_list":["post-139906","post","type-post","status-publish","format-standard","has-post-thumbnail","hentry","category-entretenimento","category-noticias","tag-abuso-de-menor-dependente","tag-abuso-de-sexual-de-menor-dependente","tag-abuso-de-sexual-de-menor-dependente-ou-em-situacao-vulneravel","tag-crime","tag-estados-unidos","tag-investigacao-criminal"],"yoast_head":"<!-- This site is optimized with the Yoast SEO plugin v27.2 - https:\/\/yoast.com\/product\/yoast-seo-wordpress\/ -->\n<title>Ator Timothy Busfield entrega-se \u00e0 pol\u00edcia e nega acusa\u00e7\u00f5es de abuso de menores - Portal Tela Portugal<\/title>\n<meta name=\"robots\" content=\"index, follow, max-snippet:-1, max-image-preview:large, max-video-preview:-1\" \/>\n<meta property=\"og:locale\" content=\"pt_PT\" \/>\n<meta property=\"og:type\" content=\"article\" \/>\n<meta property=\"og:title\" content=\"Ator Timothy Busfield entrega-se \u00e0 pol\u00edcia e nega acusa\u00e7\u00f5es de abuso de menores - Portal Tela Portugal\" \/>\n<meta property=\"og:description\" content=\"O ator Timothy Busfield entregou-se \u00e0 pol\u00edcia de Albuquerque, Novo M\u00e9xico, na ter\u00e7a-feira, ap\u00f3s um mandado de captura emitido na sexta anterior. Antes de se entregar, gravou um v\u00eddeo em que nega as acusa\u00e7\u00f5es de abuso sexual de menores, dizendo que s\u00e3o mentiras e que vai enfrentar a situa\u00e7\u00e3o com a ajuda da sua equipa. O mandado de captura aponta dois crimes de contacto sexual com um menor, alegadamente envolvendo dois irm\u00e3os g\u00e9meos com quem trabalhou na s\u00e9rie The Cleaning Lady. A investiga\u00e7\u00e3o arrancou em novembro de 2024, ap\u00f3s den\u00fancia de um m\u00e9dico, com os abusos alegadamente ocorridos entre novembro de 2022 e primavera de 2024; uma das v\u00edtimas foi diagnosticada com transtorno de stress p\u00f3s-traum\u00e1tico e ansiedade. Em novembro do ano passado, Busfield j\u00e1 rejeitava as acusa\u00e7\u00f5es, dizendo que a m\u00e3e das crian\u00e7as procurava vingan\u00e7a por os filhos terem sido substitu\u00eddos por outros atores na s\u00e9rie da Fox.\" \/>\n<meta property=\"og:url\" content=\"https:\/\/portaltela.pt\/noticias\/2026\/01\/13\/ator-timothy-busfield-entrega-se-a-policia-e-nega-acusacoes-de-abuso-de-menores\/\" \/>\n<meta property=\"og:site_name\" content=\"Portal Tela Portugal\" \/>\n<meta property=\"article:published_time\" content=\"2026-01-13T21:54:00+00:00\" \/>\n<meta name=\"author\" content=\"Telinha\" \/>\n<meta name=\"twitter:card\" content=\"summary_large_image\" \/>\n<meta name=\"twitter:label1\" content=\"Escrito por\" \/>\n\t<meta name=\"twitter:data1\" content=\"Telinha\" \/>\n\t<meta name=\"twitter:label2\" content=\"Tempo estimado de leitura\" \/>\n\t<meta name=\"twitter:data2\" content=\"2 minutos\" \/>\n<script type=\"application\/ld+json\" class=\"yoast-schema-graph\">{\"@context\":\"https:\/\/schema.org\",\"@graph\":[{\"@type\":\"Article\",\"@id\":\"https:\/\/portaltela.pt\/noticias\/2026\/01\/13\/ator-timothy-busfield-entrega-se-a-policia-e-nega-acusacoes-de-abuso-de-menores\/#article\",\"isPartOf\":{\"@id\":\"https:\/\/portaltela.pt\/noticias\/2026\/01\/13\/ator-timothy-busfield-entrega-se-a-policia-e-nega-acusacoes-de-abuso-de-menores\/\"},\"author\":{\"name\":\"Telinha\",\"@id\":\"https:\/\/portaltela.pt\/#\/schema\/person\/c4278d4a6028830caff9ee44b42d32ed\"},\"headline\":\"Ator Timothy Busfield entrega-se \u00e0 pol\u00edcia e nega acusa\u00e7\u00f5es de abuso de menores\",\"datePublished\":\"2026-01-13T21:54:00+00:00\",\"mainEntityOfPage\":{\"@id\":\"https:\/\/portaltela.pt\/noticias\/2026\/01\/13\/ator-timothy-busfield-entrega-se-a-policia-e-nega-acusacoes-de-abuso-de-menores\/\"},\"wordCount\":367,\"image\":{\"@id\":\"https:\/\/portaltela.pt\/noticias\/2026\/01\/13\/ator-timothy-busfield-entrega-se-a-policia-e-nega-acusacoes-de-abuso-de-menores\/#primaryimage\"},\"thumbnailUrl\":\"https:\/\/portaltela.pt\/s.01k8rhncp4jt1\/2026\/01\/gettyimages-1205580487.jpg\",\"keywords\":[\"abuso de menor dependente\",\"abuso de sexual de menor dependente\",\"abuso de sexual de menor dependente ou em situa\u00e7\u00e3o vulner\u00e1vel\",\"crime\",\"Estados Unidos\",\"investiga\u00e7\u00e3o criminal\"],\"articleSection\":[\"Entretenimento\",\"Not\u00edcias\"],\"inLanguage\":\"pt-PT\"},{\"@type\":\"WebPage\",\"@id\":\"https:\/\/portaltela.pt\/noticias\/2026\/01\/13\/ator-timothy-busfield-entrega-se-a-policia-e-nega-acusacoes-de-abuso-de-menores\/\",\"url\":\"https:\/\/portaltela.pt\/noticias\/2026\/01\/13\/ator-timothy-busfield-entrega-se-a-policia-e-nega-acusacoes-de-abuso-de-menores\/\",\"name\":\"Ator Timothy Busfield entrega-se \u00e0 pol\u00edcia e nega acusa\u00e7\u00f5es de abuso de menores - Portal Tela Portugal\",\"isPartOf\":{\"@id\":\"https:\/\/portaltela.pt\/#website\"},\"primaryImageOfPage\":{\"@id\":\"https:\/\/portaltela.pt\/noticias\/2026\/01\/13\/ator-timothy-busfield-entrega-se-a-policia-e-nega-acusacoes-de-abuso-de-menores\/#primaryimage\"},\"image\":{\"@id\":\"https:\/\/portaltela.pt\/noticias\/2026\/01\/13\/ator-timothy-busfield-entrega-se-a-policia-e-nega-acusacoes-de-abuso-de-menores\/#primaryimage\"},\"thumbnailUrl\":\"https:\/\/portaltela.pt\/s.01k8rhncp4jt1\/2026\/01\/gettyimages-1205580487.jpg\",\"datePublished\":\"2026-01-13T21:54:00+00:00\",\"author\":{\"@id\":\"https:\/\/portaltela.pt\/#\/schema\/person\/c4278d4a6028830caff9ee44b42d32ed\"},\"breadcrumb\":{\"@id\":\"https:\/\/portaltela.pt\/noticias\/2026\/01\/13\/ator-timothy-busfield-entrega-se-a-policia-e-nega-acusacoes-de-abuso-de-menores\/#breadcrumb\"},\"inLanguage\":\"pt-PT\",\"potentialAction\":[{\"@type\":\"ReadAction\",\"target\":[\"https:\/\/portaltela.pt\/noticias\/2026\/01\/13\/ator-timothy-busfield-entrega-se-a-policia-e-nega-acusacoes-de-abuso-de-menores\/\"]}]},{\"@type\":\"ImageObject\",\"inLanguage\":\"pt-PT\",\"@id\":\"https:\/\/portaltela.pt\/noticias\/2026\/01\/13\/ator-timothy-busfield-entrega-se-a-policia-e-nega-acusacoes-de-abuso-de-menores\/#primaryimage\",\"url\":\"https:\/\/portaltela.pt\/s.01k8rhncp4jt1\/2026\/01\/gettyimages-1205580487.jpg\",\"contentUrl\":\"https:\/\/portaltela.pt\/s.01k8rhncp4jt1\/2026\/01\/gettyimages-1205580487.jpg\",\"width\":796,\"height\":448,\"caption\":\"Photo\"},{\"@type\":\"BreadcrumbList\",\"@id\":\"https:\/\/portaltela.pt\/noticias\/2026\/01\/13\/ator-timothy-busfield-entrega-se-a-policia-e-nega-acusacoes-de-abuso-de-menores\/#breadcrumb\",\"itemListElement\":[{\"@type\":\"ListItem\",\"position\":1,\"name\":\"In\u00edcio\",\"item\":\"https:\/\/portaltela.pt\/\"},{\"@type\":\"ListItem\",\"position\":2,\"name\":\"Ator Timothy Busfield entrega-se \u00e0 pol\u00edcia e nega acusa\u00e7\u00f5es de abuso de menores\"}]},{\"@type\":\"WebSite\",\"@id\":\"https:\/\/portaltela.pt\/#website\",\"url\":\"https:\/\/portaltela.pt\/\",\"name\":\"Portal Tela Portugal\",\"description\":\"\",\"potentialAction\":[{\"@type\":\"SearchAction\",\"target\":{\"@type\":\"EntryPoint\",\"urlTemplate\":\"https:\/\/portaltela.pt\/?s={search_term_string}\"},\"query-input\":{\"@type\":\"PropertyValueSpecification\",\"valueRequired\":true,\"valueName\":\"search_term_string\"}}],\"inLanguage\":\"pt-PT\"},{\"@type\":\"Person\",\"@id\":\"https:\/\/portaltela.pt\/#\/schema\/person\/c4278d4a6028830caff9ee44b42d32ed\",\"name\":\"Telinha\",\"image\":{\"@type\":\"ImageObject\",\"inLanguage\":\"pt-PT\",\"@id\":\"https:\/\/portaltela.pt\/s.01k8rhncp4jt1\/2025\/11\/talking-bot-125x125.png\",\"url\":\"https:\/\/portaltela.pt\/s.01k8rhncp4jt1\/2025\/11\/talking-bot-125x125.png\",\"contentUrl\":\"https:\/\/portaltela.pt\/s.01k8rhncp4jt1\/2025\/11\/talking-bot-125x125.png\",\"caption\":\"Telinha\"},\"sameAs\":[\"https:\/\/portaltela.pt\/\"],\"url\":\"https:\/\/portaltela.pt\/por\/367410592786\/\"}]}<\/script>\n<!-- \/ Yoast SEO plugin. -->","yoast_head_json":{"title":"Ator Timothy Busfield entrega-se \u00e0 pol\u00edcia e nega acusa\u00e7\u00f5es de abuso de menores - Portal Tela Portugal","robots":{"index":"index","follow":"follow","max-snippet":"max-snippet:-1","max-image-preview":"max-image-preview:large","max-video-preview":"max-video-preview:-1"},"og_locale":"pt_PT","og_type":"article","og_title":"Ator Timothy Busfield entrega-se \u00e0 pol\u00edcia e nega acusa\u00e7\u00f5es de abuso de menores - Portal Tela Portugal","og_description":"O ator Timothy Busfield entregou-se \u00e0 pol\u00edcia de Albuquerque, Novo M\u00e9xico, na ter\u00e7a-feira, ap\u00f3s um mandado de captura emitido na sexta anterior. Antes de se entregar, gravou um v\u00eddeo em que nega as acusa\u00e7\u00f5es de abuso sexual de menores, dizendo que s\u00e3o mentiras e que vai enfrentar a situa\u00e7\u00e3o com a ajuda da sua equipa. O mandado de captura aponta dois crimes de contacto sexual com um menor, alegadamente envolvendo dois irm\u00e3os g\u00e9meos com quem trabalhou na s\u00e9rie The Cleaning Lady. A investiga\u00e7\u00e3o arrancou em novembro de 2024, ap\u00f3s den\u00fancia de um m\u00e9dico, com os abusos alegadamente ocorridos entre novembro de 2022 e primavera de 2024; uma das v\u00edtimas foi diagnosticada com transtorno de stress p\u00f3s-traum\u00e1tico e ansiedade. Em novembro do ano passado, Busfield j\u00e1 rejeitava as acusa\u00e7\u00f5es, dizendo que a m\u00e3e das crian\u00e7as procurava vingan\u00e7a por os filhos terem sido substitu\u00eddos por outros atores na s\u00e9rie da Fox.","og_url":"https:\/\/portaltela.pt\/noticias\/2026\/01\/13\/ator-timothy-busfield-entrega-se-a-policia-e-nega-acusacoes-de-abuso-de-menores\/","og_site_name":"Portal Tela Portugal","article_published_time":"2026-01-13T21:54:00+00:00","author":"Telinha","twitter_card":"summary_large_image","twitter_misc":{"Escrito por":"Telinha","Tempo estimado de leitura":"2 minutos"},"schema":{"@context":"https:\/\/schema.org","@graph":[{"@type":"Article","@id":"https:\/\/portaltela.pt\/noticias\/2026\/01\/13\/ator-timothy-busfield-entrega-se-a-policia-e-nega-acusacoes-de-abuso-de-menores\/#article","isPartOf":{"@id":"https:\/\/portaltela.pt\/noticias\/2026\/01\/13\/ator-timothy-busfield-entrega-se-a-policia-e-nega-acusacoes-de-abuso-de-menores\/"},"author":{"name":"Telinha","@id":"https:\/\/portaltela.pt\/#\/schema\/person\/c4278d4a6028830caff9ee44b42d32ed"},"headline":"Ator Timothy Busfield entrega-se \u00e0 pol\u00edcia e nega acusa\u00e7\u00f5es de abuso de menores","datePublished":"2026-01-13T21:54:00+00:00","mainEntityOfPage":{"@id":"https:\/\/portaltela.pt\/noticias\/2026\/01\/13\/ator-timothy-busfield-entrega-se-a-policia-e-nega-acusacoes-de-abuso-de-menores\/"},"wordCount":367,"image":{"@id":"https:\/\/portaltela.pt\/noticias\/2026\/01\/13\/ator-timothy-busfield-entrega-se-a-policia-e-nega-acusacoes-de-abuso-de-menores\/#primaryimage"},"thumbnailUrl":"https:\/\/portaltela.pt\/s.01k8rhncp4jt1\/2026\/01\/gettyimages-1205580487.jpg","keywords":["abuso de menor dependente","abuso de sexual de menor dependente","abuso de sexual de menor dependente ou em situa\u00e7\u00e3o vulner\u00e1vel","crime","Estados Unidos","investiga\u00e7\u00e3o criminal"],"articleSection":["Entretenimento","Not\u00edcias"],"inLanguage":"pt-PT"},{"@type":"WebPage","@id":"https:\/\/portaltela.pt\/noticias\/2026\/01\/13\/ator-timothy-busfield-entrega-se-a-policia-e-nega-acusacoes-de-abuso-de-menores\/","url":"https:\/\/portaltela.pt\/noticias\/2026\/01\/13\/ator-timothy-busfield-entrega-se-a-policia-e-nega-acusacoes-de-abuso-de-menores\/","name":"Ator Timothy Busfield entrega-se \u00e0 pol\u00edcia e nega acusa\u00e7\u00f5es de abuso de menores - Portal Tela Portugal","isPartOf":{"@id":"https:\/\/portaltela.pt\/#website"},"primaryImageOfPage":{"@id":"https:\/\/portaltela.pt\/noticias\/2026\/01\/13\/ator-timothy-busfield-entrega-se-a-policia-e-nega-acusacoes-de-abuso-de-menores\/#primaryimage"},"image":{"@id":"https:\/\/portaltela.pt\/noticias\/2026\/01\/13\/ator-timothy-busfield-entrega-se-a-policia-e-nega-acusacoes-de-abuso-de-menores\/#primaryimage"},"thumbnailUrl":"https:\/\/portaltela.pt\/s.01k8rhncp4jt1\/2026\/01\/gettyimages-1205580487.jpg","datePublished":"2026-01-13T21:54:00+00:00","author":{"@id":"https:\/\/portaltela.pt\/#\/schema\/person\/c4278d4a6028830caff9ee44b42d32ed"},"breadcrumb":{"@id":"https:\/\/portaltela.pt\/noticias\/2026\/01\/13\/ator-timothy-busfield-entrega-se-a-policia-e-nega-acusacoes-de-abuso-de-menores\/#breadcrumb"},"inLanguage":"pt-PT","potentialAction":[{"@type":"ReadAction","target":["https:\/\/portaltela.pt\/noticias\/2026\/01\/13\/ator-timothy-busfield-entrega-se-a-policia-e-nega-acusacoes-de-abuso-de-menores\/"]}]},{"@type":"ImageObject","inLanguage":"pt-PT","@id":"https:\/\/portaltela.pt\/noticias\/2026\/01\/13\/ator-timothy-busfield-entrega-se-a-policia-e-nega-acusacoes-de-abuso-de-menores\/#primaryimage","url":"https:\/\/portaltela.pt\/s.01k8rhncp4jt1\/2026\/01\/gettyimages-1205580487.jpg","contentUrl":"https:\/\/portaltela.pt\/s.01k8rhncp4jt1\/2026\/01\/gettyimages-1205580487.jpg","width":796,"height":448,"caption":"Photo"},{"@type":"BreadcrumbList","@id":"https:\/\/portaltela.pt\/noticias\/2026\/01\/13\/ator-timothy-busfield-entrega-se-a-policia-e-nega-acusacoes-de-abuso-de-menores\/#breadcrumb","itemListElement":[{"@type":"ListItem","position":1,"name":"In\u00edcio","item":"https:\/\/portaltela.pt\/"},{"@type":"ListItem","position":2,"name":"Ator Timothy Busfield entrega-se \u00e0 pol\u00edcia e nega acusa\u00e7\u00f5es de abuso de menores"}]},{"@type":"WebSite","@id":"https:\/\/portaltela.pt\/#website","url":"https:\/\/portaltela.pt\/","name":"Portal Tela Portugal","description":"","potentialAction":[{"@type":"SearchAction","target":{"@type":"EntryPoint","urlTemplate":"https:\/\/portaltela.pt\/?s={search_term_string}"},"query-input":{"@type":"PropertyValueSpecification","valueRequired":true,"valueName":"search_term_string"}}],"inLanguage":"pt-PT"},{"@type":"Person","@id":"https:\/\/portaltela.pt\/#\/schema\/person\/c4278d4a6028830caff9ee44b42d32ed","name":"Telinha","image":{"@type":"ImageObject","inLanguage":"pt-PT","@id":"https:\/\/portaltela.pt\/s.01k8rhncp4jt1\/2025\/11\/talking-bot-125x125.png","url":"https:\/\/portaltela.pt\/s.01k8rhncp4jt1\/2025\/11\/talking-bot-125x125.png","contentUrl":"https:\/\/portaltela.pt\/s.01k8rhncp4jt1\/2025\/11\/talking-bot-125x125.png","caption":"Telinha"},"sameAs":["https:\/\/portaltela.pt\/"],"url":"https:\/\/portaltela.pt\/por\/367410592786\/"}]}},"_links":{"self":[{"href":"https:\/\/portaltela.pt\/api\/wp\/v2\/posts\/139906","targetHints":{"allow":["GET"]}}],"collection":[{"href":"https:\/\/portaltela.pt\/api\/wp\/v2\/posts"}],"about":[{"href":"https:\/\/portaltela.pt\/api\/wp\/v2\/types\/post"}],"author":[{"embeddable":true,"href":"https:\/\/portaltela.pt\/api\/wp\/v2\/users\/2"}],"replies":[{"embeddable":true,"href":"https:\/\/portaltela.pt\/api\/wp\/v2\/comments?post=139906"}],"version-history":[{"count":0,"href":"https:\/\/portaltela.pt\/api\/wp\/v2\/posts\/139906\/revisions"}],"wp:featuredmedia":[{"embeddable":true,"href":"https:\/\/portaltela.pt\/api\/wp\/v2\/media\/139924"}],"wp:attachment":[{"href":"https:\/\/portaltela.pt\/api\/wp\/v2\/media?parent=139906"}],"wp:term":[{"taxonomy":"category","embeddable":true,"href":"https:\/\/portaltela.pt\/api\/wp\/v2\/categories?post=139906"},{"taxonomy":"post_tag","embeddable":true,"href":"https:\/\/portaltela.pt\/api\/wp\/v2\/tags?post=139906"}],"curies":[{"name":"wp","href":"https:\/\/api.w.org\/{rel}","templated":true}]}}