{"id":139897,"date":"2026-01-13T18:13:00","date_gmt":"2026-01-13T21:13:00","guid":{"rendered":"https:\/\/portaltela.pt\/noticias\/2026\/01\/13\/ventura-lidera-seguro-perto-cotrim-fecha-podio-nas-intencoes-de-voto\/"},"modified":"2026-01-13T18:13:00","modified_gmt":"2026-01-13T21:13:00","slug":"ventura-lidera-seguro-perto-cotrim-fecha-podio-nas-intencoes-de-voto","status":"publish","type":"post","link":"https:\/\/portaltela.pt\/noticias\/politica\/2026\/01\/13\/ventura-lidera-seguro-perto-cotrim-fecha-podio-nas-intencoes-de-voto\/","title":{"rendered":"Ventura lidera, Seguro perto; Cotrim fecha p\u00f3dio nas inten\u00e7\u00f5es de voto"},"content":{"rendered":"<p>O cronograma eleitoral mant\u00e9m a data de 18 de janeiro de 2026 para a elei\u00e7\u00e3o presidencial, com a maioria dos candidatos j\u00e1 definida. O panorama indica que a corrida n\u00e3o ocorrer\u00e1 apenas na primeira volta, havendo possibilidade de segunda volta conforme o escrut\u00ednio. O foco atual \u00e9 entender quem est\u00e1 na corrida, onde e por que se apresentam.<\/p>\n<p>A performance nas sondagens tem mostrado flutua\u00e7\u00f5es ao longo das \u00faltimas semanas. Andr\u00e9 Ventura lidera de forma consistente, mas sem n\u00fameros suficientes para garantir vit\u00f3ria j\u00e1 na primeira vota\u00e7\u00e3o. Henrique Gouveia e Melo, antes l\u00edder, perdeu terreno, enquanto Marques Mendes tem aparecido em posi\u00e7\u00e3o est\u00e1vel, com varia\u00e7\u00f5es residuais. Jo\u00e3o Cotrim de Figueiredo surge como surpresa ascendente em alguns recenseamentos.<\/p>\n<p>A lista oficial de candidatos j\u00e1 inclui 11 nomes com candidaturas formais. Entre independentes e apoiados por partidos, os percursos variam desde figuras pol\u00edticas de longa data at\u00e9 novas figuras no cen\u00e1rio. O leque de motes de campanha varia desde propostas de uni\u00e3o nacional a plataformas de liberalismo econ\u00f3mico ou de defesa de valores democr\u00e1ticos.<\/p>\n<h3>Apoios e motes de candidatura<\/h3>\n<p>Marques Mendes, 68 anos, apresenta o mote de unir os portugueses, com apoio de figuras do PSD e CDS bem como de personalidades independentes. Henrique Gouveia e Melo aposta na independ\u00eancia de centro e liberalismo, com uma rede de apoiantes militares e civis. Joana Amaral Dias, 52 anos, candidatou-se pelo ADN, defendendo soberania nacional e uma perspetiva de esquerda. Ant\u00f3nio Jos\u00e9 Seguro, 63 anos, figura do PS, apresenta uma linha de esquerda moderada com apoio de veteranos do partido. Ant\u00f3nio Filipe, 62, apoia o PCP e Os Verdes, defendendo uma vis\u00e3o de Abril com foco na justi\u00e7a social. Andr\u00e9 Ventura, 42, lidera com o Chega, centrando-se numa posi\u00e7\u00e3o liberal-conservadora com uma ret\u00f3rica pol\u00e9mica. Catarina Martins, 52, candidata do BE, apresenta-se como voz da esquerda alterna. Jorge Pinto, 38, apoiado pelo Livre, assume-se como agregador \u00e0 esquerda. Jo\u00e3o Cotrim de Figueiredo, 64, eleito pela Iniciativa Liberal, apresenta o mote Imagina Portugal. Joana Amaral Dias j\u00e1 mencionada, \u00e9 apoiada pelo ADN.<\/p>\n<p>Aguardam-se ainda decis\u00f5es finais de apoios e eventuais mudan\u00e7as no alinhamento de algumas candidaturas \u00e0 medida que se aproxima o dia das elei\u00e7\u00f5es. As listas de assinaturas j\u00e1 foram entregues, consolidando o cen\u00e1rio de uma das elei\u00e7\u00f5es presidenciais mais concorridas da hist\u00f3ria recente.<\/p>\n<p>Os dados de inten\u00e7\u00f5es de voto e o acompanhamento das sondagens continuam a indicar altos \u00edndices de indecisos, o que pode alterar o equil\u00edbrio entre os candidatos at\u00e9 ao final da campanha. A an\u00e1lise dos cen\u00e1rios aponta para a possibilidade de segundas voltas, dependendo do desempenho no ato eleitoral e da mobiliza\u00e7\u00e3o de eleitores, em especial entre indecisos.<\/p>\n<p>O portal acompanha, at\u00e9 ao dia, a evolu\u00e7\u00e3o das inten\u00e7\u00f5es de voto e o fluxo de apoios, fornecendo uma leitura clara sobre quem avan\u00e7a com maior momentum, quem pode chegar \u00e0 segunda volta e quais alian\u00e7as podem emergir no per\u00edodo final de campanha.<\/p>\n","protected":false},"excerpt":{"rendered":"<ul>\n<li>A corrida presidencial em Portugal para 18 de janeiro de 2026 j\u00e1 soma onze candidatos, incluindo tr\u00eas independentes, com 15% de indecisos ainda por votar.<\/li>\n<li>Andr\u00e9 Ventura (Chega) mant\u00e9m lideran\u00e7a nas sondagens, mas sem vencimento claro; Ant\u00f3nio Jos\u00e9 Seguro (PS) e Marques Mendes (PSD\/CDS) seguem pr\u00f3ximos na inten\u00e7\u00e3o de voto, enquanto Jo\u00e3o Cotrim de Figueiredo (Iniciativa Liberal) tem subidas recentes.<\/li>\n<li>Marques Mendes apresenta o mote \u201cPresidente de todos os portugueses\u201d, apoiado por Rui Moreira e figuras social-democratas; Henrique Gouveia e Melo apresenta-se como independente, com apoio de nomes militares e pol\u00edticos.<\/li>\n<li>Catarina Martins (Bloco de Esquerda) concorre pela esquerda, j\u00e1 Joana Amaral Dias (ADN) defende uma vis\u00e3o mais cr\u00edtica da UE; Ant\u00f3nio Filipe (PCP+Os Verdes) aposta numa candidatura comunista; Jorge Pinto (Livre) afirma ser a op\u00e7\u00e3o A para a esquerda.<\/li>\n<li>Jo\u00e3o Cotrim de Figueiredo (Iniciativa Liberal) surge como liberal, com o lema \u201cImagina Portugal\u201d e posi\u00e7\u00e3o independente; as candidaturas j\u00e1 foram formalizadas com assinatura de listas at\u00e9 18 de dezembro.<\/li>\n<\/ul>\n","protected":false},"author":2,"featured_media":139898,"comment_status":"closed","ping_status":"closed","sticky":false,"template":"","format":"standard","meta":{"footnotes":""},"categories":[1,5],"tags":[2453,2678,68,2669,2450,30],"class_list":["post-139897","post","type-post","status-publish","format-standard","has-post-thumbnail","hentry","category-noticias","category-politica","tag-andre-ventura","tag-cotrim-de-figueiredo","tag-eleicoes","tag-joana-amaral-dias","tag-marques-mendes","tag-presidente"],"yoast_head":"<!-- This site is optimized with the Yoast SEO plugin v27.2 - https:\/\/yoast.com\/product\/yoast-seo-wordpress\/ -->\n<title>Ventura lidera, Seguro perto; Cotrim fecha p\u00f3dio nas inten\u00e7\u00f5es de voto - Portal Tela Portugal<\/title>\n<meta name=\"robots\" content=\"index, follow, max-snippet:-1, max-image-preview:large, max-video-preview:-1\" \/>\n<meta property=\"og:locale\" content=\"pt_PT\" \/>\n<meta property=\"og:type\" content=\"article\" \/>\n<meta property=\"og:title\" content=\"Ventura lidera, Seguro perto; Cotrim fecha p\u00f3dio nas inten\u00e7\u00f5es de voto - Portal Tela Portugal\" \/>\n<meta property=\"og:description\" content=\"A corrida presidencial em Portugal para 18 de janeiro de 2026 j\u00e1 soma onze candidatos, incluindo tr\u00eas independentes, com 15% de indecisos ainda por votar. Andr\u00e9 Ventura (Chega) mant\u00e9m lideran\u00e7a nas sondagens, mas sem vencimento claro; Ant\u00f3nio Jos\u00e9 Seguro (PS) e Marques Mendes (PSD\/CDS) seguem pr\u00f3ximos na inten\u00e7\u00e3o de voto, enquanto Jo\u00e3o Cotrim de Figueiredo (Iniciativa Liberal) tem subidas recentes. Marques Mendes apresenta o mote \u201cPresidente de todos os portugueses\u201d, apoiado por Rui Moreira e figuras social-democratas; Henrique Gouveia e Melo apresenta-se como independente, com apoio de nomes militares e pol\u00edticos. Catarina Martins (Bloco de Esquerda) concorre pela esquerda, j\u00e1 Joana Amaral Dias (ADN) defende uma vis\u00e3o mais cr\u00edtica da UE; Ant\u00f3nio Filipe (PCP+Os Verdes) aposta numa candidatura comunista; Jorge Pinto (Livre) afirma ser a op\u00e7\u00e3o A para a esquerda. Jo\u00e3o Cotrim de Figueiredo (Iniciativa Liberal) surge como liberal, com o lema \u201cImagina Portugal\u201d e posi\u00e7\u00e3o independente; as candidaturas j\u00e1 foram formalizadas com assinatura de listas at\u00e9 18 de dezembro.\" \/>\n<meta property=\"og:url\" content=\"https:\/\/portaltela.pt\/noticias\/2026\/01\/13\/ventura-lidera-seguro-perto-cotrim-fecha-podio-nas-intencoes-de-voto\/\" \/>\n<meta property=\"og:site_name\" content=\"Portal Tela Portugal\" \/>\n<meta property=\"article:published_time\" content=\"2026-01-13T21:13:00+00:00\" \/>\n<meta name=\"author\" content=\"Telinha\" \/>\n<meta name=\"twitter:card\" content=\"summary_large_image\" \/>\n<meta name=\"twitter:label1\" content=\"Escrito por\" \/>\n\t<meta name=\"twitter:data1\" content=\"Telinha\" \/>\n\t<meta name=\"twitter:label2\" content=\"Tempo estimado de leitura\" \/>\n\t<meta name=\"twitter:data2\" content=\"3 minutos\" \/>\n<script type=\"application\/ld+json\" class=\"yoast-schema-graph\">{\"@context\":\"https:\/\/schema.org\",\"@graph\":[{\"@type\":\"Article\",\"@id\":\"https:\/\/portaltela.pt\/noticias\/2026\/01\/13\/ventura-lidera-seguro-perto-cotrim-fecha-podio-nas-intencoes-de-voto\/#article\",\"isPartOf\":{\"@id\":\"https:\/\/portaltela.pt\/noticias\/2026\/01\/13\/ventura-lidera-seguro-perto-cotrim-fecha-podio-nas-intencoes-de-voto\/\"},\"author\":{\"name\":\"Telinha\",\"@id\":\"https:\/\/portaltela.pt\/#\/schema\/person\/c4278d4a6028830caff9ee44b42d32ed\"},\"headline\":\"Ventura lidera, Seguro perto; Cotrim fecha p\u00f3dio nas inten\u00e7\u00f5es de voto\",\"datePublished\":\"2026-01-13T21:13:00+00:00\",\"mainEntityOfPage\":{\"@id\":\"https:\/\/portaltela.pt\/noticias\/2026\/01\/13\/ventura-lidera-seguro-perto-cotrim-fecha-podio-nas-intencoes-de-voto\/\"},\"wordCount\":520,\"image\":{\"@id\":\"https:\/\/portaltela.pt\/noticias\/2026\/01\/13\/ventura-lidera-seguro-perto-cotrim-fecha-podio-nas-intencoes-de-voto\/#primaryimage\"},\"thumbnailUrl\":\"https:\/\/portaltela.pt\/s.01k8rhncp4jt1\/2026\/01\/unnamed-file-2814.jpg\",\"keywords\":[\"Andr\u00e9 Ventura\",\"Cotrim de Figueiredo\",\"elei\u00e7\u00f5es\",\"Joana Amaral Dias\",\"Marques Mendes\",\"presidente\"],\"articleSection\":[\"Not\u00edcias\",\"Pol\u00edtica\"],\"inLanguage\":\"pt-PT\"},{\"@type\":\"WebPage\",\"@id\":\"https:\/\/portaltela.pt\/noticias\/2026\/01\/13\/ventura-lidera-seguro-perto-cotrim-fecha-podio-nas-intencoes-de-voto\/\",\"url\":\"https:\/\/portaltela.pt\/noticias\/2026\/01\/13\/ventura-lidera-seguro-perto-cotrim-fecha-podio-nas-intencoes-de-voto\/\",\"name\":\"Ventura lidera, Seguro perto; Cotrim fecha p\u00f3dio nas inten\u00e7\u00f5es de voto - Portal Tela Portugal\",\"isPartOf\":{\"@id\":\"https:\/\/portaltela.pt\/#website\"},\"primaryImageOfPage\":{\"@id\":\"https:\/\/portaltela.pt\/noticias\/2026\/01\/13\/ventura-lidera-seguro-perto-cotrim-fecha-podio-nas-intencoes-de-voto\/#primaryimage\"},\"image\":{\"@id\":\"https:\/\/portaltela.pt\/noticias\/2026\/01\/13\/ventura-lidera-seguro-perto-cotrim-fecha-podio-nas-intencoes-de-voto\/#primaryimage\"},\"thumbnailUrl\":\"https:\/\/portaltela.pt\/s.01k8rhncp4jt1\/2026\/01\/unnamed-file-2814.jpg\",\"datePublished\":\"2026-01-13T21:13:00+00:00\",\"author\":{\"@id\":\"https:\/\/portaltela.pt\/#\/schema\/person\/c4278d4a6028830caff9ee44b42d32ed\"},\"breadcrumb\":{\"@id\":\"https:\/\/portaltela.pt\/noticias\/2026\/01\/13\/ventura-lidera-seguro-perto-cotrim-fecha-podio-nas-intencoes-de-voto\/#breadcrumb\"},\"inLanguage\":\"pt-PT\",\"potentialAction\":[{\"@type\":\"ReadAction\",\"target\":[\"https:\/\/portaltela.pt\/noticias\/2026\/01\/13\/ventura-lidera-seguro-perto-cotrim-fecha-podio-nas-intencoes-de-voto\/\"]}]},{\"@type\":\"ImageObject\",\"inLanguage\":\"pt-PT\",\"@id\":\"https:\/\/portaltela.pt\/noticias\/2026\/01\/13\/ventura-lidera-seguro-perto-cotrim-fecha-podio-nas-intencoes-de-voto\/#primaryimage\",\"url\":\"https:\/\/portaltela.pt\/s.01k8rhncp4jt1\/2026\/01\/unnamed-file-2814.jpg\",\"contentUrl\":\"https:\/\/portaltela.pt\/s.01k8rhncp4jt1\/2026\/01\/unnamed-file-2814.jpg\",\"width\":796,\"height\":448,\"caption\":\"Sondagens a 13 de janeiro\"},{\"@type\":\"BreadcrumbList\",\"@id\":\"https:\/\/portaltela.pt\/noticias\/2026\/01\/13\/ventura-lidera-seguro-perto-cotrim-fecha-podio-nas-intencoes-de-voto\/#breadcrumb\",\"itemListElement\":[{\"@type\":\"ListItem\",\"position\":1,\"name\":\"In\u00edcio\",\"item\":\"https:\/\/portaltela.pt\/\"},{\"@type\":\"ListItem\",\"position\":2,\"name\":\"Ventura lidera, Seguro perto; Cotrim fecha p\u00f3dio nas inten\u00e7\u00f5es de voto\"}]},{\"@type\":\"WebSite\",\"@id\":\"https:\/\/portaltela.pt\/#website\",\"url\":\"https:\/\/portaltela.pt\/\",\"name\":\"Portal Tela Portugal\",\"description\":\"\",\"potentialAction\":[{\"@type\":\"SearchAction\",\"target\":{\"@type\":\"EntryPoint\",\"urlTemplate\":\"https:\/\/portaltela.pt\/?s={search_term_string}\"},\"query-input\":{\"@type\":\"PropertyValueSpecification\",\"valueRequired\":true,\"valueName\":\"search_term_string\"}}],\"inLanguage\":\"pt-PT\"},{\"@type\":\"Person\",\"@id\":\"https:\/\/portaltela.pt\/#\/schema\/person\/c4278d4a6028830caff9ee44b42d32ed\",\"name\":\"Telinha\",\"image\":{\"@type\":\"ImageObject\",\"inLanguage\":\"pt-PT\",\"@id\":\"https:\/\/portaltela.pt\/s.01k8rhncp4jt1\/2025\/11\/talking-bot-125x125.png\",\"url\":\"https:\/\/portaltela.pt\/s.01k8rhncp4jt1\/2025\/11\/talking-bot-125x125.png\",\"contentUrl\":\"https:\/\/portaltela.pt\/s.01k8rhncp4jt1\/2025\/11\/talking-bot-125x125.png\",\"caption\":\"Telinha\"},\"sameAs\":[\"https:\/\/portaltela.pt\/\"],\"url\":\"https:\/\/portaltela.pt\/por\/367410592786\/\"}]}<\/script>\n<!-- \/ Yoast SEO plugin. -->","yoast_head_json":{"title":"Ventura lidera, Seguro perto; Cotrim fecha p\u00f3dio nas inten\u00e7\u00f5es de voto - Portal Tela Portugal","robots":{"index":"index","follow":"follow","max-snippet":"max-snippet:-1","max-image-preview":"max-image-preview:large","max-video-preview":"max-video-preview:-1"},"og_locale":"pt_PT","og_type":"article","og_title":"Ventura lidera, Seguro perto; Cotrim fecha p\u00f3dio nas inten\u00e7\u00f5es de voto - Portal Tela Portugal","og_description":"A corrida presidencial em Portugal para 18 de janeiro de 2026 j\u00e1 soma onze candidatos, incluindo tr\u00eas independentes, com 15% de indecisos ainda por votar. Andr\u00e9 Ventura (Chega) mant\u00e9m lideran\u00e7a nas sondagens, mas sem vencimento claro; Ant\u00f3nio Jos\u00e9 Seguro (PS) e Marques Mendes (PSD\/CDS) seguem pr\u00f3ximos na inten\u00e7\u00e3o de voto, enquanto Jo\u00e3o Cotrim de Figueiredo (Iniciativa Liberal) tem subidas recentes. Marques Mendes apresenta o mote \u201cPresidente de todos os portugueses\u201d, apoiado por Rui Moreira e figuras social-democratas; Henrique Gouveia e Melo apresenta-se como independente, com apoio de nomes militares e pol\u00edticos. Catarina Martins (Bloco de Esquerda) concorre pela esquerda, j\u00e1 Joana Amaral Dias (ADN) defende uma vis\u00e3o mais cr\u00edtica da UE; Ant\u00f3nio Filipe (PCP+Os Verdes) aposta numa candidatura comunista; Jorge Pinto (Livre) afirma ser a op\u00e7\u00e3o A para a esquerda. Jo\u00e3o Cotrim de Figueiredo (Iniciativa Liberal) surge como liberal, com o lema \u201cImagina Portugal\u201d e posi\u00e7\u00e3o independente; as candidaturas j\u00e1 foram formalizadas com assinatura de listas at\u00e9 18 de dezembro.","og_url":"https:\/\/portaltela.pt\/noticias\/2026\/01\/13\/ventura-lidera-seguro-perto-cotrim-fecha-podio-nas-intencoes-de-voto\/","og_site_name":"Portal Tela Portugal","article_published_time":"2026-01-13T21:13:00+00:00","author":"Telinha","twitter_card":"summary_large_image","twitter_misc":{"Escrito por":"Telinha","Tempo estimado de leitura":"3 minutos"},"schema":{"@context":"https:\/\/schema.org","@graph":[{"@type":"Article","@id":"https:\/\/portaltela.pt\/noticias\/2026\/01\/13\/ventura-lidera-seguro-perto-cotrim-fecha-podio-nas-intencoes-de-voto\/#article","isPartOf":{"@id":"https:\/\/portaltela.pt\/noticias\/2026\/01\/13\/ventura-lidera-seguro-perto-cotrim-fecha-podio-nas-intencoes-de-voto\/"},"author":{"name":"Telinha","@id":"https:\/\/portaltela.pt\/#\/schema\/person\/c4278d4a6028830caff9ee44b42d32ed"},"headline":"Ventura lidera, Seguro perto; Cotrim fecha p\u00f3dio nas inten\u00e7\u00f5es de voto","datePublished":"2026-01-13T21:13:00+00:00","mainEntityOfPage":{"@id":"https:\/\/portaltela.pt\/noticias\/2026\/01\/13\/ventura-lidera-seguro-perto-cotrim-fecha-podio-nas-intencoes-de-voto\/"},"wordCount":520,"image":{"@id":"https:\/\/portaltela.pt\/noticias\/2026\/01\/13\/ventura-lidera-seguro-perto-cotrim-fecha-podio-nas-intencoes-de-voto\/#primaryimage"},"thumbnailUrl":"https:\/\/portaltela.pt\/s.01k8rhncp4jt1\/2026\/01\/unnamed-file-2814.jpg","keywords":["Andr\u00e9 Ventura","Cotrim de Figueiredo","elei\u00e7\u00f5es","Joana Amaral Dias","Marques Mendes","presidente"],"articleSection":["Not\u00edcias","Pol\u00edtica"],"inLanguage":"pt-PT"},{"@type":"WebPage","@id":"https:\/\/portaltela.pt\/noticias\/2026\/01\/13\/ventura-lidera-seguro-perto-cotrim-fecha-podio-nas-intencoes-de-voto\/","url":"https:\/\/portaltela.pt\/noticias\/2026\/01\/13\/ventura-lidera-seguro-perto-cotrim-fecha-podio-nas-intencoes-de-voto\/","name":"Ventura lidera, Seguro perto; Cotrim fecha p\u00f3dio nas inten\u00e7\u00f5es de voto - Portal Tela Portugal","isPartOf":{"@id":"https:\/\/portaltela.pt\/#website"},"primaryImageOfPage":{"@id":"https:\/\/portaltela.pt\/noticias\/2026\/01\/13\/ventura-lidera-seguro-perto-cotrim-fecha-podio-nas-intencoes-de-voto\/#primaryimage"},"image":{"@id":"https:\/\/portaltela.pt\/noticias\/2026\/01\/13\/ventura-lidera-seguro-perto-cotrim-fecha-podio-nas-intencoes-de-voto\/#primaryimage"},"thumbnailUrl":"https:\/\/portaltela.pt\/s.01k8rhncp4jt1\/2026\/01\/unnamed-file-2814.jpg","datePublished":"2026-01-13T21:13:00+00:00","author":{"@id":"https:\/\/portaltela.pt\/#\/schema\/person\/c4278d4a6028830caff9ee44b42d32ed"},"breadcrumb":{"@id":"https:\/\/portaltela.pt\/noticias\/2026\/01\/13\/ventura-lidera-seguro-perto-cotrim-fecha-podio-nas-intencoes-de-voto\/#breadcrumb"},"inLanguage":"pt-PT","potentialAction":[{"@type":"ReadAction","target":["https:\/\/portaltela.pt\/noticias\/2026\/01\/13\/ventura-lidera-seguro-perto-cotrim-fecha-podio-nas-intencoes-de-voto\/"]}]},{"@type":"ImageObject","inLanguage":"pt-PT","@id":"https:\/\/portaltela.pt\/noticias\/2026\/01\/13\/ventura-lidera-seguro-perto-cotrim-fecha-podio-nas-intencoes-de-voto\/#primaryimage","url":"https:\/\/portaltela.pt\/s.01k8rhncp4jt1\/2026\/01\/unnamed-file-2814.jpg","contentUrl":"https:\/\/portaltela.pt\/s.01k8rhncp4jt1\/2026\/01\/unnamed-file-2814.jpg","width":796,"height":448,"caption":"Sondagens a 13 de janeiro"},{"@type":"BreadcrumbList","@id":"https:\/\/portaltela.pt\/noticias\/2026\/01\/13\/ventura-lidera-seguro-perto-cotrim-fecha-podio-nas-intencoes-de-voto\/#breadcrumb","itemListElement":[{"@type":"ListItem","position":1,"name":"In\u00edcio","item":"https:\/\/portaltela.pt\/"},{"@type":"ListItem","position":2,"name":"Ventura lidera, Seguro perto; Cotrim fecha p\u00f3dio nas inten\u00e7\u00f5es de voto"}]},{"@type":"WebSite","@id":"https:\/\/portaltela.pt\/#website","url":"https:\/\/portaltela.pt\/","name":"Portal Tela Portugal","description":"","potentialAction":[{"@type":"SearchAction","target":{"@type":"EntryPoint","urlTemplate":"https:\/\/portaltela.pt\/?s={search_term_string}"},"query-input":{"@type":"PropertyValueSpecification","valueRequired":true,"valueName":"search_term_string"}}],"inLanguage":"pt-PT"},{"@type":"Person","@id":"https:\/\/portaltela.pt\/#\/schema\/person\/c4278d4a6028830caff9ee44b42d32ed","name":"Telinha","image":{"@type":"ImageObject","inLanguage":"pt-PT","@id":"https:\/\/portaltela.pt\/s.01k8rhncp4jt1\/2025\/11\/talking-bot-125x125.png","url":"https:\/\/portaltela.pt\/s.01k8rhncp4jt1\/2025\/11\/talking-bot-125x125.png","contentUrl":"https:\/\/portaltela.pt\/s.01k8rhncp4jt1\/2025\/11\/talking-bot-125x125.png","caption":"Telinha"},"sameAs":["https:\/\/portaltela.pt\/"],"url":"https:\/\/portaltela.pt\/por\/367410592786\/"}]}},"_links":{"self":[{"href":"https:\/\/portaltela.pt\/api\/wp\/v2\/posts\/139897","targetHints":{"allow":["GET"]}}],"collection":[{"href":"https:\/\/portaltela.pt\/api\/wp\/v2\/posts"}],"about":[{"href":"https:\/\/portaltela.pt\/api\/wp\/v2\/types\/post"}],"author":[{"embeddable":true,"href":"https:\/\/portaltela.pt\/api\/wp\/v2\/users\/2"}],"replies":[{"embeddable":true,"href":"https:\/\/portaltela.pt\/api\/wp\/v2\/comments?post=139897"}],"version-history":[{"count":0,"href":"https:\/\/portaltela.pt\/api\/wp\/v2\/posts\/139897\/revisions"}],"wp:featuredmedia":[{"embeddable":true,"href":"https:\/\/portaltela.pt\/api\/wp\/v2\/media\/139898"}],"wp:attachment":[{"href":"https:\/\/portaltela.pt\/api\/wp\/v2\/media?parent=139897"}],"wp:term":[{"taxonomy":"category","embeddable":true,"href":"https:\/\/portaltela.pt\/api\/wp\/v2\/categories?post=139897"},{"taxonomy":"post_tag","embeddable":true,"href":"https:\/\/portaltela.pt\/api\/wp\/v2\/tags?post=139897"}],"curies":[{"name":"wp","href":"https:\/\/api.w.org\/{rel}","templated":true}]}}