{"id":139764,"date":"2026-01-13T17:28:00","date_gmt":"2026-01-13T20:28:00","guid":{"rendered":"https:\/\/portaltela.pt\/noticias\/2026\/01\/13\/portugal-a-beira-de-alcancar-27-do-oceano-protegido\/"},"modified":"2026-01-13T17:28:00","modified_gmt":"2026-01-13T20:28:00","slug":"portugal-a-beira-de-alcancar-27-do-oceano-protegido","status":"publish","type":"post","link":"https:\/\/portaltela.pt\/noticias\/2026\/01\/13\/portugal-a-beira-de-alcancar-27-do-oceano-protegido\/","title":{"rendered":"Portugal \u00e0 beira de alcan\u00e7ar 27% do oceano protegido"},"content":{"rendered":"<p>Portugal aproxima-se de 27% de oceano protegido, com a cria\u00e7\u00e3o da reserva natural Madeira-Tore e do Banco de Gorringe, afirmou hoje a ministra do Ambiente, Maria da Gra\u00e7a Carvalho.<\/p>\n<p>Numa balan\u00e7o \u00e0 Lusa sobre o ambiente no \u00faltimo ano, a governante destacou ainda a import\u00e2ncia da nova \u00c1rea Marinha Protegida e o objetivo global de 30% de oceano protegido at\u00e9 2030, proposto pelas Na\u00e7\u00f5es Unidas.<\/p>\n<h3>Avan\u00e7os e pr\u00f3ximos passos<\/h3>\n<p>A ministra indicou que n\u00e3o h\u00e1 decis\u00e3o sobre a pr\u00f3xima AMP, mas sublinhou que h\u00e1 v\u00e1rias zonas marinhas que precisam de prote\u00e7\u00e3o, sem adiantar datas.<\/p>\n<h3>Debate parlamentar nos A\u00e7ores<\/h3>\n<p>Relativamente \u00e0 proposta do PS para permitir a pesca do atum em zonas protegidas, Carvalho revelou expectativa de mudan\u00e7a de opini\u00e3o do partido, que inicialmente exigiu compromissos com pescadores, depois acrescendo novas exig\u00eancias.<\/p>\n<h3>Reconhecimento internacional e RAMPA<\/h3>\n<p>Foi elogiada mundialmente a rede de \u00e1reas protegidas dos A\u00e7ores (RAMPA), e Carvalho disse que a sugest\u00e3o em an\u00e1lise prejudica aquilo que j\u00e1 foi conseguido.<\/p>\n<h3>\u00c1gua e infraestruturas<\/h3>\n<p>No \u00e2mbito da \u00e1gua, o Governo estudar\u00e1 a liga\u00e7\u00e3o entre a barragem de Santa Clara, no Alentejo, e o Algarve, al\u00e9m de olhar para o Mira e Sado, que apresentam preocupa\u00e7\u00f5es. Considera-se \u00fatil outra dessalinizadora para a agricultura, j\u00e1 que a prevista \u00e9 de uso industrial.<\/p>\n<h3>ETAR e conformidade europeia<\/h3>\n<p>A ministra mostrou que o Minist\u00e9rio avalia o estado das ETAR \u00e0 luz da legisla\u00e7\u00e3o europeia, alertando para necessidades de melhoria ou reconstru\u00e7\u00e3o. Atualmente existe apenas um processo em tribunal relacionado com Pereira do Campo.<\/p>\n<h3>Zonas de Conserva\u00e7\u00e3o<\/h3>\n<p>Sobre as 61 ZEC, 47 j\u00e1 est\u00e3o aprovadas. As restantes est\u00e3o praticamente acordadas, faltando Moura; o objetivo \u00e9 ter o processo conclu\u00eddo at\u00e9 mar\u00e7o.<\/p>\n","protected":false},"excerpt":{"rendered":"<ul>\n<li>Portugal dever\u00e1 chegar a 27% de oceano protegido com a cria\u00e7\u00e3o da reserva natural Madeira-Tore e Banco de Gorringe, anunciou a ministra do Ambiente.<\/li>\n<li>A nova \u00c1rea Marinha Protegida, aliada \u00e0 RAMPA, coloca Portugal pr\u00f3ximo do objetivo da ONU de 30% de oceano protegido at\u00e9 2030, e a RAMPA foi elogiada mundialmente.<\/li>\n<li>N\u00e3o h\u00e1 decis\u00e3o sobre a pr\u00f3xima AMP; h\u00e1 v\u00e1rias zonas marinhas a proteger e, no parlamento a\u00e7oriano, houve debate sobre a pesca do atum em zonas protegidas.<\/li>\n<li>No setor da \u00e1gua, o Governo estuda ligar a barragem de Santa Clara ao Algarve; zonas dos rios Mira e Sado s\u00e3o preocupantes e criticou-se a dessalinizadora de Sines, sugerindo uma solu\u00e7\u00e3o para uso agr\u00edcola.<\/li>\n<li>Quanto \u00e0s 61 zonas especiais de conserva\u00e7\u00e3o, 47 est\u00e3o aprovadas e as restantes praticamente acordadas, com Moura ainda pendente e o objetivo de concluir at\u00e9 mar\u00e7o.<\/li>\n<\/ul>\n","protected":false},"author":2,"featured_media":139780,"comment_status":"closed","ping_status":"closed","sticky":false,"template":"","format":"standard","meta":{"footnotes":""},"categories":[1],"tags":[822,1090,167,811,1726,2962],"class_list":["post-139764","post","type-post","status-publish","format-standard","has-post-thumbnail","hentry","category-noticias","tag-acores","tag-agua","tag-ambiente","tag-protecao-ambiental","tag-protecao-da-natureza-e-da-biodiversidade","tag-rampa"],"yoast_head":"<!-- This site is optimized with the Yoast SEO plugin v27.2 - https:\/\/yoast.com\/product\/yoast-seo-wordpress\/ -->\n<title>Portugal \u00e0 beira de alcan\u00e7ar 27% do oceano protegido - Portal Tela Portugal<\/title>\n<meta name=\"robots\" content=\"index, follow, max-snippet:-1, max-image-preview:large, max-video-preview:-1\" \/>\n<meta property=\"og:locale\" content=\"pt_PT\" \/>\n<meta property=\"og:type\" content=\"article\" \/>\n<meta property=\"og:title\" content=\"Portugal \u00e0 beira de alcan\u00e7ar 27% do oceano protegido - Portal Tela Portugal\" \/>\n<meta property=\"og:description\" content=\"Portugal dever\u00e1 chegar a 27% de oceano protegido com a cria\u00e7\u00e3o da reserva natural Madeira-Tore e Banco de Gorringe, anunciou a ministra do Ambiente. A nova \u00c1rea Marinha Protegida, aliada \u00e0 RAMPA, coloca Portugal pr\u00f3ximo do objetivo da ONU de 30% de oceano protegido at\u00e9 2030, e a RAMPA foi elogiada mundialmente. N\u00e3o h\u00e1 decis\u00e3o sobre a pr\u00f3xima AMP; h\u00e1 v\u00e1rias zonas marinhas a proteger e, no parlamento a\u00e7oriano, houve debate sobre a pesca do atum em zonas protegidas. No setor da \u00e1gua, o Governo estuda ligar a barragem de Santa Clara ao Algarve; zonas dos rios Mira e Sado s\u00e3o preocupantes e criticou-se a dessalinizadora de Sines, sugerindo uma solu\u00e7\u00e3o para uso agr\u00edcola. Quanto \u00e0s 61 zonas especiais de conserva\u00e7\u00e3o, 47 est\u00e3o aprovadas e as restantes praticamente acordadas, com Moura ainda pendente e o objetivo de concluir at\u00e9 mar\u00e7o.\" \/>\n<meta property=\"og:url\" content=\"https:\/\/portaltela.pt\/noticias\/2026\/01\/13\/portugal-a-beira-de-alcancar-27-do-oceano-protegido\/\" \/>\n<meta property=\"og:site_name\" content=\"Portal Tela Portugal\" \/>\n<meta property=\"article:published_time\" content=\"2026-01-13T20:28:00+00:00\" \/>\n<meta name=\"author\" content=\"Telinha\" \/>\n<meta name=\"twitter:card\" content=\"summary_large_image\" \/>\n<meta name=\"twitter:label1\" content=\"Escrito por\" \/>\n\t<meta name=\"twitter:data1\" content=\"Telinha\" \/>\n\t<meta name=\"twitter:label2\" content=\"Tempo estimado de leitura\" \/>\n\t<meta name=\"twitter:data2\" content=\"1 minuto\" \/>\n<script type=\"application\/ld+json\" class=\"yoast-schema-graph\">{\"@context\":\"https:\/\/schema.org\",\"@graph\":[{\"@type\":\"Article\",\"@id\":\"https:\/\/portaltela.pt\/noticias\/2026\/01\/13\/portugal-a-beira-de-alcancar-27-do-oceano-protegido\/#article\",\"isPartOf\":{\"@id\":\"https:\/\/portaltela.pt\/noticias\/2026\/01\/13\/portugal-a-beira-de-alcancar-27-do-oceano-protegido\/\"},\"author\":{\"name\":\"Telinha\",\"@id\":\"https:\/\/portaltela.pt\/#\/schema\/person\/c4278d4a6028830caff9ee44b42d32ed\"},\"headline\":\"Portugal \u00e0 beira de alcan\u00e7ar 27% do oceano protegido\",\"datePublished\":\"2026-01-13T20:28:00+00:00\",\"mainEntityOfPage\":{\"@id\":\"https:\/\/portaltela.pt\/noticias\/2026\/01\/13\/portugal-a-beira-de-alcancar-27-do-oceano-protegido\/\"},\"wordCount\":303,\"image\":{\"@id\":\"https:\/\/portaltela.pt\/noticias\/2026\/01\/13\/portugal-a-beira-de-alcancar-27-do-oceano-protegido\/#primaryimage\"},\"thumbnailUrl\":\"https:\/\/portaltela.pt\/s.01k8rhncp4jt1\/2026\/01\/unnamed-file-2801.jpg\",\"keywords\":[\"A\u00e7ores\",\"\u00e1gua\",\"ambiente\",\"prote\u00e7\u00e3o ambiental\",\"prote\u00e7\u00e3o da natureza e da biodiversidade\",\"RAMPA\"],\"articleSection\":[\"Not\u00edcias\"],\"inLanguage\":\"pt-PT\"},{\"@type\":\"WebPage\",\"@id\":\"https:\/\/portaltela.pt\/noticias\/2026\/01\/13\/portugal-a-beira-de-alcancar-27-do-oceano-protegido\/\",\"url\":\"https:\/\/portaltela.pt\/noticias\/2026\/01\/13\/portugal-a-beira-de-alcancar-27-do-oceano-protegido\/\",\"name\":\"Portugal \u00e0 beira de alcan\u00e7ar 27% do oceano protegido - Portal Tela Portugal\",\"isPartOf\":{\"@id\":\"https:\/\/portaltela.pt\/#website\"},\"primaryImageOfPage\":{\"@id\":\"https:\/\/portaltela.pt\/noticias\/2026\/01\/13\/portugal-a-beira-de-alcancar-27-do-oceano-protegido\/#primaryimage\"},\"image\":{\"@id\":\"https:\/\/portaltela.pt\/noticias\/2026\/01\/13\/portugal-a-beira-de-alcancar-27-do-oceano-protegido\/#primaryimage\"},\"thumbnailUrl\":\"https:\/\/portaltela.pt\/s.01k8rhncp4jt1\/2026\/01\/unnamed-file-2801.jpg\",\"datePublished\":\"2026-01-13T20:28:00+00:00\",\"author\":{\"@id\":\"https:\/\/portaltela.pt\/#\/schema\/person\/c4278d4a6028830caff9ee44b42d32ed\"},\"breadcrumb\":{\"@id\":\"https:\/\/portaltela.pt\/noticias\/2026\/01\/13\/portugal-a-beira-de-alcancar-27-do-oceano-protegido\/#breadcrumb\"},\"inLanguage\":\"pt-PT\",\"potentialAction\":[{\"@type\":\"ReadAction\",\"target\":[\"https:\/\/portaltela.pt\/noticias\/2026\/01\/13\/portugal-a-beira-de-alcancar-27-do-oceano-protegido\/\"]}]},{\"@type\":\"ImageObject\",\"inLanguage\":\"pt-PT\",\"@id\":\"https:\/\/portaltela.pt\/noticias\/2026\/01\/13\/portugal-a-beira-de-alcancar-27-do-oceano-protegido\/#primaryimage\",\"url\":\"https:\/\/portaltela.pt\/s.01k8rhncp4jt1\/2026\/01\/unnamed-file-2801.jpg\",\"contentUrl\":\"https:\/\/portaltela.pt\/s.01k8rhncp4jt1\/2026\/01\/unnamed-file-2801.jpg\",\"width\":796,\"height\":448,\"caption\":\"Portugal a caminho de 27% de oceano protegido\"},{\"@type\":\"BreadcrumbList\",\"@id\":\"https:\/\/portaltela.pt\/noticias\/2026\/01\/13\/portugal-a-beira-de-alcancar-27-do-oceano-protegido\/#breadcrumb\",\"itemListElement\":[{\"@type\":\"ListItem\",\"position\":1,\"name\":\"In\u00edcio\",\"item\":\"https:\/\/portaltela.pt\/\"},{\"@type\":\"ListItem\",\"position\":2,\"name\":\"Portugal \u00e0 beira de alcan\u00e7ar 27% do oceano protegido\"}]},{\"@type\":\"WebSite\",\"@id\":\"https:\/\/portaltela.pt\/#website\",\"url\":\"https:\/\/portaltela.pt\/\",\"name\":\"Portal Tela Portugal\",\"description\":\"\",\"potentialAction\":[{\"@type\":\"SearchAction\",\"target\":{\"@type\":\"EntryPoint\",\"urlTemplate\":\"https:\/\/portaltela.pt\/?s={search_term_string}\"},\"query-input\":{\"@type\":\"PropertyValueSpecification\",\"valueRequired\":true,\"valueName\":\"search_term_string\"}}],\"inLanguage\":\"pt-PT\"},{\"@type\":\"Person\",\"@id\":\"https:\/\/portaltela.pt\/#\/schema\/person\/c4278d4a6028830caff9ee44b42d32ed\",\"name\":\"Telinha\",\"image\":{\"@type\":\"ImageObject\",\"inLanguage\":\"pt-PT\",\"@id\":\"https:\/\/portaltela.pt\/s.01k8rhncp4jt1\/2025\/11\/talking-bot-125x125.png\",\"url\":\"https:\/\/portaltela.pt\/s.01k8rhncp4jt1\/2025\/11\/talking-bot-125x125.png\",\"contentUrl\":\"https:\/\/portaltela.pt\/s.01k8rhncp4jt1\/2025\/11\/talking-bot-125x125.png\",\"caption\":\"Telinha\"},\"sameAs\":[\"https:\/\/portaltela.pt\/\"],\"url\":\"https:\/\/portaltela.pt\/por\/367410592786\/\"}]}<\/script>\n<!-- \/ Yoast SEO plugin. -->","yoast_head_json":{"title":"Portugal \u00e0 beira de alcan\u00e7ar 27% do oceano protegido - Portal Tela Portugal","robots":{"index":"index","follow":"follow","max-snippet":"max-snippet:-1","max-image-preview":"max-image-preview:large","max-video-preview":"max-video-preview:-1"},"og_locale":"pt_PT","og_type":"article","og_title":"Portugal \u00e0 beira de alcan\u00e7ar 27% do oceano protegido - Portal Tela Portugal","og_description":"Portugal dever\u00e1 chegar a 27% de oceano protegido com a cria\u00e7\u00e3o da reserva natural Madeira-Tore e Banco de Gorringe, anunciou a ministra do Ambiente. A nova \u00c1rea Marinha Protegida, aliada \u00e0 RAMPA, coloca Portugal pr\u00f3ximo do objetivo da ONU de 30% de oceano protegido at\u00e9 2030, e a RAMPA foi elogiada mundialmente. N\u00e3o h\u00e1 decis\u00e3o sobre a pr\u00f3xima AMP; h\u00e1 v\u00e1rias zonas marinhas a proteger e, no parlamento a\u00e7oriano, houve debate sobre a pesca do atum em zonas protegidas. No setor da \u00e1gua, o Governo estuda ligar a barragem de Santa Clara ao Algarve; zonas dos rios Mira e Sado s\u00e3o preocupantes e criticou-se a dessalinizadora de Sines, sugerindo uma solu\u00e7\u00e3o para uso agr\u00edcola. Quanto \u00e0s 61 zonas especiais de conserva\u00e7\u00e3o, 47 est\u00e3o aprovadas e as restantes praticamente acordadas, com Moura ainda pendente e o objetivo de concluir at\u00e9 mar\u00e7o.","og_url":"https:\/\/portaltela.pt\/noticias\/2026\/01\/13\/portugal-a-beira-de-alcancar-27-do-oceano-protegido\/","og_site_name":"Portal Tela Portugal","article_published_time":"2026-01-13T20:28:00+00:00","author":"Telinha","twitter_card":"summary_large_image","twitter_misc":{"Escrito por":"Telinha","Tempo estimado de leitura":"1 minuto"},"schema":{"@context":"https:\/\/schema.org","@graph":[{"@type":"Article","@id":"https:\/\/portaltela.pt\/noticias\/2026\/01\/13\/portugal-a-beira-de-alcancar-27-do-oceano-protegido\/#article","isPartOf":{"@id":"https:\/\/portaltela.pt\/noticias\/2026\/01\/13\/portugal-a-beira-de-alcancar-27-do-oceano-protegido\/"},"author":{"name":"Telinha","@id":"https:\/\/portaltela.pt\/#\/schema\/person\/c4278d4a6028830caff9ee44b42d32ed"},"headline":"Portugal \u00e0 beira de alcan\u00e7ar 27% do oceano protegido","datePublished":"2026-01-13T20:28:00+00:00","mainEntityOfPage":{"@id":"https:\/\/portaltela.pt\/noticias\/2026\/01\/13\/portugal-a-beira-de-alcancar-27-do-oceano-protegido\/"},"wordCount":303,"image":{"@id":"https:\/\/portaltela.pt\/noticias\/2026\/01\/13\/portugal-a-beira-de-alcancar-27-do-oceano-protegido\/#primaryimage"},"thumbnailUrl":"https:\/\/portaltela.pt\/s.01k8rhncp4jt1\/2026\/01\/unnamed-file-2801.jpg","keywords":["A\u00e7ores","\u00e1gua","ambiente","prote\u00e7\u00e3o ambiental","prote\u00e7\u00e3o da natureza e da biodiversidade","RAMPA"],"articleSection":["Not\u00edcias"],"inLanguage":"pt-PT"},{"@type":"WebPage","@id":"https:\/\/portaltela.pt\/noticias\/2026\/01\/13\/portugal-a-beira-de-alcancar-27-do-oceano-protegido\/","url":"https:\/\/portaltela.pt\/noticias\/2026\/01\/13\/portugal-a-beira-de-alcancar-27-do-oceano-protegido\/","name":"Portugal \u00e0 beira de alcan\u00e7ar 27% do oceano protegido - Portal Tela Portugal","isPartOf":{"@id":"https:\/\/portaltela.pt\/#website"},"primaryImageOfPage":{"@id":"https:\/\/portaltela.pt\/noticias\/2026\/01\/13\/portugal-a-beira-de-alcancar-27-do-oceano-protegido\/#primaryimage"},"image":{"@id":"https:\/\/portaltela.pt\/noticias\/2026\/01\/13\/portugal-a-beira-de-alcancar-27-do-oceano-protegido\/#primaryimage"},"thumbnailUrl":"https:\/\/portaltela.pt\/s.01k8rhncp4jt1\/2026\/01\/unnamed-file-2801.jpg","datePublished":"2026-01-13T20:28:00+00:00","author":{"@id":"https:\/\/portaltela.pt\/#\/schema\/person\/c4278d4a6028830caff9ee44b42d32ed"},"breadcrumb":{"@id":"https:\/\/portaltela.pt\/noticias\/2026\/01\/13\/portugal-a-beira-de-alcancar-27-do-oceano-protegido\/#breadcrumb"},"inLanguage":"pt-PT","potentialAction":[{"@type":"ReadAction","target":["https:\/\/portaltela.pt\/noticias\/2026\/01\/13\/portugal-a-beira-de-alcancar-27-do-oceano-protegido\/"]}]},{"@type":"ImageObject","inLanguage":"pt-PT","@id":"https:\/\/portaltela.pt\/noticias\/2026\/01\/13\/portugal-a-beira-de-alcancar-27-do-oceano-protegido\/#primaryimage","url":"https:\/\/portaltela.pt\/s.01k8rhncp4jt1\/2026\/01\/unnamed-file-2801.jpg","contentUrl":"https:\/\/portaltela.pt\/s.01k8rhncp4jt1\/2026\/01\/unnamed-file-2801.jpg","width":796,"height":448,"caption":"Portugal a caminho de 27% de oceano protegido"},{"@type":"BreadcrumbList","@id":"https:\/\/portaltela.pt\/noticias\/2026\/01\/13\/portugal-a-beira-de-alcancar-27-do-oceano-protegido\/#breadcrumb","itemListElement":[{"@type":"ListItem","position":1,"name":"In\u00edcio","item":"https:\/\/portaltela.pt\/"},{"@type":"ListItem","position":2,"name":"Portugal \u00e0 beira de alcan\u00e7ar 27% do oceano protegido"}]},{"@type":"WebSite","@id":"https:\/\/portaltela.pt\/#website","url":"https:\/\/portaltela.pt\/","name":"Portal Tela Portugal","description":"","potentialAction":[{"@type":"SearchAction","target":{"@type":"EntryPoint","urlTemplate":"https:\/\/portaltela.pt\/?s={search_term_string}"},"query-input":{"@type":"PropertyValueSpecification","valueRequired":true,"valueName":"search_term_string"}}],"inLanguage":"pt-PT"},{"@type":"Person","@id":"https:\/\/portaltela.pt\/#\/schema\/person\/c4278d4a6028830caff9ee44b42d32ed","name":"Telinha","image":{"@type":"ImageObject","inLanguage":"pt-PT","@id":"https:\/\/portaltela.pt\/s.01k8rhncp4jt1\/2025\/11\/talking-bot-125x125.png","url":"https:\/\/portaltela.pt\/s.01k8rhncp4jt1\/2025\/11\/talking-bot-125x125.png","contentUrl":"https:\/\/portaltela.pt\/s.01k8rhncp4jt1\/2025\/11\/talking-bot-125x125.png","caption":"Telinha"},"sameAs":["https:\/\/portaltela.pt\/"],"url":"https:\/\/portaltela.pt\/por\/367410592786\/"}]}},"_links":{"self":[{"href":"https:\/\/portaltela.pt\/api\/wp\/v2\/posts\/139764","targetHints":{"allow":["GET"]}}],"collection":[{"href":"https:\/\/portaltela.pt\/api\/wp\/v2\/posts"}],"about":[{"href":"https:\/\/portaltela.pt\/api\/wp\/v2\/types\/post"}],"author":[{"embeddable":true,"href":"https:\/\/portaltela.pt\/api\/wp\/v2\/users\/2"}],"replies":[{"embeddable":true,"href":"https:\/\/portaltela.pt\/api\/wp\/v2\/comments?post=139764"}],"version-history":[{"count":0,"href":"https:\/\/portaltela.pt\/api\/wp\/v2\/posts\/139764\/revisions"}],"wp:featuredmedia":[{"embeddable":true,"href":"https:\/\/portaltela.pt\/api\/wp\/v2\/media\/139780"}],"wp:attachment":[{"href":"https:\/\/portaltela.pt\/api\/wp\/v2\/media?parent=139764"}],"wp:term":[{"taxonomy":"category","embeddable":true,"href":"https:\/\/portaltela.pt\/api\/wp\/v2\/categories?post=139764"},{"taxonomy":"post_tag","embeddable":true,"href":"https:\/\/portaltela.pt\/api\/wp\/v2\/tags?post=139764"}],"curies":[{"name":"wp","href":"https:\/\/api.w.org\/{rel}","templated":true}]}}