{"id":139711,"date":"2026-01-13T16:59:23","date_gmt":"2026-01-13T19:59:23","guid":{"rendered":"https:\/\/portaltela.pt\/noticias\/2026\/01\/13\/governo-pretende-reduzir-poluicao-visual-com-novas-medidas\/"},"modified":"2026-01-13T16:59:23","modified_gmt":"2026-01-13T19:59:23","slug":"governo-pretende-reduzir-poluicao-visual-com-novas-medidas","status":"publish","type":"post","link":"https:\/\/portaltela.pt\/noticias\/2026\/01\/13\/governo-pretende-reduzir-poluicao-visual-com-novas-medidas\/","title":{"rendered":"Governo pretende reduzir polui\u00e7\u00e3o visual com novas medidas"},"content":{"rendered":"<p>O Governo vai desenvolver uma estrat\u00e9gia integrada para reduzir a polui\u00e7\u00e3o visual e valorizar a paisagem. A ministra do Ambiente revelou esta previs\u00e3o para 2026, num conjunto de medidas da sua pasta.<\/p>\n<p>Entre os objetivos est\u00e1 a continuidade de a\u00e7\u00f5es sobre \u00e1gua, como o aproveitamento de \u00e1guas residuais tratadas e a redu\u00e7\u00e3o de perdas, bem como programas ligados \u00e0 vida selvagem e a infraestruturas em v\u00e1rias \u00e1reas.<\/p>\n<p>O ano ficar\u00e1 ainda marcado pela gest\u00e3o da polui\u00e7\u00e3o visual, por uma nova estrat\u00e9gia de adapta\u00e7\u00e3o \u00e0s altera\u00e7\u00f5es clim\u00e1ticas e por um programa de redu\u00e7\u00e3o de ru\u00eddo. Est\u00e3o previstos projetos de v\u00e1rias obras p\u00fablicas.<\/p>\n<p>Maria da Gra\u00e7a Carvalho explicou que a paisagem importa cada vez mais para as pessoas, incluindo a presen\u00e7a de pain\u00e9is solares e a gest\u00e3o de pain\u00e9is publicit\u00e1rios na mesma equa\u00e7\u00e3o da estrat\u00e9gia.<\/p>\n<p>Na \u00e1rea dos res\u00edduos, entra em funcionamento a 10 de abril o sistema de dep\u00f3sito com retorno. Milhares de m\u00e1quinas em todo o pa\u00eds devolvem embalagens de pl\u00e1stico ou metal e devolvem 10 c\u00eantimos por cada unidade.<\/p>\n<p>A ministra reconheceu que o pa\u00eds produz mais res\u00edduos do que a m\u00e9dia europeia e est\u00e1 em processo de negocia\u00e7\u00e3o com grandes superf\u00edcies para reduzir embalagens, incentivando a venda a granel.<\/p>\n<p>A estrat\u00e9gia inclui ainda um substituto para os sacos de pl\u00e1stico de utiliza\u00e7\u00e3o \u00fanica que n\u00e3o seja sujeito a taxa, bem como o refor\u00e7o dos biorres\u00edduos e a redu\u00e7\u00e3o do desperd\u00edcio.<\/p>\n<p>Consta tamb\u00e9m, para este ano, o funcionamento do Fundo Social para o Clima, com funcionamento semelhante ao programa E-lar de substitui\u00e7\u00e3o de eletrodom\u00e9sticos.<\/p>\n<p>As obras de adapta\u00e7\u00e3o do litoral \u00e0s altera\u00e7\u00f5es clim\u00e1ticas, a renaturaliza\u00e7\u00e3o de rios e a luta contra inunda\u00e7\u00f5es v\u00e3o prosseguir ao longo de 2026, segundo a governa\u00e7\u00e3o do Ambiente.<\/p>\n<h3>Polui\u00e7\u00e3o visual e gest\u00e3o de res\u00edduos<\/h3>\n<p>O planeamento prev\u00ea a monitoriza\u00e7\u00e3o da paisagem em \u00e1reas urbanas e rurais, com regras para publicidade e ilumina\u00e7\u00e3o p\u00fablica. A partir de abril, o dep\u00f3sito de retorno ter\u00e1 cobertura nacional.<\/p>\n","protected":false},"excerpt":{"rendered":"<ul>\n<li>O Governo vai criar uma estrat\u00e9gia para a polui\u00e7\u00e3o visual e valorizar a paisagem, incluindo aspetos como pain\u00e9is solares e pain\u00e9is publicit\u00e1rios.<\/li>\n<li>O ano fica marcado pelo lan\u00e7amento de um programa de redu\u00e7\u00e3o de ru\u00eddo, pela estrat\u00e9gia de adapta\u00e7\u00e3o \u00e0s altera\u00e7\u00f5es clim\u00e1ticas e por uma estrat\u00e9gia espec\u00edfica sobre polui\u00e7\u00e3o visual.<\/li>\n<li>A ministra anunciou o in\u00edcio, a 10 de abril, do sistema de dep\u00f3sito com retorno para embalagens de pl\u00e1stico e metal, com 10 c\u00eantimos por embalagem.<\/li>\n<li>Vai haver acordo com grandes superf\u00edcies para reduzir embalagens e fomentar venda a granel; pretende ainda haver um substituto para os sacos de pl\u00e1stico de utiliza\u00e7\u00e3o \u00fanica sem taxa este ano.<\/li>\n<li>Continuam as obras de adapta\u00e7\u00e3o do litoral \u00e0s altera\u00e7\u00f5es clim\u00e1ticas, renaturaliza\u00e7\u00e3o de rios e luta contra inunda\u00e7\u00f5es, com o funcionamento do Fundo Social para o Clima.<\/li>\n<\/ul>\n","protected":false},"author":2,"featured_media":139725,"comment_status":"closed","ping_status":"closed","sticky":false,"template":"","format":"standard","meta":{"footnotes":""},"categories":[1],"tags":[1272,1090,167,3076,2949,645],"class_list":["post-139711","post","type-post","status-publish","format-standard","has-post-thumbnail","hentry","category-noticias","tag-adaptacao-climatica","tag-agua","tag-ambiente","tag-fundo-social","tag-renaturalizacao","tag-residuos"],"yoast_head":"<!-- This site is optimized with the Yoast SEO plugin v27.2 - https:\/\/yoast.com\/product\/yoast-seo-wordpress\/ -->\n<title>Governo pretende reduzir polui\u00e7\u00e3o visual com novas medidas - Portal Tela Portugal<\/title>\n<meta name=\"robots\" content=\"index, follow, max-snippet:-1, max-image-preview:large, max-video-preview:-1\" \/>\n<meta property=\"og:locale\" content=\"pt_PT\" \/>\n<meta property=\"og:type\" content=\"article\" \/>\n<meta property=\"og:title\" content=\"Governo pretende reduzir polui\u00e7\u00e3o visual com novas medidas - Portal Tela Portugal\" \/>\n<meta property=\"og:description\" content=\"O Governo vai criar uma estrat\u00e9gia para a polui\u00e7\u00e3o visual e valorizar a paisagem, incluindo aspetos como pain\u00e9is solares e pain\u00e9is publicit\u00e1rios. O ano fica marcado pelo lan\u00e7amento de um programa de redu\u00e7\u00e3o de ru\u00eddo, pela estrat\u00e9gia de adapta\u00e7\u00e3o \u00e0s altera\u00e7\u00f5es clim\u00e1ticas e por uma estrat\u00e9gia espec\u00edfica sobre polui\u00e7\u00e3o visual. A ministra anunciou o in\u00edcio, a 10 de abril, do sistema de dep\u00f3sito com retorno para embalagens de pl\u00e1stico e metal, com 10 c\u00eantimos por embalagem. Vai haver acordo com grandes superf\u00edcies para reduzir embalagens e fomentar venda a granel; pretende ainda haver um substituto para os sacos de pl\u00e1stico de utiliza\u00e7\u00e3o \u00fanica sem taxa este ano. Continuam as obras de adapta\u00e7\u00e3o do litoral \u00e0s altera\u00e7\u00f5es clim\u00e1ticas, renaturaliza\u00e7\u00e3o de rios e luta contra inunda\u00e7\u00f5es, com o funcionamento do Fundo Social para o Clima.\" \/>\n<meta property=\"og:url\" content=\"https:\/\/portaltela.pt\/noticias\/2026\/01\/13\/governo-pretende-reduzir-poluicao-visual-com-novas-medidas\/\" \/>\n<meta property=\"og:site_name\" content=\"Portal Tela Portugal\" \/>\n<meta property=\"article:published_time\" content=\"2026-01-13T19:59:23+00:00\" \/>\n<meta name=\"author\" content=\"Telinha\" \/>\n<meta name=\"twitter:card\" content=\"summary_large_image\" \/>\n<meta name=\"twitter:label1\" content=\"Escrito por\" \/>\n\t<meta name=\"twitter:data1\" content=\"Telinha\" \/>\n\t<meta name=\"twitter:label2\" content=\"Tempo estimado de leitura\" \/>\n\t<meta name=\"twitter:data2\" content=\"2 minutos\" \/>\n<script type=\"application\/ld+json\" class=\"yoast-schema-graph\">{\"@context\":\"https:\/\/schema.org\",\"@graph\":[{\"@type\":\"Article\",\"@id\":\"https:\/\/portaltela.pt\/noticias\/2026\/01\/13\/governo-pretende-reduzir-poluicao-visual-com-novas-medidas\/#article\",\"isPartOf\":{\"@id\":\"https:\/\/portaltela.pt\/noticias\/2026\/01\/13\/governo-pretende-reduzir-poluicao-visual-com-novas-medidas\/\"},\"author\":{\"name\":\"Telinha\",\"@id\":\"https:\/\/portaltela.pt\/#\/schema\/person\/c4278d4a6028830caff9ee44b42d32ed\"},\"headline\":\"Governo pretende reduzir polui\u00e7\u00e3o visual com novas medidas\",\"datePublished\":\"2026-01-13T19:59:23+00:00\",\"mainEntityOfPage\":{\"@id\":\"https:\/\/portaltela.pt\/noticias\/2026\/01\/13\/governo-pretende-reduzir-poluicao-visual-com-novas-medidas\/\"},\"wordCount\":385,\"image\":{\"@id\":\"https:\/\/portaltela.pt\/noticias\/2026\/01\/13\/governo-pretende-reduzir-poluicao-visual-com-novas-medidas\/#primaryimage\"},\"thumbnailUrl\":\"https:\/\/portaltela.pt\/s.01k8rhncp4jt1\/2026\/01\/unnamed-file-2792.jpg\",\"keywords\":[\"adapta\u00e7\u00e3o clim\u00e1tica\",\"\u00e1gua\",\"ambiente\",\"Fundo Social\",\"renaturaliza\u00e7\u00e3o\",\"res\u00edduos\"],\"articleSection\":[\"Not\u00edcias\"],\"inLanguage\":\"pt-PT\"},{\"@type\":\"WebPage\",\"@id\":\"https:\/\/portaltela.pt\/noticias\/2026\/01\/13\/governo-pretende-reduzir-poluicao-visual-com-novas-medidas\/\",\"url\":\"https:\/\/portaltela.pt\/noticias\/2026\/01\/13\/governo-pretende-reduzir-poluicao-visual-com-novas-medidas\/\",\"name\":\"Governo pretende reduzir polui\u00e7\u00e3o visual com novas medidas - Portal Tela Portugal\",\"isPartOf\":{\"@id\":\"https:\/\/portaltela.pt\/#website\"},\"primaryImageOfPage\":{\"@id\":\"https:\/\/portaltela.pt\/noticias\/2026\/01\/13\/governo-pretende-reduzir-poluicao-visual-com-novas-medidas\/#primaryimage\"},\"image\":{\"@id\":\"https:\/\/portaltela.pt\/noticias\/2026\/01\/13\/governo-pretende-reduzir-poluicao-visual-com-novas-medidas\/#primaryimage\"},\"thumbnailUrl\":\"https:\/\/portaltela.pt\/s.01k8rhncp4jt1\/2026\/01\/unnamed-file-2792.jpg\",\"datePublished\":\"2026-01-13T19:59:23+00:00\",\"author\":{\"@id\":\"https:\/\/portaltela.pt\/#\/schema\/person\/c4278d4a6028830caff9ee44b42d32ed\"},\"breadcrumb\":{\"@id\":\"https:\/\/portaltela.pt\/noticias\/2026\/01\/13\/governo-pretende-reduzir-poluicao-visual-com-novas-medidas\/#breadcrumb\"},\"inLanguage\":\"pt-PT\",\"potentialAction\":[{\"@type\":\"ReadAction\",\"target\":[\"https:\/\/portaltela.pt\/noticias\/2026\/01\/13\/governo-pretende-reduzir-poluicao-visual-com-novas-medidas\/\"]}]},{\"@type\":\"ImageObject\",\"inLanguage\":\"pt-PT\",\"@id\":\"https:\/\/portaltela.pt\/noticias\/2026\/01\/13\/governo-pretende-reduzir-poluicao-visual-com-novas-medidas\/#primaryimage\",\"url\":\"https:\/\/portaltela.pt\/s.01k8rhncp4jt1\/2026\/01\/unnamed-file-2792.jpg\",\"contentUrl\":\"https:\/\/portaltela.pt\/s.01k8rhncp4jt1\/2026\/01\/unnamed-file-2792.jpg\",\"width\":796,\"height\":448,\"caption\":\"Ministra reconhece import\u00e2ncia da preserva\u00e7\u00e3o das paisagens\"},{\"@type\":\"BreadcrumbList\",\"@id\":\"https:\/\/portaltela.pt\/noticias\/2026\/01\/13\/governo-pretende-reduzir-poluicao-visual-com-novas-medidas\/#breadcrumb\",\"itemListElement\":[{\"@type\":\"ListItem\",\"position\":1,\"name\":\"In\u00edcio\",\"item\":\"https:\/\/portaltela.pt\/\"},{\"@type\":\"ListItem\",\"position\":2,\"name\":\"Governo pretende reduzir polui\u00e7\u00e3o visual com novas medidas\"}]},{\"@type\":\"WebSite\",\"@id\":\"https:\/\/portaltela.pt\/#website\",\"url\":\"https:\/\/portaltela.pt\/\",\"name\":\"Portal Tela Portugal\",\"description\":\"\",\"potentialAction\":[{\"@type\":\"SearchAction\",\"target\":{\"@type\":\"EntryPoint\",\"urlTemplate\":\"https:\/\/portaltela.pt\/?s={search_term_string}\"},\"query-input\":{\"@type\":\"PropertyValueSpecification\",\"valueRequired\":true,\"valueName\":\"search_term_string\"}}],\"inLanguage\":\"pt-PT\"},{\"@type\":\"Person\",\"@id\":\"https:\/\/portaltela.pt\/#\/schema\/person\/c4278d4a6028830caff9ee44b42d32ed\",\"name\":\"Telinha\",\"image\":{\"@type\":\"ImageObject\",\"inLanguage\":\"pt-PT\",\"@id\":\"https:\/\/portaltela.pt\/s.01k8rhncp4jt1\/2025\/11\/talking-bot-125x125.png\",\"url\":\"https:\/\/portaltela.pt\/s.01k8rhncp4jt1\/2025\/11\/talking-bot-125x125.png\",\"contentUrl\":\"https:\/\/portaltela.pt\/s.01k8rhncp4jt1\/2025\/11\/talking-bot-125x125.png\",\"caption\":\"Telinha\"},\"sameAs\":[\"https:\/\/portaltela.pt\/\"],\"url\":\"https:\/\/portaltela.pt\/por\/367410592786\/\"}]}<\/script>\n<!-- \/ Yoast SEO plugin. -->","yoast_head_json":{"title":"Governo pretende reduzir polui\u00e7\u00e3o visual com novas medidas - Portal Tela Portugal","robots":{"index":"index","follow":"follow","max-snippet":"max-snippet:-1","max-image-preview":"max-image-preview:large","max-video-preview":"max-video-preview:-1"},"og_locale":"pt_PT","og_type":"article","og_title":"Governo pretende reduzir polui\u00e7\u00e3o visual com novas medidas - Portal Tela Portugal","og_description":"O Governo vai criar uma estrat\u00e9gia para a polui\u00e7\u00e3o visual e valorizar a paisagem, incluindo aspetos como pain\u00e9is solares e pain\u00e9is publicit\u00e1rios. O ano fica marcado pelo lan\u00e7amento de um programa de redu\u00e7\u00e3o de ru\u00eddo, pela estrat\u00e9gia de adapta\u00e7\u00e3o \u00e0s altera\u00e7\u00f5es clim\u00e1ticas e por uma estrat\u00e9gia espec\u00edfica sobre polui\u00e7\u00e3o visual. A ministra anunciou o in\u00edcio, a 10 de abril, do sistema de dep\u00f3sito com retorno para embalagens de pl\u00e1stico e metal, com 10 c\u00eantimos por embalagem. Vai haver acordo com grandes superf\u00edcies para reduzir embalagens e fomentar venda a granel; pretende ainda haver um substituto para os sacos de pl\u00e1stico de utiliza\u00e7\u00e3o \u00fanica sem taxa este ano. Continuam as obras de adapta\u00e7\u00e3o do litoral \u00e0s altera\u00e7\u00f5es clim\u00e1ticas, renaturaliza\u00e7\u00e3o de rios e luta contra inunda\u00e7\u00f5es, com o funcionamento do Fundo Social para o Clima.","og_url":"https:\/\/portaltela.pt\/noticias\/2026\/01\/13\/governo-pretende-reduzir-poluicao-visual-com-novas-medidas\/","og_site_name":"Portal Tela Portugal","article_published_time":"2026-01-13T19:59:23+00:00","author":"Telinha","twitter_card":"summary_large_image","twitter_misc":{"Escrito por":"Telinha","Tempo estimado de leitura":"2 minutos"},"schema":{"@context":"https:\/\/schema.org","@graph":[{"@type":"Article","@id":"https:\/\/portaltela.pt\/noticias\/2026\/01\/13\/governo-pretende-reduzir-poluicao-visual-com-novas-medidas\/#article","isPartOf":{"@id":"https:\/\/portaltela.pt\/noticias\/2026\/01\/13\/governo-pretende-reduzir-poluicao-visual-com-novas-medidas\/"},"author":{"name":"Telinha","@id":"https:\/\/portaltela.pt\/#\/schema\/person\/c4278d4a6028830caff9ee44b42d32ed"},"headline":"Governo pretende reduzir polui\u00e7\u00e3o visual com novas medidas","datePublished":"2026-01-13T19:59:23+00:00","mainEntityOfPage":{"@id":"https:\/\/portaltela.pt\/noticias\/2026\/01\/13\/governo-pretende-reduzir-poluicao-visual-com-novas-medidas\/"},"wordCount":385,"image":{"@id":"https:\/\/portaltela.pt\/noticias\/2026\/01\/13\/governo-pretende-reduzir-poluicao-visual-com-novas-medidas\/#primaryimage"},"thumbnailUrl":"https:\/\/portaltela.pt\/s.01k8rhncp4jt1\/2026\/01\/unnamed-file-2792.jpg","keywords":["adapta\u00e7\u00e3o clim\u00e1tica","\u00e1gua","ambiente","Fundo Social","renaturaliza\u00e7\u00e3o","res\u00edduos"],"articleSection":["Not\u00edcias"],"inLanguage":"pt-PT"},{"@type":"WebPage","@id":"https:\/\/portaltela.pt\/noticias\/2026\/01\/13\/governo-pretende-reduzir-poluicao-visual-com-novas-medidas\/","url":"https:\/\/portaltela.pt\/noticias\/2026\/01\/13\/governo-pretende-reduzir-poluicao-visual-com-novas-medidas\/","name":"Governo pretende reduzir polui\u00e7\u00e3o visual com novas medidas - Portal Tela Portugal","isPartOf":{"@id":"https:\/\/portaltela.pt\/#website"},"primaryImageOfPage":{"@id":"https:\/\/portaltela.pt\/noticias\/2026\/01\/13\/governo-pretende-reduzir-poluicao-visual-com-novas-medidas\/#primaryimage"},"image":{"@id":"https:\/\/portaltela.pt\/noticias\/2026\/01\/13\/governo-pretende-reduzir-poluicao-visual-com-novas-medidas\/#primaryimage"},"thumbnailUrl":"https:\/\/portaltela.pt\/s.01k8rhncp4jt1\/2026\/01\/unnamed-file-2792.jpg","datePublished":"2026-01-13T19:59:23+00:00","author":{"@id":"https:\/\/portaltela.pt\/#\/schema\/person\/c4278d4a6028830caff9ee44b42d32ed"},"breadcrumb":{"@id":"https:\/\/portaltela.pt\/noticias\/2026\/01\/13\/governo-pretende-reduzir-poluicao-visual-com-novas-medidas\/#breadcrumb"},"inLanguage":"pt-PT","potentialAction":[{"@type":"ReadAction","target":["https:\/\/portaltela.pt\/noticias\/2026\/01\/13\/governo-pretende-reduzir-poluicao-visual-com-novas-medidas\/"]}]},{"@type":"ImageObject","inLanguage":"pt-PT","@id":"https:\/\/portaltela.pt\/noticias\/2026\/01\/13\/governo-pretende-reduzir-poluicao-visual-com-novas-medidas\/#primaryimage","url":"https:\/\/portaltela.pt\/s.01k8rhncp4jt1\/2026\/01\/unnamed-file-2792.jpg","contentUrl":"https:\/\/portaltela.pt\/s.01k8rhncp4jt1\/2026\/01\/unnamed-file-2792.jpg","width":796,"height":448,"caption":"Ministra reconhece import\u00e2ncia da preserva\u00e7\u00e3o das paisagens"},{"@type":"BreadcrumbList","@id":"https:\/\/portaltela.pt\/noticias\/2026\/01\/13\/governo-pretende-reduzir-poluicao-visual-com-novas-medidas\/#breadcrumb","itemListElement":[{"@type":"ListItem","position":1,"name":"In\u00edcio","item":"https:\/\/portaltela.pt\/"},{"@type":"ListItem","position":2,"name":"Governo pretende reduzir polui\u00e7\u00e3o visual com novas medidas"}]},{"@type":"WebSite","@id":"https:\/\/portaltela.pt\/#website","url":"https:\/\/portaltela.pt\/","name":"Portal Tela Portugal","description":"","potentialAction":[{"@type":"SearchAction","target":{"@type":"EntryPoint","urlTemplate":"https:\/\/portaltela.pt\/?s={search_term_string}"},"query-input":{"@type":"PropertyValueSpecification","valueRequired":true,"valueName":"search_term_string"}}],"inLanguage":"pt-PT"},{"@type":"Person","@id":"https:\/\/portaltela.pt\/#\/schema\/person\/c4278d4a6028830caff9ee44b42d32ed","name":"Telinha","image":{"@type":"ImageObject","inLanguage":"pt-PT","@id":"https:\/\/portaltela.pt\/s.01k8rhncp4jt1\/2025\/11\/talking-bot-125x125.png","url":"https:\/\/portaltela.pt\/s.01k8rhncp4jt1\/2025\/11\/talking-bot-125x125.png","contentUrl":"https:\/\/portaltela.pt\/s.01k8rhncp4jt1\/2025\/11\/talking-bot-125x125.png","caption":"Telinha"},"sameAs":["https:\/\/portaltela.pt\/"],"url":"https:\/\/portaltela.pt\/por\/367410592786\/"}]}},"_links":{"self":[{"href":"https:\/\/portaltela.pt\/api\/wp\/v2\/posts\/139711","targetHints":{"allow":["GET"]}}],"collection":[{"href":"https:\/\/portaltela.pt\/api\/wp\/v2\/posts"}],"about":[{"href":"https:\/\/portaltela.pt\/api\/wp\/v2\/types\/post"}],"author":[{"embeddable":true,"href":"https:\/\/portaltela.pt\/api\/wp\/v2\/users\/2"}],"replies":[{"embeddable":true,"href":"https:\/\/portaltela.pt\/api\/wp\/v2\/comments?post=139711"}],"version-history":[{"count":0,"href":"https:\/\/portaltela.pt\/api\/wp\/v2\/posts\/139711\/revisions"}],"wp:featuredmedia":[{"embeddable":true,"href":"https:\/\/portaltela.pt\/api\/wp\/v2\/media\/139725"}],"wp:attachment":[{"href":"https:\/\/portaltela.pt\/api\/wp\/v2\/media?parent=139711"}],"wp:term":[{"taxonomy":"category","embeddable":true,"href":"https:\/\/portaltela.pt\/api\/wp\/v2\/categories?post=139711"},{"taxonomy":"post_tag","embeddable":true,"href":"https:\/\/portaltela.pt\/api\/wp\/v2\/tags?post=139711"}],"curies":[{"name":"wp","href":"https:\/\/api.w.org\/{rel}","templated":true}]}}