{"id":139709,"date":"2026-01-13T16:53:40","date_gmt":"2026-01-13T19:53:40","guid":{"rendered":"https:\/\/portaltela.pt\/noticias\/2026\/01\/13\/gnr-levantou-mais-de-1600-autos-a-entidades-em-tres-anos-465-a-camaras\/"},"modified":"2026-01-13T16:53:40","modified_gmt":"2026-01-13T19:53:40","slug":"gnr-levantou-mais-de-1600-autos-a-entidades-em-tres-anos-465-a-camaras","status":"publish","type":"post","link":"https:\/\/portaltela.pt\/noticias\/2026\/01\/13\/gnr-levantou-mais-de-1600-autos-a-entidades-em-tres-anos-465-a-camaras\/","title":{"rendered":"GNR levantou mais de 1600 autos a entidades em tr\u00eas anos, 465 a c\u00e2maras"},"content":{"rendered":"<p>A Guarda Nacional Republicana (GNR) anunciou que, entre 2023 e 2025, levantou 1634 autos de contraordena\u00e7\u00e3o contra entidades, dos quais 465 s\u00e3o dirigidos a c\u00e2maras municipais. A maioria das autua\u00e7\u00f5es incide sobre falta de limpeza de terrenos e gest\u00e3o de combust\u00edveis para prevenir fogos rurais.<\/p>\n<p>Entre os autos contra entidades, 1374 prendem-se com incumprimento das obriga\u00e7\u00f5es de gest\u00e3o de combust\u00edvel, com 465 dirigidos a c\u00e2maras municipais e 46 a juntas de freguesia. Al\u00e9m disso, algumas multas resultaram do uso indevido de maquinaria agr\u00edcola em per\u00edodos de alto risco de inc\u00eandio.<\/p>\n<p>No que diz respeito \u00e0s autarquias, a GNR emitiu 221 autos contra c\u00e2maras municipais em 2023, 123 em 2024 e 121 em 2025. No mesmo per\u00edodo, foram 17, 16 e 13 autos contra juntas de freguesia, respetivamente. As entidades privadas e gestoras de redes, designadas como \u201coutras (coletivas)\u201d, tiveram 304 autos em 2023, 265 em 2024 e 294 em 2025.<\/p>\n<p>A identifica\u00e7\u00e3o de entidades autuadas permanece indispon\u00edvel, devido a legisla\u00e7\u00e3o de prote\u00e7\u00e3o de dados, segundo a Divis\u00e3o de Comunica\u00e7\u00e3o e Rela\u00e7\u00f5es P\u00fablicas da GNR. A divulga\u00e7\u00e3o de nomes de c\u00e2maras, juntas e gestoras de redes n\u00e3o foi autorizada por motivos legais.<\/p>\n<p>As autua\u00e7\u00f5es por gest\u00e3o de combust\u00edvel concentram-se sobretudo nas regi\u00f5es Centro e Norte do pa\u00eds. Em 2025, at\u00e9 28 de setembro, a GNR registou 3115 autos de contraordena\u00e7\u00e3o a particulares, com 2507 por gest\u00e3o de combust\u00edvel e 460 por uso indevido de fogo.<\/p>\n<p>Entre setembro de 2024 e 2025, as infra\u00e7\u00f5es por gest\u00e3o de combust\u00edvel aumentaram 8,9% face ao per\u00edodo anterior, enquanto as faltas de limpeza de terrenos diminu\u00edram desde 2020. O n\u00famero de terrenos sinalizados para limpeza em 2025 j\u00e1 ultrapassou 10 mil, mas manteve-se abaixo de anos anteriores em determinadas fases.<\/p>\n<p>O director do SEPNA, Ricardo Vaz Alves, afirmou que a sinaliza\u00e7\u00e3o de terrenos est\u00e1 alinhada com a tend\u00eancia de consciencializa\u00e7\u00e3o p\u00fablica sobre gest\u00e3o de combust\u00edvel e que a GNR privilegia a sensibiliza\u00e7\u00e3o e a corre\u00e7\u00e3o pr\u00e9via, recorrendo ao auto apenas como \u00faltimo recurso, ap\u00f3s sinaliza\u00e7\u00e3o e di\u00e1logo com os propriet\u00e1rios.<\/p>\n<p>As contraordena\u00e7\u00f5es pela gest\u00e3o de combust\u00edvel t\u00eam coimas que variam entre 140 e 5000 euros para pessoas singulares e entre 1500 e 60.000 euros para pessoas coletivas, conforme a gravidade do epis\u00f3dio.<\/p>\n","protected":false},"excerpt":{"rendered":"<ul>\n<li>Entre 2023 e 2025 a Guarda Nacional Republicana levantou 1.634 autos de contraordena\u00e7\u00e3o a entidades, sendo 465 contra c\u00e2maras municipais.<\/li>\n<li>Do total, 1.374 autos foram por incumprimento de gest\u00e3o de combust\u00edvel, com 465 a c\u00e2maras municipais e 46 a juntas de freguesia.<\/li>\n<li>Al\u00e9m da falta de limpeza de terrenos, houve multas por uso indevido de maquinaria agr\u00edcola em per\u00edodos de alto risco de inc\u00eandios florestais.<\/li>\n<li>Em gest\u00e3o de combust\u00edvel, as c\u00e2maras municipais foram autuadas 221 vezes em 2023, 123 em 2024 e 121 em 2025; as juntas de freguesia registaram 17, 16 e 13 autos, respetivamente.<\/li>\n<li>Partes privadas e gestoras de redes receberam 304 autos em 2023, 265 em 2024 e 294 em 2025; a maioria dos casos ocorreu nas regi\u00f5es centro e norte.<\/li>\n<\/ul>\n","protected":false},"author":2,"featured_media":139720,"comment_status":"closed","ping_status":"closed","sticky":false,"template":"","format":"standard","meta":{"footnotes":""},"categories":[1],"tags":[2706,1309,1926,695,3074,250],"class_list":["post-139709","post","type-post","status-publish","format-standard","has-post-thumbnail","hentry","category-noticias","tag-autarquias","tag-centro","tag-contraordenacoes","tag-fiscalizacao","tag-gestao-de-combustivel","tag-seguranca-publica"],"yoast_head":"<!-- This site is optimized with the Yoast SEO plugin v27.2 - https:\/\/yoast.com\/product\/yoast-seo-wordpress\/ -->\n<title>GNR levantou mais de 1600 autos a entidades em tr\u00eas anos, 465 a c\u00e2maras - Portal Tela Portugal<\/title>\n<meta name=\"robots\" content=\"index, follow, max-snippet:-1, max-image-preview:large, max-video-preview:-1\" \/>\n<meta property=\"og:locale\" content=\"pt_PT\" \/>\n<meta property=\"og:type\" content=\"article\" \/>\n<meta property=\"og:title\" content=\"GNR levantou mais de 1600 autos a entidades em tr\u00eas anos, 465 a c\u00e2maras - Portal Tela Portugal\" \/>\n<meta property=\"og:description\" content=\"Entre 2023 e 2025 a Guarda Nacional Republicana levantou 1.634 autos de contraordena\u00e7\u00e3o a entidades, sendo 465 contra c\u00e2maras municipais. Do total, 1.374 autos foram por incumprimento de gest\u00e3o de combust\u00edvel, com 465 a c\u00e2maras municipais e 46 a juntas de freguesia. Al\u00e9m da falta de limpeza de terrenos, houve multas por uso indevido de maquinaria agr\u00edcola em per\u00edodos de alto risco de inc\u00eandios florestais. Em gest\u00e3o de combust\u00edvel, as c\u00e2maras municipais foram autuadas 221 vezes em 2023, 123 em 2024 e 121 em 2025; as juntas de freguesia registaram 17, 16 e 13 autos, respetivamente. Partes privadas e gestoras de redes receberam 304 autos em 2023, 265 em 2024 e 294 em 2025; a maioria dos casos ocorreu nas regi\u00f5es centro e norte.\" \/>\n<meta property=\"og:url\" content=\"https:\/\/portaltela.pt\/noticias\/2026\/01\/13\/gnr-levantou-mais-de-1600-autos-a-entidades-em-tres-anos-465-a-camaras\/\" \/>\n<meta property=\"og:site_name\" content=\"Portal Tela Portugal\" \/>\n<meta property=\"article:published_time\" content=\"2026-01-13T19:53:40+00:00\" \/>\n<meta name=\"author\" content=\"Telinha\" \/>\n<meta name=\"twitter:card\" content=\"summary_large_image\" \/>\n<meta name=\"twitter:label1\" content=\"Escrito por\" \/>\n\t<meta name=\"twitter:data1\" content=\"Telinha\" \/>\n\t<meta name=\"twitter:label2\" content=\"Tempo estimado de leitura\" \/>\n\t<meta name=\"twitter:data2\" content=\"2 minutos\" \/>\n<script type=\"application\/ld+json\" class=\"yoast-schema-graph\">{\"@context\":\"https:\/\/schema.org\",\"@graph\":[{\"@type\":\"Article\",\"@id\":\"https:\/\/portaltela.pt\/noticias\/2026\/01\/13\/gnr-levantou-mais-de-1600-autos-a-entidades-em-tres-anos-465-a-camaras\/#article\",\"isPartOf\":{\"@id\":\"https:\/\/portaltela.pt\/noticias\/2026\/01\/13\/gnr-levantou-mais-de-1600-autos-a-entidades-em-tres-anos-465-a-camaras\/\"},\"author\":{\"name\":\"Telinha\",\"@id\":\"https:\/\/portaltela.pt\/#\/schema\/person\/c4278d4a6028830caff9ee44b42d32ed\"},\"headline\":\"GNR levantou mais de 1600 autos a entidades em tr\u00eas anos, 465 a c\u00e2maras\",\"datePublished\":\"2026-01-13T19:53:40+00:00\",\"mainEntityOfPage\":{\"@id\":\"https:\/\/portaltela.pt\/noticias\/2026\/01\/13\/gnr-levantou-mais-de-1600-autos-a-entidades-em-tres-anos-465-a-camaras\/\"},\"wordCount\":402,\"image\":{\"@id\":\"https:\/\/portaltela.pt\/noticias\/2026\/01\/13\/gnr-levantou-mais-de-1600-autos-a-entidades-em-tres-anos-465-a-camaras\/#primaryimage\"},\"thumbnailUrl\":\"https:\/\/portaltela.pt\/s.01k8rhncp4jt1\/2026\/01\/unnamed-file-2791.jpg\",\"keywords\":[\"autarquias\",\"Centro\",\"contraordena\u00e7\u00f5es\",\"fiscaliza\u00e7\u00e3o\",\"gest\u00e3o de combust\u00edvel\",\"seguran\u00e7a p\u00fablica\"],\"articleSection\":[\"Not\u00edcias\"],\"inLanguage\":\"pt-PT\"},{\"@type\":\"WebPage\",\"@id\":\"https:\/\/portaltela.pt\/noticias\/2026\/01\/13\/gnr-levantou-mais-de-1600-autos-a-entidades-em-tres-anos-465-a-camaras\/\",\"url\":\"https:\/\/portaltela.pt\/noticias\/2026\/01\/13\/gnr-levantou-mais-de-1600-autos-a-entidades-em-tres-anos-465-a-camaras\/\",\"name\":\"GNR levantou mais de 1600 autos a entidades em tr\u00eas anos, 465 a c\u00e2maras - Portal Tela Portugal\",\"isPartOf\":{\"@id\":\"https:\/\/portaltela.pt\/#website\"},\"primaryImageOfPage\":{\"@id\":\"https:\/\/portaltela.pt\/noticias\/2026\/01\/13\/gnr-levantou-mais-de-1600-autos-a-entidades-em-tres-anos-465-a-camaras\/#primaryimage\"},\"image\":{\"@id\":\"https:\/\/portaltela.pt\/noticias\/2026\/01\/13\/gnr-levantou-mais-de-1600-autos-a-entidades-em-tres-anos-465-a-camaras\/#primaryimage\"},\"thumbnailUrl\":\"https:\/\/portaltela.pt\/s.01k8rhncp4jt1\/2026\/01\/unnamed-file-2791.jpg\",\"datePublished\":\"2026-01-13T19:53:40+00:00\",\"author\":{\"@id\":\"https:\/\/portaltela.pt\/#\/schema\/person\/c4278d4a6028830caff9ee44b42d32ed\"},\"breadcrumb\":{\"@id\":\"https:\/\/portaltela.pt\/noticias\/2026\/01\/13\/gnr-levantou-mais-de-1600-autos-a-entidades-em-tres-anos-465-a-camaras\/#breadcrumb\"},\"inLanguage\":\"pt-PT\",\"potentialAction\":[{\"@type\":\"ReadAction\",\"target\":[\"https:\/\/portaltela.pt\/noticias\/2026\/01\/13\/gnr-levantou-mais-de-1600-autos-a-entidades-em-tres-anos-465-a-camaras\/\"]}]},{\"@type\":\"ImageObject\",\"inLanguage\":\"pt-PT\",\"@id\":\"https:\/\/portaltela.pt\/noticias\/2026\/01\/13\/gnr-levantou-mais-de-1600-autos-a-entidades-em-tres-anos-465-a-camaras\/#primaryimage\",\"url\":\"https:\/\/portaltela.pt\/s.01k8rhncp4jt1\/2026\/01\/unnamed-file-2791.jpg\",\"contentUrl\":\"https:\/\/portaltela.pt\/s.01k8rhncp4jt1\/2026\/01\/unnamed-file-2791.jpg\",\"width\":796,\"height\":448,\"caption\":\"Inc\u00eandios: GNR levantou em tr\u00eas anos mais de 1600 autos a entidades das quais 465 c\u00e2maras municipais\"},{\"@type\":\"BreadcrumbList\",\"@id\":\"https:\/\/portaltela.pt\/noticias\/2026\/01\/13\/gnr-levantou-mais-de-1600-autos-a-entidades-em-tres-anos-465-a-camaras\/#breadcrumb\",\"itemListElement\":[{\"@type\":\"ListItem\",\"position\":1,\"name\":\"In\u00edcio\",\"item\":\"https:\/\/portaltela.pt\/\"},{\"@type\":\"ListItem\",\"position\":2,\"name\":\"GNR levantou mais de 1600 autos a entidades em tr\u00eas anos, 465 a c\u00e2maras\"}]},{\"@type\":\"WebSite\",\"@id\":\"https:\/\/portaltela.pt\/#website\",\"url\":\"https:\/\/portaltela.pt\/\",\"name\":\"Portal Tela Portugal\",\"description\":\"\",\"potentialAction\":[{\"@type\":\"SearchAction\",\"target\":{\"@type\":\"EntryPoint\",\"urlTemplate\":\"https:\/\/portaltela.pt\/?s={search_term_string}\"},\"query-input\":{\"@type\":\"PropertyValueSpecification\",\"valueRequired\":true,\"valueName\":\"search_term_string\"}}],\"inLanguage\":\"pt-PT\"},{\"@type\":\"Person\",\"@id\":\"https:\/\/portaltela.pt\/#\/schema\/person\/c4278d4a6028830caff9ee44b42d32ed\",\"name\":\"Telinha\",\"image\":{\"@type\":\"ImageObject\",\"inLanguage\":\"pt-PT\",\"@id\":\"https:\/\/portaltela.pt\/s.01k8rhncp4jt1\/2025\/11\/talking-bot-125x125.png\",\"url\":\"https:\/\/portaltela.pt\/s.01k8rhncp4jt1\/2025\/11\/talking-bot-125x125.png\",\"contentUrl\":\"https:\/\/portaltela.pt\/s.01k8rhncp4jt1\/2025\/11\/talking-bot-125x125.png\",\"caption\":\"Telinha\"},\"sameAs\":[\"https:\/\/portaltela.pt\/\"],\"url\":\"https:\/\/portaltela.pt\/por\/367410592786\/\"}]}<\/script>\n<!-- \/ Yoast SEO plugin. -->","yoast_head_json":{"title":"GNR levantou mais de 1600 autos a entidades em tr\u00eas anos, 465 a c\u00e2maras - Portal Tela Portugal","robots":{"index":"index","follow":"follow","max-snippet":"max-snippet:-1","max-image-preview":"max-image-preview:large","max-video-preview":"max-video-preview:-1"},"og_locale":"pt_PT","og_type":"article","og_title":"GNR levantou mais de 1600 autos a entidades em tr\u00eas anos, 465 a c\u00e2maras - Portal Tela Portugal","og_description":"Entre 2023 e 2025 a Guarda Nacional Republicana levantou 1.634 autos de contraordena\u00e7\u00e3o a entidades, sendo 465 contra c\u00e2maras municipais. Do total, 1.374 autos foram por incumprimento de gest\u00e3o de combust\u00edvel, com 465 a c\u00e2maras municipais e 46 a juntas de freguesia. Al\u00e9m da falta de limpeza de terrenos, houve multas por uso indevido de maquinaria agr\u00edcola em per\u00edodos de alto risco de inc\u00eandios florestais. Em gest\u00e3o de combust\u00edvel, as c\u00e2maras municipais foram autuadas 221 vezes em 2023, 123 em 2024 e 121 em 2025; as juntas de freguesia registaram 17, 16 e 13 autos, respetivamente. Partes privadas e gestoras de redes receberam 304 autos em 2023, 265 em 2024 e 294 em 2025; a maioria dos casos ocorreu nas regi\u00f5es centro e norte.","og_url":"https:\/\/portaltela.pt\/noticias\/2026\/01\/13\/gnr-levantou-mais-de-1600-autos-a-entidades-em-tres-anos-465-a-camaras\/","og_site_name":"Portal Tela Portugal","article_published_time":"2026-01-13T19:53:40+00:00","author":"Telinha","twitter_card":"summary_large_image","twitter_misc":{"Escrito por":"Telinha","Tempo estimado de leitura":"2 minutos"},"schema":{"@context":"https:\/\/schema.org","@graph":[{"@type":"Article","@id":"https:\/\/portaltela.pt\/noticias\/2026\/01\/13\/gnr-levantou-mais-de-1600-autos-a-entidades-em-tres-anos-465-a-camaras\/#article","isPartOf":{"@id":"https:\/\/portaltela.pt\/noticias\/2026\/01\/13\/gnr-levantou-mais-de-1600-autos-a-entidades-em-tres-anos-465-a-camaras\/"},"author":{"name":"Telinha","@id":"https:\/\/portaltela.pt\/#\/schema\/person\/c4278d4a6028830caff9ee44b42d32ed"},"headline":"GNR levantou mais de 1600 autos a entidades em tr\u00eas anos, 465 a c\u00e2maras","datePublished":"2026-01-13T19:53:40+00:00","mainEntityOfPage":{"@id":"https:\/\/portaltela.pt\/noticias\/2026\/01\/13\/gnr-levantou-mais-de-1600-autos-a-entidades-em-tres-anos-465-a-camaras\/"},"wordCount":402,"image":{"@id":"https:\/\/portaltela.pt\/noticias\/2026\/01\/13\/gnr-levantou-mais-de-1600-autos-a-entidades-em-tres-anos-465-a-camaras\/#primaryimage"},"thumbnailUrl":"https:\/\/portaltela.pt\/s.01k8rhncp4jt1\/2026\/01\/unnamed-file-2791.jpg","keywords":["autarquias","Centro","contraordena\u00e7\u00f5es","fiscaliza\u00e7\u00e3o","gest\u00e3o de combust\u00edvel","seguran\u00e7a p\u00fablica"],"articleSection":["Not\u00edcias"],"inLanguage":"pt-PT"},{"@type":"WebPage","@id":"https:\/\/portaltela.pt\/noticias\/2026\/01\/13\/gnr-levantou-mais-de-1600-autos-a-entidades-em-tres-anos-465-a-camaras\/","url":"https:\/\/portaltela.pt\/noticias\/2026\/01\/13\/gnr-levantou-mais-de-1600-autos-a-entidades-em-tres-anos-465-a-camaras\/","name":"GNR levantou mais de 1600 autos a entidades em tr\u00eas anos, 465 a c\u00e2maras - Portal Tela Portugal","isPartOf":{"@id":"https:\/\/portaltela.pt\/#website"},"primaryImageOfPage":{"@id":"https:\/\/portaltela.pt\/noticias\/2026\/01\/13\/gnr-levantou-mais-de-1600-autos-a-entidades-em-tres-anos-465-a-camaras\/#primaryimage"},"image":{"@id":"https:\/\/portaltela.pt\/noticias\/2026\/01\/13\/gnr-levantou-mais-de-1600-autos-a-entidades-em-tres-anos-465-a-camaras\/#primaryimage"},"thumbnailUrl":"https:\/\/portaltela.pt\/s.01k8rhncp4jt1\/2026\/01\/unnamed-file-2791.jpg","datePublished":"2026-01-13T19:53:40+00:00","author":{"@id":"https:\/\/portaltela.pt\/#\/schema\/person\/c4278d4a6028830caff9ee44b42d32ed"},"breadcrumb":{"@id":"https:\/\/portaltela.pt\/noticias\/2026\/01\/13\/gnr-levantou-mais-de-1600-autos-a-entidades-em-tres-anos-465-a-camaras\/#breadcrumb"},"inLanguage":"pt-PT","potentialAction":[{"@type":"ReadAction","target":["https:\/\/portaltela.pt\/noticias\/2026\/01\/13\/gnr-levantou-mais-de-1600-autos-a-entidades-em-tres-anos-465-a-camaras\/"]}]},{"@type":"ImageObject","inLanguage":"pt-PT","@id":"https:\/\/portaltela.pt\/noticias\/2026\/01\/13\/gnr-levantou-mais-de-1600-autos-a-entidades-em-tres-anos-465-a-camaras\/#primaryimage","url":"https:\/\/portaltela.pt\/s.01k8rhncp4jt1\/2026\/01\/unnamed-file-2791.jpg","contentUrl":"https:\/\/portaltela.pt\/s.01k8rhncp4jt1\/2026\/01\/unnamed-file-2791.jpg","width":796,"height":448,"caption":"Inc\u00eandios: GNR levantou em tr\u00eas anos mais de 1600 autos a entidades das quais 465 c\u00e2maras municipais"},{"@type":"BreadcrumbList","@id":"https:\/\/portaltela.pt\/noticias\/2026\/01\/13\/gnr-levantou-mais-de-1600-autos-a-entidades-em-tres-anos-465-a-camaras\/#breadcrumb","itemListElement":[{"@type":"ListItem","position":1,"name":"In\u00edcio","item":"https:\/\/portaltela.pt\/"},{"@type":"ListItem","position":2,"name":"GNR levantou mais de 1600 autos a entidades em tr\u00eas anos, 465 a c\u00e2maras"}]},{"@type":"WebSite","@id":"https:\/\/portaltela.pt\/#website","url":"https:\/\/portaltela.pt\/","name":"Portal Tela Portugal","description":"","potentialAction":[{"@type":"SearchAction","target":{"@type":"EntryPoint","urlTemplate":"https:\/\/portaltela.pt\/?s={search_term_string}"},"query-input":{"@type":"PropertyValueSpecification","valueRequired":true,"valueName":"search_term_string"}}],"inLanguage":"pt-PT"},{"@type":"Person","@id":"https:\/\/portaltela.pt\/#\/schema\/person\/c4278d4a6028830caff9ee44b42d32ed","name":"Telinha","image":{"@type":"ImageObject","inLanguage":"pt-PT","@id":"https:\/\/portaltela.pt\/s.01k8rhncp4jt1\/2025\/11\/talking-bot-125x125.png","url":"https:\/\/portaltela.pt\/s.01k8rhncp4jt1\/2025\/11\/talking-bot-125x125.png","contentUrl":"https:\/\/portaltela.pt\/s.01k8rhncp4jt1\/2025\/11\/talking-bot-125x125.png","caption":"Telinha"},"sameAs":["https:\/\/portaltela.pt\/"],"url":"https:\/\/portaltela.pt\/por\/367410592786\/"}]}},"_links":{"self":[{"href":"https:\/\/portaltela.pt\/api\/wp\/v2\/posts\/139709","targetHints":{"allow":["GET"]}}],"collection":[{"href":"https:\/\/portaltela.pt\/api\/wp\/v2\/posts"}],"about":[{"href":"https:\/\/portaltela.pt\/api\/wp\/v2\/types\/post"}],"author":[{"embeddable":true,"href":"https:\/\/portaltela.pt\/api\/wp\/v2\/users\/2"}],"replies":[{"embeddable":true,"href":"https:\/\/portaltela.pt\/api\/wp\/v2\/comments?post=139709"}],"version-history":[{"count":0,"href":"https:\/\/portaltela.pt\/api\/wp\/v2\/posts\/139709\/revisions"}],"wp:featuredmedia":[{"embeddable":true,"href":"https:\/\/portaltela.pt\/api\/wp\/v2\/media\/139720"}],"wp:attachment":[{"href":"https:\/\/portaltela.pt\/api\/wp\/v2\/media?parent=139709"}],"wp:term":[{"taxonomy":"category","embeddable":true,"href":"https:\/\/portaltela.pt\/api\/wp\/v2\/categories?post=139709"},{"taxonomy":"post_tag","embeddable":true,"href":"https:\/\/portaltela.pt\/api\/wp\/v2\/tags?post=139709"}],"curies":[{"name":"wp","href":"https:\/\/api.w.org\/{rel}","templated":true}]}}