{"id":139706,"date":"2026-01-13T17:05:22","date_gmt":"2026-01-13T20:05:22","guid":{"rendered":"https:\/\/portaltela.pt\/noticias\/2026\/01\/13\/governo-lanca-estrategia-para-reduzir-poluicao-visual-e-valorizar-paisagem\/"},"modified":"2026-01-13T17:05:22","modified_gmt":"2026-01-13T20:05:22","slug":"governo-lanca-estrategia-para-reduzir-poluicao-visual-e-valorizar-paisagem","status":"publish","type":"post","link":"https:\/\/portaltela.pt\/noticias\/2026\/01\/13\/governo-lanca-estrategia-para-reduzir-poluicao-visual-e-valorizar-paisagem\/","title":{"rendered":"Governo lan\u00e7a estrat\u00e9gia para reduzir polui\u00e7\u00e3o visual e valorizar paisagem"},"content":{"rendered":"<p>A ministra do Ambiente revelou, nesta ter\u00e7a-feira, que o Governo vai criar uma estrat\u00e9gia para a polui\u00e7\u00e3o visual, com o objetivo de valorizar a paisagem. A medida faz parte das previs\u00f5es para 2026 na \u00e1rea que tutela.<\/p>\n<p>Al\u00e9m de atuar na polui\u00e7\u00e3o visual, o Governo vai manter foco em \u00e1gua, com aproveitamento de \u00e1guas residuais tratadas e combate \u00e0s perdas de \u00e1gua. Tamb\u00e9m h\u00e1 programas de defesa do lince e do lobo, al\u00e9m de v\u00e1rias obras em curso.<\/p>\n<p>A estrat\u00e9gia da paisagem vai ponderar quest\u00f5es como pain\u00e9is solares e pain\u00e9is publicit\u00e1rios, procurando equilibrar uso de energia com preserva\u00e7\u00e3o visual. O plano integra ainda a\u00e7\u00f5es para redu\u00e7\u00e3o do ru\u00eddo e adapta\u00e7\u00e3o \u00e0s altera\u00e7\u00f5es clim\u00e1ticas.<\/p>\n<p>Na \u00e1rea dos res\u00edduos, o ano marca o in\u00edcio do sistema de dep\u00f3sito com retorno, a 10 de abril, com m\u00e1quinas distribu\u00eddas pelo pa\u00eds para devolver embalagens de pl\u00e1stico e metal a troco de 10 c\u00eantimos.<\/p>\n<p>A ministra indicou que est\u00e1 em negocia\u00e7\u00e3o com grandes superf\u00edcies para reduzir embalagens, promovendo maior venda a granel, pr\u00e1tica j\u00e1 implementada com sucesso em pa\u00edses como a B\u00e9lgica. Tamb\u00e9m h\u00e1 foco em reduzir res\u00edduos de material de embalagem.<\/p>\n<p>Sobre os sacos de pl\u00e1stico de utiliza\u00e7\u00e3o \u00fanica, \u00e9 prevista a procura de um substituto vi\u00e1vel que n\u00e3o esteja sujeito a taxa. O objetivo \u00e9 reduzir o consumo de pl\u00e1stico descart\u00e1vel sem onerar o utilizador.<\/p>\n<p>Para 2026 est\u00e1 igualmente prevista a continua\u00e7\u00e3o de obras de adapta\u00e7\u00e3o do litoral \u00e0s altera\u00e7\u00f5es clim\u00e1ticas, renaturaliza\u00e7\u00e3o de rios e melhoria da preven\u00e7\u00e3o de inunda\u00e7\u00f5es, enquadradas no Plano Nacional.<\/p>\n<p>O Fundo Social para o Clima dever\u00e1 funcionar de forma semelhante ao programa de substitui\u00e7\u00e3o de eletrodom\u00e9sticos, com efeitos previstos ao longo do ano.<\/p>\n","protected":false},"excerpt":{"rendered":"<ul>\n<li>O Governo vai lan\u00e7ar uma estrat\u00e9gia para a polui\u00e7\u00e3o visual visando valorizar a paisagem, incluindo pain\u00e9is solares e pain\u00e9is publicit\u00e1rios.<\/li>\n<li>O ano de 2026 vai tamb\u00e9m trazer programas sobre redu\u00e7\u00e3o de ru\u00eddo, adapta\u00e7\u00e3o \u00e0s altera\u00e7\u00f5es clim\u00e1ticas e defesa da paisagem, anunciou a ministra do Ambiente.<\/li>\n<li>Em res\u00edduos, entra em 10 de abril o sistema de dep\u00f3sito com retorno, com 10 c\u00eantimos por embalagem depositada.<\/li>\n<li>O Governo pretende acordos com grandes superf\u00edcies para reduzir embalagens e promover venda a granel, seguindo exemplos como a B\u00e9lgica.<\/li>\n<li>Permanecem obras de adapta\u00e7\u00e3o do litoral \u00e0s altera\u00e7\u00f5es clim\u00e1ticas, renaturaliza\u00e7\u00e3o de rios e combate \u00e0s inunda\u00e7\u00f5es, al\u00e9m de medidas para substituir sacos de pl\u00e1stico de uso \u00fanico sem taxa.<\/li>\n<\/ul>\n","protected":false},"author":2,"featured_media":139717,"comment_status":"closed","ping_status":"closed","sticky":false,"template":"","format":"standard","meta":{"footnotes":""},"categories":[1],"tags":[1090,2665,167,811,2949,645],"class_list":["post-139706","post","type-post","status-publish","format-standard","has-post-thumbnail","hentry","category-noticias","tag-agua","tag-alteracoes-climaticas","tag-ambiente","tag-protecao-ambiental","tag-renaturalizacao","tag-residuos"],"yoast_head":"<!-- This site is optimized with the Yoast SEO plugin v27.2 - https:\/\/yoast.com\/product\/yoast-seo-wordpress\/ -->\n<title>Governo lan\u00e7a estrat\u00e9gia para reduzir polui\u00e7\u00e3o visual e valorizar paisagem - Portal Tela Portugal<\/title>\n<meta name=\"robots\" content=\"index, follow, max-snippet:-1, max-image-preview:large, max-video-preview:-1\" \/>\n<meta property=\"og:locale\" content=\"pt_PT\" \/>\n<meta property=\"og:type\" content=\"article\" \/>\n<meta property=\"og:title\" content=\"Governo lan\u00e7a estrat\u00e9gia para reduzir polui\u00e7\u00e3o visual e valorizar paisagem - Portal Tela Portugal\" \/>\n<meta property=\"og:description\" content=\"O Governo vai lan\u00e7ar uma estrat\u00e9gia para a polui\u00e7\u00e3o visual visando valorizar a paisagem, incluindo pain\u00e9is solares e pain\u00e9is publicit\u00e1rios. O ano de 2026 vai tamb\u00e9m trazer programas sobre redu\u00e7\u00e3o de ru\u00eddo, adapta\u00e7\u00e3o \u00e0s altera\u00e7\u00f5es clim\u00e1ticas e defesa da paisagem, anunciou a ministra do Ambiente. Em res\u00edduos, entra em 10 de abril o sistema de dep\u00f3sito com retorno, com 10 c\u00eantimos por embalagem depositada. O Governo pretende acordos com grandes superf\u00edcies para reduzir embalagens e promover venda a granel, seguindo exemplos como a B\u00e9lgica. Permanecem obras de adapta\u00e7\u00e3o do litoral \u00e0s altera\u00e7\u00f5es clim\u00e1ticas, renaturaliza\u00e7\u00e3o de rios e combate \u00e0s inunda\u00e7\u00f5es, al\u00e9m de medidas para substituir sacos de pl\u00e1stico de uso \u00fanico sem taxa.\" \/>\n<meta property=\"og:url\" content=\"https:\/\/portaltela.pt\/noticias\/2026\/01\/13\/governo-lanca-estrategia-para-reduzir-poluicao-visual-e-valorizar-paisagem\/\" \/>\n<meta property=\"og:site_name\" content=\"Portal Tela Portugal\" \/>\n<meta property=\"article:published_time\" content=\"2026-01-13T20:05:22+00:00\" \/>\n<meta name=\"author\" content=\"Telinha\" \/>\n<meta name=\"twitter:card\" content=\"summary_large_image\" \/>\n<meta name=\"twitter:label1\" content=\"Escrito por\" \/>\n\t<meta name=\"twitter:data1\" content=\"Telinha\" \/>\n\t<meta name=\"twitter:label2\" content=\"Tempo estimado de leitura\" \/>\n\t<meta name=\"twitter:data2\" content=\"2 minutos\" \/>\n<script type=\"application\/ld+json\" class=\"yoast-schema-graph\">{\"@context\":\"https:\/\/schema.org\",\"@graph\":[{\"@type\":\"Article\",\"@id\":\"https:\/\/portaltela.pt\/noticias\/2026\/01\/13\/governo-lanca-estrategia-para-reduzir-poluicao-visual-e-valorizar-paisagem\/#article\",\"isPartOf\":{\"@id\":\"https:\/\/portaltela.pt\/noticias\/2026\/01\/13\/governo-lanca-estrategia-para-reduzir-poluicao-visual-e-valorizar-paisagem\/\"},\"author\":{\"name\":\"Telinha\",\"@id\":\"https:\/\/portaltela.pt\/#\/schema\/person\/c4278d4a6028830caff9ee44b42d32ed\"},\"headline\":\"Governo lan\u00e7a estrat\u00e9gia para reduzir polui\u00e7\u00e3o visual e valorizar paisagem\",\"datePublished\":\"2026-01-13T20:05:22+00:00\",\"mainEntityOfPage\":{\"@id\":\"https:\/\/portaltela.pt\/noticias\/2026\/01\/13\/governo-lanca-estrategia-para-reduzir-poluicao-visual-e-valorizar-paisagem\/\"},\"wordCount\":333,\"image\":{\"@id\":\"https:\/\/portaltela.pt\/noticias\/2026\/01\/13\/governo-lanca-estrategia-para-reduzir-poluicao-visual-e-valorizar-paisagem\/#primaryimage\"},\"thumbnailUrl\":\"https:\/\/portaltela.pt\/s.01k8rhncp4jt1\/2026\/01\/unnamed-file-2790.jpg\",\"keywords\":[\"\u00e1gua\",\"Altera\u00e7\u00f5es Clim\u00e1ticas\",\"ambiente\",\"prote\u00e7\u00e3o ambiental\",\"renaturaliza\u00e7\u00e3o\",\"res\u00edduos\"],\"articleSection\":[\"Not\u00edcias\"],\"inLanguage\":\"pt-PT\"},{\"@type\":\"WebPage\",\"@id\":\"https:\/\/portaltela.pt\/noticias\/2026\/01\/13\/governo-lanca-estrategia-para-reduzir-poluicao-visual-e-valorizar-paisagem\/\",\"url\":\"https:\/\/portaltela.pt\/noticias\/2026\/01\/13\/governo-lanca-estrategia-para-reduzir-poluicao-visual-e-valorizar-paisagem\/\",\"name\":\"Governo lan\u00e7a estrat\u00e9gia para reduzir polui\u00e7\u00e3o visual e valorizar paisagem - Portal Tela Portugal\",\"isPartOf\":{\"@id\":\"https:\/\/portaltela.pt\/#website\"},\"primaryImageOfPage\":{\"@id\":\"https:\/\/portaltela.pt\/noticias\/2026\/01\/13\/governo-lanca-estrategia-para-reduzir-poluicao-visual-e-valorizar-paisagem\/#primaryimage\"},\"image\":{\"@id\":\"https:\/\/portaltela.pt\/noticias\/2026\/01\/13\/governo-lanca-estrategia-para-reduzir-poluicao-visual-e-valorizar-paisagem\/#primaryimage\"},\"thumbnailUrl\":\"https:\/\/portaltela.pt\/s.01k8rhncp4jt1\/2026\/01\/unnamed-file-2790.jpg\",\"datePublished\":\"2026-01-13T20:05:22+00:00\",\"author\":{\"@id\":\"https:\/\/portaltela.pt\/#\/schema\/person\/c4278d4a6028830caff9ee44b42d32ed\"},\"breadcrumb\":{\"@id\":\"https:\/\/portaltela.pt\/noticias\/2026\/01\/13\/governo-lanca-estrategia-para-reduzir-poluicao-visual-e-valorizar-paisagem\/#breadcrumb\"},\"inLanguage\":\"pt-PT\",\"potentialAction\":[{\"@type\":\"ReadAction\",\"target\":[\"https:\/\/portaltela.pt\/noticias\/2026\/01\/13\/governo-lanca-estrategia-para-reduzir-poluicao-visual-e-valorizar-paisagem\/\"]}]},{\"@type\":\"ImageObject\",\"inLanguage\":\"pt-PT\",\"@id\":\"https:\/\/portaltela.pt\/noticias\/2026\/01\/13\/governo-lanca-estrategia-para-reduzir-poluicao-visual-e-valorizar-paisagem\/#primaryimage\",\"url\":\"https:\/\/portaltela.pt\/s.01k8rhncp4jt1\/2026\/01\/unnamed-file-2790.jpg\",\"contentUrl\":\"https:\/\/portaltela.pt\/s.01k8rhncp4jt1\/2026\/01\/unnamed-file-2790.jpg\",\"width\":796,\"height\":448,\"caption\":\"Combate \u00e0 polui\u00e7\u00e3o visual: governo cria estrat\u00e9gia para valoriza\u00e7\u00e3o da paisagem\"},{\"@type\":\"BreadcrumbList\",\"@id\":\"https:\/\/portaltela.pt\/noticias\/2026\/01\/13\/governo-lanca-estrategia-para-reduzir-poluicao-visual-e-valorizar-paisagem\/#breadcrumb\",\"itemListElement\":[{\"@type\":\"ListItem\",\"position\":1,\"name\":\"In\u00edcio\",\"item\":\"https:\/\/portaltela.pt\/\"},{\"@type\":\"ListItem\",\"position\":2,\"name\":\"Governo lan\u00e7a estrat\u00e9gia para reduzir polui\u00e7\u00e3o visual e valorizar paisagem\"}]},{\"@type\":\"WebSite\",\"@id\":\"https:\/\/portaltela.pt\/#website\",\"url\":\"https:\/\/portaltela.pt\/\",\"name\":\"Portal Tela Portugal\",\"description\":\"\",\"potentialAction\":[{\"@type\":\"SearchAction\",\"target\":{\"@type\":\"EntryPoint\",\"urlTemplate\":\"https:\/\/portaltela.pt\/?s={search_term_string}\"},\"query-input\":{\"@type\":\"PropertyValueSpecification\",\"valueRequired\":true,\"valueName\":\"search_term_string\"}}],\"inLanguage\":\"pt-PT\"},{\"@type\":\"Person\",\"@id\":\"https:\/\/portaltela.pt\/#\/schema\/person\/c4278d4a6028830caff9ee44b42d32ed\",\"name\":\"Telinha\",\"image\":{\"@type\":\"ImageObject\",\"inLanguage\":\"pt-PT\",\"@id\":\"https:\/\/portaltela.pt\/s.01k8rhncp4jt1\/2025\/11\/talking-bot-125x125.png\",\"url\":\"https:\/\/portaltela.pt\/s.01k8rhncp4jt1\/2025\/11\/talking-bot-125x125.png\",\"contentUrl\":\"https:\/\/portaltela.pt\/s.01k8rhncp4jt1\/2025\/11\/talking-bot-125x125.png\",\"caption\":\"Telinha\"},\"sameAs\":[\"https:\/\/portaltela.pt\/\"],\"url\":\"https:\/\/portaltela.pt\/por\/367410592786\/\"}]}<\/script>\n<!-- \/ Yoast SEO plugin. -->","yoast_head_json":{"title":"Governo lan\u00e7a estrat\u00e9gia para reduzir polui\u00e7\u00e3o visual e valorizar paisagem - Portal Tela Portugal","robots":{"index":"index","follow":"follow","max-snippet":"max-snippet:-1","max-image-preview":"max-image-preview:large","max-video-preview":"max-video-preview:-1"},"og_locale":"pt_PT","og_type":"article","og_title":"Governo lan\u00e7a estrat\u00e9gia para reduzir polui\u00e7\u00e3o visual e valorizar paisagem - Portal Tela Portugal","og_description":"O Governo vai lan\u00e7ar uma estrat\u00e9gia para a polui\u00e7\u00e3o visual visando valorizar a paisagem, incluindo pain\u00e9is solares e pain\u00e9is publicit\u00e1rios. O ano de 2026 vai tamb\u00e9m trazer programas sobre redu\u00e7\u00e3o de ru\u00eddo, adapta\u00e7\u00e3o \u00e0s altera\u00e7\u00f5es clim\u00e1ticas e defesa da paisagem, anunciou a ministra do Ambiente. Em res\u00edduos, entra em 10 de abril o sistema de dep\u00f3sito com retorno, com 10 c\u00eantimos por embalagem depositada. O Governo pretende acordos com grandes superf\u00edcies para reduzir embalagens e promover venda a granel, seguindo exemplos como a B\u00e9lgica. Permanecem obras de adapta\u00e7\u00e3o do litoral \u00e0s altera\u00e7\u00f5es clim\u00e1ticas, renaturaliza\u00e7\u00e3o de rios e combate \u00e0s inunda\u00e7\u00f5es, al\u00e9m de medidas para substituir sacos de pl\u00e1stico de uso \u00fanico sem taxa.","og_url":"https:\/\/portaltela.pt\/noticias\/2026\/01\/13\/governo-lanca-estrategia-para-reduzir-poluicao-visual-e-valorizar-paisagem\/","og_site_name":"Portal Tela Portugal","article_published_time":"2026-01-13T20:05:22+00:00","author":"Telinha","twitter_card":"summary_large_image","twitter_misc":{"Escrito por":"Telinha","Tempo estimado de leitura":"2 minutos"},"schema":{"@context":"https:\/\/schema.org","@graph":[{"@type":"Article","@id":"https:\/\/portaltela.pt\/noticias\/2026\/01\/13\/governo-lanca-estrategia-para-reduzir-poluicao-visual-e-valorizar-paisagem\/#article","isPartOf":{"@id":"https:\/\/portaltela.pt\/noticias\/2026\/01\/13\/governo-lanca-estrategia-para-reduzir-poluicao-visual-e-valorizar-paisagem\/"},"author":{"name":"Telinha","@id":"https:\/\/portaltela.pt\/#\/schema\/person\/c4278d4a6028830caff9ee44b42d32ed"},"headline":"Governo lan\u00e7a estrat\u00e9gia para reduzir polui\u00e7\u00e3o visual e valorizar paisagem","datePublished":"2026-01-13T20:05:22+00:00","mainEntityOfPage":{"@id":"https:\/\/portaltela.pt\/noticias\/2026\/01\/13\/governo-lanca-estrategia-para-reduzir-poluicao-visual-e-valorizar-paisagem\/"},"wordCount":333,"image":{"@id":"https:\/\/portaltela.pt\/noticias\/2026\/01\/13\/governo-lanca-estrategia-para-reduzir-poluicao-visual-e-valorizar-paisagem\/#primaryimage"},"thumbnailUrl":"https:\/\/portaltela.pt\/s.01k8rhncp4jt1\/2026\/01\/unnamed-file-2790.jpg","keywords":["\u00e1gua","Altera\u00e7\u00f5es Clim\u00e1ticas","ambiente","prote\u00e7\u00e3o ambiental","renaturaliza\u00e7\u00e3o","res\u00edduos"],"articleSection":["Not\u00edcias"],"inLanguage":"pt-PT"},{"@type":"WebPage","@id":"https:\/\/portaltela.pt\/noticias\/2026\/01\/13\/governo-lanca-estrategia-para-reduzir-poluicao-visual-e-valorizar-paisagem\/","url":"https:\/\/portaltela.pt\/noticias\/2026\/01\/13\/governo-lanca-estrategia-para-reduzir-poluicao-visual-e-valorizar-paisagem\/","name":"Governo lan\u00e7a estrat\u00e9gia para reduzir polui\u00e7\u00e3o visual e valorizar paisagem - Portal Tela Portugal","isPartOf":{"@id":"https:\/\/portaltela.pt\/#website"},"primaryImageOfPage":{"@id":"https:\/\/portaltela.pt\/noticias\/2026\/01\/13\/governo-lanca-estrategia-para-reduzir-poluicao-visual-e-valorizar-paisagem\/#primaryimage"},"image":{"@id":"https:\/\/portaltela.pt\/noticias\/2026\/01\/13\/governo-lanca-estrategia-para-reduzir-poluicao-visual-e-valorizar-paisagem\/#primaryimage"},"thumbnailUrl":"https:\/\/portaltela.pt\/s.01k8rhncp4jt1\/2026\/01\/unnamed-file-2790.jpg","datePublished":"2026-01-13T20:05:22+00:00","author":{"@id":"https:\/\/portaltela.pt\/#\/schema\/person\/c4278d4a6028830caff9ee44b42d32ed"},"breadcrumb":{"@id":"https:\/\/portaltela.pt\/noticias\/2026\/01\/13\/governo-lanca-estrategia-para-reduzir-poluicao-visual-e-valorizar-paisagem\/#breadcrumb"},"inLanguage":"pt-PT","potentialAction":[{"@type":"ReadAction","target":["https:\/\/portaltela.pt\/noticias\/2026\/01\/13\/governo-lanca-estrategia-para-reduzir-poluicao-visual-e-valorizar-paisagem\/"]}]},{"@type":"ImageObject","inLanguage":"pt-PT","@id":"https:\/\/portaltela.pt\/noticias\/2026\/01\/13\/governo-lanca-estrategia-para-reduzir-poluicao-visual-e-valorizar-paisagem\/#primaryimage","url":"https:\/\/portaltela.pt\/s.01k8rhncp4jt1\/2026\/01\/unnamed-file-2790.jpg","contentUrl":"https:\/\/portaltela.pt\/s.01k8rhncp4jt1\/2026\/01\/unnamed-file-2790.jpg","width":796,"height":448,"caption":"Combate \u00e0 polui\u00e7\u00e3o visual: governo cria estrat\u00e9gia para valoriza\u00e7\u00e3o da paisagem"},{"@type":"BreadcrumbList","@id":"https:\/\/portaltela.pt\/noticias\/2026\/01\/13\/governo-lanca-estrategia-para-reduzir-poluicao-visual-e-valorizar-paisagem\/#breadcrumb","itemListElement":[{"@type":"ListItem","position":1,"name":"In\u00edcio","item":"https:\/\/portaltela.pt\/"},{"@type":"ListItem","position":2,"name":"Governo lan\u00e7a estrat\u00e9gia para reduzir polui\u00e7\u00e3o visual e valorizar paisagem"}]},{"@type":"WebSite","@id":"https:\/\/portaltela.pt\/#website","url":"https:\/\/portaltela.pt\/","name":"Portal Tela Portugal","description":"","potentialAction":[{"@type":"SearchAction","target":{"@type":"EntryPoint","urlTemplate":"https:\/\/portaltela.pt\/?s={search_term_string}"},"query-input":{"@type":"PropertyValueSpecification","valueRequired":true,"valueName":"search_term_string"}}],"inLanguage":"pt-PT"},{"@type":"Person","@id":"https:\/\/portaltela.pt\/#\/schema\/person\/c4278d4a6028830caff9ee44b42d32ed","name":"Telinha","image":{"@type":"ImageObject","inLanguage":"pt-PT","@id":"https:\/\/portaltela.pt\/s.01k8rhncp4jt1\/2025\/11\/talking-bot-125x125.png","url":"https:\/\/portaltela.pt\/s.01k8rhncp4jt1\/2025\/11\/talking-bot-125x125.png","contentUrl":"https:\/\/portaltela.pt\/s.01k8rhncp4jt1\/2025\/11\/talking-bot-125x125.png","caption":"Telinha"},"sameAs":["https:\/\/portaltela.pt\/"],"url":"https:\/\/portaltela.pt\/por\/367410592786\/"}]}},"_links":{"self":[{"href":"https:\/\/portaltela.pt\/api\/wp\/v2\/posts\/139706","targetHints":{"allow":["GET"]}}],"collection":[{"href":"https:\/\/portaltela.pt\/api\/wp\/v2\/posts"}],"about":[{"href":"https:\/\/portaltela.pt\/api\/wp\/v2\/types\/post"}],"author":[{"embeddable":true,"href":"https:\/\/portaltela.pt\/api\/wp\/v2\/users\/2"}],"replies":[{"embeddable":true,"href":"https:\/\/portaltela.pt\/api\/wp\/v2\/comments?post=139706"}],"version-history":[{"count":0,"href":"https:\/\/portaltela.pt\/api\/wp\/v2\/posts\/139706\/revisions"}],"wp:featuredmedia":[{"embeddable":true,"href":"https:\/\/portaltela.pt\/api\/wp\/v2\/media\/139717"}],"wp:attachment":[{"href":"https:\/\/portaltela.pt\/api\/wp\/v2\/media?parent=139706"}],"wp:term":[{"taxonomy":"category","embeddable":true,"href":"https:\/\/portaltela.pt\/api\/wp\/v2\/categories?post=139706"},{"taxonomy":"post_tag","embeddable":true,"href":"https:\/\/portaltela.pt\/api\/wp\/v2\/tags?post=139706"}],"curies":[{"name":"wp","href":"https:\/\/api.w.org\/{rel}","templated":true}]}}