{"id":139671,"date":"2026-01-13T16:59:00","date_gmt":"2026-01-13T19:59:00","guid":{"rendered":"https:\/\/portaltela.pt\/noticias\/2026\/01\/13\/governo-aponta-medidas-para-reduzir-poluicao-visual\/"},"modified":"2026-01-13T16:59:00","modified_gmt":"2026-01-13T19:59:00","slug":"governo-aponta-medidas-para-reduzir-poluicao-visual","status":"publish","type":"post","link":"https:\/\/portaltela.pt\/noticias\/2026\/01\/13\/governo-aponta-medidas-para-reduzir-poluicao-visual\/","title":{"rendered":"Governo aponta medidas para reduzir polui\u00e7\u00e3o visual"},"content":{"rendered":"<p>O Governo vai criar uma estrat\u00e9gia para a polui\u00e7\u00e3o visual, visando valorizar a paisagem. A not\u00edcia foi revelada pela ministra do Ambiente, numa previs\u00e3o para 2026. O an\u00fancio aconteceu esta ter\u00e7a-feira.<\/p>\n<p>Al\u00e9m de manter temas de \u00e1gua, como uso de \u00e1guas residuais tratadas e combate a perdas, o plano inclui defesa do lince e do lobo, obras diversas e a oferta de um conjunto de programas ambientais para o ano.<\/p>\n<p>A ministra explicou que a paisagem ganha protagonismo e que a estrat\u00e9gia vai considerar pain\u00e9is solares e publicit\u00e1rios, entre outros elementos, para melhorar a perce\u00e7\u00e3o p\u00fablica do territ\u00f3rio.<\/p>\n<h3>Medidas previstas<\/h3>\n<p>Na \u00e1rea dos res\u00edduos, o ano inicia a 10 de abril com o sistema de dep\u00f3sito com retorno, com m\u00e1quinas em todo o pa\u00eds que devolvem 10 c\u00eantimos por cada embalagem de pl\u00e1stico ou metal.<\/p>\n<p>Maria da Gra\u00e7a Carvalho reconheceu que os res\u00edduos s\u00e3o um problema em Portugal, que produz mais do que muitos pares europeus e est\u00e1 a aumentar. Pretende acordos com grandes superf\u00edcies para reduzir embalagens e promover a venda a granel, seguindo exemplos como a B\u00e9lgica.<\/p>\n<p>O Minist\u00e9rio avan\u00e7ar\u00e1 ainda com a\u00e7\u00f5es sobre res\u00edduos biog\u00e9nicos, visando reduzir o desperd\u00edcio e criar substitutos para sacos de pl\u00e1stico de utiliza\u00e7\u00e3o \u00fanica isentos de taxa.<\/p>\n<h3>Continuidade de obras e fontes de financiamento<\/h3>\n<p>O ano ficar\u00e1 marcado pelo Fundo Social para o Clima, que funcionar\u00e1 de forma semelhante ao programa E-lar de substitui\u00e7\u00e3o de eletrodom\u00e9sticos. Continuar\u00e3o as obras de adapta\u00e7\u00e3o do litoral, a renaturaliza\u00e7\u00e3o de rios e a luta contra inunda\u00e7\u00f5es.<\/p>\n","protected":false},"excerpt":{"rendered":"<ul>\n<li>O Governo vai criar uma estrat\u00e9gia para a polui\u00e7\u00e3o visual, valorizando a paisagem, com foco em pain\u00e9is solares e pain\u00e9is publicit\u00e1rios, em 2026.<\/li>\n<li>O ano manter\u00e1 temas como \u00e1gua (aproveitamento de \u00e1guas residuais tratadas e perdas de \u00e1gua), defesa do lince e do lobo, e v\u00e1rias obras.<\/li>\n<li>Ser\u00e1 lan\u00e7ado um programa de redu\u00e7\u00e3o do ru\u00eddo, uma estrat\u00e9gia de adapta\u00e7\u00e3o \u00e0s altera\u00e7\u00f5es clim\u00e1ticas e uma estrat\u00e9gia sobre polui\u00e7\u00e3o visual.<\/li>\n<li>O sistema de dep\u00f3sito com retorno come\u00e7a a 10 de abril, com milhares de m\u00e1quinas no pa\u00eds e 10 c\u00eantimos devolvidos por embalagem.<\/li>\n<li>Segue ainda o funcionamento do Fundo Social para o Clima, obras de adapta\u00e7\u00e3o do litoral, renaturaliza\u00e7\u00e3o de rios e combate \u00e0s inunda\u00e7\u00f5es, com medidas para reduzir embalagens e promover venda a granel.<\/li>\n<\/ul>\n","protected":false},"author":2,"featured_media":139696,"comment_status":"closed","ping_status":"closed","sticky":false,"template":"","format":"standard","meta":{"footnotes":""},"categories":[],"tags":[1090,167,34,811,2949,645],"class_list":["post-139671","post","type-post","status-publish","format-standard","has-post-thumbnail","hentry","tag-agua","tag-ambiente","tag-governo","tag-protecao-ambiental","tag-renaturalizacao","tag-residuos"],"yoast_head":"<!-- This site is optimized with the Yoast SEO plugin v27.2 - https:\/\/yoast.com\/product\/yoast-seo-wordpress\/ -->\n<title>Governo aponta medidas para reduzir polui\u00e7\u00e3o visual - Portal Tela Portugal<\/title>\n<meta name=\"robots\" content=\"index, follow, max-snippet:-1, max-image-preview:large, max-video-preview:-1\" \/>\n<meta property=\"og:locale\" content=\"pt_PT\" \/>\n<meta property=\"og:type\" content=\"article\" \/>\n<meta property=\"og:title\" content=\"Governo aponta medidas para reduzir polui\u00e7\u00e3o visual - Portal Tela Portugal\" \/>\n<meta property=\"og:description\" content=\"O Governo vai criar uma estrat\u00e9gia para a polui\u00e7\u00e3o visual, valorizando a paisagem, com foco em pain\u00e9is solares e pain\u00e9is publicit\u00e1rios, em 2026. O ano manter\u00e1 temas como \u00e1gua (aproveitamento de \u00e1guas residuais tratadas e perdas de \u00e1gua), defesa do lince e do lobo, e v\u00e1rias obras. Ser\u00e1 lan\u00e7ado um programa de redu\u00e7\u00e3o do ru\u00eddo, uma estrat\u00e9gia de adapta\u00e7\u00e3o \u00e0s altera\u00e7\u00f5es clim\u00e1ticas e uma estrat\u00e9gia sobre polui\u00e7\u00e3o visual. O sistema de dep\u00f3sito com retorno come\u00e7a a 10 de abril, com milhares de m\u00e1quinas no pa\u00eds e 10 c\u00eantimos devolvidos por embalagem. Segue ainda o funcionamento do Fundo Social para o Clima, obras de adapta\u00e7\u00e3o do litoral, renaturaliza\u00e7\u00e3o de rios e combate \u00e0s inunda\u00e7\u00f5es, com medidas para reduzir embalagens e promover venda a granel.\" \/>\n<meta property=\"og:url\" content=\"https:\/\/portaltela.pt\/noticias\/2026\/01\/13\/governo-aponta-medidas-para-reduzir-poluicao-visual\/\" \/>\n<meta property=\"og:site_name\" content=\"Portal Tela Portugal\" \/>\n<meta property=\"article:published_time\" content=\"2026-01-13T19:59:00+00:00\" \/>\n<meta name=\"author\" content=\"Telinha\" \/>\n<meta name=\"twitter:card\" content=\"summary_large_image\" \/>\n<meta name=\"twitter:label1\" content=\"Escrito por\" \/>\n\t<meta name=\"twitter:data1\" content=\"Telinha\" \/>\n\t<meta name=\"twitter:label2\" content=\"Tempo estimado de leitura\" \/>\n\t<meta name=\"twitter:data2\" content=\"1 minuto\" \/>\n<script type=\"application\/ld+json\" class=\"yoast-schema-graph\">{\"@context\":\"https:\/\/schema.org\",\"@graph\":[{\"@type\":\"Article\",\"@id\":\"https:\/\/portaltela.pt\/noticias\/2026\/01\/13\/governo-aponta-medidas-para-reduzir-poluicao-visual\/#article\",\"isPartOf\":{\"@id\":\"https:\/\/portaltela.pt\/noticias\/2026\/01\/13\/governo-aponta-medidas-para-reduzir-poluicao-visual\/\"},\"author\":{\"name\":\"Telinha\",\"@id\":\"https:\/\/portaltela.pt\/#\/schema\/person\/c4278d4a6028830caff9ee44b42d32ed\"},\"headline\":\"Governo aponta medidas para reduzir polui\u00e7\u00e3o visual\",\"datePublished\":\"2026-01-13T19:59:00+00:00\",\"mainEntityOfPage\":{\"@id\":\"https:\/\/portaltela.pt\/noticias\/2026\/01\/13\/governo-aponta-medidas-para-reduzir-poluicao-visual\/\"},\"wordCount\":293,\"image\":{\"@id\":\"https:\/\/portaltela.pt\/noticias\/2026\/01\/13\/governo-aponta-medidas-para-reduzir-poluicao-visual\/#primaryimage\"},\"thumbnailUrl\":\"https:\/\/portaltela.pt\/s.01k8rhncp4jt1\/2026\/01\/45437824.jpg\",\"keywords\":[\"\u00e1gua\",\"ambiente\",\"governo\",\"prote\u00e7\u00e3o ambiental\",\"renaturaliza\u00e7\u00e3o\",\"res\u00edduos\"],\"inLanguage\":\"pt-PT\"},{\"@type\":\"WebPage\",\"@id\":\"https:\/\/portaltela.pt\/noticias\/2026\/01\/13\/governo-aponta-medidas-para-reduzir-poluicao-visual\/\",\"url\":\"https:\/\/portaltela.pt\/noticias\/2026\/01\/13\/governo-aponta-medidas-para-reduzir-poluicao-visual\/\",\"name\":\"Governo aponta medidas para reduzir polui\u00e7\u00e3o visual - Portal Tela Portugal\",\"isPartOf\":{\"@id\":\"https:\/\/portaltela.pt\/#website\"},\"primaryImageOfPage\":{\"@id\":\"https:\/\/portaltela.pt\/noticias\/2026\/01\/13\/governo-aponta-medidas-para-reduzir-poluicao-visual\/#primaryimage\"},\"image\":{\"@id\":\"https:\/\/portaltela.pt\/noticias\/2026\/01\/13\/governo-aponta-medidas-para-reduzir-poluicao-visual\/#primaryimage\"},\"thumbnailUrl\":\"https:\/\/portaltela.pt\/s.01k8rhncp4jt1\/2026\/01\/45437824.jpg\",\"datePublished\":\"2026-01-13T19:59:00+00:00\",\"author\":{\"@id\":\"https:\/\/portaltela.pt\/#\/schema\/person\/c4278d4a6028830caff9ee44b42d32ed\"},\"breadcrumb\":{\"@id\":\"https:\/\/portaltela.pt\/noticias\/2026\/01\/13\/governo-aponta-medidas-para-reduzir-poluicao-visual\/#breadcrumb\"},\"inLanguage\":\"pt-PT\",\"potentialAction\":[{\"@type\":\"ReadAction\",\"target\":[\"https:\/\/portaltela.pt\/noticias\/2026\/01\/13\/governo-aponta-medidas-para-reduzir-poluicao-visual\/\"]}]},{\"@type\":\"ImageObject\",\"inLanguage\":\"pt-PT\",\"@id\":\"https:\/\/portaltela.pt\/noticias\/2026\/01\/13\/governo-aponta-medidas-para-reduzir-poluicao-visual\/#primaryimage\",\"url\":\"https:\/\/portaltela.pt\/s.01k8rhncp4jt1\/2026\/01\/45437824.jpg\",\"contentUrl\":\"https:\/\/portaltela.pt\/s.01k8rhncp4jt1\/2026\/01\/45437824.jpg\",\"width\":796,\"height\":448,\"caption\":\"A ministra do Ambiente e Energia, Maria da Gra\u00e7a Carvalho, interv\u00e9m na confer\u00eancia de imprensa de apresenta\u00e7\u00e3o do E-LAR e do Bairros + Sustent\u00e1veis, programas para tornar as casas mais eficientes e de combate \u00e0 pobreza energ\u00e9tica, em Lisboa, 05 de agosto de 2025. RODRIGO ANTUNES\/LUSA\"},{\"@type\":\"BreadcrumbList\",\"@id\":\"https:\/\/portaltela.pt\/noticias\/2026\/01\/13\/governo-aponta-medidas-para-reduzir-poluicao-visual\/#breadcrumb\",\"itemListElement\":[{\"@type\":\"ListItem\",\"position\":1,\"name\":\"In\u00edcio\",\"item\":\"https:\/\/portaltela.pt\/\"},{\"@type\":\"ListItem\",\"position\":2,\"name\":\"Governo aponta medidas para reduzir polui\u00e7\u00e3o visual\"}]},{\"@type\":\"WebSite\",\"@id\":\"https:\/\/portaltela.pt\/#website\",\"url\":\"https:\/\/portaltela.pt\/\",\"name\":\"Portal Tela Portugal\",\"description\":\"\",\"potentialAction\":[{\"@type\":\"SearchAction\",\"target\":{\"@type\":\"EntryPoint\",\"urlTemplate\":\"https:\/\/portaltela.pt\/?s={search_term_string}\"},\"query-input\":{\"@type\":\"PropertyValueSpecification\",\"valueRequired\":true,\"valueName\":\"search_term_string\"}}],\"inLanguage\":\"pt-PT\"},{\"@type\":\"Person\",\"@id\":\"https:\/\/portaltela.pt\/#\/schema\/person\/c4278d4a6028830caff9ee44b42d32ed\",\"name\":\"Telinha\",\"image\":{\"@type\":\"ImageObject\",\"inLanguage\":\"pt-PT\",\"@id\":\"https:\/\/portaltela.pt\/s.01k8rhncp4jt1\/2025\/11\/talking-bot-125x125.png\",\"url\":\"https:\/\/portaltela.pt\/s.01k8rhncp4jt1\/2025\/11\/talking-bot-125x125.png\",\"contentUrl\":\"https:\/\/portaltela.pt\/s.01k8rhncp4jt1\/2025\/11\/talking-bot-125x125.png\",\"caption\":\"Telinha\"},\"sameAs\":[\"https:\/\/portaltela.pt\/\"],\"url\":\"https:\/\/portaltela.pt\/por\/367410592786\/\"}]}<\/script>\n<!-- \/ Yoast SEO plugin. -->","yoast_head_json":{"title":"Governo aponta medidas para reduzir polui\u00e7\u00e3o visual - Portal Tela Portugal","robots":{"index":"index","follow":"follow","max-snippet":"max-snippet:-1","max-image-preview":"max-image-preview:large","max-video-preview":"max-video-preview:-1"},"og_locale":"pt_PT","og_type":"article","og_title":"Governo aponta medidas para reduzir polui\u00e7\u00e3o visual - Portal Tela Portugal","og_description":"O Governo vai criar uma estrat\u00e9gia para a polui\u00e7\u00e3o visual, valorizando a paisagem, com foco em pain\u00e9is solares e pain\u00e9is publicit\u00e1rios, em 2026. O ano manter\u00e1 temas como \u00e1gua (aproveitamento de \u00e1guas residuais tratadas e perdas de \u00e1gua), defesa do lince e do lobo, e v\u00e1rias obras. Ser\u00e1 lan\u00e7ado um programa de redu\u00e7\u00e3o do ru\u00eddo, uma estrat\u00e9gia de adapta\u00e7\u00e3o \u00e0s altera\u00e7\u00f5es clim\u00e1ticas e uma estrat\u00e9gia sobre polui\u00e7\u00e3o visual. O sistema de dep\u00f3sito com retorno come\u00e7a a 10 de abril, com milhares de m\u00e1quinas no pa\u00eds e 10 c\u00eantimos devolvidos por embalagem. Segue ainda o funcionamento do Fundo Social para o Clima, obras de adapta\u00e7\u00e3o do litoral, renaturaliza\u00e7\u00e3o de rios e combate \u00e0s inunda\u00e7\u00f5es, com medidas para reduzir embalagens e promover venda a granel.","og_url":"https:\/\/portaltela.pt\/noticias\/2026\/01\/13\/governo-aponta-medidas-para-reduzir-poluicao-visual\/","og_site_name":"Portal Tela Portugal","article_published_time":"2026-01-13T19:59:00+00:00","author":"Telinha","twitter_card":"summary_large_image","twitter_misc":{"Escrito por":"Telinha","Tempo estimado de leitura":"1 minuto"},"schema":{"@context":"https:\/\/schema.org","@graph":[{"@type":"Article","@id":"https:\/\/portaltela.pt\/noticias\/2026\/01\/13\/governo-aponta-medidas-para-reduzir-poluicao-visual\/#article","isPartOf":{"@id":"https:\/\/portaltela.pt\/noticias\/2026\/01\/13\/governo-aponta-medidas-para-reduzir-poluicao-visual\/"},"author":{"name":"Telinha","@id":"https:\/\/portaltela.pt\/#\/schema\/person\/c4278d4a6028830caff9ee44b42d32ed"},"headline":"Governo aponta medidas para reduzir polui\u00e7\u00e3o visual","datePublished":"2026-01-13T19:59:00+00:00","mainEntityOfPage":{"@id":"https:\/\/portaltela.pt\/noticias\/2026\/01\/13\/governo-aponta-medidas-para-reduzir-poluicao-visual\/"},"wordCount":293,"image":{"@id":"https:\/\/portaltela.pt\/noticias\/2026\/01\/13\/governo-aponta-medidas-para-reduzir-poluicao-visual\/#primaryimage"},"thumbnailUrl":"https:\/\/portaltela.pt\/s.01k8rhncp4jt1\/2026\/01\/45437824.jpg","keywords":["\u00e1gua","ambiente","governo","prote\u00e7\u00e3o ambiental","renaturaliza\u00e7\u00e3o","res\u00edduos"],"inLanguage":"pt-PT"},{"@type":"WebPage","@id":"https:\/\/portaltela.pt\/noticias\/2026\/01\/13\/governo-aponta-medidas-para-reduzir-poluicao-visual\/","url":"https:\/\/portaltela.pt\/noticias\/2026\/01\/13\/governo-aponta-medidas-para-reduzir-poluicao-visual\/","name":"Governo aponta medidas para reduzir polui\u00e7\u00e3o visual - Portal Tela Portugal","isPartOf":{"@id":"https:\/\/portaltela.pt\/#website"},"primaryImageOfPage":{"@id":"https:\/\/portaltela.pt\/noticias\/2026\/01\/13\/governo-aponta-medidas-para-reduzir-poluicao-visual\/#primaryimage"},"image":{"@id":"https:\/\/portaltela.pt\/noticias\/2026\/01\/13\/governo-aponta-medidas-para-reduzir-poluicao-visual\/#primaryimage"},"thumbnailUrl":"https:\/\/portaltela.pt\/s.01k8rhncp4jt1\/2026\/01\/45437824.jpg","datePublished":"2026-01-13T19:59:00+00:00","author":{"@id":"https:\/\/portaltela.pt\/#\/schema\/person\/c4278d4a6028830caff9ee44b42d32ed"},"breadcrumb":{"@id":"https:\/\/portaltela.pt\/noticias\/2026\/01\/13\/governo-aponta-medidas-para-reduzir-poluicao-visual\/#breadcrumb"},"inLanguage":"pt-PT","potentialAction":[{"@type":"ReadAction","target":["https:\/\/portaltela.pt\/noticias\/2026\/01\/13\/governo-aponta-medidas-para-reduzir-poluicao-visual\/"]}]},{"@type":"ImageObject","inLanguage":"pt-PT","@id":"https:\/\/portaltela.pt\/noticias\/2026\/01\/13\/governo-aponta-medidas-para-reduzir-poluicao-visual\/#primaryimage","url":"https:\/\/portaltela.pt\/s.01k8rhncp4jt1\/2026\/01\/45437824.jpg","contentUrl":"https:\/\/portaltela.pt\/s.01k8rhncp4jt1\/2026\/01\/45437824.jpg","width":796,"height":448,"caption":"A ministra do Ambiente e Energia, Maria da Gra\u00e7a Carvalho, interv\u00e9m na confer\u00eancia de imprensa de apresenta\u00e7\u00e3o do E-LAR e do Bairros + Sustent\u00e1veis, programas para tornar as casas mais eficientes e de combate \u00e0 pobreza energ\u00e9tica, em Lisboa, 05 de agosto de 2025. RODRIGO ANTUNES\/LUSA"},{"@type":"BreadcrumbList","@id":"https:\/\/portaltela.pt\/noticias\/2026\/01\/13\/governo-aponta-medidas-para-reduzir-poluicao-visual\/#breadcrumb","itemListElement":[{"@type":"ListItem","position":1,"name":"In\u00edcio","item":"https:\/\/portaltela.pt\/"},{"@type":"ListItem","position":2,"name":"Governo aponta medidas para reduzir polui\u00e7\u00e3o visual"}]},{"@type":"WebSite","@id":"https:\/\/portaltela.pt\/#website","url":"https:\/\/portaltela.pt\/","name":"Portal Tela Portugal","description":"","potentialAction":[{"@type":"SearchAction","target":{"@type":"EntryPoint","urlTemplate":"https:\/\/portaltela.pt\/?s={search_term_string}"},"query-input":{"@type":"PropertyValueSpecification","valueRequired":true,"valueName":"search_term_string"}}],"inLanguage":"pt-PT"},{"@type":"Person","@id":"https:\/\/portaltela.pt\/#\/schema\/person\/c4278d4a6028830caff9ee44b42d32ed","name":"Telinha","image":{"@type":"ImageObject","inLanguage":"pt-PT","@id":"https:\/\/portaltela.pt\/s.01k8rhncp4jt1\/2025\/11\/talking-bot-125x125.png","url":"https:\/\/portaltela.pt\/s.01k8rhncp4jt1\/2025\/11\/talking-bot-125x125.png","contentUrl":"https:\/\/portaltela.pt\/s.01k8rhncp4jt1\/2025\/11\/talking-bot-125x125.png","caption":"Telinha"},"sameAs":["https:\/\/portaltela.pt\/"],"url":"https:\/\/portaltela.pt\/por\/367410592786\/"}]}},"_links":{"self":[{"href":"https:\/\/portaltela.pt\/api\/wp\/v2\/posts\/139671","targetHints":{"allow":["GET"]}}],"collection":[{"href":"https:\/\/portaltela.pt\/api\/wp\/v2\/posts"}],"about":[{"href":"https:\/\/portaltela.pt\/api\/wp\/v2\/types\/post"}],"author":[{"embeddable":true,"href":"https:\/\/portaltela.pt\/api\/wp\/v2\/users\/2"}],"replies":[{"embeddable":true,"href":"https:\/\/portaltela.pt\/api\/wp\/v2\/comments?post=139671"}],"version-history":[{"count":0,"href":"https:\/\/portaltela.pt\/api\/wp\/v2\/posts\/139671\/revisions"}],"wp:featuredmedia":[{"embeddable":true,"href":"https:\/\/portaltela.pt\/api\/wp\/v2\/media\/139696"}],"wp:attachment":[{"href":"https:\/\/portaltela.pt\/api\/wp\/v2\/media?parent=139671"}],"wp:term":[{"taxonomy":"category","embeddable":true,"href":"https:\/\/portaltela.pt\/api\/wp\/v2\/categories?post=139671"},{"taxonomy":"post_tag","embeddable":true,"href":"https:\/\/portaltela.pt\/api\/wp\/v2\/tags?post=139671"}],"curies":[{"name":"wp","href":"https:\/\/api.w.org\/{rel}","templated":true}]}}