{"id":139649,"date":"2026-01-13T17:10:00","date_gmt":"2026-01-13T20:10:00","guid":{"rendered":"https:\/\/portaltela.pt\/noticias\/2026\/01\/13\/ator-desaparece-apos-emissao-de-mandado-de-prisao-por-abuso-sexual-infantil\/"},"modified":"2026-01-13T17:10:00","modified_gmt":"2026-01-13T20:10:00","slug":"ator-desaparece-apos-emissao-de-mandado-de-prisao-por-abuso-sexual-infantil","status":"publish","type":"post","link":"https:\/\/portaltela.pt\/noticias\/2026\/01\/13\/ator-desaparece-apos-emissao-de-mandado-de-prisao-por-abuso-sexual-infantil\/","title":{"rendered":"Ator desaparece ap\u00f3s emiss\u00e3o de mandado de pris\u00e3o por abuso sexual infantil"},"content":{"rendered":"<p>Timothy Busfield, ator e realizador de 68 anos, est\u00e1 desaparecido ap\u00f3s a emiss\u00e3o de um mandado de pris\u00e3o por crimes sexuais contra menores, em Albuquerque, Novo M\u00e9xico. A investiga\u00e7\u00e3o envolve autoridades locais e federais, que trabalham na localiza\u00e7\u00e3o e deten\u00e7\u00e3o do artista.<\/p>\n<p>Segundo informa\u00e7\u00f5es da pol\u00edcia, o mandado veio ap\u00f3s den\u00fancias de aliciamento de dois g\u00e9meos de 11 anos, relativas a novembro de 2024. Os alegados incidentes ocorreram durante as filmagens da s\u00e9rie The Cleaning Lady, na qual Busfield atuava como realizador.<\/p>\n<h3>Investiga\u00e7\u00e3o e participa\u00e7\u00e3o das autoridades<\/h3>\n<p>O Departamento de Pol\u00edcia de Albuquerque confirmou que os agentes federais colaboram na localiza\u00e7\u00e3o do suspeito. O caso envolve alega\u00e7\u00f5es de contato sexual com menores no set de filmagens, incluindo convites para que as crian\u00e7as fossem tratadas como familiares.<\/p>\n<p>A den\u00fancia detalha que Busfield supostamente se aproximou das crian\u00e7as, pediu para que o chamassem de Tio Tim e realizou toques na barriga e nas pernas, mesmo contra a vontade dos menores. Um dos pais informou o epis\u00f3dio ao servi\u00e7o de prote\u00e7\u00e3o \u00e0 crian\u00e7a.<\/p>\n<h3>Contexto e hist\u00f3rico<\/h3>\n<p>De acordo com a den\u00fancia, o artista teria tocado as partes \u00edntimas de um dos meninos repetidamente no set, quando este tinha sete anos, com novos relatos no ano seguinte. Busfield nega as acusa\u00e7\u00f5es, alegando que os pais buscavam vingan\u00e7a pela n\u00e3o inclus\u00e3o dos filhos na \u00faltima temporada da s\u00e9rie.<\/p>\n<p>O caso acrescenta refer\u00eancias a um acordo de 1996 envolvendo o mesmo ator, no valor de 150 mil d\u00f3lares, relacionado com alega\u00e7\u00f5es de abuso de uma menor que trabalhava como figurante no filme Um Jogo Divertido. As autoridades n\u00e3o estimam prazos para a resolu\u00e7\u00e3o do presente caso.<\/p>\n","protected":false},"excerpt":{"rendered":"<ul>\n<li>O ator e realizador Timothy Busfield, de 68 anos, est\u00e1 desaparecido ap\u00f3s um mandado de pris\u00e3o por crimes sexuais contra dois menores de idade.<\/li>\n<li>Busfield \u00e9 acusado de dois crimes de contacto sexual com menor e um crime de abuso infantil no cen\u00e1rio da s\u00e9rie The Cleaning Lady, onde trabalhava como realizador.<\/li>\n<li>A investiga\u00e7\u00e3o teve in\u00edcio em novembro de 2024, ap\u00f3s a den\u00fancia de funcion\u00e1rios do Hospital da Universidade do Novo M\u00e9xico de que dois g\u00e9meos, de 11 anos, podiam estar a ser aliciados.<\/li>\n<li>O porta-voz do Departamento de Pol\u00edcia de Albuquerque afirmou que agentes federais ajudam as autoridades na localiza\u00e7\u00e3o e deten\u00e7\u00e3o do artista, que \u00e9 casado com a atriz Melissa Gilbert.<\/li>\n<li>Segundo a den\u00fancia, o artista ter\u00e1 aproximado-se dos menores durante as filmagens, dizendo que eles o chamassem de \u201cTio Tim\u201d e, em v\u00e1rias ocasi\u00f5es, tocado em partes \u00edntimas de um dos rapazes quando tinha sete anos, com alega\u00e7\u00f5es de repeti\u00e7\u00e3o no ano seguinte. Em defesa, Busfield alegou que os pais procuravam vingan\u00e7a por n\u00e3o terem os filhos convidados para a temporada final.<\/li>\n<\/ul>\n","protected":false},"author":2,"featured_media":139654,"comment_status":"closed","ping_status":"closed","sticky":false,"template":"","format":"standard","meta":{"footnotes":""},"categories":[1],"tags":[817,2998,147,2089,1600,217],"class_list":["post-139649","post","type-post","status-publish","format-standard","has-post-thumbnail","hentry","category-noticias","tag-abuso-de-menor-dependente-ou-em-situacao-vulneravel","tag-abuso-de-sexual-de-menor-dependente","tag-crime","tag-crimes-sexuais-contra-criancas","tag-estados-unidos","tag-investigacao-criminal"],"yoast_head":"<!-- This site is optimized with the Yoast SEO plugin v27.2 - https:\/\/yoast.com\/product\/yoast-seo-wordpress\/ -->\n<title>Ator desaparece ap\u00f3s emiss\u00e3o de mandado de pris\u00e3o por abuso sexual infantil - Portal Tela Portugal<\/title>\n<meta name=\"robots\" content=\"index, follow, max-snippet:-1, max-image-preview:large, max-video-preview:-1\" \/>\n<meta property=\"og:locale\" content=\"pt_PT\" \/>\n<meta property=\"og:type\" content=\"article\" \/>\n<meta property=\"og:title\" content=\"Ator desaparece ap\u00f3s emiss\u00e3o de mandado de pris\u00e3o por abuso sexual infantil - Portal Tela Portugal\" \/>\n<meta property=\"og:description\" content=\"O ator e realizador Timothy Busfield, de 68 anos, est\u00e1 desaparecido ap\u00f3s um mandado de pris\u00e3o por crimes sexuais contra dois menores de idade. Busfield \u00e9 acusado de dois crimes de contacto sexual com menor e um crime de abuso infantil no cen\u00e1rio da s\u00e9rie The Cleaning Lady, onde trabalhava como realizador. A investiga\u00e7\u00e3o teve in\u00edcio em novembro de 2024, ap\u00f3s a den\u00fancia de funcion\u00e1rios do Hospital da Universidade do Novo M\u00e9xico de que dois g\u00e9meos, de 11 anos, podiam estar a ser aliciados. O porta-voz do Departamento de Pol\u00edcia de Albuquerque afirmou que agentes federais ajudam as autoridades na localiza\u00e7\u00e3o e deten\u00e7\u00e3o do artista, que \u00e9 casado com a atriz Melissa Gilbert. Segundo a den\u00fancia, o artista ter\u00e1 aproximado-se dos menores durante as filmagens, dizendo que eles o chamassem de \u201cTio Tim\u201d e, em v\u00e1rias ocasi\u00f5es, tocado em partes \u00edntimas de um dos rapazes quando tinha sete anos, com alega\u00e7\u00f5es de repeti\u00e7\u00e3o no ano seguinte. Em defesa, Busfield alegou que os pais procuravam vingan\u00e7a por n\u00e3o terem os filhos convidados para a temporada final.\" \/>\n<meta property=\"og:url\" content=\"https:\/\/portaltela.pt\/noticias\/2026\/01\/13\/ator-desaparece-apos-emissao-de-mandado-de-prisao-por-abuso-sexual-infantil\/\" \/>\n<meta property=\"og:site_name\" content=\"Portal Tela Portugal\" \/>\n<meta property=\"article:published_time\" content=\"2026-01-13T20:10:00+00:00\" \/>\n<meta name=\"author\" content=\"Telinha\" \/>\n<meta name=\"twitter:card\" content=\"summary_large_image\" \/>\n<meta name=\"twitter:label1\" content=\"Escrito por\" \/>\n\t<meta name=\"twitter:data1\" content=\"Telinha\" \/>\n\t<meta name=\"twitter:label2\" content=\"Tempo estimado de leitura\" \/>\n\t<meta name=\"twitter:data2\" content=\"2 minutos\" \/>\n<script type=\"application\/ld+json\" class=\"yoast-schema-graph\">{\"@context\":\"https:\/\/schema.org\",\"@graph\":[{\"@type\":\"Article\",\"@id\":\"https:\/\/portaltela.pt\/noticias\/2026\/01\/13\/ator-desaparece-apos-emissao-de-mandado-de-prisao-por-abuso-sexual-infantil\/#article\",\"isPartOf\":{\"@id\":\"https:\/\/portaltela.pt\/noticias\/2026\/01\/13\/ator-desaparece-apos-emissao-de-mandado-de-prisao-por-abuso-sexual-infantil\/\"},\"author\":{\"name\":\"Telinha\",\"@id\":\"https:\/\/portaltela.pt\/#\/schema\/person\/c4278d4a6028830caff9ee44b42d32ed\"},\"headline\":\"Ator desaparece ap\u00f3s emiss\u00e3o de mandado de pris\u00e3o por abuso sexual infantil\",\"datePublished\":\"2026-01-13T20:10:00+00:00\",\"mainEntityOfPage\":{\"@id\":\"https:\/\/portaltela.pt\/noticias\/2026\/01\/13\/ator-desaparece-apos-emissao-de-mandado-de-prisao-por-abuso-sexual-infantil\/\"},\"wordCount\":316,\"image\":{\"@id\":\"https:\/\/portaltela.pt\/noticias\/2026\/01\/13\/ator-desaparece-apos-emissao-de-mandado-de-prisao-por-abuso-sexual-infantil\/#primaryimage\"},\"thumbnailUrl\":\"https:\/\/portaltela.pt\/s.01k8rhncp4jt1\/2026\/01\/img_1280x718uu2026-01-13-12-29-39-2259817-im-639039044901656409.jpg\",\"keywords\":[\"abuso de menor dependente ou em situa\u00e7\u00e3o vulner\u00e1vel\",\"abuso de sexual de menor dependente\",\"crime\",\"crimes sexuais contra crian\u00e7as\",\"Estados Unidos\",\"investiga\u00e7\u00e3o criminal\"],\"articleSection\":[\"Not\u00edcias\"],\"inLanguage\":\"pt-PT\"},{\"@type\":\"WebPage\",\"@id\":\"https:\/\/portaltela.pt\/noticias\/2026\/01\/13\/ator-desaparece-apos-emissao-de-mandado-de-prisao-por-abuso-sexual-infantil\/\",\"url\":\"https:\/\/portaltela.pt\/noticias\/2026\/01\/13\/ator-desaparece-apos-emissao-de-mandado-de-prisao-por-abuso-sexual-infantil\/\",\"name\":\"Ator desaparece ap\u00f3s emiss\u00e3o de mandado de pris\u00e3o por abuso sexual infantil - Portal Tela Portugal\",\"isPartOf\":{\"@id\":\"https:\/\/portaltela.pt\/#website\"},\"primaryImageOfPage\":{\"@id\":\"https:\/\/portaltela.pt\/noticias\/2026\/01\/13\/ator-desaparece-apos-emissao-de-mandado-de-prisao-por-abuso-sexual-infantil\/#primaryimage\"},\"image\":{\"@id\":\"https:\/\/portaltela.pt\/noticias\/2026\/01\/13\/ator-desaparece-apos-emissao-de-mandado-de-prisao-por-abuso-sexual-infantil\/#primaryimage\"},\"thumbnailUrl\":\"https:\/\/portaltela.pt\/s.01k8rhncp4jt1\/2026\/01\/img_1280x718uu2026-01-13-12-29-39-2259817-im-639039044901656409.jpg\",\"datePublished\":\"2026-01-13T20:10:00+00:00\",\"author\":{\"@id\":\"https:\/\/portaltela.pt\/#\/schema\/person\/c4278d4a6028830caff9ee44b42d32ed\"},\"breadcrumb\":{\"@id\":\"https:\/\/portaltela.pt\/noticias\/2026\/01\/13\/ator-desaparece-apos-emissao-de-mandado-de-prisao-por-abuso-sexual-infantil\/#breadcrumb\"},\"inLanguage\":\"pt-PT\",\"potentialAction\":[{\"@type\":\"ReadAction\",\"target\":[\"https:\/\/portaltela.pt\/noticias\/2026\/01\/13\/ator-desaparece-apos-emissao-de-mandado-de-prisao-por-abuso-sexual-infantil\/\"]}]},{\"@type\":\"ImageObject\",\"inLanguage\":\"pt-PT\",\"@id\":\"https:\/\/portaltela.pt\/noticias\/2026\/01\/13\/ator-desaparece-apos-emissao-de-mandado-de-prisao-por-abuso-sexual-infantil\/#primaryimage\",\"url\":\"https:\/\/portaltela.pt\/s.01k8rhncp4jt1\/2026\/01\/img_1280x718uu2026-01-13-12-29-39-2259817-im-639039044901656409.jpg\",\"contentUrl\":\"https:\/\/portaltela.pt\/s.01k8rhncp4jt1\/2026\/01\/img_1280x718uu2026-01-13-12-29-39-2259817-im-639039044901656409.jpg\",\"width\":796,\"height\":448,\"caption\":\"Timothy Busfield em 'Lei & Ordem'\"},{\"@type\":\"BreadcrumbList\",\"@id\":\"https:\/\/portaltela.pt\/noticias\/2026\/01\/13\/ator-desaparece-apos-emissao-de-mandado-de-prisao-por-abuso-sexual-infantil\/#breadcrumb\",\"itemListElement\":[{\"@type\":\"ListItem\",\"position\":1,\"name\":\"In\u00edcio\",\"item\":\"https:\/\/portaltela.pt\/\"},{\"@type\":\"ListItem\",\"position\":2,\"name\":\"Ator desaparece ap\u00f3s emiss\u00e3o de mandado de pris\u00e3o por abuso sexual infantil\"}]},{\"@type\":\"WebSite\",\"@id\":\"https:\/\/portaltela.pt\/#website\",\"url\":\"https:\/\/portaltela.pt\/\",\"name\":\"Portal Tela Portugal\",\"description\":\"\",\"potentialAction\":[{\"@type\":\"SearchAction\",\"target\":{\"@type\":\"EntryPoint\",\"urlTemplate\":\"https:\/\/portaltela.pt\/?s={search_term_string}\"},\"query-input\":{\"@type\":\"PropertyValueSpecification\",\"valueRequired\":true,\"valueName\":\"search_term_string\"}}],\"inLanguage\":\"pt-PT\"},{\"@type\":\"Person\",\"@id\":\"https:\/\/portaltela.pt\/#\/schema\/person\/c4278d4a6028830caff9ee44b42d32ed\",\"name\":\"Telinha\",\"image\":{\"@type\":\"ImageObject\",\"inLanguage\":\"pt-PT\",\"@id\":\"https:\/\/portaltela.pt\/s.01k8rhncp4jt1\/2025\/11\/talking-bot-125x125.png\",\"url\":\"https:\/\/portaltela.pt\/s.01k8rhncp4jt1\/2025\/11\/talking-bot-125x125.png\",\"contentUrl\":\"https:\/\/portaltela.pt\/s.01k8rhncp4jt1\/2025\/11\/talking-bot-125x125.png\",\"caption\":\"Telinha\"},\"sameAs\":[\"https:\/\/portaltela.pt\/\"],\"url\":\"https:\/\/portaltela.pt\/por\/367410592786\/\"}]}<\/script>\n<!-- \/ Yoast SEO plugin. -->","yoast_head_json":{"title":"Ator desaparece ap\u00f3s emiss\u00e3o de mandado de pris\u00e3o por abuso sexual infantil - Portal Tela Portugal","robots":{"index":"index","follow":"follow","max-snippet":"max-snippet:-1","max-image-preview":"max-image-preview:large","max-video-preview":"max-video-preview:-1"},"og_locale":"pt_PT","og_type":"article","og_title":"Ator desaparece ap\u00f3s emiss\u00e3o de mandado de pris\u00e3o por abuso sexual infantil - Portal Tela Portugal","og_description":"O ator e realizador Timothy Busfield, de 68 anos, est\u00e1 desaparecido ap\u00f3s um mandado de pris\u00e3o por crimes sexuais contra dois menores de idade. Busfield \u00e9 acusado de dois crimes de contacto sexual com menor e um crime de abuso infantil no cen\u00e1rio da s\u00e9rie The Cleaning Lady, onde trabalhava como realizador. A investiga\u00e7\u00e3o teve in\u00edcio em novembro de 2024, ap\u00f3s a den\u00fancia de funcion\u00e1rios do Hospital da Universidade do Novo M\u00e9xico de que dois g\u00e9meos, de 11 anos, podiam estar a ser aliciados. O porta-voz do Departamento de Pol\u00edcia de Albuquerque afirmou que agentes federais ajudam as autoridades na localiza\u00e7\u00e3o e deten\u00e7\u00e3o do artista, que \u00e9 casado com a atriz Melissa Gilbert. Segundo a den\u00fancia, o artista ter\u00e1 aproximado-se dos menores durante as filmagens, dizendo que eles o chamassem de \u201cTio Tim\u201d e, em v\u00e1rias ocasi\u00f5es, tocado em partes \u00edntimas de um dos rapazes quando tinha sete anos, com alega\u00e7\u00f5es de repeti\u00e7\u00e3o no ano seguinte. Em defesa, Busfield alegou que os pais procuravam vingan\u00e7a por n\u00e3o terem os filhos convidados para a temporada final.","og_url":"https:\/\/portaltela.pt\/noticias\/2026\/01\/13\/ator-desaparece-apos-emissao-de-mandado-de-prisao-por-abuso-sexual-infantil\/","og_site_name":"Portal Tela Portugal","article_published_time":"2026-01-13T20:10:00+00:00","author":"Telinha","twitter_card":"summary_large_image","twitter_misc":{"Escrito por":"Telinha","Tempo estimado de leitura":"2 minutos"},"schema":{"@context":"https:\/\/schema.org","@graph":[{"@type":"Article","@id":"https:\/\/portaltela.pt\/noticias\/2026\/01\/13\/ator-desaparece-apos-emissao-de-mandado-de-prisao-por-abuso-sexual-infantil\/#article","isPartOf":{"@id":"https:\/\/portaltela.pt\/noticias\/2026\/01\/13\/ator-desaparece-apos-emissao-de-mandado-de-prisao-por-abuso-sexual-infantil\/"},"author":{"name":"Telinha","@id":"https:\/\/portaltela.pt\/#\/schema\/person\/c4278d4a6028830caff9ee44b42d32ed"},"headline":"Ator desaparece ap\u00f3s emiss\u00e3o de mandado de pris\u00e3o por abuso sexual infantil","datePublished":"2026-01-13T20:10:00+00:00","mainEntityOfPage":{"@id":"https:\/\/portaltela.pt\/noticias\/2026\/01\/13\/ator-desaparece-apos-emissao-de-mandado-de-prisao-por-abuso-sexual-infantil\/"},"wordCount":316,"image":{"@id":"https:\/\/portaltela.pt\/noticias\/2026\/01\/13\/ator-desaparece-apos-emissao-de-mandado-de-prisao-por-abuso-sexual-infantil\/#primaryimage"},"thumbnailUrl":"https:\/\/portaltela.pt\/s.01k8rhncp4jt1\/2026\/01\/img_1280x718uu2026-01-13-12-29-39-2259817-im-639039044901656409.jpg","keywords":["abuso de menor dependente ou em situa\u00e7\u00e3o vulner\u00e1vel","abuso de sexual de menor dependente","crime","crimes sexuais contra crian\u00e7as","Estados Unidos","investiga\u00e7\u00e3o criminal"],"articleSection":["Not\u00edcias"],"inLanguage":"pt-PT"},{"@type":"WebPage","@id":"https:\/\/portaltela.pt\/noticias\/2026\/01\/13\/ator-desaparece-apos-emissao-de-mandado-de-prisao-por-abuso-sexual-infantil\/","url":"https:\/\/portaltela.pt\/noticias\/2026\/01\/13\/ator-desaparece-apos-emissao-de-mandado-de-prisao-por-abuso-sexual-infantil\/","name":"Ator desaparece ap\u00f3s emiss\u00e3o de mandado de pris\u00e3o por abuso sexual infantil - Portal Tela Portugal","isPartOf":{"@id":"https:\/\/portaltela.pt\/#website"},"primaryImageOfPage":{"@id":"https:\/\/portaltela.pt\/noticias\/2026\/01\/13\/ator-desaparece-apos-emissao-de-mandado-de-prisao-por-abuso-sexual-infantil\/#primaryimage"},"image":{"@id":"https:\/\/portaltela.pt\/noticias\/2026\/01\/13\/ator-desaparece-apos-emissao-de-mandado-de-prisao-por-abuso-sexual-infantil\/#primaryimage"},"thumbnailUrl":"https:\/\/portaltela.pt\/s.01k8rhncp4jt1\/2026\/01\/img_1280x718uu2026-01-13-12-29-39-2259817-im-639039044901656409.jpg","datePublished":"2026-01-13T20:10:00+00:00","author":{"@id":"https:\/\/portaltela.pt\/#\/schema\/person\/c4278d4a6028830caff9ee44b42d32ed"},"breadcrumb":{"@id":"https:\/\/portaltela.pt\/noticias\/2026\/01\/13\/ator-desaparece-apos-emissao-de-mandado-de-prisao-por-abuso-sexual-infantil\/#breadcrumb"},"inLanguage":"pt-PT","potentialAction":[{"@type":"ReadAction","target":["https:\/\/portaltela.pt\/noticias\/2026\/01\/13\/ator-desaparece-apos-emissao-de-mandado-de-prisao-por-abuso-sexual-infantil\/"]}]},{"@type":"ImageObject","inLanguage":"pt-PT","@id":"https:\/\/portaltela.pt\/noticias\/2026\/01\/13\/ator-desaparece-apos-emissao-de-mandado-de-prisao-por-abuso-sexual-infantil\/#primaryimage","url":"https:\/\/portaltela.pt\/s.01k8rhncp4jt1\/2026\/01\/img_1280x718uu2026-01-13-12-29-39-2259817-im-639039044901656409.jpg","contentUrl":"https:\/\/portaltela.pt\/s.01k8rhncp4jt1\/2026\/01\/img_1280x718uu2026-01-13-12-29-39-2259817-im-639039044901656409.jpg","width":796,"height":448,"caption":"Timothy Busfield em 'Lei & Ordem'"},{"@type":"BreadcrumbList","@id":"https:\/\/portaltela.pt\/noticias\/2026\/01\/13\/ator-desaparece-apos-emissao-de-mandado-de-prisao-por-abuso-sexual-infantil\/#breadcrumb","itemListElement":[{"@type":"ListItem","position":1,"name":"In\u00edcio","item":"https:\/\/portaltela.pt\/"},{"@type":"ListItem","position":2,"name":"Ator desaparece ap\u00f3s emiss\u00e3o de mandado de pris\u00e3o por abuso sexual infantil"}]},{"@type":"WebSite","@id":"https:\/\/portaltela.pt\/#website","url":"https:\/\/portaltela.pt\/","name":"Portal Tela Portugal","description":"","potentialAction":[{"@type":"SearchAction","target":{"@type":"EntryPoint","urlTemplate":"https:\/\/portaltela.pt\/?s={search_term_string}"},"query-input":{"@type":"PropertyValueSpecification","valueRequired":true,"valueName":"search_term_string"}}],"inLanguage":"pt-PT"},{"@type":"Person","@id":"https:\/\/portaltela.pt\/#\/schema\/person\/c4278d4a6028830caff9ee44b42d32ed","name":"Telinha","image":{"@type":"ImageObject","inLanguage":"pt-PT","@id":"https:\/\/portaltela.pt\/s.01k8rhncp4jt1\/2025\/11\/talking-bot-125x125.png","url":"https:\/\/portaltela.pt\/s.01k8rhncp4jt1\/2025\/11\/talking-bot-125x125.png","contentUrl":"https:\/\/portaltela.pt\/s.01k8rhncp4jt1\/2025\/11\/talking-bot-125x125.png","caption":"Telinha"},"sameAs":["https:\/\/portaltela.pt\/"],"url":"https:\/\/portaltela.pt\/por\/367410592786\/"}]}},"_links":{"self":[{"href":"https:\/\/portaltela.pt\/api\/wp\/v2\/posts\/139649","targetHints":{"allow":["GET"]}}],"collection":[{"href":"https:\/\/portaltela.pt\/api\/wp\/v2\/posts"}],"about":[{"href":"https:\/\/portaltela.pt\/api\/wp\/v2\/types\/post"}],"author":[{"embeddable":true,"href":"https:\/\/portaltela.pt\/api\/wp\/v2\/users\/2"}],"replies":[{"embeddable":true,"href":"https:\/\/portaltela.pt\/api\/wp\/v2\/comments?post=139649"}],"version-history":[{"count":0,"href":"https:\/\/portaltela.pt\/api\/wp\/v2\/posts\/139649\/revisions"}],"wp:featuredmedia":[{"embeddable":true,"href":"https:\/\/portaltela.pt\/api\/wp\/v2\/media\/139654"}],"wp:attachment":[{"href":"https:\/\/portaltela.pt\/api\/wp\/v2\/media?parent=139649"}],"wp:term":[{"taxonomy":"category","embeddable":true,"href":"https:\/\/portaltela.pt\/api\/wp\/v2\/categories?post=139649"},{"taxonomy":"post_tag","embeddable":true,"href":"https:\/\/portaltela.pt\/api\/wp\/v2\/tags?post=139649"}],"curies":[{"name":"wp","href":"https:\/\/api.w.org\/{rel}","templated":true}]}}