{"id":139460,"date":"2026-01-13T16:12:54","date_gmt":"2026-01-13T19:12:54","guid":{"rendered":"https:\/\/portaltela.pt\/noticias\/2026\/01\/13\/portugal-avanca-para-27-de-oceano-protegido-afirma-ministra-do-ambiente\/"},"modified":"2026-01-13T16:12:54","modified_gmt":"2026-01-13T19:12:54","slug":"portugal-avanca-para-27-de-oceano-protegido-afirma-ministra-do-ambiente","status":"publish","type":"post","link":"https:\/\/portaltela.pt\/noticias\/2026\/01\/13\/portugal-avanca-para-27-de-oceano-protegido-afirma-ministra-do-ambiente\/","title":{"rendered":"Portugal avan\u00e7a para 27% de oceano protegido, afirma ministra do Ambiente"},"content":{"rendered":"<p>Portugal aproxima-se de 27% de oceano protegido com a cria\u00e7\u00e3o da reserva natural de Madeira-Tore e Banco de Gorringe, anunciou a ministra do Ambiente, Maria da Gra\u00e7a Carvalho. O balan\u00e7o de 2025 destacou a RAMPA elogiada mundialmente.<\/p>\n<p>A ministra disse que o objetivo das Na\u00e7\u00f5es Unidas de 30% at\u00e9 2030 fica mais pr\u00f3ximo assim que a nova AMP estiver conclu\u00edda, associada a outras, nomeadamente a rede de \u00e1reas protegidas dos A\u00e7ores. N\u00e3o h\u00e1 decis\u00e3o sobre a pr\u00f3xima AMP, explicou.<\/p>\n<p>Sobre o debate no parlamento dos A\u00e7ores, a prop\u00f3sito da pesca do atum em zonas protegidas, Carvalho espera mudan\u00e7a de opini\u00e3o do PS. A hip\u00f3tese foi apresentada numa proposta, ap\u00f3s compromissos com pescadores aprovados terem surgido novas exig\u00eancias.<\/p>\n<h3>Plano de prote\u00e7\u00e3o do oceano e da \u00e1gua<\/h3>\n<p>No balan\u00e7o \u00e0 Lusa, a chefe do Ambiente apontou ainda para a liga\u00e7\u00e3o entre a barragem de Santa Clara, no Alentejo, e o Algarve, como tema a estudar. A ministra admitiu que \u00e9 preciso olhar para outras regi\u00f5es, com foco nos rios Mira e Sado.<\/p>\n<p>Relativamente \u00e0 dessalinizadora em Sines, Carvalho disse que a infra-estrutura proposta pode n\u00e3o chegar para uso agr\u00edcola, sugerindo outra unidade aparte da j\u00e1 planeada, que ter\u00e1 finalidade industrial. Tamb\u00e9m foi referida a necessidade de refor\u00e7ar a qualidade da \u00e1gua para uso agr\u00edcola.<\/p>\n<p>A l\u00edder pol\u00edtica frisou ainda que o Minist\u00e9rio est\u00e1 a mapear a situa\u00e7\u00e3o das ETAR, sujeitas a leis europeias rigorosas. Existem infraestruturas ainda por melhorar ou reconstruir, com apenas um processo em tribunal relacionado \u00e0 ETAR de Pereira do Campo.<\/p>\n<h3>Progresso ambiental e \u00e1reas protegidas<\/h3>\n<p>Sobre as zonas especiais de conserva\u00e7\u00e3o (ZEC), Carvalho informou que 47 das 61 propostas j\u00e1 foram aprovadas. As restantes encontram-se quase todas acordadas, faltando apenas Moura, com conclus\u00e3o prevista at\u00e9 mar\u00e7o.<\/p>\n<p>No que toca \u00e0 RAMPA, a ministra reiterou o reconhecimento internacional pelas a\u00e7\u00f5es, apesar de considerar que a sugest\u00e3o atual pode \u201cmanchar\u201d conquistas j\u00e1 alcan\u00e7adas. O relat\u00f3rio de 2024 destacou avan\u00e7os na prote\u00e7\u00e3o marinha.<\/p>\n","protected":false},"excerpt":{"rendered":"<ul>\n<li>Portugal dever\u00e1 chegar a 27% de oceano protegido com a cria\u00e7\u00e3o da reserva natural de Madeira-Tore e Banco de Gorringe, afirmou a ministra do Ambiente, Maria da Gra\u00e7a Carvalho.<\/li>\n<li>A ministra elogiou a RAMPA (Rede de \u00c1reas Marinhas Protegidas dos A\u00e7ores) a n\u00edvel mundial, mas disse que a sugest\u00e3o \u201cmancha\u201d o que j\u00e1 foi feito.<\/li>\n<li>Com a concretiza\u00e7\u00e3o de novas AMP e a rede dos A\u00e7ores, Portugal aproxima-se do objetivo das Na\u00e7\u00f5es Unidas de 30% de oceano protegido at\u00e9 2030.<\/li>\n<li>O Governo estuda a liga\u00e7\u00e3o entre a barragem de Santa Clara (Alentejo) e o Algarve, preocupa-se com os rios Mira e Sado e admite que uma segunda dessalinizadora em Sines pode ser \u00fatil para a regi\u00e3o agr\u00edcola.<\/li>\n<li>No que diz respeito \u00e0s \u00e1guas residuais, est\u00e1 a realizar-se um levantamento; h\u00e1 incumprimentos identificados e apenas um processo em tribunal europeu, referente \u00e0 ETAR de Pereira do Campo; 47 das 61 zonas especiais de conserva\u00e7\u00e3o (ZEC) est\u00e3o aprovadas, com as restantes praticamente acordadas, faltando Moura at\u00e9 mar\u00e7o.<\/li>\n<\/ul>\n","protected":false},"author":2,"featured_media":139468,"comment_status":"closed","ping_status":"closed","sticky":false,"template":"","format":"standard","meta":{"footnotes":""},"categories":[1],"tags":[1503,822,1090,859,811,2962],"class_list":["post-139460","post","type-post","status-publish","format-standard","has-post-thumbnail","hentry","category-noticias","tag-abastecimento-de-agua","tag-acores","tag-agua","tag-madeira","tag-protecao-ambiental","tag-rampa"],"yoast_head":"<!-- This site is optimized with the Yoast SEO plugin v27.2 - https:\/\/yoast.com\/product\/yoast-seo-wordpress\/ -->\n<title>Portugal avan\u00e7a para 27% de oceano protegido, afirma ministra do Ambiente - Portal Tela Portugal<\/title>\n<meta name=\"robots\" content=\"index, follow, max-snippet:-1, max-image-preview:large, max-video-preview:-1\" \/>\n<meta property=\"og:locale\" content=\"pt_PT\" \/>\n<meta property=\"og:type\" content=\"article\" \/>\n<meta property=\"og:title\" content=\"Portugal avan\u00e7a para 27% de oceano protegido, afirma ministra do Ambiente - Portal Tela Portugal\" \/>\n<meta property=\"og:description\" content=\"Portugal dever\u00e1 chegar a 27% de oceano protegido com a cria\u00e7\u00e3o da reserva natural de Madeira-Tore e Banco de Gorringe, afirmou a ministra do Ambiente, Maria da Gra\u00e7a Carvalho. A ministra elogiou a RAMPA (Rede de \u00c1reas Marinhas Protegidas dos A\u00e7ores) a n\u00edvel mundial, mas disse que a sugest\u00e3o \u201cmancha\u201d o que j\u00e1 foi feito. Com a concretiza\u00e7\u00e3o de novas AMP e a rede dos A\u00e7ores, Portugal aproxima-se do objetivo das Na\u00e7\u00f5es Unidas de 30% de oceano protegido at\u00e9 2030. O Governo estuda a liga\u00e7\u00e3o entre a barragem de Santa Clara (Alentejo) e o Algarve, preocupa-se com os rios Mira e Sado e admite que uma segunda dessalinizadora em Sines pode ser \u00fatil para a regi\u00e3o agr\u00edcola. No que diz respeito \u00e0s \u00e1guas residuais, est\u00e1 a realizar-se um levantamento; h\u00e1 incumprimentos identificados e apenas um processo em tribunal europeu, referente \u00e0 ETAR de Pereira do Campo; 47 das 61 zonas especiais de conserva\u00e7\u00e3o (ZEC) est\u00e3o aprovadas, com as restantes praticamente acordadas, faltando Moura at\u00e9 mar\u00e7o.\" \/>\n<meta property=\"og:url\" content=\"https:\/\/portaltela.pt\/noticias\/2026\/01\/13\/portugal-avanca-para-27-de-oceano-protegido-afirma-ministra-do-ambiente\/\" \/>\n<meta property=\"og:site_name\" content=\"Portal Tela Portugal\" \/>\n<meta property=\"article:published_time\" content=\"2026-01-13T19:12:54+00:00\" \/>\n<meta name=\"author\" content=\"Telinha\" \/>\n<meta name=\"twitter:card\" content=\"summary_large_image\" \/>\n<meta name=\"twitter:label1\" content=\"Escrito por\" \/>\n\t<meta name=\"twitter:data1\" content=\"Telinha\" \/>\n\t<meta name=\"twitter:label2\" content=\"Tempo estimado de leitura\" \/>\n\t<meta name=\"twitter:data2\" content=\"2 minutos\" \/>\n<script type=\"application\/ld+json\" class=\"yoast-schema-graph\">{\"@context\":\"https:\/\/schema.org\",\"@graph\":[{\"@type\":\"Article\",\"@id\":\"https:\/\/portaltela.pt\/noticias\/2026\/01\/13\/portugal-avanca-para-27-de-oceano-protegido-afirma-ministra-do-ambiente\/#article\",\"isPartOf\":{\"@id\":\"https:\/\/portaltela.pt\/noticias\/2026\/01\/13\/portugal-avanca-para-27-de-oceano-protegido-afirma-ministra-do-ambiente\/\"},\"author\":{\"name\":\"Telinha\",\"@id\":\"https:\/\/portaltela.pt\/#\/schema\/person\/c4278d4a6028830caff9ee44b42d32ed\"},\"headline\":\"Portugal avan\u00e7a para 27% de oceano protegido, afirma ministra do Ambiente\",\"datePublished\":\"2026-01-13T19:12:54+00:00\",\"mainEntityOfPage\":{\"@id\":\"https:\/\/portaltela.pt\/noticias\/2026\/01\/13\/portugal-avanca-para-27-de-oceano-protegido-afirma-ministra-do-ambiente\/\"},\"wordCount\":360,\"image\":{\"@id\":\"https:\/\/portaltela.pt\/noticias\/2026\/01\/13\/portugal-avanca-para-27-de-oceano-protegido-afirma-ministra-do-ambiente\/#primaryimage\"},\"thumbnailUrl\":\"https:\/\/portaltela.pt\/s.01k8rhncp4jt1\/2026\/01\/img_1500x1000uu2024-11-18-13-29-37-2178026-1.jpg\",\"keywords\":[\"abastecimento de \u00e1gua\",\"A\u00e7ores\",\"\u00e1gua\",\"Madeira\",\"prote\u00e7\u00e3o ambiental\",\"RAMPA\"],\"articleSection\":[\"Not\u00edcias\"],\"inLanguage\":\"pt-PT\"},{\"@type\":\"WebPage\",\"@id\":\"https:\/\/portaltela.pt\/noticias\/2026\/01\/13\/portugal-avanca-para-27-de-oceano-protegido-afirma-ministra-do-ambiente\/\",\"url\":\"https:\/\/portaltela.pt\/noticias\/2026\/01\/13\/portugal-avanca-para-27-de-oceano-protegido-afirma-ministra-do-ambiente\/\",\"name\":\"Portugal avan\u00e7a para 27% de oceano protegido, afirma ministra do Ambiente - Portal Tela Portugal\",\"isPartOf\":{\"@id\":\"https:\/\/portaltela.pt\/#website\"},\"primaryImageOfPage\":{\"@id\":\"https:\/\/portaltela.pt\/noticias\/2026\/01\/13\/portugal-avanca-para-27-de-oceano-protegido-afirma-ministra-do-ambiente\/#primaryimage\"},\"image\":{\"@id\":\"https:\/\/portaltela.pt\/noticias\/2026\/01\/13\/portugal-avanca-para-27-de-oceano-protegido-afirma-ministra-do-ambiente\/#primaryimage\"},\"thumbnailUrl\":\"https:\/\/portaltela.pt\/s.01k8rhncp4jt1\/2026\/01\/img_1500x1000uu2024-11-18-13-29-37-2178026-1.jpg\",\"datePublished\":\"2026-01-13T19:12:54+00:00\",\"author\":{\"@id\":\"https:\/\/portaltela.pt\/#\/schema\/person\/c4278d4a6028830caff9ee44b42d32ed\"},\"breadcrumb\":{\"@id\":\"https:\/\/portaltela.pt\/noticias\/2026\/01\/13\/portugal-avanca-para-27-de-oceano-protegido-afirma-ministra-do-ambiente\/#breadcrumb\"},\"inLanguage\":\"pt-PT\",\"potentialAction\":[{\"@type\":\"ReadAction\",\"target\":[\"https:\/\/portaltela.pt\/noticias\/2026\/01\/13\/portugal-avanca-para-27-de-oceano-protegido-afirma-ministra-do-ambiente\/\"]}]},{\"@type\":\"ImageObject\",\"inLanguage\":\"pt-PT\",\"@id\":\"https:\/\/portaltela.pt\/noticias\/2026\/01\/13\/portugal-avanca-para-27-de-oceano-protegido-afirma-ministra-do-ambiente\/#primaryimage\",\"url\":\"https:\/\/portaltela.pt\/s.01k8rhncp4jt1\/2026\/01\/img_1500x1000uu2024-11-18-13-29-37-2178026-1.jpg\",\"contentUrl\":\"https:\/\/portaltela.pt\/s.01k8rhncp4jt1\/2026\/01\/img_1500x1000uu2024-11-18-13-29-37-2178026-1.jpg\",\"width\":796,\"height\":448,\"caption\":\"Oceano Atl\u00e2ntico\"},{\"@type\":\"BreadcrumbList\",\"@id\":\"https:\/\/portaltela.pt\/noticias\/2026\/01\/13\/portugal-avanca-para-27-de-oceano-protegido-afirma-ministra-do-ambiente\/#breadcrumb\",\"itemListElement\":[{\"@type\":\"ListItem\",\"position\":1,\"name\":\"In\u00edcio\",\"item\":\"https:\/\/portaltela.pt\/\"},{\"@type\":\"ListItem\",\"position\":2,\"name\":\"Portugal avan\u00e7a para 27% de oceano protegido, afirma ministra do Ambiente\"}]},{\"@type\":\"WebSite\",\"@id\":\"https:\/\/portaltela.pt\/#website\",\"url\":\"https:\/\/portaltela.pt\/\",\"name\":\"Portal Tela Portugal\",\"description\":\"\",\"potentialAction\":[{\"@type\":\"SearchAction\",\"target\":{\"@type\":\"EntryPoint\",\"urlTemplate\":\"https:\/\/portaltela.pt\/?s={search_term_string}\"},\"query-input\":{\"@type\":\"PropertyValueSpecification\",\"valueRequired\":true,\"valueName\":\"search_term_string\"}}],\"inLanguage\":\"pt-PT\"},{\"@type\":\"Person\",\"@id\":\"https:\/\/portaltela.pt\/#\/schema\/person\/c4278d4a6028830caff9ee44b42d32ed\",\"name\":\"Telinha\",\"image\":{\"@type\":\"ImageObject\",\"inLanguage\":\"pt-PT\",\"@id\":\"https:\/\/portaltela.pt\/s.01k8rhncp4jt1\/2025\/11\/talking-bot-125x125.png\",\"url\":\"https:\/\/portaltela.pt\/s.01k8rhncp4jt1\/2025\/11\/talking-bot-125x125.png\",\"contentUrl\":\"https:\/\/portaltela.pt\/s.01k8rhncp4jt1\/2025\/11\/talking-bot-125x125.png\",\"caption\":\"Telinha\"},\"sameAs\":[\"https:\/\/portaltela.pt\/\"],\"url\":\"https:\/\/portaltela.pt\/por\/367410592786\/\"}]}<\/script>\n<!-- \/ Yoast SEO plugin. -->","yoast_head_json":{"title":"Portugal avan\u00e7a para 27% de oceano protegido, afirma ministra do Ambiente - Portal Tela Portugal","robots":{"index":"index","follow":"follow","max-snippet":"max-snippet:-1","max-image-preview":"max-image-preview:large","max-video-preview":"max-video-preview:-1"},"og_locale":"pt_PT","og_type":"article","og_title":"Portugal avan\u00e7a para 27% de oceano protegido, afirma ministra do Ambiente - Portal Tela Portugal","og_description":"Portugal dever\u00e1 chegar a 27% de oceano protegido com a cria\u00e7\u00e3o da reserva natural de Madeira-Tore e Banco de Gorringe, afirmou a ministra do Ambiente, Maria da Gra\u00e7a Carvalho. A ministra elogiou a RAMPA (Rede de \u00c1reas Marinhas Protegidas dos A\u00e7ores) a n\u00edvel mundial, mas disse que a sugest\u00e3o \u201cmancha\u201d o que j\u00e1 foi feito. Com a concretiza\u00e7\u00e3o de novas AMP e a rede dos A\u00e7ores, Portugal aproxima-se do objetivo das Na\u00e7\u00f5es Unidas de 30% de oceano protegido at\u00e9 2030. O Governo estuda a liga\u00e7\u00e3o entre a barragem de Santa Clara (Alentejo) e o Algarve, preocupa-se com os rios Mira e Sado e admite que uma segunda dessalinizadora em Sines pode ser \u00fatil para a regi\u00e3o agr\u00edcola. No que diz respeito \u00e0s \u00e1guas residuais, est\u00e1 a realizar-se um levantamento; h\u00e1 incumprimentos identificados e apenas um processo em tribunal europeu, referente \u00e0 ETAR de Pereira do Campo; 47 das 61 zonas especiais de conserva\u00e7\u00e3o (ZEC) est\u00e3o aprovadas, com as restantes praticamente acordadas, faltando Moura at\u00e9 mar\u00e7o.","og_url":"https:\/\/portaltela.pt\/noticias\/2026\/01\/13\/portugal-avanca-para-27-de-oceano-protegido-afirma-ministra-do-ambiente\/","og_site_name":"Portal Tela Portugal","article_published_time":"2026-01-13T19:12:54+00:00","author":"Telinha","twitter_card":"summary_large_image","twitter_misc":{"Escrito por":"Telinha","Tempo estimado de leitura":"2 minutos"},"schema":{"@context":"https:\/\/schema.org","@graph":[{"@type":"Article","@id":"https:\/\/portaltela.pt\/noticias\/2026\/01\/13\/portugal-avanca-para-27-de-oceano-protegido-afirma-ministra-do-ambiente\/#article","isPartOf":{"@id":"https:\/\/portaltela.pt\/noticias\/2026\/01\/13\/portugal-avanca-para-27-de-oceano-protegido-afirma-ministra-do-ambiente\/"},"author":{"name":"Telinha","@id":"https:\/\/portaltela.pt\/#\/schema\/person\/c4278d4a6028830caff9ee44b42d32ed"},"headline":"Portugal avan\u00e7a para 27% de oceano protegido, afirma ministra do Ambiente","datePublished":"2026-01-13T19:12:54+00:00","mainEntityOfPage":{"@id":"https:\/\/portaltela.pt\/noticias\/2026\/01\/13\/portugal-avanca-para-27-de-oceano-protegido-afirma-ministra-do-ambiente\/"},"wordCount":360,"image":{"@id":"https:\/\/portaltela.pt\/noticias\/2026\/01\/13\/portugal-avanca-para-27-de-oceano-protegido-afirma-ministra-do-ambiente\/#primaryimage"},"thumbnailUrl":"https:\/\/portaltela.pt\/s.01k8rhncp4jt1\/2026\/01\/img_1500x1000uu2024-11-18-13-29-37-2178026-1.jpg","keywords":["abastecimento de \u00e1gua","A\u00e7ores","\u00e1gua","Madeira","prote\u00e7\u00e3o ambiental","RAMPA"],"articleSection":["Not\u00edcias"],"inLanguage":"pt-PT"},{"@type":"WebPage","@id":"https:\/\/portaltela.pt\/noticias\/2026\/01\/13\/portugal-avanca-para-27-de-oceano-protegido-afirma-ministra-do-ambiente\/","url":"https:\/\/portaltela.pt\/noticias\/2026\/01\/13\/portugal-avanca-para-27-de-oceano-protegido-afirma-ministra-do-ambiente\/","name":"Portugal avan\u00e7a para 27% de oceano protegido, afirma ministra do Ambiente - Portal Tela Portugal","isPartOf":{"@id":"https:\/\/portaltela.pt\/#website"},"primaryImageOfPage":{"@id":"https:\/\/portaltela.pt\/noticias\/2026\/01\/13\/portugal-avanca-para-27-de-oceano-protegido-afirma-ministra-do-ambiente\/#primaryimage"},"image":{"@id":"https:\/\/portaltela.pt\/noticias\/2026\/01\/13\/portugal-avanca-para-27-de-oceano-protegido-afirma-ministra-do-ambiente\/#primaryimage"},"thumbnailUrl":"https:\/\/portaltela.pt\/s.01k8rhncp4jt1\/2026\/01\/img_1500x1000uu2024-11-18-13-29-37-2178026-1.jpg","datePublished":"2026-01-13T19:12:54+00:00","author":{"@id":"https:\/\/portaltela.pt\/#\/schema\/person\/c4278d4a6028830caff9ee44b42d32ed"},"breadcrumb":{"@id":"https:\/\/portaltela.pt\/noticias\/2026\/01\/13\/portugal-avanca-para-27-de-oceano-protegido-afirma-ministra-do-ambiente\/#breadcrumb"},"inLanguage":"pt-PT","potentialAction":[{"@type":"ReadAction","target":["https:\/\/portaltela.pt\/noticias\/2026\/01\/13\/portugal-avanca-para-27-de-oceano-protegido-afirma-ministra-do-ambiente\/"]}]},{"@type":"ImageObject","inLanguage":"pt-PT","@id":"https:\/\/portaltela.pt\/noticias\/2026\/01\/13\/portugal-avanca-para-27-de-oceano-protegido-afirma-ministra-do-ambiente\/#primaryimage","url":"https:\/\/portaltela.pt\/s.01k8rhncp4jt1\/2026\/01\/img_1500x1000uu2024-11-18-13-29-37-2178026-1.jpg","contentUrl":"https:\/\/portaltela.pt\/s.01k8rhncp4jt1\/2026\/01\/img_1500x1000uu2024-11-18-13-29-37-2178026-1.jpg","width":796,"height":448,"caption":"Oceano Atl\u00e2ntico"},{"@type":"BreadcrumbList","@id":"https:\/\/portaltela.pt\/noticias\/2026\/01\/13\/portugal-avanca-para-27-de-oceano-protegido-afirma-ministra-do-ambiente\/#breadcrumb","itemListElement":[{"@type":"ListItem","position":1,"name":"In\u00edcio","item":"https:\/\/portaltela.pt\/"},{"@type":"ListItem","position":2,"name":"Portugal avan\u00e7a para 27% de oceano protegido, afirma ministra do Ambiente"}]},{"@type":"WebSite","@id":"https:\/\/portaltela.pt\/#website","url":"https:\/\/portaltela.pt\/","name":"Portal Tela Portugal","description":"","potentialAction":[{"@type":"SearchAction","target":{"@type":"EntryPoint","urlTemplate":"https:\/\/portaltela.pt\/?s={search_term_string}"},"query-input":{"@type":"PropertyValueSpecification","valueRequired":true,"valueName":"search_term_string"}}],"inLanguage":"pt-PT"},{"@type":"Person","@id":"https:\/\/portaltela.pt\/#\/schema\/person\/c4278d4a6028830caff9ee44b42d32ed","name":"Telinha","image":{"@type":"ImageObject","inLanguage":"pt-PT","@id":"https:\/\/portaltela.pt\/s.01k8rhncp4jt1\/2025\/11\/talking-bot-125x125.png","url":"https:\/\/portaltela.pt\/s.01k8rhncp4jt1\/2025\/11\/talking-bot-125x125.png","contentUrl":"https:\/\/portaltela.pt\/s.01k8rhncp4jt1\/2025\/11\/talking-bot-125x125.png","caption":"Telinha"},"sameAs":["https:\/\/portaltela.pt\/"],"url":"https:\/\/portaltela.pt\/por\/367410592786\/"}]}},"_links":{"self":[{"href":"https:\/\/portaltela.pt\/api\/wp\/v2\/posts\/139460","targetHints":{"allow":["GET"]}}],"collection":[{"href":"https:\/\/portaltela.pt\/api\/wp\/v2\/posts"}],"about":[{"href":"https:\/\/portaltela.pt\/api\/wp\/v2\/types\/post"}],"author":[{"embeddable":true,"href":"https:\/\/portaltela.pt\/api\/wp\/v2\/users\/2"}],"replies":[{"embeddable":true,"href":"https:\/\/portaltela.pt\/api\/wp\/v2\/comments?post=139460"}],"version-history":[{"count":0,"href":"https:\/\/portaltela.pt\/api\/wp\/v2\/posts\/139460\/revisions"}],"wp:featuredmedia":[{"embeddable":true,"href":"https:\/\/portaltela.pt\/api\/wp\/v2\/media\/139468"}],"wp:attachment":[{"href":"https:\/\/portaltela.pt\/api\/wp\/v2\/media?parent=139460"}],"wp:term":[{"taxonomy":"category","embeddable":true,"href":"https:\/\/portaltela.pt\/api\/wp\/v2\/categories?post=139460"},{"taxonomy":"post_tag","embeddable":true,"href":"https:\/\/portaltela.pt\/api\/wp\/v2\/tags?post=139460"}],"curies":[{"name":"wp","href":"https:\/\/api.w.org\/{rel}","templated":true}]}}