{"id":139435,"date":"2026-01-13T15:38:00","date_gmt":"2026-01-13T18:38:00","guid":{"rendered":"https:\/\/portaltela.pt\/noticias\/2026\/01\/13\/quarta-feira-danca-com-cats-e-entoar-uh-oh-em-evento\/"},"modified":"2026-01-13T15:38:00","modified_gmt":"2026-01-13T18:38:00","slug":"quarta-feira-danca-com-cats-e-entoar-uh-oh-em-evento","status":"publish","type":"post","link":"https:\/\/portaltela.pt\/noticias\/2026\/01\/13\/quarta-feira-danca-com-cats-e-entoar-uh-oh-em-evento\/","title":{"rendered":"Quarta-feira: dan\u00e7a com Cats e entoar Uh Oh em evento"},"content":{"rendered":"<p>Nos pr\u00f3ximos dias, o p\u00fablico portugu\u00eas pode contar com uma oferta diversificada de teatro, m\u00fasica e artes visuais. Em Porto e Lisboa, espect\u00e1culos de m\u00fasica, magia, surrealismo e exposi\u00e7\u00f5es v\u00e3o ocupar salas emblem\u00e1ticas, com hor\u00e1rios distribu\u00eddos ao longo da semana.<\/p>\n<p>Entre as atra\u00e7\u00f5es, contam-se pe\u00e7as consagradas, musicais reconhecidos internacionalmente e propostas que exploram mem\u00f3rias, afetos e controv\u00e9rsias hist\u00f3ricas. A programa\u00e7\u00e3o evidencia sess\u00f5es ao vivo, com bilhetes dispon\u00edveis a diferentes faixas de pre\u00e7o.<\/p>\n<h3>Cats<\/h3>\n<p>PORTO Super Bock Arena &#8211; Pavilh\u00e3o Rosa Mota. Verba de 14\/1 a 18\/1, com sess\u00f5es quarta a sexta \u00e0s 21h; s\u00e1bado \u00e0s 16h e 21h; domingo \u00e0s 11h e 16h.Bilhetes entre 35\u20ac e 75\u20ac.<\/p>\n<p>Chega ao Porto o musical inspirado na obra de T. S. Elliot. A encena\u00e7\u00e3o re\u00fane gatos com hist\u00f3rias de amor e travessia, conducente a can\u00e7\u00f5es ic\u00f3nicas como Memory. O espect\u00e1culo \u00e9 um dos mais premiados do g\u00e9nero, com uma audi\u00eancia global consolidada.<\/p>\n<h3>Imposs\u00edvel ao Vivo<\/h3>\n<p>PORTO Coliseu Porto Ageas. De 14\/1 a 18\/1, quarta a sexta \u00e0s 21h30; s\u00e1bado \u00e0s 11h, 16h30 e 21h30; domingo \u00e0s 11h e 16h30. Bilhetes entre 16,50\u20ac e 29\u20ac.<\/p>\n<p>Idealizado por Lu\u00eds de Matos, o espect\u00e1culo junta truques de magia de diversos artistas. O elenco inclui o belga Aaron Crow, o canadiano Darcy Oake, o franc\u00eas Norbert Ferr\u00e9 e a indon\u00e9sia Sacred Riana, com Joana Almeida e Momentum Crew a completar a apresenta\u00e7\u00e3o.<\/p>\n<h3>Catarina e a Beleza de Matar Fascistas<\/h3>\n<p>LISBOA Culturgest. De 12\/1 a 17\/1, segunda a sexta \u00e0s 21h; s\u00e1bado \u00e0s 19h. M\/16. Bilhetes a 25\u20ac.<\/p>\n<p>Texto e encena\u00e7\u00e3o de Tiago Rodrigues, centrado numa fam\u00edlia que pratica uma tradi\u00e7\u00e3o violenta. A narrativa pergunta-se se h\u00e1 espa\u00e7o para a viol\u00eancia na luta por um mundo melhor e se \u00e9 poss\u00edvel violar regras democr\u00e1ticas para as defender.<\/p>\n<h3>Bem Me Quer<\/h3>\n<p>LISBOA Museu Nacional de Hist\u00f3ria Natural e da Ci\u00eancia. De 10\/12 a 18\/1, ter\u00e7a a domingo, entre as 10h e as 17h. Entrada a 6\u20ac.<\/p>\n<p>Roberta Goldfarb apresenta, em formato de herb\u00e1rio, fotografias de grande formato com flores oferecidas pelos seus filhos ao longo de 11 anos. A mostra facilita uma reflex\u00e3o po\u00e9tica sobre gestos quotidianos de afeto.<\/p>\n<h3>Surrealismo: Um Salto no Vazio<\/h3>\n<p>\u00c9VORA Centro de Arte e Cultura da Funda\u00e7\u00e3o Eug\u00e9nio de Almeida. De 11\/7 a 1\/2, ter\u00e7a a domingo, 10h-13h e 14h-18h. Gr\u00e1tis.<\/p>\n<p>A exposi\u00e7\u00e3o celebra o centen\u00e1rio do Manifesto do Surrealismo, com obras do acervo local e de artistas como M\u00e1rio Cesariny, Cruzeiro Seixas, J\u00falio, Fernando Lemos e Isabel Meyrelles. O comissariado fica a cargo de Marlene Oliveira e Perfecto Cuadrado.<\/p>\n","protected":false},"excerpt":{"rendered":"<ul>\n<li>Cats no Porto, no Super Bock Arena \u2013 Pavilh\u00e3o Rosa Mota, de 14 a 18 de janeiro, quartas a sextas \u00e0s 21h; s\u00e1bados \u00e0s 16h e 21h; domingos \u00e0s 11h e 16h; bilhetes entre 35\u20ac e 75\u20ac.<\/li>\n<li>Uh Oh, de Patrick Watson: passagem pelo Porto (14 de janeiro, \u00e0s 21h, Casa da M\u00fasica) e Lisboa (amanh\u00e3, \u00e0s 21h, Lisboa ao Vivo), bilhetes a 35\u20ac.<\/li>\n<li>Imposs\u00edvel ao Vivo, no Coliseu Porto Ageas, de 14 a 18 de janeiro, quarta a sexta \u00e0s 21h30; s\u00e1bados \u00e0s 11h, 16h30 e 21h30; domingos \u00e0s 11h e 16h30; bilhetes entre 16,50\u20ac e 29\u20ac.<\/li>\n<li>Catarina e a Beleza de Matar Fascistas, em Lisboa, Culturgest, de 12 a 17 de janeiro (segunda a sexta \u00e0s 21h; s\u00e1bado \u00e0s 19h), M\/16, bilhetes a 25\u20ac.<\/li>\n<li>Bem Me Quer, no Museu Nacional de Hist\u00f3ria Natural e da Ci\u00eancia, em Lisboa, de 10 de dezembro a 18 de janeiro (ter\u00e7a a domingo, 10h \u00e0s 17h), bilhete a 6\u20ac.<\/li>\n<\/ul>\n","protected":false},"author":2,"featured_media":139440,"comment_status":"closed","ping_status":"closed","sticky":false,"template":"","format":"standard","meta":{"footnotes":""},"categories":[12,1],"tags":[1397,981,122,982,3064,119],"class_list":["post-139435","post","type-post","status-publish","format-standard","has-post-thumbnail","hentry","category-entretenimento","category-noticias","tag-exposicoes","tag-lisboa","tag-musica","tag-porto","tag-surrealismo","tag-teatro"],"yoast_head":"<!-- This site is optimized with the Yoast SEO plugin v27.2 - https:\/\/yoast.com\/product\/yoast-seo-wordpress\/ -->\n<title>Quarta-feira: dan\u00e7a com Cats e entoar Uh Oh em evento - Portal Tela Portugal<\/title>\n<meta name=\"robots\" content=\"index, follow, max-snippet:-1, max-image-preview:large, max-video-preview:-1\" \/>\n<meta property=\"og:locale\" content=\"pt_PT\" \/>\n<meta property=\"og:type\" content=\"article\" \/>\n<meta property=\"og:title\" content=\"Quarta-feira: dan\u00e7a com Cats e entoar Uh Oh em evento - Portal Tela Portugal\" \/>\n<meta property=\"og:description\" content=\"Cats no Porto, no Super Bock Arena \u2013 Pavilh\u00e3o Rosa Mota, de 14 a 18 de janeiro, quartas a sextas \u00e0s 21h; s\u00e1bados \u00e0s 16h e 21h; domingos \u00e0s 11h e 16h; bilhetes entre 35\u20ac e 75\u20ac. Uh Oh, de Patrick Watson: passagem pelo Porto (14 de janeiro, \u00e0s 21h, Casa da M\u00fasica) e Lisboa (amanh\u00e3, \u00e0s 21h, Lisboa ao Vivo), bilhetes a 35\u20ac. Imposs\u00edvel ao Vivo, no Coliseu Porto Ageas, de 14 a 18 de janeiro, quarta a sexta \u00e0s 21h30; s\u00e1bados \u00e0s 11h, 16h30 e 21h30; domingos \u00e0s 11h e 16h30; bilhetes entre 16,50\u20ac e 29\u20ac. Catarina e a Beleza de Matar Fascistas, em Lisboa, Culturgest, de 12 a 17 de janeiro (segunda a sexta \u00e0s 21h; s\u00e1bado \u00e0s 19h), M\/16, bilhetes a 25\u20ac. Bem Me Quer, no Museu Nacional de Hist\u00f3ria Natural e da Ci\u00eancia, em Lisboa, de 10 de dezembro a 18 de janeiro (ter\u00e7a a domingo, 10h \u00e0s 17h), bilhete a 6\u20ac.\" \/>\n<meta property=\"og:url\" content=\"https:\/\/portaltela.pt\/noticias\/2026\/01\/13\/quarta-feira-danca-com-cats-e-entoar-uh-oh-em-evento\/\" \/>\n<meta property=\"og:site_name\" content=\"Portal Tela Portugal\" \/>\n<meta property=\"article:published_time\" content=\"2026-01-13T18:38:00+00:00\" \/>\n<meta name=\"author\" content=\"Telinha\" \/>\n<meta name=\"twitter:card\" content=\"summary_large_image\" \/>\n<meta name=\"twitter:label1\" content=\"Escrito por\" \/>\n\t<meta name=\"twitter:data1\" content=\"Telinha\" \/>\n\t<meta name=\"twitter:label2\" content=\"Tempo estimado de leitura\" \/>\n\t<meta name=\"twitter:data2\" content=\"2 minutos\" \/>\n<script type=\"application\/ld+json\" class=\"yoast-schema-graph\">{\"@context\":\"https:\/\/schema.org\",\"@graph\":[{\"@type\":\"Article\",\"@id\":\"https:\/\/portaltela.pt\/noticias\/2026\/01\/13\/quarta-feira-danca-com-cats-e-entoar-uh-oh-em-evento\/#article\",\"isPartOf\":{\"@id\":\"https:\/\/portaltela.pt\/noticias\/2026\/01\/13\/quarta-feira-danca-com-cats-e-entoar-uh-oh-em-evento\/\"},\"author\":{\"name\":\"Telinha\",\"@id\":\"https:\/\/portaltela.pt\/#\/schema\/person\/c4278d4a6028830caff9ee44b42d32ed\"},\"headline\":\"Quarta-feira: dan\u00e7a com Cats e entoar Uh Oh em evento\",\"datePublished\":\"2026-01-13T18:38:00+00:00\",\"mainEntityOfPage\":{\"@id\":\"https:\/\/portaltela.pt\/noticias\/2026\/01\/13\/quarta-feira-danca-com-cats-e-entoar-uh-oh-em-evento\/\"},\"wordCount\":471,\"image\":{\"@id\":\"https:\/\/portaltela.pt\/noticias\/2026\/01\/13\/quarta-feira-danca-com-cats-e-entoar-uh-oh-em-evento\/#primaryimage\"},\"thumbnailUrl\":\"https:\/\/portaltela.pt\/s.01k8rhncp4jt1\/2026\/01\/2058839.jpg\",\"keywords\":[\"exposi\u00e7\u00f5es\",\"Lisboa\",\"m\u00fasica\",\"Porto\",\"surrealismo\",\"teatro\"],\"articleSection\":[\"Entretenimento\",\"Not\u00edcias\"],\"inLanguage\":\"pt-PT\"},{\"@type\":\"WebPage\",\"@id\":\"https:\/\/portaltela.pt\/noticias\/2026\/01\/13\/quarta-feira-danca-com-cats-e-entoar-uh-oh-em-evento\/\",\"url\":\"https:\/\/portaltela.pt\/noticias\/2026\/01\/13\/quarta-feira-danca-com-cats-e-entoar-uh-oh-em-evento\/\",\"name\":\"Quarta-feira: dan\u00e7a com Cats e entoar Uh Oh em evento - Portal Tela Portugal\",\"isPartOf\":{\"@id\":\"https:\/\/portaltela.pt\/#website\"},\"primaryImageOfPage\":{\"@id\":\"https:\/\/portaltela.pt\/noticias\/2026\/01\/13\/quarta-feira-danca-com-cats-e-entoar-uh-oh-em-evento\/#primaryimage\"},\"image\":{\"@id\":\"https:\/\/portaltela.pt\/noticias\/2026\/01\/13\/quarta-feira-danca-com-cats-e-entoar-uh-oh-em-evento\/#primaryimage\"},\"thumbnailUrl\":\"https:\/\/portaltela.pt\/s.01k8rhncp4jt1\/2026\/01\/2058839.jpg\",\"datePublished\":\"2026-01-13T18:38:00+00:00\",\"author\":{\"@id\":\"https:\/\/portaltela.pt\/#\/schema\/person\/c4278d4a6028830caff9ee44b42d32ed\"},\"breadcrumb\":{\"@id\":\"https:\/\/portaltela.pt\/noticias\/2026\/01\/13\/quarta-feira-danca-com-cats-e-entoar-uh-oh-em-evento\/#breadcrumb\"},\"inLanguage\":\"pt-PT\",\"potentialAction\":[{\"@type\":\"ReadAction\",\"target\":[\"https:\/\/portaltela.pt\/noticias\/2026\/01\/13\/quarta-feira-danca-com-cats-e-entoar-uh-oh-em-evento\/\"]}]},{\"@type\":\"ImageObject\",\"inLanguage\":\"pt-PT\",\"@id\":\"https:\/\/portaltela.pt\/noticias\/2026\/01\/13\/quarta-feira-danca-com-cats-e-entoar-uh-oh-em-evento\/#primaryimage\",\"url\":\"https:\/\/portaltela.pt\/s.01k8rhncp4jt1\/2026\/01\/2058839.jpg\",\"contentUrl\":\"https:\/\/portaltela.pt\/s.01k8rhncp4jt1\/2026\/01\/2058839.jpg\",\"width\":796,\"height\":448,\"caption\":\"Patrick Watson apresenta *Uh Oh*\"},{\"@type\":\"BreadcrumbList\",\"@id\":\"https:\/\/portaltela.pt\/noticias\/2026\/01\/13\/quarta-feira-danca-com-cats-e-entoar-uh-oh-em-evento\/#breadcrumb\",\"itemListElement\":[{\"@type\":\"ListItem\",\"position\":1,\"name\":\"In\u00edcio\",\"item\":\"https:\/\/portaltela.pt\/\"},{\"@type\":\"ListItem\",\"position\":2,\"name\":\"Quarta-feira: dan\u00e7a com Cats e entoar Uh Oh em evento\"}]},{\"@type\":\"WebSite\",\"@id\":\"https:\/\/portaltela.pt\/#website\",\"url\":\"https:\/\/portaltela.pt\/\",\"name\":\"Portal Tela Portugal\",\"description\":\"\",\"potentialAction\":[{\"@type\":\"SearchAction\",\"target\":{\"@type\":\"EntryPoint\",\"urlTemplate\":\"https:\/\/portaltela.pt\/?s={search_term_string}\"},\"query-input\":{\"@type\":\"PropertyValueSpecification\",\"valueRequired\":true,\"valueName\":\"search_term_string\"}}],\"inLanguage\":\"pt-PT\"},{\"@type\":\"Person\",\"@id\":\"https:\/\/portaltela.pt\/#\/schema\/person\/c4278d4a6028830caff9ee44b42d32ed\",\"name\":\"Telinha\",\"image\":{\"@type\":\"ImageObject\",\"inLanguage\":\"pt-PT\",\"@id\":\"https:\/\/portaltela.pt\/s.01k8rhncp4jt1\/2025\/11\/talking-bot-125x125.png\",\"url\":\"https:\/\/portaltela.pt\/s.01k8rhncp4jt1\/2025\/11\/talking-bot-125x125.png\",\"contentUrl\":\"https:\/\/portaltela.pt\/s.01k8rhncp4jt1\/2025\/11\/talking-bot-125x125.png\",\"caption\":\"Telinha\"},\"sameAs\":[\"https:\/\/portaltela.pt\/\"],\"url\":\"https:\/\/portaltela.pt\/por\/367410592786\/\"}]}<\/script>\n<!-- \/ Yoast SEO plugin. -->","yoast_head_json":{"title":"Quarta-feira: dan\u00e7a com Cats e entoar Uh Oh em evento - Portal Tela Portugal","robots":{"index":"index","follow":"follow","max-snippet":"max-snippet:-1","max-image-preview":"max-image-preview:large","max-video-preview":"max-video-preview:-1"},"og_locale":"pt_PT","og_type":"article","og_title":"Quarta-feira: dan\u00e7a com Cats e entoar Uh Oh em evento - Portal Tela Portugal","og_description":"Cats no Porto, no Super Bock Arena \u2013 Pavilh\u00e3o Rosa Mota, de 14 a 18 de janeiro, quartas a sextas \u00e0s 21h; s\u00e1bados \u00e0s 16h e 21h; domingos \u00e0s 11h e 16h; bilhetes entre 35\u20ac e 75\u20ac. Uh Oh, de Patrick Watson: passagem pelo Porto (14 de janeiro, \u00e0s 21h, Casa da M\u00fasica) e Lisboa (amanh\u00e3, \u00e0s 21h, Lisboa ao Vivo), bilhetes a 35\u20ac. Imposs\u00edvel ao Vivo, no Coliseu Porto Ageas, de 14 a 18 de janeiro, quarta a sexta \u00e0s 21h30; s\u00e1bados \u00e0s 11h, 16h30 e 21h30; domingos \u00e0s 11h e 16h30; bilhetes entre 16,50\u20ac e 29\u20ac. Catarina e a Beleza de Matar Fascistas, em Lisboa, Culturgest, de 12 a 17 de janeiro (segunda a sexta \u00e0s 21h; s\u00e1bado \u00e0s 19h), M\/16, bilhetes a 25\u20ac. Bem Me Quer, no Museu Nacional de Hist\u00f3ria Natural e da Ci\u00eancia, em Lisboa, de 10 de dezembro a 18 de janeiro (ter\u00e7a a domingo, 10h \u00e0s 17h), bilhete a 6\u20ac.","og_url":"https:\/\/portaltela.pt\/noticias\/2026\/01\/13\/quarta-feira-danca-com-cats-e-entoar-uh-oh-em-evento\/","og_site_name":"Portal Tela Portugal","article_published_time":"2026-01-13T18:38:00+00:00","author":"Telinha","twitter_card":"summary_large_image","twitter_misc":{"Escrito por":"Telinha","Tempo estimado de leitura":"2 minutos"},"schema":{"@context":"https:\/\/schema.org","@graph":[{"@type":"Article","@id":"https:\/\/portaltela.pt\/noticias\/2026\/01\/13\/quarta-feira-danca-com-cats-e-entoar-uh-oh-em-evento\/#article","isPartOf":{"@id":"https:\/\/portaltela.pt\/noticias\/2026\/01\/13\/quarta-feira-danca-com-cats-e-entoar-uh-oh-em-evento\/"},"author":{"name":"Telinha","@id":"https:\/\/portaltela.pt\/#\/schema\/person\/c4278d4a6028830caff9ee44b42d32ed"},"headline":"Quarta-feira: dan\u00e7a com Cats e entoar Uh Oh em evento","datePublished":"2026-01-13T18:38:00+00:00","mainEntityOfPage":{"@id":"https:\/\/portaltela.pt\/noticias\/2026\/01\/13\/quarta-feira-danca-com-cats-e-entoar-uh-oh-em-evento\/"},"wordCount":471,"image":{"@id":"https:\/\/portaltela.pt\/noticias\/2026\/01\/13\/quarta-feira-danca-com-cats-e-entoar-uh-oh-em-evento\/#primaryimage"},"thumbnailUrl":"https:\/\/portaltela.pt\/s.01k8rhncp4jt1\/2026\/01\/2058839.jpg","keywords":["exposi\u00e7\u00f5es","Lisboa","m\u00fasica","Porto","surrealismo","teatro"],"articleSection":["Entretenimento","Not\u00edcias"],"inLanguage":"pt-PT"},{"@type":"WebPage","@id":"https:\/\/portaltela.pt\/noticias\/2026\/01\/13\/quarta-feira-danca-com-cats-e-entoar-uh-oh-em-evento\/","url":"https:\/\/portaltela.pt\/noticias\/2026\/01\/13\/quarta-feira-danca-com-cats-e-entoar-uh-oh-em-evento\/","name":"Quarta-feira: dan\u00e7a com Cats e entoar Uh Oh em evento - Portal Tela Portugal","isPartOf":{"@id":"https:\/\/portaltela.pt\/#website"},"primaryImageOfPage":{"@id":"https:\/\/portaltela.pt\/noticias\/2026\/01\/13\/quarta-feira-danca-com-cats-e-entoar-uh-oh-em-evento\/#primaryimage"},"image":{"@id":"https:\/\/portaltela.pt\/noticias\/2026\/01\/13\/quarta-feira-danca-com-cats-e-entoar-uh-oh-em-evento\/#primaryimage"},"thumbnailUrl":"https:\/\/portaltela.pt\/s.01k8rhncp4jt1\/2026\/01\/2058839.jpg","datePublished":"2026-01-13T18:38:00+00:00","author":{"@id":"https:\/\/portaltela.pt\/#\/schema\/person\/c4278d4a6028830caff9ee44b42d32ed"},"breadcrumb":{"@id":"https:\/\/portaltela.pt\/noticias\/2026\/01\/13\/quarta-feira-danca-com-cats-e-entoar-uh-oh-em-evento\/#breadcrumb"},"inLanguage":"pt-PT","potentialAction":[{"@type":"ReadAction","target":["https:\/\/portaltela.pt\/noticias\/2026\/01\/13\/quarta-feira-danca-com-cats-e-entoar-uh-oh-em-evento\/"]}]},{"@type":"ImageObject","inLanguage":"pt-PT","@id":"https:\/\/portaltela.pt\/noticias\/2026\/01\/13\/quarta-feira-danca-com-cats-e-entoar-uh-oh-em-evento\/#primaryimage","url":"https:\/\/portaltela.pt\/s.01k8rhncp4jt1\/2026\/01\/2058839.jpg","contentUrl":"https:\/\/portaltela.pt\/s.01k8rhncp4jt1\/2026\/01\/2058839.jpg","width":796,"height":448,"caption":"Patrick Watson apresenta *Uh Oh*"},{"@type":"BreadcrumbList","@id":"https:\/\/portaltela.pt\/noticias\/2026\/01\/13\/quarta-feira-danca-com-cats-e-entoar-uh-oh-em-evento\/#breadcrumb","itemListElement":[{"@type":"ListItem","position":1,"name":"In\u00edcio","item":"https:\/\/portaltela.pt\/"},{"@type":"ListItem","position":2,"name":"Quarta-feira: dan\u00e7a com Cats e entoar Uh Oh em evento"}]},{"@type":"WebSite","@id":"https:\/\/portaltela.pt\/#website","url":"https:\/\/portaltela.pt\/","name":"Portal Tela Portugal","description":"","potentialAction":[{"@type":"SearchAction","target":{"@type":"EntryPoint","urlTemplate":"https:\/\/portaltela.pt\/?s={search_term_string}"},"query-input":{"@type":"PropertyValueSpecification","valueRequired":true,"valueName":"search_term_string"}}],"inLanguage":"pt-PT"},{"@type":"Person","@id":"https:\/\/portaltela.pt\/#\/schema\/person\/c4278d4a6028830caff9ee44b42d32ed","name":"Telinha","image":{"@type":"ImageObject","inLanguage":"pt-PT","@id":"https:\/\/portaltela.pt\/s.01k8rhncp4jt1\/2025\/11\/talking-bot-125x125.png","url":"https:\/\/portaltela.pt\/s.01k8rhncp4jt1\/2025\/11\/talking-bot-125x125.png","contentUrl":"https:\/\/portaltela.pt\/s.01k8rhncp4jt1\/2025\/11\/talking-bot-125x125.png","caption":"Telinha"},"sameAs":["https:\/\/portaltela.pt\/"],"url":"https:\/\/portaltela.pt\/por\/367410592786\/"}]}},"_links":{"self":[{"href":"https:\/\/portaltela.pt\/api\/wp\/v2\/posts\/139435","targetHints":{"allow":["GET"]}}],"collection":[{"href":"https:\/\/portaltela.pt\/api\/wp\/v2\/posts"}],"about":[{"href":"https:\/\/portaltela.pt\/api\/wp\/v2\/types\/post"}],"author":[{"embeddable":true,"href":"https:\/\/portaltela.pt\/api\/wp\/v2\/users\/2"}],"replies":[{"embeddable":true,"href":"https:\/\/portaltela.pt\/api\/wp\/v2\/comments?post=139435"}],"version-history":[{"count":0,"href":"https:\/\/portaltela.pt\/api\/wp\/v2\/posts\/139435\/revisions"}],"wp:featuredmedia":[{"embeddable":true,"href":"https:\/\/portaltela.pt\/api\/wp\/v2\/media\/139440"}],"wp:attachment":[{"href":"https:\/\/portaltela.pt\/api\/wp\/v2\/media?parent=139435"}],"wp:term":[{"taxonomy":"category","embeddable":true,"href":"https:\/\/portaltela.pt\/api\/wp\/v2\/categories?post=139435"},{"taxonomy":"post_tag","embeddable":true,"href":"https:\/\/portaltela.pt\/api\/wp\/v2\/tags?post=139435"}],"curies":[{"name":"wp","href":"https:\/\/api.w.org\/{rel}","templated":true}]}}