{"id":139434,"date":"2026-01-13T15:34:00","date_gmt":"2026-01-13T18:34:00","guid":{"rendered":"https:\/\/portaltela.pt\/noticias\/2026\/01\/13\/clintons-recusam-testemunhar-sobre-epstein-no-congresso\/"},"modified":"2026-01-13T15:34:00","modified_gmt":"2026-01-13T18:34:00","slug":"clintons-recusam-testemunhar-sobre-epstein-no-congresso","status":"publish","type":"post","link":"https:\/\/portaltela.pt\/noticias\/internacional\/2026\/01\/13\/clintons-recusam-testemunhar-sobre-epstein-no-congresso\/","title":{"rendered":"Clintons recusam testemunhar sobre Epstein no Congresso"},"content":{"rendered":"<p>Bill Clinton e Hillary Clinton recusam testemunhar perante a comiss\u00e3o do Congresso sobre Epstein, alegando terem fornecido todas as informa\u00e7\u00f5es dispon\u00edveis. O casal enfrenta um poss\u00edvel inqu\u00e9rito criminal caso n\u00e3o compare\u00e7am.<\/p>\n<p>A audi\u00eancia da antiga dupla estava agendada para esta ter\u00e7a-feira, mas ambos optaram por n\u00e3o depor. O ex-presidente enviou uma carta de quatro p\u00e1ginas ao congressista James Comer, chefe da comiss\u00e3o, justificando a aus\u00eancia; Hillary tem audi\u00eancia marcada para amanh\u00e3.<\/p>\n<p>A carta, tornada p\u00fablica, afirma que as intima\u00e7\u00f5es s\u00e3o legalmente inv\u00e1lidas e que j\u00e1 foi partilhada toda a informa\u00e7\u00e3o de que disp\u00f5em sobre Jeffrey Epstein. Os Clinton acusam Comer de perseguir inimigos pol\u00edticos e de obstruir a investiga\u00e7\u00e3o.<\/p>\n<p>&gt; Sobre o tema, o senador Comer tem sido apontado como respons\u00e1vel por conduzir a investiga\u00e7\u00e3o com foco em figuras associadas a Epstein, incluindo Clinton, ao mesmo tempo que protege outras personalidades pr\u00f3ximas ao Presidente Donald Trump.<\/p>\n<p>Os Clinton acrescentam que a comiss\u00e3o utiliza o caso para pressionar figuras p\u00fablicas sem revelar progressos substanciais na apura\u00e7\u00e3o dos fatos. A dupla sustenta que a atua\u00e7\u00e3o de Comer impede o avan\u00e7o das investiga\u00e7\u00f5es relevantes ao interesse p\u00fablico.<\/p>\n<p>O conte\u00fado da carta tamb\u00e9m acusa Comer de transformar o inqu\u00e9rito em instrumento de neutraliza\u00e7\u00e3o de oponentes pol\u00edticos, alegando neglig\u00eancia na condu\u00e7\u00e3o de investiga\u00e7\u00f5es que envolvem o governo. O texto ressalva que a recusa de coopera\u00e7\u00e3o n\u00e3o encerra o tema.<\/p>\n<p>A comiss\u00e3o, liderada por Comer, n\u00e3o confirmou se pretende obrigar legalmente os Clinton a depor, caso estes se mantenham em sil\u00eancio. De acordo com a carta, os ex-chefes de Estado podem enfrentar acusa\u00e7\u00f5es por desobedi\u00eancia.<\/p>\n<h3>Contexto e desdobramentos<\/h3>\n<p>O caso Epstein ganhou destaque com divulga\u00e7\u00e3o de fotografias alegadamente ligando figuras influentes ao milion\u00e1rio. A controv\u00e9rsia envolve a vasta rede de relacionamentos e a responsabiliza\u00e7\u00e3o de atores pol\u00edticos no inqu\u00e9rito.<\/p>\n<p>O confronto entre os Clinton e a comiss\u00e3o intensifica-se numa altura em que a investiga\u00e7\u00e3o continua a levantar d\u00favidas sobre pr\u00e1ticas institucionais e a independ\u00eancia do poder legislativo. As audi\u00eancias seguem em agenda, com novas declara\u00e7\u00f5es esperadas.<\/p>\n","protected":false},"excerpt":{"rendered":"<ul>\n<li>Bill Clinton e Hillary Clinton recusaram testemunhar perante a comiss\u00e3o da C\u00e2mara dos Representantes que investiga Jeffrey Epstein, alegando ter j\u00e1 fornecido todas as informa\u00e7\u00f5es dispon\u00edveis.<\/li>\n<li>Os Clinton enviaram uma carta de quatro p\u00e1ginas ao presidente da comiss\u00e3o, James R. Comer, justificando a aus\u00eancia e acusando a cobran\u00e7a de persegui\u00e7\u00e3o pol\u00edtica.<\/li>\n<li>A carta afirma que as intima\u00e7\u00f5es s\u00e3o legalmente inv\u00e1lidas e que a comiss\u00e3o n\u00e3o est\u00e1 a contribuir para descobrir factos sobre o papel do governo.<\/li>\n<li>A audi\u00e7\u00e3o de Bill Clinton estava marcada para ter\u00e7a-feira e a de Hillary Clinton para quarta-feira; ambas se baseiam em uma disputa legal entre o ex-presidente e a comiss\u00e3o.<\/li>\n<li>Os Clinton criticam Comer por utilizar a comiss\u00e3o para perseguir inimigos pol\u00edticos da atual administra\u00e7\u00e3o e defendem que as investiga\u00e7\u00f5es prejudicam a democracia, pedindo \u00e0 comiss\u00e3o que o processo de acusa\u00e7\u00e3o seja considerado inadequado.<\/li>\n<\/ul>\n","protected":false},"author":2,"featured_media":139448,"comment_status":"closed","ping_status":"closed","sticky":false,"template":"","format":"standard","meta":{"footnotes":""},"categories":[4,1],"tags":[211,34,215,217,909,2832],"class_list":["post-139434","post","type-post","status-publish","format-standard","has-post-thumbnail","hentry","category-internacional","category-noticias","tag-desobediencia","tag-governo","tag-investigacao","tag-investigacao-criminal","tag-obstrucao-da-justica","tag-politica"],"yoast_head":"<!-- This site is optimized with the Yoast SEO plugin v27.2 - https:\/\/yoast.com\/product\/yoast-seo-wordpress\/ -->\n<title>Clintons recusam testemunhar sobre Epstein no Congresso - Portal Tela Portugal<\/title>\n<meta name=\"robots\" content=\"index, follow, max-snippet:-1, max-image-preview:large, max-video-preview:-1\" \/>\n<meta property=\"og:locale\" content=\"pt_PT\" \/>\n<meta property=\"og:type\" content=\"article\" \/>\n<meta property=\"og:title\" content=\"Clintons recusam testemunhar sobre Epstein no Congresso - Portal Tela Portugal\" \/>\n<meta property=\"og:description\" content=\"Bill Clinton e Hillary Clinton recusaram testemunhar perante a comiss\u00e3o da C\u00e2mara dos Representantes que investiga Jeffrey Epstein, alegando ter j\u00e1 fornecido todas as informa\u00e7\u00f5es dispon\u00edveis. Os Clinton enviaram uma carta de quatro p\u00e1ginas ao presidente da comiss\u00e3o, James R. Comer, justificando a aus\u00eancia e acusando a cobran\u00e7a de persegui\u00e7\u00e3o pol\u00edtica. A carta afirma que as intima\u00e7\u00f5es s\u00e3o legalmente inv\u00e1lidas e que a comiss\u00e3o n\u00e3o est\u00e1 a contribuir para descobrir factos sobre o papel do governo. A audi\u00e7\u00e3o de Bill Clinton estava marcada para ter\u00e7a-feira e a de Hillary Clinton para quarta-feira; ambas se baseiam em uma disputa legal entre o ex-presidente e a comiss\u00e3o. Os Clinton criticam Comer por utilizar a comiss\u00e3o para perseguir inimigos pol\u00edticos da atual administra\u00e7\u00e3o e defendem que as investiga\u00e7\u00f5es prejudicam a democracia, pedindo \u00e0 comiss\u00e3o que o processo de acusa\u00e7\u00e3o seja considerado inadequado.\" \/>\n<meta property=\"og:url\" content=\"https:\/\/portaltela.pt\/noticias\/2026\/01\/13\/clintons-recusam-testemunhar-sobre-epstein-no-congresso\/\" \/>\n<meta property=\"og:site_name\" content=\"Portal Tela Portugal\" \/>\n<meta property=\"article:published_time\" content=\"2026-01-13T18:34:00+00:00\" \/>\n<meta name=\"author\" content=\"Telinha\" \/>\n<meta name=\"twitter:card\" content=\"summary_large_image\" \/>\n<meta name=\"twitter:label1\" content=\"Escrito por\" \/>\n\t<meta name=\"twitter:data1\" content=\"Telinha\" \/>\n\t<meta name=\"twitter:label2\" content=\"Tempo estimado de leitura\" \/>\n\t<meta name=\"twitter:data2\" content=\"2 minutos\" \/>\n<script type=\"application\/ld+json\" class=\"yoast-schema-graph\">{\"@context\":\"https:\/\/schema.org\",\"@graph\":[{\"@type\":\"Article\",\"@id\":\"https:\/\/portaltela.pt\/noticias\/2026\/01\/13\/clintons-recusam-testemunhar-sobre-epstein-no-congresso\/#article\",\"isPartOf\":{\"@id\":\"https:\/\/portaltela.pt\/noticias\/2026\/01\/13\/clintons-recusam-testemunhar-sobre-epstein-no-congresso\/\"},\"author\":{\"name\":\"Telinha\",\"@id\":\"https:\/\/portaltela.pt\/#\/schema\/person\/c4278d4a6028830caff9ee44b42d32ed\"},\"headline\":\"Clintons recusam testemunhar sobre Epstein no Congresso\",\"datePublished\":\"2026-01-13T18:34:00+00:00\",\"mainEntityOfPage\":{\"@id\":\"https:\/\/portaltela.pt\/noticias\/2026\/01\/13\/clintons-recusam-testemunhar-sobre-epstein-no-congresso\/\"},\"wordCount\":397,\"image\":{\"@id\":\"https:\/\/portaltela.pt\/noticias\/2026\/01\/13\/clintons-recusam-testemunhar-sobre-epstein-no-congresso\/#primaryimage\"},\"thumbnailUrl\":\"https:\/\/portaltela.pt\/s.01k8rhncp4jt1\/2026\/01\/unnamed-file-2770.jpg\",\"keywords\":[\"desobedi\u00eancia\",\"governo\",\"investiga\u00e7\u00e3o\",\"investiga\u00e7\u00e3o criminal\",\"obstru\u00e7\u00e3o da justi\u00e7a\",\"pol\u00edtica\"],\"articleSection\":[\"Internacional\",\"Not\u00edcias\"],\"inLanguage\":\"pt-PT\"},{\"@type\":\"WebPage\",\"@id\":\"https:\/\/portaltela.pt\/noticias\/2026\/01\/13\/clintons-recusam-testemunhar-sobre-epstein-no-congresso\/\",\"url\":\"https:\/\/portaltela.pt\/noticias\/2026\/01\/13\/clintons-recusam-testemunhar-sobre-epstein-no-congresso\/\",\"name\":\"Clintons recusam testemunhar sobre Epstein no Congresso - Portal Tela Portugal\",\"isPartOf\":{\"@id\":\"https:\/\/portaltela.pt\/#website\"},\"primaryImageOfPage\":{\"@id\":\"https:\/\/portaltela.pt\/noticias\/2026\/01\/13\/clintons-recusam-testemunhar-sobre-epstein-no-congresso\/#primaryimage\"},\"image\":{\"@id\":\"https:\/\/portaltela.pt\/noticias\/2026\/01\/13\/clintons-recusam-testemunhar-sobre-epstein-no-congresso\/#primaryimage\"},\"thumbnailUrl\":\"https:\/\/portaltela.pt\/s.01k8rhncp4jt1\/2026\/01\/unnamed-file-2770.jpg\",\"datePublished\":\"2026-01-13T18:34:00+00:00\",\"author\":{\"@id\":\"https:\/\/portaltela.pt\/#\/schema\/person\/c4278d4a6028830caff9ee44b42d32ed\"},\"breadcrumb\":{\"@id\":\"https:\/\/portaltela.pt\/noticias\/2026\/01\/13\/clintons-recusam-testemunhar-sobre-epstein-no-congresso\/#breadcrumb\"},\"inLanguage\":\"pt-PT\",\"potentialAction\":[{\"@type\":\"ReadAction\",\"target\":[\"https:\/\/portaltela.pt\/noticias\/2026\/01\/13\/clintons-recusam-testemunhar-sobre-epstein-no-congresso\/\"]}]},{\"@type\":\"ImageObject\",\"inLanguage\":\"pt-PT\",\"@id\":\"https:\/\/portaltela.pt\/noticias\/2026\/01\/13\/clintons-recusam-testemunhar-sobre-epstein-no-congresso\/#primaryimage\",\"url\":\"https:\/\/portaltela.pt\/s.01k8rhncp4jt1\/2026\/01\/unnamed-file-2770.jpg\",\"contentUrl\":\"https:\/\/portaltela.pt\/s.01k8rhncp4jt1\/2026\/01\/unnamed-file-2770.jpg\",\"width\":796,\"height\":448,\"caption\":\"Porta-voz de Clinton afasta liga\u00e7\u00e3o a Epstein\"},{\"@type\":\"BreadcrumbList\",\"@id\":\"https:\/\/portaltela.pt\/noticias\/2026\/01\/13\/clintons-recusam-testemunhar-sobre-epstein-no-congresso\/#breadcrumb\",\"itemListElement\":[{\"@type\":\"ListItem\",\"position\":1,\"name\":\"In\u00edcio\",\"item\":\"https:\/\/portaltela.pt\/\"},{\"@type\":\"ListItem\",\"position\":2,\"name\":\"Clintons recusam testemunhar sobre Epstein no Congresso\"}]},{\"@type\":\"WebSite\",\"@id\":\"https:\/\/portaltela.pt\/#website\",\"url\":\"https:\/\/portaltela.pt\/\",\"name\":\"Portal Tela Portugal\",\"description\":\"\",\"potentialAction\":[{\"@type\":\"SearchAction\",\"target\":{\"@type\":\"EntryPoint\",\"urlTemplate\":\"https:\/\/portaltela.pt\/?s={search_term_string}\"},\"query-input\":{\"@type\":\"PropertyValueSpecification\",\"valueRequired\":true,\"valueName\":\"search_term_string\"}}],\"inLanguage\":\"pt-PT\"},{\"@type\":\"Person\",\"@id\":\"https:\/\/portaltela.pt\/#\/schema\/person\/c4278d4a6028830caff9ee44b42d32ed\",\"name\":\"Telinha\",\"image\":{\"@type\":\"ImageObject\",\"inLanguage\":\"pt-PT\",\"@id\":\"https:\/\/portaltela.pt\/s.01k8rhncp4jt1\/2025\/11\/talking-bot-125x125.png\",\"url\":\"https:\/\/portaltela.pt\/s.01k8rhncp4jt1\/2025\/11\/talking-bot-125x125.png\",\"contentUrl\":\"https:\/\/portaltela.pt\/s.01k8rhncp4jt1\/2025\/11\/talking-bot-125x125.png\",\"caption\":\"Telinha\"},\"sameAs\":[\"https:\/\/portaltela.pt\/\"],\"url\":\"https:\/\/portaltela.pt\/por\/367410592786\/\"}]}<\/script>\n<!-- \/ Yoast SEO plugin. -->","yoast_head_json":{"title":"Clintons recusam testemunhar sobre Epstein no Congresso - Portal Tela Portugal","robots":{"index":"index","follow":"follow","max-snippet":"max-snippet:-1","max-image-preview":"max-image-preview:large","max-video-preview":"max-video-preview:-1"},"og_locale":"pt_PT","og_type":"article","og_title":"Clintons recusam testemunhar sobre Epstein no Congresso - Portal Tela Portugal","og_description":"Bill Clinton e Hillary Clinton recusaram testemunhar perante a comiss\u00e3o da C\u00e2mara dos Representantes que investiga Jeffrey Epstein, alegando ter j\u00e1 fornecido todas as informa\u00e7\u00f5es dispon\u00edveis. Os Clinton enviaram uma carta de quatro p\u00e1ginas ao presidente da comiss\u00e3o, James R. Comer, justificando a aus\u00eancia e acusando a cobran\u00e7a de persegui\u00e7\u00e3o pol\u00edtica. A carta afirma que as intima\u00e7\u00f5es s\u00e3o legalmente inv\u00e1lidas e que a comiss\u00e3o n\u00e3o est\u00e1 a contribuir para descobrir factos sobre o papel do governo. A audi\u00e7\u00e3o de Bill Clinton estava marcada para ter\u00e7a-feira e a de Hillary Clinton para quarta-feira; ambas se baseiam em uma disputa legal entre o ex-presidente e a comiss\u00e3o. Os Clinton criticam Comer por utilizar a comiss\u00e3o para perseguir inimigos pol\u00edticos da atual administra\u00e7\u00e3o e defendem que as investiga\u00e7\u00f5es prejudicam a democracia, pedindo \u00e0 comiss\u00e3o que o processo de acusa\u00e7\u00e3o seja considerado inadequado.","og_url":"https:\/\/portaltela.pt\/noticias\/2026\/01\/13\/clintons-recusam-testemunhar-sobre-epstein-no-congresso\/","og_site_name":"Portal Tela Portugal","article_published_time":"2026-01-13T18:34:00+00:00","author":"Telinha","twitter_card":"summary_large_image","twitter_misc":{"Escrito por":"Telinha","Tempo estimado de leitura":"2 minutos"},"schema":{"@context":"https:\/\/schema.org","@graph":[{"@type":"Article","@id":"https:\/\/portaltela.pt\/noticias\/2026\/01\/13\/clintons-recusam-testemunhar-sobre-epstein-no-congresso\/#article","isPartOf":{"@id":"https:\/\/portaltela.pt\/noticias\/2026\/01\/13\/clintons-recusam-testemunhar-sobre-epstein-no-congresso\/"},"author":{"name":"Telinha","@id":"https:\/\/portaltela.pt\/#\/schema\/person\/c4278d4a6028830caff9ee44b42d32ed"},"headline":"Clintons recusam testemunhar sobre Epstein no Congresso","datePublished":"2026-01-13T18:34:00+00:00","mainEntityOfPage":{"@id":"https:\/\/portaltela.pt\/noticias\/2026\/01\/13\/clintons-recusam-testemunhar-sobre-epstein-no-congresso\/"},"wordCount":397,"image":{"@id":"https:\/\/portaltela.pt\/noticias\/2026\/01\/13\/clintons-recusam-testemunhar-sobre-epstein-no-congresso\/#primaryimage"},"thumbnailUrl":"https:\/\/portaltela.pt\/s.01k8rhncp4jt1\/2026\/01\/unnamed-file-2770.jpg","keywords":["desobedi\u00eancia","governo","investiga\u00e7\u00e3o","investiga\u00e7\u00e3o criminal","obstru\u00e7\u00e3o da justi\u00e7a","pol\u00edtica"],"articleSection":["Internacional","Not\u00edcias"],"inLanguage":"pt-PT"},{"@type":"WebPage","@id":"https:\/\/portaltela.pt\/noticias\/2026\/01\/13\/clintons-recusam-testemunhar-sobre-epstein-no-congresso\/","url":"https:\/\/portaltela.pt\/noticias\/2026\/01\/13\/clintons-recusam-testemunhar-sobre-epstein-no-congresso\/","name":"Clintons recusam testemunhar sobre Epstein no Congresso - Portal Tela Portugal","isPartOf":{"@id":"https:\/\/portaltela.pt\/#website"},"primaryImageOfPage":{"@id":"https:\/\/portaltela.pt\/noticias\/2026\/01\/13\/clintons-recusam-testemunhar-sobre-epstein-no-congresso\/#primaryimage"},"image":{"@id":"https:\/\/portaltela.pt\/noticias\/2026\/01\/13\/clintons-recusam-testemunhar-sobre-epstein-no-congresso\/#primaryimage"},"thumbnailUrl":"https:\/\/portaltela.pt\/s.01k8rhncp4jt1\/2026\/01\/unnamed-file-2770.jpg","datePublished":"2026-01-13T18:34:00+00:00","author":{"@id":"https:\/\/portaltela.pt\/#\/schema\/person\/c4278d4a6028830caff9ee44b42d32ed"},"breadcrumb":{"@id":"https:\/\/portaltela.pt\/noticias\/2026\/01\/13\/clintons-recusam-testemunhar-sobre-epstein-no-congresso\/#breadcrumb"},"inLanguage":"pt-PT","potentialAction":[{"@type":"ReadAction","target":["https:\/\/portaltela.pt\/noticias\/2026\/01\/13\/clintons-recusam-testemunhar-sobre-epstein-no-congresso\/"]}]},{"@type":"ImageObject","inLanguage":"pt-PT","@id":"https:\/\/portaltela.pt\/noticias\/2026\/01\/13\/clintons-recusam-testemunhar-sobre-epstein-no-congresso\/#primaryimage","url":"https:\/\/portaltela.pt\/s.01k8rhncp4jt1\/2026\/01\/unnamed-file-2770.jpg","contentUrl":"https:\/\/portaltela.pt\/s.01k8rhncp4jt1\/2026\/01\/unnamed-file-2770.jpg","width":796,"height":448,"caption":"Porta-voz de Clinton afasta liga\u00e7\u00e3o a Epstein"},{"@type":"BreadcrumbList","@id":"https:\/\/portaltela.pt\/noticias\/2026\/01\/13\/clintons-recusam-testemunhar-sobre-epstein-no-congresso\/#breadcrumb","itemListElement":[{"@type":"ListItem","position":1,"name":"In\u00edcio","item":"https:\/\/portaltela.pt\/"},{"@type":"ListItem","position":2,"name":"Clintons recusam testemunhar sobre Epstein no Congresso"}]},{"@type":"WebSite","@id":"https:\/\/portaltela.pt\/#website","url":"https:\/\/portaltela.pt\/","name":"Portal Tela Portugal","description":"","potentialAction":[{"@type":"SearchAction","target":{"@type":"EntryPoint","urlTemplate":"https:\/\/portaltela.pt\/?s={search_term_string}"},"query-input":{"@type":"PropertyValueSpecification","valueRequired":true,"valueName":"search_term_string"}}],"inLanguage":"pt-PT"},{"@type":"Person","@id":"https:\/\/portaltela.pt\/#\/schema\/person\/c4278d4a6028830caff9ee44b42d32ed","name":"Telinha","image":{"@type":"ImageObject","inLanguage":"pt-PT","@id":"https:\/\/portaltela.pt\/s.01k8rhncp4jt1\/2025\/11\/talking-bot-125x125.png","url":"https:\/\/portaltela.pt\/s.01k8rhncp4jt1\/2025\/11\/talking-bot-125x125.png","contentUrl":"https:\/\/portaltela.pt\/s.01k8rhncp4jt1\/2025\/11\/talking-bot-125x125.png","caption":"Telinha"},"sameAs":["https:\/\/portaltela.pt\/"],"url":"https:\/\/portaltela.pt\/por\/367410592786\/"}]}},"_links":{"self":[{"href":"https:\/\/portaltela.pt\/api\/wp\/v2\/posts\/139434","targetHints":{"allow":["GET"]}}],"collection":[{"href":"https:\/\/portaltela.pt\/api\/wp\/v2\/posts"}],"about":[{"href":"https:\/\/portaltela.pt\/api\/wp\/v2\/types\/post"}],"author":[{"embeddable":true,"href":"https:\/\/portaltela.pt\/api\/wp\/v2\/users\/2"}],"replies":[{"embeddable":true,"href":"https:\/\/portaltela.pt\/api\/wp\/v2\/comments?post=139434"}],"version-history":[{"count":0,"href":"https:\/\/portaltela.pt\/api\/wp\/v2\/posts\/139434\/revisions"}],"wp:featuredmedia":[{"embeddable":true,"href":"https:\/\/portaltela.pt\/api\/wp\/v2\/media\/139448"}],"wp:attachment":[{"href":"https:\/\/portaltela.pt\/api\/wp\/v2\/media?parent=139434"}],"wp:term":[{"taxonomy":"category","embeddable":true,"href":"https:\/\/portaltela.pt\/api\/wp\/v2\/categories?post=139434"},{"taxonomy":"post_tag","embeddable":true,"href":"https:\/\/portaltela.pt\/api\/wp\/v2\/tags?post=139434"}],"curies":[{"name":"wp","href":"https:\/\/api.w.org\/{rel}","templated":true}]}}